{"id":6021,"date":"2022-08-27T14:37:07","date_gmt":"2022-08-27T13:37:07","guid":{"rendered":"https:\/\/www.tokajiirotabor.hu\/?p=6021"},"modified":"2022-08-27T15:42:32","modified_gmt":"2022-08-27T14:42:32","slug":"jubileumi-tokaji-irotabor","status":"publish","type":"post","link":"https:\/\/tokajiirotabor.hu\/irotabor_archiv\/jubileumi-tokaji-irotabor\/","title":{"rendered":"Jubileumi Tokaji \u00cdr\u00f3t\u00e1bor"},"content":{"rendered":"<p style=\"text-align: justify;\"><strong>Egy tehets\u00e9ges k\u00f6lt\u0151nek musz\u00e1j valamelyik nagy t\u00e1borhoz csatlakozni, hogy azok majd \u201emegcsin\u00e1lj\u00e1k\u201d a karrierj\u00e9t? A 80-as \u00e9vekn\u00e9l is rosszabb, ami ma folyik az irodalmi \u00e9letben? Musz\u00e1j politiz\u00e1lni, k\u00f6z\u00e9leti k\u00e9rd\u00e9sekkel foglalkozni egy k\u00f6lt\u0151nek? Az 50., jubileumi Tokaji \u00cdr\u00f3t\u00e1bor kerekasztal-besz\u00e9lget\u00e9s\u00e9n v\u00e1ratlanul kem\u00e9ny k\u00e9rd\u00e9sek ker\u00fcltek el\u0151.<\/strong><\/p>\n<p style=\"text-align: justify;\">Meglep\u0151en karcos mondatok hangzottak el az\u00a0<a id=\"hyperlink_c64addb7e9f26ff6e5445adcf679a358\" title=\"Hopp\u00e1l P\u00e9ter nyitja meg az 50. Tokaji \u00cdr\u00f3t\u00e1bort\" href=\"https:\/\/dex.hu\/x.php?id=index_kultur_cikklink&amp;url=https%3A%2F%2Findex.hu%2Fkultur%2F2022%2F08%2F15%2F50.-tokaji-irotabor-hoppal-peter-l.-simon-laszlo%2F\" target=\"_blank\" rel=\"noopener\">50. Tokaji \u00cdr\u00f3t\u00e1bor<\/a>\u00a0am\u00fagy b\u00e9k\u00e9sen csordog\u00e1l\u00f3 programjai egyik\u00e9n. Az v\u00e1rhat\u00f3 volt, hogy ha valamikor, akkor a\u00a0<a id=\"hyperlink_3f13f1b784da69992a1e3f67672b01ca\" title=\"Kukorelly Endr\u00e9t egy \u00fct\u00e9ssel leter\u00edtett\u00e9k\" href=\"https:\/\/dex.hu\/x.php?id=index_kultur_cikklink&amp;url=https%3A%2F%2Findex.hu%2Fkultur%2F2014%2F08%2F14%2Ftokaji_kocsmaban_verekedtek_magyar_kortars_irok%2F\" target=\"_blank\" rel=\"noopener\">Kukorelly Endre<\/a>, Zal\u00e1n Tibor, Pet\u0151cz Andr\u00e1s \u00e9s Turczi Istv\u00e1n r\u00e9szv\u00e9tel\u00e9vel megrendezett kerekasztal-besz\u00e9lget\u00e9sen lehetnek hat\u00e1rozottabban megfogalmazott gondolatok, hiszen a n\u00e9gy nap java r\u00e9sz\u00e9t egy\u00e9bk\u00e9nt el\u0151ad\u00e1sok \u00e9s felolvas\u00e1sok t\u00f6ltik ki.<\/p>\n<p style=\"text-align: justify;\">A v\u00e1ratlanul kem\u00e9ny meg\u00e1llap\u00edt\u00e1sokat pedig a szint\u00e9n b\u00e9k\u00e9sen, majdhogynem unalmasan csordog\u00e1l\u00f3 besz\u00e9lget\u00e9s k\u00f6zepette Zal\u00e1n Tibor tette, \u00e9s m\u00e9g nem is az volt a legmeglep\u0151bb, hogy ennyire \u0151szinte gondolat elhangozhatott, hanem hogy ezt a r\u00e9sztvev\u0151k meg is tapsolt\u00e1k.<\/p>\n<blockquote><p>Amit ma l\u00e1tok az irodalomban, az engem elr\u00e9miszt, elborzaszt, ijeszt. A 80-as \u00e9vek sem volt j\u00f3, de ez legal\u00e1bb olyan rossz, ha nem rosszabb, amiben most \u00e9l\u00fcnk<\/p><\/blockquote>\n<p style=\"text-align: justify;\">\u2013 mondta, \u00e9s azt\u00e1n L. Simon L\u00e1szl\u00f3 k\u00e9rd\u00e9s\u00e9re ki is fejtette, hogy mire gondol.<\/p>\n<h3 style=\"text-align: justify;\">A Mozg\u00f3 Vil\u00e1g element\u00e1ris hat\u00e1sa<\/h3>\n<p style=\"text-align: justify;\">Mindez teh\u00e1t a Tokaji \u00cdr\u00f3t\u00e1bor harmadik napj\u00e1n t\u00f6rt\u00e9nt, amikor az el\u0151z\u0151 napi S\u00e1rik P\u00e9ter Tri\u00f3-koncert \u00e9s a Tokajban minden sarkon fellelhet\u0151 pinc\u00e9szetek, boroz\u00f3k el\u0151z\u0151 napi hat\u00e1sa \u2013 de ak\u00e1r a hirtelen leszakad\u00f3 es\u0151 \u2013 miatt is lassan sz\u00e1lling\u00f3z\u00f3 r\u00e9sztvev\u0151k olyan programra igyekeztek a kisvonattal, ahol a besz\u00e9lget\u00e9st vezet\u0151 L. Simon L\u00e1szl\u00f3 J\u00f3zsef Attila-d\u00edjas \u00edr\u00f3 megfogalmaz\u00e1sa szerint \u201en\u00e9gy jeles kort\u00e1rs k\u00f6lt\u0151 vesz r\u00e9szt, meg \u00e9n\u201d. A Magyar Nemzeti M\u00fazeum f\u0151igazgat\u00f3ja mint a Tokaji \u00cdr\u00f3t\u00e1bor eln\u00f6ke moder\u00e1lta az \u00d6r\u00f6ks\u00e9g Kult\u00farpolitikai Int\u00e9zettel k\u00f6z\u00f6s besz\u00e9lget\u00e9st, amelynek az volt a c\u00edme, hogy\u00a0<em>Egy irodalmi nemzed\u00e9k a rendszerv\u00e1ltoz\u00e1s forgatag\u00e1ban<\/em>.<\/p>\n<p style=\"text-align: justify;\">A 80-as \u00e9vekr\u0151l lett volna teh\u00e1t sz\u00f3, \u00e9s egy darabig arr\u00f3l is volt. Amit az adott id\u0151szakr\u00f3l mondtak el a r\u00e9sztvev\u0151k, az is fontos, hiszen a 80-as \u00e9vek most egy\u00e9bk\u00e9nt is az \u00e9rdekl\u0151d\u00e9s homlokter\u00e9be ker\u00fclt,\u00a0<a id=\"hyperlink_56aafd9f313bc3e7eacfbaa68da57cc7\" title=\"Mi emelte a szakkoll\u00e9giumi mozgalmat az ellenz\u00e9k f\u00f6l\u00e9?\" href=\"https:\/\/dex.hu\/x.php?id=index_kultur_cikklink&amp;url=https%3A%2F%2Findex.hu%2Fkultur%2F2022%2F06%2F30%2Fdalias-idok-o-azok-a-80-as-evek-konyv-miszlivetz-ferenc-szakkollegiumok-a-besugo%2F\" target=\"_blank\" rel=\"noopener\">k\u00f6nyvek<\/a>, filmek sz\u00fcletnek a korszakr\u00f3l, mint p\u00e9ld\u00e1ul\u00a0<a id=\"hyperlink_8a0995d1954675a69106130f6d6bd33d\" title=\"Teljes eg\u00e9sz\u00e9ben hiteltelen A bes\u00fag\u00f3 c\u00edm\u0171 sorozat?\" href=\"https:\/\/dex.hu\/x.php?id=index_kultur_cikklink&amp;url=https%3A%2F%2Findex.hu%2Fkultur%2F2022%2F05%2F13%2Ffabri-gyorgy-interju-a-besugo%2F\" target=\"_blank\" rel=\"noopener\"><em>A bes\u00fag\u00f3<\/em><\/a>\u00a0vagy a premier el\u0151tt \u00e1ll\u00f3\u00a0<a id=\"hyperlink_86d7b55f4680d70e1b00c0264adbdd3b\" title=\"\u00d6tv\u00f6s Cs\u00f6pi nyomdokain az \u00faj magyar krimiv\u00edgj\u00e1t\u00e9k\" href=\"https:\/\/dex.hu\/x.php?id=index_kultur_cikklink&amp;url=https%3A%2F%2Findex.hu%2Fkultur%2F2022%2F07%2F24%2Fnyugati-nyaralas-uj-magyar-krimi-vigjatek-exkluziv-elozetes-pokorny-lia-meszaros-mate%2F\" target=\"_blank\" rel=\"noopener\"><em>Nyugati nyaral\u00e1s<\/em><\/a>, emellett a 80-as \u00e9vek magyar \u00e9s vil\u00e1gsl\u00e1gerei is \u00fajra h\u00f3d\u00edtanak. Az teh\u00e1t, hogy mi t\u00f6rt\u00e9nt az irodalmi \u00e9letben a mondott korban, egy\u00e1ltal\u00e1n nem \u00e9rdektelen.<\/p>\n<div style=\"width: 737px\" class=\"wp-caption alignnone\"><img loading=\"lazy\" decoding=\"async\" src=\"https:\/\/kep.cdn.indexvas.hu\/1\/0\/4494\/44946\/449460\/44946084_d420995912d7eb7467e20ad0ba63951c_wm.jpg\" alt=\"225011\" width=\"727\" height=\"485\" \/><p class=\"wp-caption-text\">Fot\u00f3: Szab\u00f3 R\u00e9ka \/ Index<\/p><\/div>\n<p style=\"text-align: justify;\">Pet\u0151cz Andr\u00e1s \u00fagy fogalmazott, hogy \u201e80-ban valami t\u00f6rt\u00e9nt a magyar irodalomban, szeml\u00e9leti v\u00e1ltoz\u00e1s k\u00f6vetkezett be, aminek nagyon sz\u00e9p p\u00e9ld\u00e1ja volt a k\u00fcl\u00f6nb\u00f6z\u0151 alternat\u00edv jelens\u00e9gek f\u00f6lt\u0171n\u00e9se, a JAK-f\u00fczetek, a\u00a0<em>Ver(s)zi\u00f3k<\/em>\u00a0antol\u00f3gia megjelen\u00e9se, \u00e9s idesoroln\u00e1m m\u00e9g az akkoriban kibontakoz\u00f3 szamizdat irodalmat is\u201d. Kukorelly Endre mindehhez hozz\u00e1tette a\u00a0<em>Mozg\u00f3 Vil\u00e1got<\/em>, amely erre a nemzed\u00e9kre element\u00e1ris, felszabad\u00edt\u00f3 hat\u00e1ssal volt.<\/p>\n<h3 style=\"text-align: justify;\">Sz\u00e9th\u00faz\u00e1s volt kezdett\u0151l fogva<\/h3>\n<p style=\"text-align: justify;\">L. Simon hosszan id\u00e9zte Zal\u00e1n Tibor\u00a0<em>Arctalan nemzed\u00e9k<\/em>\u00a0c\u00edm\u0171 essz\u00e9j\u00e9t, amely 1979-ben jelent meg az\u00a0<em>\u00c9let\u00fcnk\u00a0<\/em>c\u00edm\u0171 foly\u00f3iratban.\u00a0Az els\u0151 meglepet\u00e9s akkor \u00e9rhette a hallgat\u00f3s\u00e1got, amikor a nemzed\u00e9ki fejteget\u00e9st \u201e\u00e1tugorva\u201d a jelen l\u00e9v\u0151 szerz\u0151 azt mondta, hogy m\u00e1r egy ideje nagyon vegyes a viszonya ehhez az \u00edr\u00e1shoz.<\/p>\n<blockquote><p>Sz\u00f3 sem volt nemzed\u00e9kr\u0151l \u2013 sz\u00f6gezte le. \u2013 Nemzed\u00e9k az, amikor egy koroszt\u00e1ly hasonl\u00f3 t\u00f6rekv\u00e9sekkel valamit k\u00e9pvisel. Itt sz\u00f3 sem volt hasonl\u00f3 t\u00f6rekv\u00e9sekr\u0151l, azonos \u00fcgyekr\u0151l. Els\u0151sorban arr\u00f3l volt sz\u00f3, hogy valaki megjelenj\u00e9k, vagy el\u00e9g bort igyon a Hung\u00e1ri\u00e1ban vagy b\u00e1rhol.<\/p><\/blockquote>\n<p style=\"text-align: justify;\">Az \u201earctalan nemzed\u00e9k\u201d kifejez\u00e9st arra a nagyon sok fiatal k\u00f6lt\u0151re haszn\u00e1lta, akiket a bebetonozott irodalmi int\u00e9zm\u00e9nyrendszer nem akart beengedni az irodalomba. Az \u201earctalan\u201d kifejez\u00e9st egy\u00e9bk\u00e9nt Jov\u00e1novics Mikl\u00f3s, az\u00a0<em>\u00c9l<\/em><em>et<\/em><em>\u00a0\u00e9s Irodalom<\/em>\u00a0akkori f\u0151szerkeszt\u0151je tal\u00e1lta ki r\u00e1juk, ami Zal\u00e1nt nagyon felb\u0151sz\u00edtette, de ut\u00f3lag \u00fagy l\u00e1tja, igaza volt: ennek a nemzed\u00e9knek nem is siker\u00fclt arcot szereznie.<\/p>\n<div style=\"width: 737px\" class=\"wp-caption alignnone\"><img loading=\"lazy\" decoding=\"async\" src=\"https:\/\/kep.cdn.indexvas.hu\/1\/0\/4494\/44946\/449460\/44946064_1ce77c20d62c2e470cea9344ba98a2b6_wm.jpg\" alt=\"Zal\u00e1n Tibor\" width=\"727\" height=\"485\" \/><p class=\"wp-caption-text\">Zal\u00e1n Tibor Fot\u00f3: Szab\u00f3 R\u00e9ka \/ Index<\/p><\/div>\n<p style=\"text-align: justify;\">\u201eEz a t\u00e1rsas\u00e1g a teljes sz\u00e9th\u00faz\u00e1s \u00e1llapot\u00e1ban volt a kezdett\u0151l fogva, emiatt \u00fagy egy\u00fctt nem is vitte semmire. N\u00e9h\u00e1ny k\u00e9pvisel\u0151je beker\u00fclt az irodalomba, miattuk t\u0171nik \u00fagy, hogy ez a nemzed\u00e9k el\u00e9rt valamit.\u201d Pet\u0151cz Andr\u00e1ssal ellent\u00e9tben \u00fagy \u00e9rzi, hogy nem \u0151k forgatt\u00e1k meg a vil\u00e1got, hanem \u00e9ppen elf\u00e1radt az akkori irodalom, m\u00e1s tendenci\u00e1k kezdtek m\u0171k\u00f6dni, amelyek kedveztek e sz\u00e9tsz\u00f3rt gener\u00e1ci\u00f3 n\u00e9h\u00e1ny tagj\u00e1nak.<\/p>\n<h3 style=\"text-align: justify;\">Beteg, horrorisztikus id\u0151szak<\/h3>\n<p style=\"text-align: justify;\">A besz\u00e9lget\u00e9s ezut\u00e1n m\u00e9g folytat\u00f3dott a nemzed\u00e9ki k\u00e9rd\u00e9sekr\u0151l, amely nemzed\u00e9kben L. Simon szerint tal\u00e1n sem politikai, sem eszt\u00e9tikai egys\u00e9g nem volt. Pet\u0151cz szerint \u201esokan voltunk, mert nagyon sokan nem jutottak sz\u00f3hoz\u201d. L. Simon arra volt k\u00edv\u00e1ncsi, hogyan \u00e1llhatott \u00f6ssze a 80-as \u00e9vekben mindez m\u00e9gis valamiv\u00e9, hogyan seg\u00edtette el\u0151 az erjed\u00e9st, hiszen elindult a JAK-f\u00fczetek sorozata, egyre t\u00f6bben kezdtek el k\u00eds\u00e9rletezni, \u00e9s ennek egyik \u00e1llom\u00e1sa volt az 1982-es\u00a0<em>Ver(s)zi\u00f3k<\/em>\u00a0antol\u00f3gia, amelyet Zal\u00e1n Tibor \u00e9s Kulcs\u00e1r Szab\u00f3 Ern\u0151 szerkesztett.<\/p>\n<div style=\"width: 737px\" class=\"wp-caption alignnone\"><img loading=\"lazy\" decoding=\"async\" src=\"https:\/\/kep.cdn.indexvas.hu\/1\/0\/4494\/44946\/449460\/44946068_2c97c98aeed01ac472bee819be012b45_wm.jpg\" alt=\"L. Simon L\u00e1szl\u00f3\" width=\"727\" height=\"485\" \/><p class=\"wp-caption-text\">L. Simon L\u00e1szl\u00f3 Fot\u00f3: Szab\u00f3 R\u00e9ka \/ Index<\/p><\/div>\n<p style=\"text-align: justify;\">Zal\u00e1n Tibor elmondta, hogy az\u00a0<em>Arctalan nemzed\u00e9k<\/em>\u00a0essz\u00e9 folyom\u00e1nya volt, hogy elkezdtek a fiatal \u00edr\u00f3kr\u00f3l besz\u00e9lni, \u00e9s nem h\u00fazt\u00e1k annyira a gyepl\u0151t, mint kor\u00e1bban. Kukorelly szerint a szocializmus beteg \u00e1llapot volt, \u00e9s a 70-es \u00e9veket tartja a magyar t\u00f6rt\u00e9nelem, legs\u00falyosabb \u00e9vtized\u00e9nek, mert a 60-as \u00e9vek liberaliz\u00e1l\u00f3d\u00e1sa ut\u00e1n \u00fajabb bekem\u00e9ny\u00edt\u00e9s k\u00f6vetkezett.<\/p>\n<p style=\"text-align: justify;\">Egyet\u00e9rtett abban Pet\u0151czcel, hogy 1980 k\u00f6r\u00fcl mintha valami v\u00e1ltozott volna, a hatalom mintha kezdett volna kiengedni, megv\u00e1ltozott a strukt\u00far\u00e1ja, ami nem azt jelenti, hogy jobb lett volna, \u201eminden brut\u00e1lis hatalom, amikor hanyatlik, akkor a leger\u0151sebb\u201d. A t\u00f6r\u00f6k\u00f6k is akkor foglalt\u00e1k el B\u00e9cset, amikor ut\u00e1na szinte sz\u00e9testek. K\u00e9t kiad\u00f3 volt, a Sz\u00e9pirodalmi \u00e9s a Magvet\u0151, \u00e9s ezt a korszakot mai szemmel visszatekintve nem lehet rendesen \u00e9rtelmezni, annyira horrorisztikus volt.<\/p>\n<h3 style=\"text-align: justify;\">Kollabor\u00e1ns irodalom<\/h3>\n<p style=\"text-align: justify;\">A politikai vonalra r\u00e1t\u00e9rve L. Simon azt kezdte feszegetni, hogy volt-e mindebben ellenz\u00e9ki attit\u0171d, egy\u00e1ltal\u00e1n \u00e9rdekelte-e \u0151ket a politika. Pet\u0151cz elmondta, hogy \u0151t \u00e9rdekelte, j\u00e1rt rep\u00fcl\u0151-egyetemere a 80-as \u00e9vekben, fontos volt sz\u00e1m\u00e1ra a lengyel Szolidarit\u00e1s mozgalom. Kukorelly szerint abban mindenki egyet\u00e9rtett, hogy a fenn\u00e1ll\u00f3 rendszer \u00fagy rossz, ahogy van, ruszkik haza, L. Simon azonban ezen a ponton k\u00f6zbesz\u00f3lt, hogy \u201eezt a rohadt szocializmust az\u00e9rt csak m\u0171k\u00f6dtette valaki\u201d.<\/p>\n<blockquote><p>A f\u00e9l magyar irodalmi \u00e9let tot\u00e1l kollabor\u00e1ns volt, teljes eg\u00e9sz\u00e9ben kiszolg\u00e1lta a rendszert, \u00e9s ebb\u0151l \u00e9lt<\/p><\/blockquote>\n<p style=\"text-align: justify;\">\u2013 mondta, de Kukorelly \u00fagy v\u00e1laszolt, hogy \u201eaz \u00e9n horizontomat mondtam\u201d.<\/p>\n<div id=\"szerkfoto_image_44946080\" class=\"miniapp szerkfotoimage\" style=\"text-align: justify;\">\n<div id=\"szerkfoto_image_44946080_5234946\" class=\"kep popup kep_szeles keret\">\n<div style=\"width: 737px\" class=\"wp-caption alignnone\"><img loading=\"lazy\" decoding=\"async\" id=\"kep_szerkfoto_image_44946080\" src=\"https:\/\/kep.cdn.indexvas.hu\/1\/0\/4494\/44946\/449460\/44946080_8e96699f1897198cbfe456bc2504f703_wm.jpg\" alt=\"Pet\u0151cz Andr\u00e1s\" width=\"727\" height=\"485\" data-image_width=\"727\" data-image_height=\"485\" \/><p class=\"wp-caption-text\">Pet\u0151cz Andr\u00e1s Fot\u00f3: Szab\u00f3 R\u00e9ka \/ Index<\/p><\/div>\n<div class=\"kepala\">\n<div class=\"photographer\"><\/div>\n<\/div>\n<\/div>\n<\/div>\n<p style=\"text-align: justify;\">L. Simon, aki viccesen azt mondta, alig v\u00e1rja, hogy a vend\u00e9gei \u00f6sszevesszenek, nem engedte el a politikai t\u00e9m\u00e1t, hiszen voltak \u00edr\u00f3k \u2013 Lezs\u00e1k S\u00e1ndor, Csengey D\u00e9nes, Tam\u00e1s G\u00e1sp\u00e1r Mikl\u00f3s, Elek Istv\u00e1n \u2013, akik tev\u00e9keny szerepet v\u00e1llaltak a rendszerv\u00e1ltoz\u00e1s el\u0151k\u00e9sz\u00edt\u00e9s\u00e9ben, majd vagy parlamenti k\u00e9pvisel\u0151k lettek, vagy a korm\u00e1nyok k\u00f6zel\u00e9ben tan\u00e1csad\u00f3k.<\/p>\n<p style=\"text-align: justify;\">\u201eEz a szerep, ami akkor jellemz\u0151 volt az \u00edr\u00f3t\u00e1rsadalomra, m\u00e1ra m\u00e1r nincsen jelen\u201d \u2013 mondta, hozz\u00e1t\u00e9ve, hogy a jelenl\u00e9v\u0151k a rendszerv\u00e1lt\u00e1s idej\u00e9n nem v\u00e1llaltak politikai szerepet. Erre mindenki elmondta a saj\u00e1t ind\u00edttat\u00e1s\u00e1t, majd L. Simon feltette nekik a k\u00e9rd\u00e9st, hogyan \u00e9rt\u00e9kelik a rendszerv\u00e1lt\u00e1st, milyen v\u00e1ltoz\u00e1st hozott az irodalomban, a kult\u00far\u00e1ban, a k\u00f6nyvkiad\u00e1sban.<\/p>\n<h3 style=\"text-align: justify;\">K\u00e9t er\u0151s t\u00e1bor dikt\u00e1l<\/h3>\n<p style=\"text-align: justify;\">\u201eEgyre rosszabbul \u00e9rzem itt magam \u2013 kezdte Zal\u00e1n Tibor. \u2013 Az els\u0151 gondolat a legjobb, \u00e9n nem akartam ide elj\u00f6nni\u201d \u2013 mondta. Szerinte ugyanis nem az \u00e9letrajzukat, a jobb vagy rosszabb t\u00f6rt\u00e9neteiket kellene itt elmondani, mert a 80-as \u00e9vek eg\u00e9szen m\u00e1s volt.<\/p>\n<p style=\"text-align: justify;\">\u00cdrt egy essz\u00e9t\u00a0<em>Szomor\u00fa<\/em><em>\u00a0aranykor<\/em>\u00a0c\u00edmmel, amelyben \u2013 szemben azzal, amit Kukorelly mondott \u2013 azt \u00e1ll\u00edtotta, hogy a magyar irodalomnak \u00e9s m\u0171v\u00e9szetnek a K\u00e1d\u00e1r-rendszer utols\u00f3 id\u0151szaka volt az utols\u00f3 nagy aranykora, amikor a rendszer m\u00e1r nem volt annyira er\u0151s, hogy kord\u00e1ban tartsa \u00e9s fel\u00fcgyelje az irodalmat, de m\u00e9g volt olyan er\u0151s, hogy p\u00e9nzt \u00e9s anyagi lehet\u0151s\u00e9get adjon. \u201eAz is meg tudott \u00e9lni az irodalomb\u00f3l, aki nem csatlakozott sehova, nem \u00fagy, mint ma, amikor bizony szempontok szerint lehet csak \u00e9lni.\u201d<\/p>\n<p style=\"text-align: justify;\">\u201eAmit ma l\u00e1tok az irodalomban, az engem elr\u00e9miszt, elborzaszt, ijeszt. A 80-as \u00e9vek sem volt j\u00f3, de ez legal\u00e1bb olyan rossz, ha nem rosszabb, amiben most \u00e9l\u00fcnk\u201d \u2013 mondta, majd L. Simon k\u00e9rd\u00e9s\u00e9re, hogy mi borzasztja el, \u00edgy folytatta:<\/p>\n<div id=\"szerkfoto_image_44946088\" class=\"miniapp szerkfotoimage\" style=\"text-align: justify;\">\n<div id=\"szerkfoto_image_44946088_5234946\" class=\"kep popup kep_szeles keret\">\n<div style=\"width: 737px\" class=\"wp-caption alignnone\"><img loading=\"lazy\" decoding=\"async\" id=\"kep_szerkfoto_image_44946088\" src=\"https:\/\/kep.cdn.indexvas.hu\/1\/0\/4494\/44946\/449460\/44946088_4b0e898a3aa56f604851ab86f78e6f2c_wm.jpg\" alt=\"Pet\u0151cz Andr\u00e1s, L. Simon L\u00e1szl\u00f3 \u00e9s Kukorelly Endre\" width=\"727\" height=\"485\" data-image_width=\"727\" data-image_height=\"485\" \/><p class=\"wp-caption-text\">Pet\u0151cz Andr\u00e1s, L. Simon L\u00e1szl\u00f3 \u00e9s Kukorelly Endre Fot\u00f3: Szab\u00f3 R\u00e9ka \/ Index<\/p><\/div>\n<div class=\"kepala\">\n<div class=\"photographer\"><\/div>\n<\/div>\n<\/div>\n<\/div>\n<p style=\"text-align: justify;\">\u201eElborzaszt az, hogy k\u00fcl\u00f6nb\u00f6z\u0151 alap\u00edtv\u00e1nyok meg figur\u00e1k k\u00fcl\u00f6nb\u00f6z\u0151 p\u00e9nzeket osztogatnak maguknak, a saj\u00e1t embereiknek. Hogy egy fiatalnak, ha jelen akar lenni, akkor le kell csatlakoznia valamelyik t\u00e1borhoz. K\u00e9t nagyon er\u0151s t\u00e1bor dikt\u00e1l, a m\u00f6g\u00f6tt\u00fck l\u00e9v\u0151 p\u00e9nzek \u2013 vagy nem p\u00e9nzek \u2013 dikt\u00e1lnak, nagy szervezetek ir\u00e1ny\u00edtanak, \u00e9s nem az irodalom, nem a min\u0151s\u00e9g vagy a term\u00e9k hat\u00e1rozza meg, hogy ki vagy.<\/p>\n<p style=\"text-align: justify;\">A fiataloknak is azt mondtam, akik \u00edr\u00f3nak k\u00e9sz\u00fclnek, hogy nem a tehets\u00e9getek fog megcsin\u00e1lni benneteket, hanem az, hogy megcsin\u00e1lnak-e titeket, vagy nem. Ma m\u00e1r err\u0151l sz\u00f3l a dolog. Az a l\u00e9nyeg, hogy megcsin\u00e1lnak-e, odatartozol-e, nagy plak\u00e1ton hirdetik-e a k\u00f6nyved a metr\u00f3lej\u00e1r\u00f3ban \u2013 ha kis kiad\u00f3n\u00e1l vagy, akkor soha nem fogj\u00e1k nagy plak\u00e1ton hirdetni. A rangodat az hat\u00e1rozza meg, hogy valamelyik nagy monstrumn\u00e1l vagy-e, oda h\u00edzelkedted vagy t\u00f6rted-e be magad, vagy megmaradsz kis kiad\u00f3n\u00e1l.\u201d\u00a0Zal\u00e1n Tibor szavai nagy tapsot kaptak a hallgat\u00f3s\u00e1gt\u00f3l.<\/p>\n<h3 style=\"text-align: justify;\">Maguk k\u00f6r\u00fcl forg\u00f3 \u00edr\u00f3k<\/h3>\n<p style=\"text-align: justify;\">Vita alakult ki azt\u00e1n abb\u00f3l is, hogy kell-e egy\u00e1ltal\u00e1n politiz\u00e1lni, k\u00f6z\u00e9leti szerepet v\u00e1llalni egy \u00edr\u00f3nak. L. Simon szerint igenis van az \u00edr\u00f3knak k\u00f6z\u00e9leti felel\u0151ss\u00e9g\u00fck, gondolkodni, \u00edrni kell mindarr\u00f3l, ami vel\u00fcnk \u00e9s k\u00f6r\u00fcl\u00f6tt\u00fcnk t\u00f6rt\u00e9nik, amik a mi k\u00f6z\u00f6s \u00fcgyeink. Ez nem mond ellent az \u00edr\u00f3i szerepnek, hiszen az \u00edr\u00f3t\u00e1bor t\u00f6rt\u00e9nete is err\u0151l sz\u00f3l. Hi\u00e1nyolja a k\u00f6z\u00e9leti szerepv\u00e1llal\u00e1st, szerinte az \u00edr\u00f3k az ut\u00f3bbi \u00e9vekben szinte kiz\u00e1r\u00f3lag csak \u201emaguk k\u00f6r\u00fcl forognak\u201d. \u0150 p\u00e9ld\u00e1ul az e heti publicisztik\u00e1j\u00e1ban a v\u00edzgazd\u00e1lkod\u00e1sr\u00f3l \u00edrt.<\/p>\n<div id=\"szerkfoto_image_44946072\" class=\"miniapp szerkfotoimage\" style=\"text-align: justify;\">\n<div id=\"szerkfoto_image_44946072_5234946\" class=\"kep popup kep_szeles keret\">\n<div style=\"width: 737px\" class=\"wp-caption alignnone\"><img loading=\"lazy\" decoding=\"async\" id=\"kep_szerkfoto_image_44946072\" src=\"https:\/\/kep.cdn.indexvas.hu\/1\/0\/4494\/44946\/449460\/44946072_b702c972a0028d60492144096c55d4ef_wm.jpg\" alt=\"Kukorelly Endre\" width=\"727\" height=\"485\" data-image_width=\"727\" data-image_height=\"485\" \/><p class=\"wp-caption-text\">Kukorelly Endre Fot\u00f3: Szab\u00f3 R\u00e9ka \/ Index<\/p><\/div>\n<div class=\"kepala\">\n<div class=\"photographer\"><\/div>\n<\/div>\n<\/div>\n<\/div>\n<p style=\"text-align: justify;\">Kukorelly szerint a politiz\u00e1l\u00e1s nem p\u00e1rtok acsarkod\u00e1sa. \u201eKi kell menni az agor\u00e1ra, az\u00e9rt van az a k..va agora. Az a legnagyobb probl\u00e9m\u00e1ja a magyar t\u00e1rsadalomnak, hogy nem megy ki az agor\u00e1ra, \u00e9s v\u00e1rjuk, hogy a nadr\u00e1gos emberek int\u00e9zz\u00e9k a dolgainkat.\u201d K\u00e9t \u00e9s f\u00e9l \u00e9vig \u0151 is nadr\u00e1gos ember volt\u00a0<em>(az LMP parlamenti k\u00e9pvisel\u0151je \u2013 a szerk.),<\/em>\u00a0\u00e9s akkor tapasztalta meg a magyar t\u00e1rsadalom \u0151r\u00fcletes passzivit\u00e1s\u00e1t, deprim\u00e1lts\u00e1g\u00e1t. Tapsot kapott, amikor arr\u00f3l besz\u00e9lt, hogy ma lehet \u00e9s kell is konfront\u00e1l\u00f3dni a hatalommal, nem kell elfogadni a fenn\u00e1ll\u00f3 rendszert, \u00e9s ez nagyon nagy dolog.<\/p>\n<p style=\"text-align: justify;\">Zal\u00e1n Tibor szerint viszont az \u00edr\u00f3 erk\u00f6lcsi felel\u0151ss\u00e9ge az, hogy \u00edrjon, nem a megmond\u00e1s a dolga. \u201e\u00c9s ne ba&#8230;gassuk a lusta magyar n\u00e9pet, a n\u00e9p az mindig olyan, amilyen. Nem kell mindenkinek felt\u00e9tlen\u00fcl a k\u00f6z\u00e9letben r\u00e9szt venni. \u00c9lni kell hagyni az embereket, \u00e9s nem azt mondani, hogy helyettetek besz\u00e1llok a buliba, h\u00fclye barmok. Nem err\u0151l van sz\u00f3, de ezek j\u00f6nnek el\u0151, gyerekek, \u00e9s engem ez ideges\u00edt.\u201d<\/p>\n<h3 style=\"text-align: justify;\">Bar\u00e1ts\u00e1gos egyet nem \u00e9rt\u00e9s<\/h3>\n<p style=\"text-align: justify;\">L. Simon utols\u00f3 k\u00e9rd\u00e9s\u00e9re, hogy mik\u00e9ppen l\u00e1tj\u00e1k az 50 \u00e9ves Tokaji \u00cdr\u00f3t\u00e1bor j\u00f6v\u0151j\u00e9t, Zal\u00e1n Tibor azt mondta: k\u00e9tszer volt az \u00edr\u00f3t\u00e1borban, nagyon vegyes \u00e9rzelmekkel, \u00e9s nem k\u00edv\u00e1nkozott vissza. \u201eMost elj\u00f6ttem miattatok, meg k\u00f6r\u00fcln\u00e9zni, nem l\u00e1tom se a m\u00faltj\u00e1t, se a j\u00f6v\u0151j\u00e9t, de amit l\u00e1ttam, az sz\u00e1momra nem t\u00fals\u00e1gosan biztat\u00f3.\u201d Pet\u0151cz a 90-es \u00e9vekben sokat volt itt: szerinte komoly szerepe lehetne az \u00edr\u00f3t\u00e1bornak abban, hogy p\u00e1rbesz\u00e9d alakuljon ki a k\u00fcl\u00f6nb\u00f6z\u0151 irodalmi k\u00f6r\u00f6k k\u00f6z\u00f6tt.<\/p>\n<p style=\"text-align: justify;\">Kukorelly is sokat volt itt, \u00e9s szerinte ilyen t\u00edpus\u00fa besz\u00e9lget\u00e9sek kellen\u00e9nek, ahol a bar\u00e1ts\u00e1gos egyet nem \u00e9rt\u00e9s uralkodik. Olyan embereket kellene megh\u00edvni, akik k\u00fcl\u00f6nb\u00f6z\u0151 n\u00e9z\u0151pontokat tudn\u00e1nak f\u00f6lv\u00e1zolni, amelyek \u00fctk\u00f6zn\u00e9nek, \u00e9s ez sokkal \u00e9rdekesebb lenne. \u201eFiatalokat is meg kellene h\u00edvni, ez a 70 pluszos koroszt\u00e1ly, amiben benne vagyunk, magamat is bele\u00e9rtve, kicsit brut\u00e1lis. Olyan k\u00f6zeget kellene teremteni, ahol a kocsm\u00e1kban is \u00e9l\u00e9nk egyet nem \u00e9rt\u0151 diskurzus folyik. Ha mindig mindenki ugyanazt mondja, az baromi uncsi.\u201d Turczi Istv\u00e1n a kezdetek \u00f3ta j\u00e1r Tokajba, szeret itt lenni. \u0150 is hi\u00e1nyolja a fiatalokat, de \u00f6r\u00fcl a tal\u00e1lkoz\u00e1soknak.<\/p>\n<p style=\"text-align: justify;\">A r\u00e9sztvev\u0151k is mind \u00f6r\u00fcltek: a kisvonat m\u00e1r lent v\u00e1rt, hogy elvigye \u0151ket a zsinag\u00f3g\u00e1ba eb\u00e9delni.<\/p>\n<p style=\"text-align: justify;\"><em>(Bor\u00edt\u00f3k\u00e9p:\u00a0Zal\u00e1n Tibor, Pet\u0151cz Andr\u00e1s, L. Simon L\u00e1szl\u00f3, Kukorelly Endre \u00e9s Turczi Istv\u00e1n. Fot\u00f3:\u00a0Szab\u00f3 R\u00e9ka \/ Index)<\/em><\/p>\n<p style=\"text-align: justify;\">Forr\u00e1s: index.hu<\/p>\n","protected":false},"excerpt":{"rendered":"<p>Egy tehets\u00e9ges k\u00f6lt\u0151nek musz\u00e1j valamelyik nagy t\u00e1borhoz csatlakozni, hogy azok majd \u201emegcsin\u00e1lj\u00e1k\u201d a karrierj\u00e9t? A 80-as \u00e9vekn\u00e9l is rosszabb, ami ma folyik az irodalmi \u00e9letben? Musz\u00e1j politiz\u00e1lni, k\u00f6z\u00e9leti k\u00e9rd\u00e9sekkel foglalkozni egy k\u00f6lt\u0151nek? Az 50., jubileumi Tokaji \u00cdr\u00f3t\u00e1bor kerekasztal-besz\u00e9lget\u00e9s\u00e9n v\u00e1ratlanul kem\u00e9ny&#8230;<\/p>\n","protected":false},"author":1,"featured_media":6035,"comment_status":"closed","ping_status":"closed","sticky":false,"template":"","format":"standard","meta":{"footnotes":""},"categories":[1],"tags":[],"class_list":["post-6021","post","type-post","status-publish","format-standard","has-post-thumbnail","hentry","category-hirek"],"_links":{"self":[{"href":"https:\/\/tokajiirotabor.hu\/irotabor_archiv\/wp-json\/wp\/v2\/posts\/6021"}],"collection":[{"href":"https:\/\/tokajiirotabor.hu\/irotabor_archiv\/wp-json\/wp\/v2\/posts"}],"about":[{"href":"https:\/\/tokajiirotabor.hu\/irotabor_archiv\/wp-json\/wp\/v2\/types\/post"}],"author":[{"embeddable":true,"href":"https:\/\/tokajiirotabor.hu\/irotabor_archiv\/wp-json\/wp\/v2\/users\/1"}],"replies":[{"embeddable":true,"href":"https:\/\/tokajiirotabor.hu\/irotabor_archiv\/wp-json\/wp\/v2\/comments?post=6021"}],"version-history":[{"count":13,"href":"https:\/\/tokajiirotabor.hu\/irotabor_archiv\/wp-json\/wp\/v2\/posts\/6021\/revisions"}],"predecessor-version":[{"id":6037,"href":"https:\/\/tokajiirotabor.hu\/irotabor_archiv\/wp-json\/wp\/v2\/posts\/6021\/revisions\/6037"}],"wp:featuredmedia":[{"embeddable":true,"href":"https:\/\/tokajiirotabor.hu\/irotabor_archiv\/wp-json\/wp\/v2\/media\/6035"}],"wp:attachment":[{"href":"https:\/\/tokajiirotabor.hu\/irotabor_archiv\/wp-json\/wp\/v2\/media?parent=6021"}],"wp:term":[{"taxonomy":"category","embeddable":true,"href":"https:\/\/tokajiirotabor.hu\/irotabor_archiv\/wp-json\/wp\/v2\/categories?post=6021"},{"taxonomy":"post_tag","embeddable":true,"href":"https:\/\/tokajiirotabor.hu\/irotabor_archiv\/wp-json\/wp\/v2\/tags?post=6021"}],"curies":[{"name":"wp","href":"https:\/\/api.w.org\/{rel}","templated":true}]}}