{"id":6018,"date":"2022-08-27T14:19:15","date_gmt":"2022-08-27T13:19:15","guid":{"rendered":"https:\/\/www.tokajiirotabor.hu\/?p=6018"},"modified":"2022-08-27T14:19:15","modified_gmt":"2022-08-27T13:19:15","slug":"konszenzus-nyomaban","status":"publish","type":"post","link":"https:\/\/tokajiirotabor.hu\/irotabor_archiv\/konszenzus-nyomaban\/","title":{"rendered":"Konszenzus nyom\u00e1ban"},"content":{"rendered":"<p style=\"text-align: justify;\"><strong>Az irodalom mellett k\u00f6z\u00e9leti k\u00e9rd\u00e9sek is el\u0151ker\u00fcltek az \u00f6tvenedik Tokaji \u00cdr\u00f3t\u00e1bor els\u0151 napj\u00e1n.<\/strong><\/p>\n<figure class=\"article--figure\"><a class=\"article--link\" title=\"Konszenzus nyom\u00e1ban\"><img decoding=\"async\" class=\"article--image\" src=\"https:\/\/nepszava.hu\/i\/12\/6\/1\/1357766.jpg\" alt=\"Konszenzus nyom\u00e1ban\" \/><\/a><figcaption class=\"article--figcaption\">\n<div class=\"img--fotos\">\n<p class=\"label\">Fot\u00f3: Pavel Bogolepov<\/p>\n<\/div>\n<div class=\"img--copy\">\n<p class=\"label\">| Forr\u00e1s: N\u00e9pszava<\/p>\n<\/div>\n<\/figcaption><\/figure>\n<div class=\"container__row content__splitted\">\n<section class=\"container__col-xxs-48 container__col-xs-48 container__col-sm-32 article--left left\">\n<div class=\"p egyeb-text\">\n<p style=\"text-align: justify;\">Tokaj v\u00e1ros f\u0151ter\u00e9n kezd\u0151d\u00f6tt az \u00f6tvenedik Tokaji \u00cdr\u00f3t\u00e1bor, de k\u00f6zel t\u00edz perc ut\u00e1n a R\u00e1k\u00f3czi Pinc\u00e9be menek\u00fclt a k\u00f6z\u00f6ns\u00e9g a hirtelen lez\u00fadul\u00f3 es\u0151t\u0151l. A megnyit\u00f3 sor\u00e1n el\u0151sz\u00f6r R\u00e1t\u00f3ti Zolt\u00e1n sz\u00ednm\u0171v\u00e9sz, a Sz\u00ednh\u00e1z- \u00e9s Filmm\u0171v\u00e9szeti Egyetem rektora olvasta fel a Nyugat ut\u00f3dj\u00e1nak sz\u00e1m\u00edt\u00f3 Magyar Csillag foly\u00f3iratban 1943-ban megjelent Egy\u00fcttes vallom\u00e1s c\u00edm\u0171 \u00edr\u00e1st, melyet h\u00e9t magyar \u00edr\u00f3 jegyzett k\u00f6z\u00f6sen, n\u00e9v szerint Ill\u00e9s Endre, Illy\u00e9s Gyula, Kodol\u00e1nyi J\u00e1nos, M\u00e1rai S\u00e1ndor, Tam\u00e1si \u00c1ron, Veres P\u00e9ter \u00e9s Zilahy Lajos. A m\u00e1sodik vil\u00e1gh\u00e1bor\u00fa idej\u00e9n \u00edrt sz\u00f6veg kapcs\u00e1n L. Simon L\u00e1szl\u00f3, a Tokaji \u00cdr\u00f3t\u00e1bor eln\u00f6ke t\u00f6bbek k\u00f6zt kifejtette, hogy az esem\u00e9ny els\u0151 \u00f6tven \u00e9v\u00e9nek egym\u00e1st v\u00e1lt\u00f3 nemzed\u00e9keinek jeles alkot\u00f3i is meg\u00e9lt\u00e9k, amit az Egy\u00fcttes vallom\u00e1s szerz\u0151i. Megtagadta t\u0151l\u00fck a sors azt a legf\u0151bb jutalmat, hogy eszm\u00e9nyeiket \u201epolitikai \u00e9s t\u00e1rsadalmi er\u0151k a nemzet \u00e9let\u00e9ben val\u00f3ra v\u00e1lts\u00e1k\u201d, ehelyett szellemi eredm\u00e9nyeiket \u201evil\u00e1gn\u00e9zeti \u00e9s t\u00e1rsadalmi jelszavak al\u00e1 pr\u00f3b\u00e1lt\u00e1k temetni\u201d, k\u00fczdelmeiket pedig azzal rontott\u00e1k el, \u201ehogy egyr\u00e9szt az irodalmi \u00e9letben ellent\u00e9teket sz\u00edtanak, m\u00e1sr\u00e9szt pedig \u00edr\u00f3kat \u00e9s m\u0171veket c\u00e9lzatos politikai sz\u00ednnel festenek be\u201d.<\/p>\n<\/div>\n<div class=\"ad adi container__col-xxs-48 container__col-xs-48  container__col-sm-32\" style=\"text-align: justify;\">\n<div id=\"here48929\"><\/div>\n<\/div>\n<div class=\"p egyeb-text\">\n<p style=\"text-align: justify;\">L. Simon szerint az \u00edr\u00e1s \u00e1ltal kifejtett c\u00e9lzatos \u00edt\u00e9lkez\u00e9sre ma is tal\u00e1lunk p\u00e9ld\u00e1t, dac\u00e1ra a polg\u00e1ri demokr\u00e1cia ny\u00fajtotta szabads\u00e1gnak, valamint az inform\u00e1ci\u00f3\u00e1raml\u00e1st hihetetlen\u00fcl felgyors\u00edt\u00f3, a cenz\u00far\u00e1t gyakorlatilag lehetetlenn\u00e9 tev\u0151 internetes nyilv\u00e1noss\u00e1gnak. \u2013 De \u00e9ppen ezen \u00e9rt\u00e9keknek \u00e9s adotts\u00e1goknak k\u00f6sz\u00f6nhet\u0151en tudjuk nyugodt sz\u00edvvel belekiab\u00e1lni a vil\u00e1gba: sz\u00e1munkra Budapest, Szabadka, Sepsiszentgy\u00f6rgy, Kassa, Kapolcs \u00e9s Tokaj azonos szellemi tartom\u00e1nyok \u2013 mondta az eln\u00f6k.<\/p>\n<p style=\"text-align: justify;\">Hopp\u00e1l P\u00e9ter megnyit\u00f3besz\u00e9d\u00e9ben elmondta, az \u00edr\u00f3t\u00e1borban zajlott folyamatok b\u00f6lcs\u0151k\u00e9nt ringatt\u00e1k a rendszerv\u00e1ltoztat\u00e1st tizennyolc \u00e9ven kereszt\u00fcl. A kult\u00far\u00e1\u00e9rt felel\u0151s \u00e1llamtitk\u00e1r kiemelte, az 1986-os Tokaji \u00cdr\u00f3t\u00e1bor element\u00e1ris er\u0151vel csapott le az akkori kult\u00farpolitik\u00e1ra (a k\u00f6vetkez\u0151 \u00e9vben ez\u00e9rt elmaradt a rendezv\u00e9ny), \u00edgy tal\u00e1n a diskurzusok fundamentumot \u00e9p\u00edtettek az 1987-es Lakiteleki tal\u00e1lkoz\u00f3nak.<\/p>\n<p style=\"text-align: justify;\">\u2013 Egy \u00edr\u00f3nak nem mindegy, hogy a mesters\u00e9gbeli tud\u00e1st megszerzi vagy sem. Ha megn\u00e9zz\u00fck a m\u0171v\u00e9szeti ter\u00fcleteket, valamennyi \u00e1gnak van fels\u0151fok\u00fa k\u00e9pz\u00e9si helye. A k\u00e9pz\u0151m\u0171v\u00e9szetnek, iparm\u0171v\u00e9szetnek, sz\u00edn\u00e9szetnek, t\u00e1ncnak \u2013 mondta lapunknak L. Simon L\u00e1szl\u00f3, kiemelve, \u00e9rdemes lenne a forgat\u00f3k\u00f6nyv- \u00e9s essz\u00e9\u00edr\u00e1st is tan\u00edtani. \u2013 Nem jutottam el od\u00e1ig, hogy egy ilyen szak beind\u00edt\u00e1s\u00e1t kezdem\u00e9nyezzem, f\u0151leg \u00fagy, hogy a Nemzeti M\u00fazeumban dolgozom, \u00e9s sz\u00e1mos muzeol\u00f3giai, restaur\u00e1tori k\u00e9pz\u00e9sben kell egy\u00fcttm\u0171k\u00f6dn\u00fcnk az ELTE-vel \u00e9s a K\u00e9pz\u0151m\u0171v\u00e9szeti Egyetemmel \u2013 tette hozz\u00e1.<\/p>\n<p style=\"text-align: justify;\">Arra a k\u00e9rd\u00e9sre, hogy miben l\u00e1tja a Tokaji \u00cdr\u00f3t\u00e1bor jelent\u0151s\u00e9g\u00e9t, L. Simon a k\u00f6vetkez\u0151t v\u00e1laszolta: \u2013 Az \u00edr\u00f3t\u00e1bor legf\u0151bb szerep\u00e9t abban l\u00e1tom jelen pillanatban, hogy valamif\u00e9le k\u00f6z\u00f6ss\u00e9gform\u00e1l\u00f3 er\u0151vel b\u00edr az \u00edr\u00f3k k\u00f6r\u00e9ben.<\/p>\n<p style=\"text-align: justify;\">A N\u00e9pszava Kukorelly Endr\u00e9t, az esem\u00e9ny visszat\u00e9r\u0151 vend\u00e9g\u00e9t is megk\u00e9rdezte, akinek kiss\u00e9 elt\u00e9r a v\u00e9lem\u00e9nye. \u2013 A napl\u00f3mban megn\u00e9ztem n\u00e9h\u00e1ny, az \u00edr\u00f3t\u00e1borral kapcsolatos feljegyz\u00e9st, \u00e9s felt\u0171nt, hogy r\u00e9gebben heterog\u00e9nebb volt politikailag \u00e9s po\u00e9tikailag is a t\u00e1rsas\u00e1g \u2013 mondta az \u00edr\u00f3, hozz\u00e1t\u00e9ve az ut\u00f3bbi id\u0151ben ink\u00e1bb a magukat jobboldalra pozicion\u00e1lt szerz\u0151ket h\u00edvnak meg. Kukorelly \u00fagy l\u00e1tja, a k\u00fcl\u00f6nb\u00f6z\u0151 oldalon \u00e1ll\u00f3knak indulatok helyett minim\u00e1lis konszenzussal ki kellene j\u00f6nni\u00fck egym\u00e1ssal, azon dolgozva, hogy a kort\u00e1rs magyar irodalom preszt\u00edzse megmaradjon. \u2013 \u00c9n p\u00e9ld\u00e1ul elmegyek b\u00e1rhov\u00e1, mindenf\u00e9le rendezv\u00e9nyre, ha h\u00edvnak, m\u00e9g akkor is, ha ez sokaknak nem tetszik. Nem demonstrat\u00edve csin\u00e1lom: az a v\u00e9lem\u00e9nyem, hogy sz\u00f3ba kell \u00e1llnunk egym\u00e1ssal, ha nem is \u00e9rt\u00fcnk egyet, hisz \u00e9lvezetesek a bar\u00e1ts\u00e1gosan egyet nem \u00e9rt\u0151 vit\u00e1k. A felel\u0151sen gondolkod\u00f3 magyar \u00e9rtelmis\u00e9gnek ebben p\u00e9ld\u00e1t kellene mutatnia.<\/p>\n<p>Forr\u00e1s: N\u00e9pszava<\/p>\n<\/div>\n<\/section>\n<\/div>\n","protected":false},"excerpt":{"rendered":"<p>Az irodalom mellett k\u00f6z\u00e9leti k\u00e9rd\u00e9sek is el\u0151ker\u00fcltek az \u00f6tvenedik Tokaji \u00cdr\u00f3t\u00e1bor els\u0151 napj\u00e1n. Fot\u00f3: Pavel Bogolepov | Forr\u00e1s: N\u00e9pszava Tokaj v\u00e1ros f\u0151ter\u00e9n kezd\u0151d\u00f6tt az \u00f6tvenedik Tokaji \u00cdr\u00f3t\u00e1bor, de k\u00f6zel t\u00edz perc ut\u00e1n a R\u00e1k\u00f3czi Pinc\u00e9be menek\u00fclt a k\u00f6z\u00f6ns\u00e9g a hirtelen&#8230;<\/p>\n","protected":false},"author":1,"featured_media":5938,"comment_status":"closed","ping_status":"closed","sticky":false,"template":"","format":"standard","meta":{"footnotes":""},"categories":[1],"tags":[],"class_list":["post-6018","post","type-post","status-publish","format-standard","has-post-thumbnail","hentry","category-hirek"],"_links":{"self":[{"href":"https:\/\/tokajiirotabor.hu\/irotabor_archiv\/wp-json\/wp\/v2\/posts\/6018"}],"collection":[{"href":"https:\/\/tokajiirotabor.hu\/irotabor_archiv\/wp-json\/wp\/v2\/posts"}],"about":[{"href":"https:\/\/tokajiirotabor.hu\/irotabor_archiv\/wp-json\/wp\/v2\/types\/post"}],"author":[{"embeddable":true,"href":"https:\/\/tokajiirotabor.hu\/irotabor_archiv\/wp-json\/wp\/v2\/users\/1"}],"replies":[{"embeddable":true,"href":"https:\/\/tokajiirotabor.hu\/irotabor_archiv\/wp-json\/wp\/v2\/comments?post=6018"}],"version-history":[{"count":1,"href":"https:\/\/tokajiirotabor.hu\/irotabor_archiv\/wp-json\/wp\/v2\/posts\/6018\/revisions"}],"predecessor-version":[{"id":6019,"href":"https:\/\/tokajiirotabor.hu\/irotabor_archiv\/wp-json\/wp\/v2\/posts\/6018\/revisions\/6019"}],"wp:featuredmedia":[{"embeddable":true,"href":"https:\/\/tokajiirotabor.hu\/irotabor_archiv\/wp-json\/wp\/v2\/media\/5938"}],"wp:attachment":[{"href":"https:\/\/tokajiirotabor.hu\/irotabor_archiv\/wp-json\/wp\/v2\/media?parent=6018"}],"wp:term":[{"taxonomy":"category","embeddable":true,"href":"https:\/\/tokajiirotabor.hu\/irotabor_archiv\/wp-json\/wp\/v2\/categories?post=6018"},{"taxonomy":"post_tag","embeddable":true,"href":"https:\/\/tokajiirotabor.hu\/irotabor_archiv\/wp-json\/wp\/v2\/tags?post=6018"}],"curies":[{"name":"wp","href":"https:\/\/api.w.org\/{rel}","templated":true}]}}