{"id":6016,"date":"2022-08-27T14:16:10","date_gmt":"2022-08-27T13:16:10","guid":{"rendered":"https:\/\/www.tokajiirotabor.hu\/?p=6016"},"modified":"2022-08-27T14:16:10","modified_gmt":"2022-08-27T13:16:10","slug":"elkezdodott-az-50-tokaji-irotabor","status":"publish","type":"post","link":"https:\/\/tokajiirotabor.hu\/irotabor_archiv\/elkezdodott-az-50-tokaji-irotabor\/","title":{"rendered":"Elkezd\u0151d\u00f6tt az 50. Tokaji \u00cdr\u00f3t\u00e1bor"},"content":{"rendered":"<p style=\"text-align: justify;\"><strong>Elkezd\u0151d\u00f6tt h\u00e9tf\u0151n az 50. Tokaji \u00cdr\u00f3t\u00e1bor. A Tisza-parti kisv\u00e1rosban cs\u00fct\u00f6rt\u00f6kig tart\u00f3 jubileumi esem\u00e9nysorozaton szakmai panelbesz\u00e9lget\u00e9seken, tan\u00e1cskoz\u00e1sokon \u00e9s el\u0151ad\u00e1sokon vesznek r\u00e9szt a magyar irodalmi-kultur\u00e1lis \u00e9let szerepl\u0151i.<\/strong><\/p>\n<p style=\"text-align: justify;\">Az eredetileg a v\u00e1ros f\u0151ter\u00e9re tervezett, de a vihar miatt a R\u00e1k\u00f3czi Pinc\u00e9ben megtartott megnyit\u00f3n Hopp\u00e1l P\u00e9ter kult\u00far\u00e1\u00e9rt felel\u0151s \u00e1llamtitk\u00e1r kiemelte, hogy az \u00e9vfordul\u00f3 az eml\u00e9kez\u00e9s \u00e9s a sz\u00e1mvet\u00e9s ideje az \u00edr\u00f3t\u00e1bor \u00e9let\u00e9ben is. Az el\u0151sz\u00f6r 1972-ben megrendezett \u00e9s 1987 kiv\u00e9tel\u00e9vel minden \u00e9vben megtartott irodalmi tal\u00e1lkoz\u00f3 rendk\u00edv\u00fcli lehet\u0151s\u00e9g volt a magyar szellemi \u00e9let sz\u00e1m\u00e1ra \u2013 hangs\u00falyozta.<\/p>\n<p style=\"text-align: justify;\">Az itt zajlott folyamatok tizennyolc \u00e9ven kereszt\u00fcl b\u00f6lcs\u0151k\u00e9nt ringatt\u00e1k a rendszerv\u00e1ltoztat\u00e1st, felmutatt\u00e1k annak a p\u00e1rbesz\u00e9dnek \u00e9s \u0151szinte hangnak a fontoss\u00e1g\u00e1t, amelyet csak az \u00edr\u00f3k mertek v\u00e1llalni \u2013 mutatott r\u00e1 az \u00e1llamtitk\u00e1r, hozz\u00e1t\u00e9ve, ezek a szellemi diskurzusok k\u00e9s\u0151bb alapokat \u00e9p\u00edtettek olyan hasonl\u00f3 tal\u00e1lkoz\u00f3knak, mint p\u00e9ld\u00e1ul a lakiteleki volt.<\/p>\n<figure class=\"wp-block-image alignwide size-large\"><img decoding=\"async\" class=\"wp-image-300991 lazyloaded\" src=\"https:\/\/kultura.hu\/wp-content\/uploads\/2022\/08\/Hoppa%CC%81l-Pe%CC%81ter_Tokaji-I%CC%81ro%CC%81ta%CC%81bor_MTI-Vajda-Ja%CC%81nos--1024x688.jpeg\" sizes=\"(max-width: 1024px) 100vw, 1024px\" srcset=\"https:\/\/kultura.hu\/wp-content\/uploads\/2022\/08\/Hoppa\u0301l-Pe\u0301ter_Tokaji-I\u0301ro\u0301ta\u0301bor_MTI-Vajda-Ja\u0301nos--1024x688.jpeg 1024w, https:\/\/kultura.hu\/wp-content\/uploads\/2022\/08\/Hoppa\u0301l-Pe\u0301ter_Tokaji-I\u0301ro\u0301ta\u0301bor_MTI-Vajda-Ja\u0301nos--300x202.jpeg 300w, https:\/\/kultura.hu\/wp-content\/uploads\/2022\/08\/Hoppa\u0301l-Pe\u0301ter_Tokaji-I\u0301ro\u0301ta\u0301bor_MTI-Vajda-Ja\u0301nos--768x516.jpeg 768w, https:\/\/kultura.hu\/wp-content\/uploads\/2022\/08\/Hoppa\u0301l-Pe\u0301ter_Tokaji-I\u0301ro\u0301ta\u0301bor_MTI-Vajda-Ja\u0301nos-.jpeg 1200w\" alt=\"\" data-lazy-srcset=\"https:\/\/kultura.hu\/wp-content\/uploads\/2022\/08\/Hoppa\u0301l-Pe\u0301ter_Tokaji-I\u0301ro\u0301ta\u0301bor_MTI-Vajda-Ja\u0301nos--1024x688.jpeg 1024w, https:\/\/kultura.hu\/wp-content\/uploads\/2022\/08\/Hoppa\u0301l-Pe\u0301ter_Tokaji-I\u0301ro\u0301ta\u0301bor_MTI-Vajda-Ja\u0301nos--300x202.jpeg 300w, https:\/\/kultura.hu\/wp-content\/uploads\/2022\/08\/Hoppa\u0301l-Pe\u0301ter_Tokaji-I\u0301ro\u0301ta\u0301bor_MTI-Vajda-Ja\u0301nos--768x516.jpeg 768w, https:\/\/kultura.hu\/wp-content\/uploads\/2022\/08\/Hoppa\u0301l-Pe\u0301ter_Tokaji-I\u0301ro\u0301ta\u0301bor_MTI-Vajda-Ja\u0301nos-.jpeg 1200w\" data-lazy-sizes=\"(max-width: 1024px) 100vw, 1024px\" data-lazy-src=\"https:\/\/kultura.hu\/wp-content\/uploads\/2022\/08\/Hoppa\u0301l-Pe\u0301ter_Tokaji-I\u0301ro\u0301ta\u0301bor_MTI-Vajda-Ja\u0301nos--1024x688.jpeg\" data-was-processed=\"true\" \/><figcaption>Hopp\u00e1l P\u00e9ter<\/figcaption><\/figure>\n<p style=\"text-align: justify;\">\u201eEz a m\u0171hely a szellemi pezsg\u00e9st jelentette az akkori \u00e9rtelmis\u00e9g sz\u00e1m\u00e1ra, napjainkban pedig azt a szemben\u00e9z\u00e9st adja, amit nek\u00fcnk sem szabad megsp\u00f3rolni\u201d \u2013 fogalmazott Hopp\u00e1l P\u00e9ter, megjegyezve: a kritikai p\u00e1rbesz\u00e9d olyan, a t\u00e1rsadalmat form\u00e1l\u00f3 \u00e9s annak jobb\u00edt\u00e1s\u00e1t el\u0151seg\u00edt\u0151 jelens\u00e9g, amely el\u0151l a politik\u00e1nak sem szabad megfutamodnia.<\/p>\n<p style=\"text-align: justify;\">\u201eTisztelj\u00fck az el\u0151d\u00f6ket, igyeksz\u00fcnk szintetiz\u00e1lni \u00e1ltaluk azt a m\u00faltat, amit \u00f6r\u00f6ks\u00e9gbe kaptunk, mik\u00f6zben a horizonton mindannyiunk sz\u00e1m\u00e1ra egy olyan j\u00f6v\u0151 l\u00e1tszik, amelyben jobb\u00e1 k\u00edv\u00e1njuk tenni az \u00e9letet gyermekeink \u00e9s unok\u00e1ink sz\u00e1m\u00e1ra\u201d \u2013 jelentette ki a kult\u00far\u00e1\u00e9rt felel\u0151s \u00e1llamtitk\u00e1r.<\/p>\n<p style=\"text-align: justify;\">L. Simon L\u00e1szl\u00f3 J\u00f3zsef Attila-d\u00edjas \u00edr\u00f3, az \u00edr\u00f3t\u00e1bor eln\u00f6ke a megnyit\u00f3n arr\u00f3l besz\u00e9lt, hogy a rendezv\u00e9ny kor\u00e1bbi \u00e9s mostani r\u00e9sztvev\u0151i egyar\u00e1nt arra t\u00f6rekedtek \u00e9s arra t\u00f6rekszenek most is, hogy fegyelmezetten \u00e9s oly sok vesz\u00e9ly k\u00f6z\u00f6tt is meg\u0151rizz\u00e9k a szellem m\u00e9lt\u00f3s\u00e1g\u00e1t, a gondolkod\u00e1s, a besz\u00e9d \u00e9s az \u00edr\u00e1s sz\u00ednvonal\u00e1t.<\/p>\n<p style=\"text-align: justify;\">\u201e\u00dagy hissz\u00fck, hogy a szellem erk\u00f6lcsi tekint\u00e9ly\u00e9re, valamint a besz\u00e9d \u00e9s az \u00edr\u00e1s emberi hitel\u00e9re igen nagy sz\u00fcks\u00e9g van\u201d \u2013 fogalmazott L. Simon L\u00e1szl\u00f3, megjegyezve, hogy erre az elvre a h\u00e1bor\u00fas konfliktusok ki\u00fajul\u00e1sa, a nyugati vil\u00e1g \u00f6nsorsront\u00f3 logik\u00e1ja, valamint a klasszikus eur\u00f3pai \u00e9rt\u00e9kek felad\u00e1sa miatt jelenleg is fontos hangs\u00faly helyez\u0151dik.<\/p>\n<p style=\"text-align: justify;\">Az \u00edr\u00f3k, k\u00e9pz\u0151m\u0171v\u00e9szek, sz\u00ednh\u00e1zi rendez\u0151k \u00e9s t\u00e1rsaik tov\u00e1bbra sem vonulhatnak elef\u00e1ntcsonttoronyba, sz\u00fcks\u00e9g van szellemi m\u0171helyeikre, szervezeteikre, a m\u0171v\u00e9sztelepekre \u00e9s az \u00edr\u00f3t\u00e1borokra, valamint a vit\u00e1kra, \u00e9s arra, hogy ha kell, hallass\u00e1k hangjukat \u2013 tette hozz\u00e1 az \u00edr\u00f3t\u00e1bor eln\u00f6ke.<\/p>\n<p style=\"text-align: justify;\">Posta Gy\u00f6rgy, Tokaj f\u00fcggetlen polg\u00e1rmestere elmondta, a j\u00f6v\u0151re 950 \u00e9ves kisv\u00e1ros t\u00f6rt\u00e9nete az utols\u00f3 \u00f6tven \u00e9vben egybeforrt az ott rendezett \u00edr\u00f3i seregszeml\u00e9vel. A telep\u00fcl\u00e9s vezet\u0151je eml\u00e9keztetett arra, hogy a rangos kult\u00farpolitikai, irodalmi \u00e9s k\u00f6z\u00e9leti esem\u00e9nyt 2021-ben kiemelked\u0151 nemzeti \u00e9rt\u00e9kk\u00e9 nyilv\u00e1n\u00edtotta a Hungarikum Bizotts\u00e1g.<\/p>\n<figure class=\"wp-block-image alignwide size-large\"><img decoding=\"async\" class=\"wp-image-300992 lazyloaded\" src=\"https:\/\/kultura.hu\/wp-content\/uploads\/2022\/08\/Tokaji-i%CC%81ro%CC%81ta%CC%81bor_MTI-Vajda-Ja%CC%81nos_02-1024x689.jpeg\" sizes=\"(max-width: 1024px) 100vw, 1024px\" srcset=\"https:\/\/kultura.hu\/wp-content\/uploads\/2022\/08\/Tokaji-i\u0301ro\u0301ta\u0301bor_MTI-Vajda-Ja\u0301nos_02-1024x689.jpeg 1024w, https:\/\/kultura.hu\/wp-content\/uploads\/2022\/08\/Tokaji-i\u0301ro\u0301ta\u0301bor_MTI-Vajda-Ja\u0301nos_02-300x202.jpeg 300w, https:\/\/kultura.hu\/wp-content\/uploads\/2022\/08\/Tokaji-i\u0301ro\u0301ta\u0301bor_MTI-Vajda-Ja\u0301nos_02-768x517.jpeg 768w, https:\/\/kultura.hu\/wp-content\/uploads\/2022\/08\/Tokaji-i\u0301ro\u0301ta\u0301bor_MTI-Vajda-Ja\u0301nos_02.jpeg 1200w\" alt=\"\" data-lazy-srcset=\"https:\/\/kultura.hu\/wp-content\/uploads\/2022\/08\/Tokaji-i\u0301ro\u0301ta\u0301bor_MTI-Vajda-Ja\u0301nos_02-1024x689.jpeg 1024w, https:\/\/kultura.hu\/wp-content\/uploads\/2022\/08\/Tokaji-i\u0301ro\u0301ta\u0301bor_MTI-Vajda-Ja\u0301nos_02-300x202.jpeg 300w, https:\/\/kultura.hu\/wp-content\/uploads\/2022\/08\/Tokaji-i\u0301ro\u0301ta\u0301bor_MTI-Vajda-Ja\u0301nos_02-768x517.jpeg 768w, https:\/\/kultura.hu\/wp-content\/uploads\/2022\/08\/Tokaji-i\u0301ro\u0301ta\u0301bor_MTI-Vajda-Ja\u0301nos_02.jpeg 1200w\" data-lazy-sizes=\"(max-width: 1024px) 100vw, 1024px\" data-lazy-src=\"https:\/\/kultura.hu\/wp-content\/uploads\/2022\/08\/Tokaji-i\u0301ro\u0301ta\u0301bor_MTI-Vajda-Ja\u0301nos_02-1024x689.jpeg\" data-was-processed=\"true\" \/><\/figure>\n<p style=\"text-align: justify;\">A jubileumi \u00edr\u00f3t\u00e1bor programjai augusztus 25-ig tartanak: n\u00e9gy napja alatt rendeznek szakmai el\u0151ad\u00e1sokat, kerekasztal-besz\u00e9lget\u00e9seket, bemutat\u00f3kat, est\u00e9nk\u00e9nt pedig koncertek v\u00e1rj\u00e1k az \u00e9rdekl\u0151d\u0151ket. A hagyom\u00e1nyoknak megfelel\u0151en az \u00edr\u00f3tal\u00e1lkoz\u00f3 utols\u00f3 napj\u00e1n d\u00edjakat adnak \u00e1t, fa\u00fcltet\u00e9ssel eml\u00e9keznek t\u00f6bb \u00edr\u00f3ra \u00e9s k\u00f6lt\u0151re, valamint \u00e1tadj\u00e1k a fel\u00faj\u00edtott Millenniumi Irodalmi Eml\u00e9kparkot, ahol egyebek mellett domborm\u0171vet avatnak a 100 \u00e9ve sz\u00fcletett Fekete Gyula \u00edr\u00f3, valamint Antall Istv\u00e1n r\u00e1di\u00f3s szerkeszt\u0151 eml\u00e9k\u00e9re.<\/p>\n<p>&nbsp;<\/p>\n<p>Forr\u00e1s: kultura.hu<\/p>\n","protected":false},"excerpt":{"rendered":"<p>Elkezd\u0151d\u00f6tt h\u00e9tf\u0151n az 50. Tokaji \u00cdr\u00f3t\u00e1bor. A Tisza-parti kisv\u00e1rosban cs\u00fct\u00f6rt\u00f6kig tart\u00f3 jubileumi esem\u00e9nysorozaton szakmai panelbesz\u00e9lget\u00e9seken, tan\u00e1cskoz\u00e1sokon \u00e9s el\u0151ad\u00e1sokon vesznek r\u00e9szt a magyar irodalmi-kultur\u00e1lis \u00e9let szerepl\u0151i. Az eredetileg a v\u00e1ros f\u0151ter\u00e9re tervezett, de a vihar miatt a R\u00e1k\u00f3czi Pinc\u00e9ben megtartott megnyit\u00f3n&#8230;<\/p>\n","protected":false},"author":1,"featured_media":5971,"comment_status":"closed","ping_status":"closed","sticky":false,"template":"","format":"standard","meta":{"footnotes":""},"categories":[1],"tags":[],"class_list":["post-6016","post","type-post","status-publish","format-standard","has-post-thumbnail","hentry","category-hirek"],"_links":{"self":[{"href":"https:\/\/tokajiirotabor.hu\/irotabor_archiv\/wp-json\/wp\/v2\/posts\/6016"}],"collection":[{"href":"https:\/\/tokajiirotabor.hu\/irotabor_archiv\/wp-json\/wp\/v2\/posts"}],"about":[{"href":"https:\/\/tokajiirotabor.hu\/irotabor_archiv\/wp-json\/wp\/v2\/types\/post"}],"author":[{"embeddable":true,"href":"https:\/\/tokajiirotabor.hu\/irotabor_archiv\/wp-json\/wp\/v2\/users\/1"}],"replies":[{"embeddable":true,"href":"https:\/\/tokajiirotabor.hu\/irotabor_archiv\/wp-json\/wp\/v2\/comments?post=6016"}],"version-history":[{"count":1,"href":"https:\/\/tokajiirotabor.hu\/irotabor_archiv\/wp-json\/wp\/v2\/posts\/6016\/revisions"}],"predecessor-version":[{"id":6017,"href":"https:\/\/tokajiirotabor.hu\/irotabor_archiv\/wp-json\/wp\/v2\/posts\/6016\/revisions\/6017"}],"wp:featuredmedia":[{"embeddable":true,"href":"https:\/\/tokajiirotabor.hu\/irotabor_archiv\/wp-json\/wp\/v2\/media\/5971"}],"wp:attachment":[{"href":"https:\/\/tokajiirotabor.hu\/irotabor_archiv\/wp-json\/wp\/v2\/media?parent=6016"}],"wp:term":[{"taxonomy":"category","embeddable":true,"href":"https:\/\/tokajiirotabor.hu\/irotabor_archiv\/wp-json\/wp\/v2\/categories?post=6016"},{"taxonomy":"post_tag","embeddable":true,"href":"https:\/\/tokajiirotabor.hu\/irotabor_archiv\/wp-json\/wp\/v2\/tags?post=6016"}],"curies":[{"name":"wp","href":"https:\/\/api.w.org\/{rel}","templated":true}]}}