{"id":6008,"date":"2022-08-21T08:35:43","date_gmt":"2022-08-21T07:35:43","guid":{"rendered":"https:\/\/www.tokajiirotabor.hu\/?p=6008"},"modified":"2022-08-21T09:19:59","modified_gmt":"2022-08-21T08:19:59","slug":"50-alkalommal-rendezik-meg-a-tokaji-irotabort","status":"publish","type":"post","link":"https:\/\/tokajiirotabor.hu\/irotabor_archiv\/50-alkalommal-rendezik-meg-a-tokaji-irotabort\/","title":{"rendered":"50. alkalommal rendezik meg a Tokaji \u00cdr\u00f3t\u00e1bort"},"content":{"rendered":"<p><a href=\"https:\/\/www.tokajiirotabor.hu\/wp-content\/uploads\/2021\/09\/20210823_026.jpg\"><img loading=\"lazy\" decoding=\"async\" class=\"aligncenter wp-image-5775\" src=\"https:\/\/www.tokajiirotabor.hu\/wp-content\/uploads\/2021\/09\/20210823_026-1024x683.jpg\" alt=\"\" width=\"551\" height=\"368\" srcset=\"https:\/\/tokajiirotabor.hu\/irotabor_archiv\/wp-content\/uploads\/2021\/09\/20210823_026-1024x683.jpg 1024w, https:\/\/tokajiirotabor.hu\/irotabor_archiv\/wp-content\/uploads\/2021\/09\/20210823_026-300x200.jpg 300w, https:\/\/tokajiirotabor.hu\/irotabor_archiv\/wp-content\/uploads\/2021\/09\/20210823_026-768x512.jpg 768w, https:\/\/tokajiirotabor.hu\/irotabor_archiv\/wp-content\/uploads\/2021\/09\/20210823_026.jpg 1200w\" sizes=\"(max-width: 551px) 100vw, 551px\" \/><\/a><\/p>\n<p>&nbsp;<\/p>\n<p style=\"text-align: justify;\"><strong>J\u00f6v\u0151 h\u00e9tf\u0151n kezd\u0151dik az 50. Tokaji \u00cdr\u00f3t\u00e1bor. A zempl\u00e9ni telep\u00fcl\u00e9sen augusztus 25-ig szakmai el\u0151ad\u00e1sok, kerekasztal-besz\u00e9lget\u00e9s, bemutat\u00f3k, est\u00e9nk\u00e9nt koncertek v\u00e1rj\u00e1k az \u00e9rdekl\u0151d\u0151ket.<\/strong><\/p>\n<p>&nbsp;<\/p>\n<p style=\"text-align: justify;\">A K\u00e1rp\u00e1t-medencei \u00edr\u00f3k egyik legnagyobb irodalmi tal\u00e1lkoz\u00f3j\u00e1nak megnyit\u00f3ja ut\u00e1n S\u00fct\u0151 Andr\u00e1s\u00a0<em>K\u00e1in \u00e9s \u00c1bel\u00a0<\/em>c\u00edm\u0171 m\u0171v\u00e9vel l\u00e9p sz\u00ednpadra a Paulay Ede Sz\u00ednh\u00e1z Kis Domonkos M\u00e1rk rendez\u00e9s\u00e9ben \u2013 olvashat\u00f3 az esem\u00e9ny programj\u00e1ban.<\/p>\n<p style=\"text-align: justify;\">M\u00e1snap a plen\u00e1ris \u00fcl\u00e9sen Alexa K\u00e1roly \u00e9s M\u00e1rkus B\u00e9la irodalomt\u00f6rt\u00e9n\u00e9szek \u00e9s Mezey Katalin \u00edr\u00f3 tart el\u0151ad\u00e1st. A m\u00e1sodik plen\u00e1ris \u00fcl\u00e9sen a R\u00e1k\u00f3czi Pince \u00e9s Udvarh\u00e1z terasz\u00e1n Solt\u00e9sz M\u00e1rton irodalomt\u00f6rt\u00e9n\u00e9sz a Tokaji \u00cdr\u00f3t\u00e1bor t\u00f6rt\u00e9net\u00e9r\u0151l, Bertha Zolt\u00e1n irodalomt\u00f6rt\u00e9n\u00e9sz \u201eharangz\u00fag\u00e1sos\u201d magyar irodalomr\u00f3l besz\u00e9l, m\u00edg Kelemen Erzs\u00e9bet \u00edr\u00f3, irodalomt\u00f6rt\u00e9n\u00e9sz az irodalomnak a magyar nemzeti identit\u00e1s form\u00e1l\u00e1s\u00e1ban \u00e9s er\u0151s\u00edt\u00e9s\u00e9ben ny\u00fajtott szerep\u00e9r\u0151l tart el\u0151ad\u00e1st.<\/p>\n<p style=\"text-align: justify;\">A jubileumi \u00edr\u00f3t\u00e1borban mutatj\u00e1k be az 1986-os Tokaji \u00cdr\u00f3t\u00e1bor eddig kiadatlan \u00e9vk\u00f6nyv\u00e9t Solt\u00e9sz M\u00e1rton szerkeszt\u00e9s\u00e9ben. Bemutatkozik a\u00a0<em>Magyar Kult\u00fara<\/em>\u00a0c\u00edm\u0171 \u00faj foly\u00f3irat, felolvas\u00e1st tartanak a kor\u00e1bbi \u00e9vek Tokaji \u00cdr\u00f3t\u00e1bor-d\u00edjasai.<\/p>\n<p style=\"text-align: justify;\">Est\u00e9nk\u00e9nt koncertek lesznek a v\u00e1ros f\u0151ter\u00e9n. Fell\u00e9p a Vintage Dolls, a S\u00e1rik P\u00e9ter Tri\u00f3, kort\u00e1rs k\u00f6lt\u0151k megzen\u00e9s\u00edtett verseivel\u00a0<a href=\"https:\/\/kultura.hu\/szavak-es-dallamok-szolgalataban-interju-keleti-andrassal-az-eleven-koltok-tarsasaga-tagjaval\/\" target=\"_blank\" rel=\"noreferrer noopener\" aria-label=\"az Eleven K\u00f6lt\u0151k T\u00e1rsas\u00e1ga (\u00faj f\u00fcl\u00f6n nyitja meg)\">az Eleven K\u00f6lt\u0151k T\u00e1rsas\u00e1ga<\/a>, valamint P\u00e9ly Barna.<\/p>\n<p style=\"text-align: justify;\">Az\u00a0<em>Egy irodalmi nemzed\u00e9k a rendszerv\u00e1ltoz\u00e1s forgatag\u00e1ban\u00a0<\/em>c\u00edm\u0171 kerekasztal-besz\u00e9lget\u00e9sen Kukorelly Endre, Pet\u0151cz Andr\u00e1s, Turczi Istv\u00e1n \u00e9s Zal\u00e1n Tibor vesz r\u00e9szt.<\/p>\n<p style=\"text-align: justify;\">Az esem\u00e9ny z\u00e1r\u00f3napj\u00e1n Horv\u00e1th J\u00falia Borb\u00e1la \u00edr\u00f3, antropol\u00f3gus, Borvend\u00e9g Zsuzsanna t\u00f6rt\u00e9n\u00e9sz \u00e9s Stumpf Istv\u00e1n, a Tokaj-Hegyalja Egyetem\u00e9rt Alap\u00edtv\u00e1ny kurat\u00f3riumi eln\u00f6ke el\u0151ad\u00e1sain sz\u00f3 lesz egyebek mellett a magyar kult\u00far\u00e1ban m\u00e1ig \u00e9l\u0151 szocializmusr\u00f3l, a k\u00e1d\u00e1ri rendszer lebont\u00e1s\u00e1r\u00f3l, valamint a kult\u00fara, a tudom\u00e1ny \u00e9s a politika j\u00f6v\u0151k\u00e9p\u00e9r\u0151l.<\/p>\n<p style=\"text-align: justify;\">Ugyancsak az utols\u00f3 napon a jubileum alkalm\u00e1b\u00f3l \u00fcnnep\u00e9lyes keretek k\u00f6z\u00f6tt \u00e1tadj\u00e1k a fel\u00faj\u00edtott Millenniumi Irodalmi Eml\u00e9kparkot, ahol egyebek mellett domborm\u0171vet avatnak a 100 \u00e9ve sz\u00fcletett Fekete Gyula \u00edr\u00f3, valamint Antall Istv\u00e1n r\u00e1di\u00f3s szerkeszt\u0151 eml\u00e9k\u00e9re, Ol\u00e1h J\u00e1nosra \u00e9s Hubay Mikl\u00f3sra pedig fa\u00fcltet\u00e9ssel eml\u00e9keznek. A jubileumi tal\u00e1lkoz\u00f3 a d\u00edj\u00e1tad\u00f3val \u00e9r v\u00e9get.<\/p>\n<p style=\"text-align: justify;\">Nyit\u00f3k\u00e9p: a Tokaji \u00cdr\u00f3t\u00e1bor r\u00e9sztvev\u0151i a tokaji R\u00e1k\u00f3czi Pinc\u00e9ben 2017-ben. Fot\u00f3: MTI\/Bal\u00e1zs Attila<\/p>\n<p>Forr\u00e1s: kultura.hu<\/p>\n","protected":false},"excerpt":{"rendered":"<p>&nbsp; J\u00f6v\u0151 h\u00e9tf\u0151n kezd\u0151dik az 50. Tokaji \u00cdr\u00f3t\u00e1bor. A zempl\u00e9ni telep\u00fcl\u00e9sen augusztus 25-ig szakmai el\u0151ad\u00e1sok, kerekasztal-besz\u00e9lget\u00e9s, bemutat\u00f3k, est\u00e9nk\u00e9nt koncertek v\u00e1rj\u00e1k az \u00e9rdekl\u0151d\u0151ket. &nbsp; A K\u00e1rp\u00e1t-medencei \u00edr\u00f3k egyik legnagyobb irodalmi tal\u00e1lkoz\u00f3j\u00e1nak megnyit\u00f3ja ut\u00e1n S\u00fct\u0151 Andr\u00e1s\u00a0K\u00e1in \u00e9s \u00c1bel\u00a0c\u00edm\u0171 m\u0171v\u00e9vel l\u00e9p sz\u00ednpadra a&#8230;<\/p>\n","protected":false},"author":1,"featured_media":5775,"comment_status":"closed","ping_status":"closed","sticky":false,"template":"","format":"standard","meta":{"footnotes":""},"categories":[1],"tags":[],"class_list":["post-6008","post","type-post","status-publish","format-standard","has-post-thumbnail","hentry","category-hirek"],"_links":{"self":[{"href":"https:\/\/tokajiirotabor.hu\/irotabor_archiv\/wp-json\/wp\/v2\/posts\/6008"}],"collection":[{"href":"https:\/\/tokajiirotabor.hu\/irotabor_archiv\/wp-json\/wp\/v2\/posts"}],"about":[{"href":"https:\/\/tokajiirotabor.hu\/irotabor_archiv\/wp-json\/wp\/v2\/types\/post"}],"author":[{"embeddable":true,"href":"https:\/\/tokajiirotabor.hu\/irotabor_archiv\/wp-json\/wp\/v2\/users\/1"}],"replies":[{"embeddable":true,"href":"https:\/\/tokajiirotabor.hu\/irotabor_archiv\/wp-json\/wp\/v2\/comments?post=6008"}],"version-history":[{"count":1,"href":"https:\/\/tokajiirotabor.hu\/irotabor_archiv\/wp-json\/wp\/v2\/posts\/6008\/revisions"}],"predecessor-version":[{"id":6009,"href":"https:\/\/tokajiirotabor.hu\/irotabor_archiv\/wp-json\/wp\/v2\/posts\/6008\/revisions\/6009"}],"wp:featuredmedia":[{"embeddable":true,"href":"https:\/\/tokajiirotabor.hu\/irotabor_archiv\/wp-json\/wp\/v2\/media\/5775"}],"wp:attachment":[{"href":"https:\/\/tokajiirotabor.hu\/irotabor_archiv\/wp-json\/wp\/v2\/media?parent=6008"}],"wp:term":[{"taxonomy":"category","embeddable":true,"href":"https:\/\/tokajiirotabor.hu\/irotabor_archiv\/wp-json\/wp\/v2\/categories?post=6008"},{"taxonomy":"post_tag","embeddable":true,"href":"https:\/\/tokajiirotabor.hu\/irotabor_archiv\/wp-json\/wp\/v2\/tags?post=6008"}],"curies":[{"name":"wp","href":"https:\/\/api.w.org\/{rel}","templated":true}]}}