{"id":6004,"date":"2022-08-21T08:40:56","date_gmt":"2022-08-21T07:40:56","guid":{"rendered":"https:\/\/www.tokajiirotabor.hu\/?p=6004"},"modified":"2022-08-21T09:14:56","modified_gmt":"2022-08-21T08:14:56","slug":"a-harangzugasos-magyar-irodalomrol-a-bor-fovarosaban","status":"publish","type":"post","link":"https:\/\/tokajiirotabor.hu\/irotabor_archiv\/a-harangzugasos-magyar-irodalomrol-a-bor-fovarosaban\/","title":{"rendered":"A \u201eharangz\u00fag\u00e1sos&#8221; magyar irodalomr\u00f3l a bor f\u0151v\u00e1ros\u00e1ban"},"content":{"rendered":"<p style=\"text-align: justify;\"><strong>Jeles magyar hagyom\u00e1ny a Tokaji \u00cdr\u00f3t\u00e1bor. Imm\u00e1r a jubileumi \u00f6tvenediket tartj\u00e1k a magyar bor f\u0151v\u00e1ros\u00e1ban a j\u00f6v\u0151 h\u00e9ten. Az egyik el\u0151ad\u00f3, Bertha Zolt\u00e1n irodalomt\u00f6rt\u00e9n\u00e9sz mondja el gondolatait.<\/strong><\/p>\n<p>&nbsp;<\/p>\n<div id=\"attachment_6005\" style=\"width: 310px\" class=\"wp-caption aligncenter\"><a href=\"https:\/\/www.tokajiirotabor.hu\/wp-content\/uploads\/2022\/08\/133476.jpg\"><img loading=\"lazy\" decoding=\"async\" aria-describedby=\"caption-attachment-6005\" class=\"wp-image-6005 size-medium\" src=\"https:\/\/www.tokajiirotabor.hu\/wp-content\/uploads\/2022\/08\/133476-300x169.jpg\" alt=\"\" width=\"300\" height=\"169\" srcset=\"https:\/\/tokajiirotabor.hu\/irotabor_archiv\/wp-content\/uploads\/2022\/08\/133476-300x169.jpg 300w, https:\/\/tokajiirotabor.hu\/irotabor_archiv\/wp-content\/uploads\/2022\/08\/133476.jpg 728w\" sizes=\"(max-width: 300px) 100vw, 300px\" \/><\/a><p id=\"caption-attachment-6005\" class=\"wp-caption-text\">Az irodalomt\u00f6rt\u00e9n\u00e9sz egy kor\u00e1bbi \u00edr\u00f3t\u00e1borban \u2013 tokajiirotabor.hu<\/p><\/div>\n<p style=\"text-align: justify;\">Bertha Zolt\u00e1n irodalomt\u00f6rt\u00e9n\u00e9sz \u201eharangz\u00fag\u00e1sos&#8221; magyar irodalomr\u00f3l tart el\u0151ad\u00e1st az 50. Tokaji \u00cdr\u00f3t\u00e1borban. \u0150t k\u00e9rdezte a Gondola.<\/p>\n<p style=\"text-align: justify;\"><em>\u2013 Tan\u00e1r \u00far, a h\u00e9tf\u0151n kezd\u0151d\u0151 tal\u00e1lkoz\u00f3n sok sz\u00f3 esik az \u00edr\u00f3t\u00e1bor f\u00e9l \u00e9vsz\u00e1zados hist\u00f3ri\u00e1j\u00e1r\u00f3l. Hogyan v\u00e1ltozott meg e k\u00fcl\u00f6nleges m\u0171vel\u0151d\u00e9si, m\u0171v\u00e9szeti rendezv\u00e9ny jellege 1990 ut\u00e1n?<\/em><\/p>\n<div id=\"billboardbanner\" style=\"text-align: justify;\"><\/div>\n<p style=\"text-align: justify;\">\u2013\u00a0Els\u0151sorban kib\u0151v\u00fclt: a r\u00e9sztvev\u0151k l\u00e9leksz\u00e1ma olykor a k\u00e9tsz\u00e1zat is el\u00e9rte, de mindenk\u00e9ppen j\u00f3val sz\u00e1z f\u00f6l\u00e9 emelkedett. S a programok is gyarapodtak: \u00fajabban m\u00e1r sz\u00ednh\u00e1zi el\u0151ad\u00e1sok, verses-zen\u00e9s m\u0171sorok, felolvas\u00f3estek is szerepelnek a k\u00edn\u00e1latban &#8212; \u00e9s sz\u00e1mtalan egy\u00e9b alkalom a tal\u00e1lkoz\u00e1sra, besz\u00e9lget\u00e9sre, eszmecser\u00e9re. S a bork\u00f3stol\u00e1sra is, hiszen Tokaj mint a vil\u00e1g\u00f6r\u00f6ks\u00e9g r\u00e9sze a nemes ned\u0171ivel is nemzeti kincs\u00fcnk. S ilyenkor a bor f\u0151v\u00e1rosa az irodalom f\u0151v\u00e1ros\u00e1v\u00e1 is v\u00e1lik egyben. 1990 ut\u00e1n kezd\u0151d\u00f6tt a gimn\u00e1zium udvar\u00e1n az irodalmi park kialak\u00edt\u00e1sa is, s ma m\u00e1r sz\u00e1mos t\u00f6rt\u00e9nelmi nagys\u00e1gunk, klasszikusunk eml\u00e9kt\u00e1bl\u00e1ja \u0151rzi \u00e9s sug\u00e1rozza ragyog\u00f3 szellemi-irodalmi hagyom\u00e1nyaink \u00e9rt\u00e9kvil\u00e1g\u00e1t &#8212;\u00a0<a href=\"http:\/\/www.balassi.eu\/\">Balassi B\u00e1lintt\u00f3l<\/a>\u00a0napjainkig. Egy-egy szellem\u00f3ri\u00e1sunk sz\u00fclet\u00e9s\u00e9nek \u00e9vfordul\u00f3j\u00e1n &#8212; N\u00e9meth L\u00e1szl\u00f3, Illy\u00e9s Gyula \u00e9s m\u00e1sok \u00e9letm\u0171v\u00e9t m\u00e9ltatva &#8212; sz\u00ednes konferencia-form\u00e1ban igyekezt\u00fcnk ir\u00e1nymutat\u00f3 p\u00e9ldak\u00e9peink jelent\u0151s\u00e9g\u00e9t felm\u00e9rni. \u00c9s nemzetk\u00f6zi, k\u00f6z\u00e9p-eur\u00f3pai \u00f6sszef\u00fcgg\u00e9sekben is kit\u00e1gult a l\u00e1t\u00f3hat\u00e1r: a 2020-as trianoni \u00e9vfordul\u00f3ra val\u00f3 megeml\u00e9kez\u00e9seket p\u00e9ld\u00e1ul 2021-ben olyan t\u00e1boroz\u00e1s k\u00f6vette, ahol k\u00f6rnyez\u0151 (&#8222;visegr\u00e1di&#8221;) orsz\u00e1gok jeles szem\u00e9lyis\u00e9gei is t\u00e1vlatos el\u0151ad\u00e1sokat tartottak. De a meg\u00fajul\u00e1sok, a felfriss\u00fcl\u00e9sek, a v\u00e1ltoz\u00e1sok nem halv\u00e1ny\u00edthatj\u00e1k el azt a nemes trad\u00edci\u00f3t sem, amely a tokaji \u00edr\u00f3t\u00e1bort olyan k\u00fcl\u00f6nlegess\u00e9 tette, m\u00e1r f\u00e9l\u00e9vsz\u00e1zada is: hogy a legt\u00e1gabb \u00e9rtelemben vett magyar n\u00e9pi \u00edr\u00f3i mozgalom \u00f6r\u00f6ks\u00e9g\u00e9re t\u00e1maszkodva az ezer\u00e9ves kereszt\u00e9ny-nemzeti magyar kult\u00fara, irodalom meghat\u00e1roz\u00f3 \u00e9s jellegad\u00f3 identit\u00e1seszm\u00e9nyeire \u00f6sszpontos\u00edt minden k\u00f6r\u00fclm\u00e9nyek k\u00f6z\u00f6tt, s a magyars\u00e1g, a magyar nemzeti kult\u00fara megmarad\u00e1s\u00e1nak \u00fcgy\u00e9t szolg\u00e1lja \u00e9s k\u00e9pviseli folyamatosan \u00e9s megingathatatlanul.<\/p>\n<p style=\"text-align: justify;\"><img decoding=\"async\" src=\"https:\/\/upload.wikimedia.org\/wikipedia\/commons\/thumb\/2\/25\/Coa_Hungary_Town_Tokaj.svg\/260px-Coa_Hungary_Town_Tokaj.svg.png\" alt=\"F\u00e1jl:Coa Hungary Town Tokaj.svg\" \/><\/p>\n<p style=\"text-align: justify;\"><em>Tokaj c\u00edmere \u2013 wikipedia<\/em><\/p>\n<p style=\"text-align: justify;\">S teszi ezt minden tematikus megk\u00f6t\u00f6tts\u00e9g, megcsontosod\u00e1s n\u00e9lk\u00fcl &#8212; hiszen a nemzeti sorsk\u00e9rd\u00e9sek t\u00e1rgyal\u00e1s\u00e1t\u00f3l a leg\u00fajabb st\u00edlusir\u00e1nyzatok, \u00e1ramlatok, foly\u00f3iratok legk\u00fcl\u00f6nb\u00f6z\u0151bb jellegzetess\u00e9geinek a felt\u00e9rk\u00e9pez\u00e9s\u00e9ig: v\u00e9gtelen\u00fcl sz\u00e9les ez a gondolati sk\u00e1la \u00e9s a kitekint\u0151 l\u00e1t\u00f3k\u00f6r. Ez\u00e9rt is \u00f6rvendetes a mindenkori fiatal magyar \u00edr\u00f3k nagysz\u00e1m\u00fa jelenl\u00e9te is &#8212; a rendszerv\u00e1lt\u00e1s ut\u00e1n, imm\u00e1ron \u00e9vtizedek \u00f3ta. \u00d6r\u00f6ks\u00e9g \u00e9s \u00faj\u00edt\u00e1s sz\u00e9p egyens\u00falya, a hagyom\u00e1nyok v\u00e1ltoz\u00e1sa \u00e9s a v\u00e1ltoz\u00e1sok hagyom\u00e1nya: ez jellemzi \u00e9s var\u00e1zsolja ma is \u00e9l\u0151v\u00e9, elevenn\u00e9 Tokajt.<\/p>\n<p style=\"text-align: justify;\"><em>\u2013 A magyar kult\u00far\u00e1ban m\u00e1ig \u00e9l\u0151 szocializmusr\u00f3l is sz\u00f3 esik a mostani tal\u00e1lkoz\u00f3n: ez az \u00f6r\u00f6ks\u00e9g hogyan hallatszik \u00e1t a harangz\u00fag\u00e1son?<\/em><\/p>\n<p style=\"text-align: justify;\">\u2013 A vel\u00fcnk \u00e9l\u0151 Trianon anal\u00f3gi\u00e1j\u00e1ra a vel\u00fcnk \u00e9l\u0151 kommunista tehert\u00e9telekr\u0151l is kell besz\u00e9ln\u00fcnk, val\u00f3ban, mert ha &#8211; Juh\u00e1sz Gyul\u00e1t id\u00e9zve: \u201eIsten\u00e9rt, haz\u00e1\u00e9rt \u00e9lt\u00fcnk ezer \u00e9vet, \/ Miaty\u00e1nk, ne hagyd el \u00e1rva magyar n\u00e9ped, \/ \u00d6r\u00f6k \u00e9let\u00e9vel, hadd dics\u00e9rjen t\u00e9ged!&#8221; &#8212; sz\u00fcntelen\u00fcl k\u00f6ny\u00f6rg\u00fcnk erk\u00f6lcsi, vall\u00e1si, nyelvi, kultur\u00e1lis \u00f6nazonoss\u00e1gunk megtarthat\u00f3s\u00e1g\u00e1\u00e9rt, s ez\u00e9rt a h\u00edv\u00f3 \u00e9s a v\u00e9szjelz\u0151 harangot is annyi sokan \u00e9s sokszor kongatt\u00e1k \u00edr\u00f3el\u0151deink: akkor arr\u00f3l is sz\u00e1mot kell adnunk, hogy mik\u00e9ppen m\u00e9rgez\u0151d\u00f6tt, fert\u0151z\u00f6d\u00f6tt a magyar irodalmi \u00e9let is (a t\u00e1rsadalmival egy\u00fctt) az el\u0151z\u0151 rendszer b\u0171neivel. Hogyan kellett megk\u00fczdeni az embers\u00e9get \u00e9s magyars\u00e1got mindig egynek tekint\u0151 \u00edr\u00e1stud\u00f3inknak azzal a sz\u00f6rny\u0171 \u00e9s relativiz\u00e1lhatatlan, bagatelliz\u00e1lhatatlan sorsnyom\u00e1ssal \u00e9s gonosz hatalmi t\u00f6rekv\u00e9sek \u00f6sszess\u00e9g\u00e9vel, amelyet a kommunista diktat\u00fara jelentett. S m\u00e9g azzal is, hogy akkor szerzett becstelen, immor\u00e1lis el\u0151ny\u00f6k \u00e9s kiv\u00e1lts\u00e1gok &#8212; s vel\u00fck a (Fekete Gyula szav\u00e1val jellemezhet\u0151) &#8222;nemzetundoros&#8221; beidegz\u0151d\u00e9sek &#8212; gyakran t\u00fal\u00e9lt\u00e9k a rendszerv\u00e1ltoz\u00e1s fordulat\u00e1t, s val\u00f3di igazs\u00e1gt\u00e9tel h\u00edj\u00e1n olykor megint nemzeti elk\u00f6telezetts\u00e9g\u0171 gondolkod\u00f3k ker\u00fclnek m\u00e9ltatlan (a &#8222;nacionalizmus&#8221;, a &#8222;kirekeszt\u00e9s&#8221; stb. r\u00e1galmait hangoztat\u00f3) v\u00e1dak c\u00e9lkeresztj\u00e9be. Azt rem\u00e9lhetj\u00fck ugyanakkor, hogy a l\u00e9lekemel\u0151 harangz\u00fag\u00e1s mint kultur\u00e1lis identit\u00e1sunk magasztos kifejez\u0151je lassan m\u00e9gis er\u0151teljesebb\u00e9 v\u00e1lik, \u00e9s nem engedi eluralkodni a rosszindulat\u00fa t\u00e1mad\u00e1sokat.<\/p>\n<p style=\"text-align: justify;\"><img decoding=\"async\" src=\"https:\/\/7fbd9e4795.cbaul-cdnwnd.com\/ec6a9b94bc20124ab2c0c10bf930ae48\/200000049-1fead1feaf\/TFG.jpg?ph=7fbd9e4795\" alt=\"H\u00cdREK :: tokaj123X\" \/><\/p>\n<p style=\"text-align: justify;\"><em>A Tokaji Ferenc Gimn\u00e1zium: az egykori tokaji v\u00e1r alaprajza szerint megtervezett iskola az \u00edr\u00f3t\u00e1bor hagyom\u00e1nyos helysz\u00edne \u2013 szoborlap.hu<\/em><\/p>\n<p style=\"text-align: justify;\">A nemzeti k\u00f6z\u00f6ss\u00e9g mint kult\u00farateremt\u0151 energiaforr\u00e1s sem akkor nem apadt el, amikor a kommunist\u00e1k gyal\u00e1zt\u00e1k (hamis nemzetk\u00f6zis\u00e9get harsogva) t\u00e9velyg\u00e9ssel, elavults\u00e1ggal mag\u00e1t a nemzeti l\u00e9tform\u00e1t, sem pedig most nem apadhat el, amikor szint\u00e9n meghaladott \u00e9letkeretk\u00e9nt aposztrof\u00e1lj\u00e1k a nemzetk\u00f6zis\u00e9gre, a nemzetf\u00f6l\u00f6ttis\u00e9gre felesk\u00fcd\u00f6tt okoskod\u00f3k \u00e9s megmond\u00f3emberek.<\/p>\n<p style=\"text-align: justify;\"><em>\u2013 A finissz\u00e1zson domborm\u0171vet avatnak a 100 \u00e9ve sz\u00fcletett Fekete Gyula \u00edr\u00f3, valamint Antall Istv\u00e1n r\u00e1di\u00f3s szerkeszt\u0151 eml\u00e9k\u00e9re. A magyar irodalomban mennyire fontos az el\u0151d\u00f6k eml\u00e9k\u00e9nek elevenen tart\u00e1sa?<\/em><\/p>\n<p style=\"text-align: justify;\">\u2013 \u00c9ltet\u0151 er\u0151 minden igaz magyar k\u00f6lt\u0151, \u00edr\u00f3, gondolkod\u00f3 eml\u00e9ke &#8212; s az eg\u00e9sz magyar kult\u00fara alap\u00fczenete: hogy \u201eaz emberis\u00e9gnek \u00e9ppen magyar mivoltunkkal tartozunk&#8221; (J\u00f3zsef Attila szerint), s hogy a \u201emagyars\u00e1g sz\u00fcks\u00e9g \u00e9s \u00e9rt\u00e9k az emberis\u00e9g s az emberis\u00e9g csillagokhoz vezet\u0151 \u00fatja sz\u00e1m\u00e1ra&#8221; (Adyval sz\u00f3lva). Fekete Gyula is a magyar megmarad\u00e1s eszm\u00e9j\u00e9nek az \u0151r\u00e1ll\u00f3 apostola volt, s a tokaji \u00edr\u00f3t\u00e1bor vez\u00e9ralakja, \u201espiritus rectora&#8221; is egyben, \u00e9s a rendszerv\u00e1lt\u00e1s egyik motorja. A magyar n\u00e9p fokozott demogr\u00e1fiai zsugorod\u00e1s\u00e1nak \u00e9vad\u00e1n az \u0151 javaslatait is meg kell fogadnunk &#8212; hogy a magyar \u00e9let folytat\u00e1sa soha ne ker\u00fclj\u00f6n vesz\u00e9lybe.<\/p>\n<p style=\"text-align: justify;\"><img decoding=\"async\" src=\"https:\/\/cdn.nwmgroups.hu\/s\/img\/i\/1001\/20100116feketegyu.jpg\" alt=\"Elhunyt Fekete Gyula \u00edr\u00f3\" \/><\/p>\n<p style=\"text-align: justify;\"><em>Fekete Gyula: 100 \u00e9ves lenne \u2013 origo<\/em><\/p>\n<p style=\"text-align: justify;\">Ez\u00e9rt nemcsak eml\u00e9kezn\u00fcnk kell r\u00e1 \u00e9s a t\u00f6bbiekre, hanem azt is megfigyelni \u00e9s aszerint cselekedni, amit vallottak, v\u00e1llaltak \u00e9s hirdettek. Antall Pista bar\u00e1tunk p\u00e9ld\u00e1ul a r\u00e1di\u00f3ban kiv\u00e9teles hozz\u00e1\u00e9rt\u00e9ssel, szakadatlan h\u0171s\u00e9ggel, \u00e9vtizedekig, az egyetemes (s az elv\u00e1laszt\u00f3, sz\u00e9tszaggat\u00f3, csonk\u00edt\u00f3 orsz\u00e1ghat\u00e1rokt\u00f3l \u00e9s a sz\u00e9tsz\u00f3r\u00f3d\u00e1st\u00f3l f\u00fcggetlen\u00fcl egys\u00e9ges) magyar irodalom teljes sz\u00ednk\u00e9p\u00e9t szem el\u0151tt tartva, annak csod\u00e1latos gazdags\u00e1g\u00e1t pr\u00e9dik\u00e1lta &#8212; \u00e9s mutatta meg elhom\u00e1lyosulhatatlan hiteless\u00e9ggel orsz\u00e1g-vil\u00e1g sz\u00e1m\u00e1ra. A szellem f\u00e9nyjelz\u0151ik\u00e9nt tisztelhet\u0151 \u00e9s k\u00f6vetend\u0151 el\u0151d\u00f6k eml\u00e9kezet\u00e9nek \u00e9bren tart\u00e1sa: mindenkori, l\u00e9t\u00e9rdek\u0171 erk\u00f6lcsi parancs. Annak tudatos\u00edt\u00e1sa, hogy (D\u00e1niel pr\u00f3f\u00e9ta szavaival) akik sokakat igazs\u00e1gra tan\u00edtottak, ragyogni fognak \u00f6r\u00f6kk\u00f6n \u00f6r\u00f6kk\u00e9, mik\u00e9nt a csillagok.<\/p>\n<p style=\"text-align: justify;\"><em>Moln\u00e1r P\u00e1l<\/em><\/p>\n<div class=\"szerzo\" style=\"text-align: justify;\">Forr\u00e1s: gondola.hu<\/div>\n","protected":false},"excerpt":{"rendered":"<p>Jeles magyar hagyom\u00e1ny a Tokaji \u00cdr\u00f3t\u00e1bor. Imm\u00e1r a jubileumi \u00f6tvenediket tartj\u00e1k a magyar bor f\u0151v\u00e1ros\u00e1ban a j\u00f6v\u0151 h\u00e9ten. Az egyik el\u0151ad\u00f3, Bertha Zolt\u00e1n irodalomt\u00f6rt\u00e9n\u00e9sz mondja el gondolatait. &nbsp; Bertha Zolt\u00e1n irodalomt\u00f6rt\u00e9n\u00e9sz \u201eharangz\u00fag\u00e1sos&#8221; magyar irodalomr\u00f3l tart el\u0151ad\u00e1st az 50. Tokaji \u00cdr\u00f3t\u00e1borban&#8230;.<\/p>\n","protected":false},"author":1,"featured_media":6005,"comment_status":"closed","ping_status":"closed","sticky":false,"template":"","format":"standard","meta":{"footnotes":""},"categories":[1],"tags":[],"class_list":["post-6004","post","type-post","status-publish","format-standard","has-post-thumbnail","hentry","category-hirek"],"_links":{"self":[{"href":"https:\/\/tokajiirotabor.hu\/irotabor_archiv\/wp-json\/wp\/v2\/posts\/6004"}],"collection":[{"href":"https:\/\/tokajiirotabor.hu\/irotabor_archiv\/wp-json\/wp\/v2\/posts"}],"about":[{"href":"https:\/\/tokajiirotabor.hu\/irotabor_archiv\/wp-json\/wp\/v2\/types\/post"}],"author":[{"embeddable":true,"href":"https:\/\/tokajiirotabor.hu\/irotabor_archiv\/wp-json\/wp\/v2\/users\/1"}],"replies":[{"embeddable":true,"href":"https:\/\/tokajiirotabor.hu\/irotabor_archiv\/wp-json\/wp\/v2\/comments?post=6004"}],"version-history":[{"count":2,"href":"https:\/\/tokajiirotabor.hu\/irotabor_archiv\/wp-json\/wp\/v2\/posts\/6004\/revisions"}],"predecessor-version":[{"id":6007,"href":"https:\/\/tokajiirotabor.hu\/irotabor_archiv\/wp-json\/wp\/v2\/posts\/6004\/revisions\/6007"}],"wp:featuredmedia":[{"embeddable":true,"href":"https:\/\/tokajiirotabor.hu\/irotabor_archiv\/wp-json\/wp\/v2\/media\/6005"}],"wp:attachment":[{"href":"https:\/\/tokajiirotabor.hu\/irotabor_archiv\/wp-json\/wp\/v2\/media?parent=6004"}],"wp:term":[{"taxonomy":"category","embeddable":true,"href":"https:\/\/tokajiirotabor.hu\/irotabor_archiv\/wp-json\/wp\/v2\/categories?post=6004"},{"taxonomy":"post_tag","embeddable":true,"href":"https:\/\/tokajiirotabor.hu\/irotabor_archiv\/wp-json\/wp\/v2\/tags?post=6004"}],"curies":[{"name":"wp","href":"https:\/\/api.w.org\/{rel}","templated":true}]}}