{"id":5997,"date":"2022-08-21T08:41:03","date_gmt":"2022-08-21T07:41:03","guid":{"rendered":"https:\/\/www.tokajiirotabor.hu\/?p=5997"},"modified":"2022-08-21T08:41:54","modified_gmt":"2022-08-21T07:41:54","slug":"50-tokaji-irotabor","status":"publish","type":"post","link":"https:\/\/tokajiirotabor.hu\/irotabor_archiv\/50-tokaji-irotabor\/","title":{"rendered":"50. Tokaji \u00cdr\u00f3t\u00e1bor"},"content":{"rendered":"<p style=\"text-align: justify;\">Augusztus 23-\u00e1n az els\u0151 plen\u00e1ris \u00fcl\u00e9sen Alexa K\u00e1roly \u00e9s M\u00e1rkus B\u00e9la irodalomt\u00f6rt\u00e9n\u00e9szek \u00e9s Mezey Katalin \u00edr\u00f3 tart el\u0151ad\u00e1st. A m\u00e1sodik plen\u00e1ris \u00fcl\u00e9sen a R\u00e1k\u00f3czi Pince \u00e9s Udvarh\u00e1z terasz\u00e1n Solt\u00e9sz M\u00e1rton irodalomt\u00f6rt\u00e9n\u00e9sz a Tokaji \u00cdr\u00f3t\u00e1bor t\u00f6rt\u00e9net\u00e9r\u0151l, Bertha Zolt\u00e1n irodalomt\u00f6rt\u00e9n\u00e9sz\u00a0<i>Harangz\u00fag\u00e1sos<\/i>\u00a0magyar irodalomr\u00f3l besz\u00e9l, m\u00edg Kelemen Erzs\u00e9bet \u00edr\u00f3, irodalomt\u00f6rt\u00e9n\u00e9sz az irodalomnak a magyar nemzeti identit\u00e1s form\u00e1l\u00e1s\u00e1ban \u00e9s er\u0151s\u00edt\u00e9s\u00e9ben ny\u00fajtott szerep\u00e9r\u0151l tart el\u0151ad\u00e1st.<\/p>\n<p style=\"text-align: justify;\">A jubileumi \u00edr\u00f3t\u00e1borban mutatj\u00e1k be az 1986-os Tokaji \u00cdr\u00f3t\u00e1bor eddig kiadatlan \u00e9vk\u00f6nyv\u00e9t Solt\u00e9sz M\u00e1rton szerkeszt\u00e9s\u00e9ben. Bemutatkozik a Magyar Kult\u00fara c\u00edm\u0171 \u00faj foly\u00f3irat, felolvas\u00e1st tartanak a kor\u00e1bbi \u00e9vek Tokaji \u00cdr\u00f3t\u00e1bor-d\u00edjasai.<\/p>\n<p style=\"text-align: justify;\">Est\u00e9nk\u00e9nt koncertek lesznek a v\u00e1ros f\u0151ter\u00e9n. Fell\u00e9p a Vintage Dolls, a S\u00e1rik P\u00e9ter Tri\u00f3, kort\u00e1rs k\u00f6lt\u0151k megzen\u00e9s\u00edtett verseivel az Eleven K\u00f6lt\u0151k T\u00e1rsas\u00e1ga, valamint P\u00e9ly Barna.<\/p>\n<p style=\"text-align: justify;\">Az esem\u00e9ny z\u00e1r\u00f3napj\u00e1n Horv\u00e1th J\u00falia Borb\u00e1la \u00edr\u00f3, antropol\u00f3gus, Borvend\u00e9g Zsuzsanna t\u00f6rt\u00e9n\u00e9sz \u00e9s Stumpf Istv\u00e1n, a Tokaj-Hegyalja Egyetem\u00e9rt Alap\u00edtv\u00e1ny kurat\u00f3riumi eln\u00f6ke el\u0151ad\u00e1sain sz\u00f3 lesz egyebek mellett a magyar kult\u00far\u00e1ban m\u00e1ig \u00e9l\u0151 szocializmusr\u00f3l, a k\u00e1d\u00e1ri rendszer lebont\u00e1s\u00e1r\u00f3l, valamint a kult\u00fara, tudom\u00e1ny \u00e9s politika j\u00f6v\u0151k\u00e9p\u00e9r\u0151l.<\/p>\n<p style=\"text-align: justify;\">Ugyancsak az utols\u00f3 napon a jubileum alkalm\u00e1b\u00f3l \u00fcnnep\u00e9lyes keretek k\u00f6z\u00f6tt \u00e1tadj\u00e1k a fel\u00faj\u00edtott Millenniumi Irodalmi Eml\u00e9kparkot, ahol egyebek mellett domborm\u0171vet avatnak a 100 \u00e9ve sz\u00fcletett Fekete Gyula \u00edr\u00f3, valamint Antall Istv\u00e1n r\u00e1di\u00f3s szerkeszt\u0151 eml\u00e9k\u00e9re, Ol\u00e1h J\u00e1nosra \u00e9s Hubay Mikl\u00f3sra pedig fa\u00fcltet\u00e9ssel eml\u00e9keznek. A jubileumi tal\u00e1lkoz\u00f3 a d\u00edj\u00e1tad\u00f3val \u00e9r v\u00e9get.<\/p>\n<p style=\"text-align: justify;\">R\u00e9szletes program:\u00a0<a href=\"https:\/\/www.tokajiirotabor.hu\/wp-content\/uploads\/2022\/08\/50.Tokaji.Irotabor.PROGRAMOK_fekvo__2022.08.10.pdf\" target=\"_blank\" rel=\"noopener noreferrer\">ITT<\/a><\/p>\n<p>&nbsp;<\/p>\n<p>Forr\u00e1s: magyarnemzet.hu<\/p>\n","protected":false},"excerpt":{"rendered":"<p>Augusztus 23-\u00e1n az els\u0151 plen\u00e1ris \u00fcl\u00e9sen Alexa K\u00e1roly \u00e9s M\u00e1rkus B\u00e9la irodalomt\u00f6rt\u00e9n\u00e9szek \u00e9s Mezey Katalin \u00edr\u00f3 tart el\u0151ad\u00e1st. A m\u00e1sodik plen\u00e1ris \u00fcl\u00e9sen a R\u00e1k\u00f3czi Pince \u00e9s Udvarh\u00e1z terasz\u00e1n Solt\u00e9sz M\u00e1rton irodalomt\u00f6rt\u00e9n\u00e9sz a Tokaji \u00cdr\u00f3t\u00e1bor t\u00f6rt\u00e9net\u00e9r\u0151l, Bertha Zolt\u00e1n irodalomt\u00f6rt\u00e9n\u00e9sz\u00a0Harangz\u00fag\u00e1sos\u00a0magyar irodalomr\u00f3l besz\u00e9l,&#8230;<\/p>\n","protected":false},"author":1,"featured_media":5963,"comment_status":"closed","ping_status":"closed","sticky":false,"template":"","format":"standard","meta":{"footnotes":""},"categories":[1],"tags":[],"class_list":["post-5997","post","type-post","status-publish","format-standard","has-post-thumbnail","hentry","category-hirek"],"_links":{"self":[{"href":"https:\/\/tokajiirotabor.hu\/irotabor_archiv\/wp-json\/wp\/v2\/posts\/5997"}],"collection":[{"href":"https:\/\/tokajiirotabor.hu\/irotabor_archiv\/wp-json\/wp\/v2\/posts"}],"about":[{"href":"https:\/\/tokajiirotabor.hu\/irotabor_archiv\/wp-json\/wp\/v2\/types\/post"}],"author":[{"embeddable":true,"href":"https:\/\/tokajiirotabor.hu\/irotabor_archiv\/wp-json\/wp\/v2\/users\/1"}],"replies":[{"embeddable":true,"href":"https:\/\/tokajiirotabor.hu\/irotabor_archiv\/wp-json\/wp\/v2\/comments?post=5997"}],"version-history":[{"count":1,"href":"https:\/\/tokajiirotabor.hu\/irotabor_archiv\/wp-json\/wp\/v2\/posts\/5997\/revisions"}],"predecessor-version":[{"id":5998,"href":"https:\/\/tokajiirotabor.hu\/irotabor_archiv\/wp-json\/wp\/v2\/posts\/5997\/revisions\/5998"}],"wp:featuredmedia":[{"embeddable":true,"href":"https:\/\/tokajiirotabor.hu\/irotabor_archiv\/wp-json\/wp\/v2\/media\/5963"}],"wp:attachment":[{"href":"https:\/\/tokajiirotabor.hu\/irotabor_archiv\/wp-json\/wp\/v2\/media?parent=5997"}],"wp:term":[{"taxonomy":"category","embeddable":true,"href":"https:\/\/tokajiirotabor.hu\/irotabor_archiv\/wp-json\/wp\/v2\/categories?post=5997"},{"taxonomy":"post_tag","embeddable":true,"href":"https:\/\/tokajiirotabor.hu\/irotabor_archiv\/wp-json\/wp\/v2\/tags?post=5997"}],"curies":[{"name":"wp","href":"https:\/\/api.w.org\/{rel}","templated":true}]}}