{"id":5991,"date":"2022-08-21T08:42:55","date_gmt":"2022-08-21T07:42:55","guid":{"rendered":"https:\/\/www.tokajiirotabor.hu\/?p=5991"},"modified":"2022-08-21T08:48:01","modified_gmt":"2022-08-21T07:48:01","slug":"hoppal-peter-nyitja-meg-az-50-tokaji-irotabort","status":"publish","type":"post","link":"https:\/\/tokajiirotabor.hu\/irotabor_archiv\/hoppal-peter-nyitja-meg-az-50-tokaji-irotabort\/","title":{"rendered":"Hopp\u00e1l P\u00e9ter nyitja meg az 50. Tokaji \u00cdr\u00f3t\u00e1bort"},"content":{"rendered":"<p><a href=\"https:\/\/www.tokajiirotabor.hu\/wp-content\/uploads\/2022\/08\/hoppal_peter.jpg\"><img loading=\"lazy\" decoding=\"async\" class=\"aligncenter wp-image-5992\" src=\"https:\/\/www.tokajiirotabor.hu\/wp-content\/uploads\/2022\/08\/hoppal_peter-300x200.jpg\" alt=\"\" width=\"459\" height=\"306\" srcset=\"https:\/\/tokajiirotabor.hu\/irotabor_archiv\/wp-content\/uploads\/2022\/08\/hoppal_peter-300x200.jpg 300w, https:\/\/tokajiirotabor.hu\/irotabor_archiv\/wp-content\/uploads\/2022\/08\/hoppal_peter-1024x683.jpg 1024w, https:\/\/tokajiirotabor.hu\/irotabor_archiv\/wp-content\/uploads\/2022\/08\/hoppal_peter-768x512.jpg 768w, https:\/\/tokajiirotabor.hu\/irotabor_archiv\/wp-content\/uploads\/2022\/08\/hoppal_peter.jpg 1108w\" sizes=\"(max-width: 459px) 100vw, 459px\" \/><\/a><\/p>\n<p>&nbsp;<\/p>\n<p style=\"text-align: justify;\"><strong>\u00d6tven \u00e9ve, 1972-ben rendezt\u00e9k meg el\u0151sz\u00f6r a Tokaji \u00cdr\u00f3t\u00e1bort, a K\u00e1rp\u00e1t-medencei \u00edr\u00f3k egyik legnagyobb irodalmi tal\u00e1lkoz\u00f3j\u00e1t. 2022. augusztus 22\u201325. k\u00f6z\u00f6tt ez\u00fattal is sz\u00f3 lesz k\u00f6z\u00e9letr\u0151l \u00e9s irodalomr\u00f3l is. A jubileumi tal\u00e1lkoz\u00f3t Hopp\u00e1l P\u00e9ter kult\u00far\u00e1\u00e9rt felel\u0151s \u00e1llamtitk\u00e1r nyitja meg, k\u00f6zrem\u0171k\u00f6dik L. Simon L\u00e1szl\u00f3, az \u00cdr\u00f3t\u00e1bor eln\u00f6ke \u00e9s R\u00e1t\u00f3ti Zolt\u00e1n sz\u00ednm\u0171v\u00e9sz, az Sz\u00ednh\u00e1z- \u00e9s Filmm\u0171v\u00e9szeti Egyetem rektora.<\/strong><\/p>\n<p>&nbsp;<\/p>\n<p style=\"text-align: justify;\">A Tokaji \u00cdr\u00f3t\u00e1bor t\u00f6bb \u00e9vtizede a magyar irodalmi \u00e9s k\u00f6z\u00e9let egyik legfontosabb rendezv\u00e9nye.\u00a0\u201eA Tokaji \u00cdr\u00f3t\u00e1bor 1972 \u00f3ta Tokajban megrendezett ny\u00e1ri \u00edr\u00f3tal\u00e1lkoz\u00f3. K\u00e9s\u0151bb mint a magyar \u00edr\u00f3k civil t\u00e1rsadalmi f\u00f3ruma m\u0171k\u00f6dik leg\u00e1lis keretek k\u00f6z\u00f6tt\u00a0\u2013 olvashat\u00f3 az Irodalmi Lexikonban. \u2013\u00a01989 el\u0151tt a kritikus \u00e9rtelmis\u00e9gi gondolkod\u00e1s egyik fontos, a region\u00e1lis kereteken is t\u00falmutat\u00f3 \u00bbint\u00e9zm\u00e9nye\u00ab volt. Tan\u00e1cskoz\u00e1sain az irodalom, a k\u00f6z\u00e9let \u00e9s a politika legfontosabb k\u00e9rd\u00e9seit vitatt\u00e1k meg. Ellenz\u00e9kis\u00e9ge miatt 1987-ben elmaradt a rendezv\u00e9ny. Az \u00edr\u00f3t\u00e1bor 1990-t\u0151l egyes\u00fcletk\u00e9nt m\u0171k\u00f6dik.\u201d<\/p>\n<h3 style=\"text-align: justify;\">Rendszeren bel\u00fcli b\u00edr\u00e1lat<\/h3>\n<p style=\"text-align: justify;\">A Tokaji \u00cdr\u00f3t\u00e1bor keletkez\u00e9se a felel\u0151s irodalmi gondolkod\u00e1s \u00e9s a t\u00e1rsadalom k\u00f6lcs\u00f6nhat\u00e1s\u00e1nak sok \u00e9vtizedes hi\u00e1ny\u00e1val, majd ellent\u00e9tes \u00e9rv\u00e9nyes\u00fcl\u00e9s\u00e9vel magyar\u00e1zhat\u00f3 \u2013 olvashat\u00f3 a Tokaji \u00cdr\u00f3t\u00e1bor Egyes\u00fclet honlapj\u00e1n. 1972-ben, a megye irodalmi foly\u00f3irat\u00e1nak (<em>Napjaink<\/em>) 10. \u00e9v\u00e9ben rendezt\u00e9k meg az els\u0151 \u00edr\u00f3t\u00e1bort, a Hazafias N\u00e9pfront szervez\u00e9s\u00e9ben, a Megyei Tan\u00e1cs anyagi t\u00e1mogat\u00e1s\u00e1val.<\/p>\n<p style=\"text-align: justify;\">Kezdetben csak az itt \u00e9l\u0151 \u00e9s a megy\u00e9b\u0151l elsz\u00e1rmazott \u00edr\u00f3kat h\u00edvt\u00e1k meg: ebben az id\u0151szakban a vita nem a gondolatszabads\u00e1g jegy\u00e9ben zajlott, emiatt az \u00edr\u00f3k sz\u00e1m\u00e1ra sz\u0171k mozg\u00e1st\u00e9r maradt. \u201eA tan\u00e1cskoz\u00e1sok t\u00e1rgy\u00e1t a hatalmi c\u00e9lok alapozt\u00e1k meg, de a vita eszmei hat\u00e1rait szabadon alak\u00edthatt\u00e1k. \u00c9vr\u0151l \u00e9vre, fokozatosan tudta a tokaji vita megingatni a politikai c\u00e9lk\u00e9pzeteket, kikezdve azok hiteless\u00e9g\u00e9t\u201d \u2013 \u00edrja az egyes\u00fclet.<\/p>\n<div id=\"microsite_microsite\" class=\"miniapp microsite\" style=\"text-align: justify;\">\n<div id=\"adoceanindexhuvbhtqkepiz\" class=\"iap iap--ado roadblock\" data-id=\"adoceanindexhuvbhtqkepiz\"><\/div>\n<\/div>\n<p style=\"text-align: justify;\">Az \u00edr\u00f3t\u00e1bor a kezdeti bizonytalans\u00e1g ut\u00e1n fokozatosan r\u00e1tal\u00e1lt saj\u00e1t szerep\u00e9re, \u00e9s gy\u00f6keret eresztett. \u201eA b\u00edr\u00e1lat \u00e9s a megold\u00e1si k\u00eds\u00e9rletek m\u00e1ss\u00e1ga bel\u00fcl maradt a l\u00e9tez\u0151 rendszeren, de az \u00fctk\u00f6z\u00e9s mindig k\u00eds\u00e9rtett.\u201d \u00d6sszecsap\u00e1sok zajlottak le az apr\u00f3falvak eln\u00e9ptelened\u00e9s\u00e9r\u0151l, a csal\u00e1dpolitik\u00e1r\u00f3l, a munk\u00e1ss\u00e1g \u00e9s az ifj\u00fas\u00e1g \u00e9letk\u00f6r\u00fclm\u00e9nyeir\u0151l, lehet\u0151s\u00e9geir\u0151l. A megyej\u00e1r\u00e1s sor\u00e1n szerzett k\u00f6zvetlen tapasztalatokkal a helyi t\u00e1rsadalom, p\u00e9ld\u00e1ul a k\u00f6zs\u00e9gi, v\u00e1rosi k\u00f6zm\u0171vel\u0151d\u00e9s vizsg\u00e1lat\u00e1t\u00f3l jutottak el az \u00edr\u00f3k a t\u00e1gasabb \u00f6sszef\u00fcgg\u00e9sekig.<\/p>\n<h3 style=\"text-align: justify;\">Szellemi k\u00f6z\u00f6ss\u00e9g<\/h3>\n<p style=\"text-align: justify;\">A Tokaji \u00cdr\u00f3t\u00e1bor\u00a01981 ut\u00e1n szellemi k\u00f6z\u00f6ss\u00e9gg\u00e9 alakult, majd a kicsikart nyilv\u00e1noss\u00e1g seg\u00edts\u00e9g\u00e9vel ellenz\u00e9ki strat\u00e9giai m\u0171helly\u00e9 form\u00e1l\u00f3dott. \u201e1981 \u00e9s 1989 k\u00f6z\u00f6tt f\u0151leg az \u00faj nemzettudat \u00e9s a nemzeti felel\u0151ss\u00e9g egyik szellemi k\u00f6zpontj\u00e1nak rangj\u00e1ra emelkedett, \u00e9s sz\u00e1mottev\u0151 szerepet t\u00f6lt\u00f6tt be a rendszerv\u00e1lt\u00e1s el\u0151k\u00e9sz\u00edt\u00e9s\u00e9ben. Ez a magyar\u00e1zata, hogy 1987-ben k\u00e9nyszersz\u00fcnetet kellett tartania\u201d \u2013 \u00edrja az egyes\u00fclet.\u00a02021-ben a Hungarikum Bizotts\u00e1g kiemelked\u0151 nemzeti \u00e9rt\u00e9kk\u00e9 nyilv\u00e1n\u00edtotta a Tokaji \u00cdr\u00f3t\u00e1bort.<\/p>\n<p style=\"text-align: justify;\">A hazai \u00edr\u00f3t\u00e1rsadalom rendszerv\u00e1lt\u00e1s ut\u00e1ni megosztotts\u00e1ga term\u00e9szetesen nem hagyta \u00e9rintetlen\u00fcl a Tokaji \u00cdr\u00f3t\u00e1bor sem, egy \u00edzben m\u00e9g\u00a0<a id=\"hyperlink_3f13f1b784da69992a1e3f67672b01ca\" title=\"Kukorelly Endr\u00e9t egy \u00fct\u00e9ssel leter\u00edtett\u00e9k\" href=\"https:\/\/dex.hu\/x.php?id=index_kultur_cikklink&amp;url=https%3A%2F%2Findex.hu%2Fkultur%2F2014%2F08%2F14%2Ftokaji_kocsmaban_verekedtek_magyar_kortars_irok%2F\" target=\"_blank\" rel=\"noopener\">tettlegess\u00e9gre<\/a>\u00a0is sor ker\u00fclt. Kukorelly Endre id\u00e9n is elmegy a tal\u00e1lkoz\u00f3ra, kerekasztal-besz\u00e9lget\u00e9sen vesz majd r\u00e9szt Pet\u0151cz Andr\u00e1ssal, Turczi Istv\u00e1nnal \u00e9s Zal\u00e1n Tiborral. A t\u00e1borban bemutatkozik a\u00a0<em>Magyar Kult\u00fara<\/em>\u00a0c\u00edm\u0171 magazin is.<\/p>\n<p style=\"text-align: justify;\">A jubileumi tal\u00e1lkoz\u00f3t 2022. augusztus 22-\u00e9n Hopp\u00e1l P\u00e9ter kult\u00far\u00e1\u00e9rt felel\u0151s \u00e1llamtitk\u00e1r nyitja meg, k\u00f6zrem\u0171k\u00f6dik L. Simon L\u00e1szl\u00f3 \u00edr\u00f3, az \u00edr\u00f3t\u00e1bor eln\u00f6ke \u00e9s R\u00e1t\u00f3ti Zolt\u00e1n sz\u00ednm\u0171v\u00e9sz, a Sz\u00ednh\u00e1z- \u00e9s Filmm\u0171v\u00e9szeti Egyetem rektora. Az esti koncerteken f\u00f6ll\u00e9p m\u00e1sok mellett a S\u00e1rik P\u00e9ter Tri\u00f3 \u00e9s a P\u00e9ly Barna Band.<\/p>\n<p style=\"text-align: justify;\"><em>(Bor\u00edt\u00f3k\u00e9p: Hopp\u00e1l P\u00e9ter. Fot\u00f3:\u00a0Szab\u00f3 R\u00e9ka \/ Index)<\/em><\/p>\n<div class=\"social-stripe cikk-bottom-box\">\n<div class=\"index-social-box\">\n<p style=\"text-align: justify;\">Forr\u00e1s: index.hu<\/p>\n<\/div>\n<\/div>\n","protected":false},"excerpt":{"rendered":"<p>&nbsp; \u00d6tven \u00e9ve, 1972-ben rendezt\u00e9k meg el\u0151sz\u00f6r a Tokaji \u00cdr\u00f3t\u00e1bort, a K\u00e1rp\u00e1t-medencei \u00edr\u00f3k egyik legnagyobb irodalmi tal\u00e1lkoz\u00f3j\u00e1t. 2022. augusztus 22\u201325. k\u00f6z\u00f6tt ez\u00fattal is sz\u00f3 lesz k\u00f6z\u00e9letr\u0151l \u00e9s irodalomr\u00f3l is. A jubileumi tal\u00e1lkoz\u00f3t Hopp\u00e1l P\u00e9ter kult\u00far\u00e1\u00e9rt felel\u0151s \u00e1llamtitk\u00e1r nyitja meg, k\u00f6zrem\u0171k\u00f6dik&#8230;<\/p>\n","protected":false},"author":1,"featured_media":5992,"comment_status":"closed","ping_status":"closed","sticky":false,"template":"","format":"standard","meta":{"footnotes":""},"categories":[1],"tags":[],"class_list":["post-5991","post","type-post","status-publish","format-standard","has-post-thumbnail","hentry","category-hirek"],"_links":{"self":[{"href":"https:\/\/tokajiirotabor.hu\/irotabor_archiv\/wp-json\/wp\/v2\/posts\/5991"}],"collection":[{"href":"https:\/\/tokajiirotabor.hu\/irotabor_archiv\/wp-json\/wp\/v2\/posts"}],"about":[{"href":"https:\/\/tokajiirotabor.hu\/irotabor_archiv\/wp-json\/wp\/v2\/types\/post"}],"author":[{"embeddable":true,"href":"https:\/\/tokajiirotabor.hu\/irotabor_archiv\/wp-json\/wp\/v2\/users\/1"}],"replies":[{"embeddable":true,"href":"https:\/\/tokajiirotabor.hu\/irotabor_archiv\/wp-json\/wp\/v2\/comments?post=5991"}],"version-history":[{"count":2,"href":"https:\/\/tokajiirotabor.hu\/irotabor_archiv\/wp-json\/wp\/v2\/posts\/5991\/revisions"}],"predecessor-version":[{"id":5994,"href":"https:\/\/tokajiirotabor.hu\/irotabor_archiv\/wp-json\/wp\/v2\/posts\/5991\/revisions\/5994"}],"wp:featuredmedia":[{"embeddable":true,"href":"https:\/\/tokajiirotabor.hu\/irotabor_archiv\/wp-json\/wp\/v2\/media\/5992"}],"wp:attachment":[{"href":"https:\/\/tokajiirotabor.hu\/irotabor_archiv\/wp-json\/wp\/v2\/media?parent=5991"}],"wp:term":[{"taxonomy":"category","embeddable":true,"href":"https:\/\/tokajiirotabor.hu\/irotabor_archiv\/wp-json\/wp\/v2\/categories?post=5991"},{"taxonomy":"post_tag","embeddable":true,"href":"https:\/\/tokajiirotabor.hu\/irotabor_archiv\/wp-json\/wp\/v2\/tags?post=5991"}],"curies":[{"name":"wp","href":"https:\/\/api.w.org\/{rel}","templated":true}]}}