{"id":5987,"date":"2022-08-21T08:43:46","date_gmt":"2022-08-21T07:43:46","guid":{"rendered":"https:\/\/www.tokajiirotabor.hu\/?p=5987"},"modified":"2022-08-21T08:47:44","modified_gmt":"2022-08-21T07:47:44","slug":"az-irok-kozeleti-felelossege-a-tokaji-iro-tabor-fontos-temaja-l-simon-laszlo-szerint","status":"publish","type":"post","link":"https:\/\/tokajiirotabor.hu\/irotabor_archiv\/az-irok-kozeleti-felelossege-a-tokaji-iro-tabor-fontos-temaja-l-simon-laszlo-szerint\/","title":{"rendered":"Az \u00edr\u00f3k k\u00f6z\u00e9leti felel\u0151ss\u00e9ge a Tokaji \u00cdr\u00f3 t\u00e1bor fontos t\u00e9m\u00e1ja L.Simon L\u00e1szl\u00f3 szerint"},"content":{"rendered":"<h2>Fa\u00fcltet\u00e9ssel eml\u00e9keznek elhunyt \u00edr\u00f3kra a h\u00e9tf\u0151n kezd\u0151d\u0151 \u00f6tvenedik Tokaji \u00cdr\u00f3t\u00e1borban<\/h2>\n<p>&nbsp;<\/p>\n<p style=\"text-align: justify;\">A K\u00e1rp\u00e1t-medencei \u00edr\u00f3k egyik legnagyobb irodalmi tal\u00e1lkoz\u00f3j\u00e1n el\u0151ad\u00e1sok, kerekasztal-besz\u00e9lget\u00e9sek, sz\u00ednpadi produkci\u00f3k, koncertek v\u00e1rj\u00e1k a r\u00e9sztvev\u0151ket augusztus 25-ig. Lapunk L. Simon L\u00e1szl\u00f3, az \u00edr\u00f3t\u00e1bor\u00a0eln\u00f6ke besz\u00e9lt a jubileum\u00e1t \u00fcnnepl\u0151 tal\u00e1lkoz\u00f3 jelent\u0151s\u00e9g\u00e9r\u0151l.<\/p>\n<div style=\"width: 730px\" class=\"wp-caption aligncenter\"><img loading=\"lazy\" decoding=\"async\" title=\"Fot\u00f3: Facebook\/ Tokaji \u00cdr\u00f3t\u00e1bor Egye\" src=\"https:\/\/static.magyarhirlap.hu\/images\/202208\/md\/l-simon11.jpg\" alt=\"Az \u00edr\u00f3k k\u00f6z\u00e9leti felel\u0151ss\u00e9ge a Tokaji \u00cdr\u00f3 t\u00e1bor fontos t\u00e9m\u00e1ja L.Simon L\u00e1szl\u00f3 szerint\" width=\"720\" height=\"480\" \/><p class=\"wp-caption-text\">Fot\u00f3: Facebook\/ Tokaji \u00cdr\u00f3t\u00e1bor Egyes\u00fclet<\/p><\/div>\n<div class=\"article-element article-image-text\" data-tabu=\"true\">\n<div data-tabu=\"true\"><\/div>\n<div data-tabu=\"true\"><\/div>\n<div data-tabu=\"true\"><\/div>\n<div class=\"article-element image-text\" style=\"text-align: justify;\" data-tabu=\"true\">Az irodalom a rendszerv\u00e1lt\u00e1s \u00f3ta folyamatosan keresi a hely\u00e9t &#8212; fogalmazott L. Simon L\u00e1szl\u00f3, a Tokaji \u00cdr\u00f3t\u00e1bor eln\u00f6ke<\/div>\n<div class=\"article-element image-source\" style=\"text-align: justify;\" data-tabu=\"true\">\n<div class=\"article-element image-source-text\" data-tabu=\"true\"><\/div>\n<\/div>\n<\/div>\n<div style=\"text-align: justify;\" data-tabu=\"true\">\n<p>A Tokaji \u00cdr\u00f3t\u00e1bort\u00a0 id\u00e9n\u00a0 a Tokaji \u00cdr\u00f3t\u00e1bor eln\u00f6ke valamint\u00a0R\u00e1t\u00f3ti Zolt\u00e1n sz\u00ednm\u0171v\u00e9sz, a Sz\u00ednh\u00e1z \u00e9s Filmm\u0171v\u00e9szeti Egyetem rektora \u00e9s Hopp\u00e1l P\u00e9ter kultur\u00e1lis \u00e1llamtitk\u00e1r nyitja meg.<\/p>\n<p>Mint L. Simon L\u00e1szl\u00f3 lapunknak elmondta, huszonhat \u00e9ve vesz r\u00e9szt a Tokaji \u00cdr\u00f3t\u00e1bor rendezv\u00e9nyein.\u00a0 Kor\u00e1bban kurat\u00f3riumi tag volt, k\u00e9t \u00e9ve pedig\u00a0 az\u00a0 eln\u00f6ki tisztet t\u00f6lti be. Az \u00f6tven\u00e9ves \u00edr\u00f3t\u00e1bor szerinte a visszavonul\u00f3 irodalmi \u00e9let b\u00e1sty\u00e1inak egyike. Kiemelte: \u00a0az irodalom mellett a t\u00e1bor programjaib\u00f3l \u00e9s a besz\u00e9lget\u00e9sekb\u0151l soha nem hi\u00e1nyzik az \u00edr\u00f3k k\u00f6z\u00e9leti felel\u0151ss\u00e9g\u00e9nek t\u00e9m\u00e1ja sem. Mint mondta, a rendszerv\u00e1lt\u00e1s el\u0151tt, m\u00e1s, nagyobb volt az \u00edr\u00f3t\u00e1bor politikai jelent\u0151s\u00e9ge, a k\u00e9s\u0151bbiekben azonban a gondolkod\u00f3i szerep fontoss\u00e1ga cs\u00f6kkent, \u00e9s az\u00f3ta az irodalom a hely\u00e9t keresi. Kiemelte, hogy az \u00cdr\u00f3t\u00e1bor az elhunyt \u00edr\u00f3kra, k\u00f6lt\u0151kre eml\u00e9kez\u00e9s jelent\u0151s f\u00f3ruma. \u201eMi \u00e1poljuk az \u0151 eml\u00e9k\u00fcket, \u00e9s majd a mi eml\u00e9k\u00fcnket is \u00e1polj\u00e1k, akik ut\u00e1nunk j\u00f6nnek.\u201d De a legfontosabb szerinte, hogy az egyre ink\u00e1bb a virtu\u00e1lis t\u00e9rben zajl\u00f3 irodalom k\u00e9pvisel\u0151i ilyenkor szem\u00e9lyesen tal\u00e1lkoznak, r\u00e1\u00e9rnek, hogy egy poh\u00e1r bor mellett elbesz\u00e9lgessenek, irodalomr\u00f3l \u00e9s a k\u00f6z\u00f6s \u00fcgyeinkr\u0151l.<\/p>\n<p>Az \u00fcnnepi megnyit\u00f3 ut\u00e1n a Paulay Ede Sz\u00ednh\u00e1z Kis Domonkos M\u00e1rk rendez\u00e9s\u00e9ben bemutatja S\u00fct\u0151 Andr\u00e1s K\u00e1in \u00e9s \u00c1bel c\u00edm\u0171 m\u0171v\u00e9t.<\/p>\n<p>A m\u00e1snapi plen\u00e1ris \u00fcl\u00e9sen Alexa K\u00e1roly (Irodalom)t\u00f6rt\u00e9net jelen id\u0151 c\u00edmmel \u00e9s M\u00e1rkus B\u00e9la Cseres Tibor kiadatlan napl\u00f3ja alapj\u00e1n tart el\u0151ad\u00e1st a nyolcvanas \u00e9vek irodalmi vit\u00e1ir\u00f3l, Mezey Katalin, k\u00f6lt\u0151, \u00edr\u00f3 \u201eA szabad \u00fajrakezd\u00e9s ill\u00fazi\u00f3ja\u201d c\u00edmmel besz\u00e9l a kilencvenes \u00e9vek elej\u00e9nek magyar t\u00e1rsadalm\u00e1r\u00f3l \u00e9s irodalmi \u00e9let\u00e9r\u0151l.<\/p>\n<p>A m\u00e1sodik plen\u00e1ris \u00fcl\u00e9sen a R\u00e1k\u00f3czi Pince \u00e9s Udvarh\u00e1z terasz\u00e1n Solt\u00e9sz M\u00e1rton irodalomt\u00f6rt\u00e9n\u00e9sz a Tokaji \u00cdr\u00f3t\u00e1bor t\u00f6rt\u00e9net\u00e9r\u0151l, Bertha Zolt\u00e1n irodalomt\u00f6rt\u00e9n\u00e9sz \u201eHarangz\u00fag\u00e1sos\u201d magyar irodalomr\u00f3l besz\u00e9l, m\u00edg Kelemen Erzs\u00e9bet \u00edr\u00f3, irodalomt\u00f6rt\u00e9n\u00e9sz az irodalomnak a magyar nemzeti identit\u00e1s form\u00e1l\u00e1s\u00e1ban \u00e9s er\u0151s\u00edt\u00e9s\u00e9ben ny\u00fajtott szerep\u00e9r\u0151l tart el\u0151ad\u00e1st. Az \u00f6tvenedik sz\u00fclet\u00e9snapj\u00e1t \u00fcnnepl\u0151 \u00edr\u00f3t\u00e1borban mutatj\u00e1k be az 1986-os Tokaji \u00cdr\u00f3t\u00e1bor eddig kiadatlan \u00e9vk\u00f6nyv\u00e9t Solt\u00e9sz M\u00e1rton szerkeszt\u00e9s\u00e9ben. Bemutatkozik a Magyar Kult\u00fara c\u00edm\u0171 \u00faj foly\u00f3irat, \u00e9s felolvas\u00e1st tartanak a kor\u00e1bbi \u00e9vek Tokaji \u00cdr\u00f3t\u00e1bor-d\u00edjasai.<\/p>\n<p>Esti koncerteken a v\u00e1ros f\u0151ter\u00e9n fell\u00e9p a Vintage Dolls, a S\u00e1rik P\u00e9ter Tri\u00f3, kort\u00e1rs k\u00f6lt\u0151k megzen\u00e9s\u00edtett verseivel az Eleven K\u00f6lt\u0151k T\u00e1rsas\u00e1ga, valamint P\u00e9ly Barna.<\/p>\n<p>Az \u00edr\u00f3t\u00e1bor z\u00e1r\u00f3napj\u00e1n Egy irodalmi nemzed\u00e9k a rendszerv\u00e1ltoz\u00e1s forgatag\u00e1ban c\u00edmmel kerekasztal-besz\u00e9lget\u00e9st rendeznek Kukorelly Endre, Pet\u0151cz Andr\u00e1s, Turczi Istv\u00e1n \u00e9s Zal\u00e1n Tibor r\u00e9szv\u00e9tel\u00e9vel.<\/p>\n<p>Az esem\u00e9ny z\u00e1r\u00f3napj\u00e1n Horv\u00e1th J\u00falia Borb\u00e1la \u00edr\u00f3, antropol\u00f3gus, Borvend\u00e9g Zsuzsanna t\u00f6rt\u00e9n\u00e9sz \u00e9s Stumpf Istv\u00e1n, a Tokaj-Hegyalja Egyetem\u00e9rt Alap\u00edtv\u00e1ny kurat\u00f3riumi eln\u00f6ke el\u0151ad\u00e1sain sz\u00f3 lesz egyebek mellett a magyar kult\u00far\u00e1ban m\u00e1ig \u00e9l\u0151 szocializmusr\u00f3l, a k\u00e1d\u00e1ri rendszer lebont\u00e1s\u00e1r\u00f3l, valamint a kult\u00fara, tudom\u00e1ny \u00e9s politika j\u00f6v\u0151k\u00e9p\u00e9r\u0151l. Ugyancsak az utols\u00f3 napon a jubileum alkalm\u00e1b\u00f3l \u00fcnnep\u00e9lyes keretek k\u00f6z\u00f6tt \u00e1tadj\u00e1k a fel\u00faj\u00edtott Millenniumi Irodalmi Eml\u00e9kparkot, ahol egyebek mellett domborm\u0171vet avatnak a Sz\u00e1z \u00e9ve sz\u00fcletett Fekete Gyula \u00edr\u00f3, valamint Antall Istv\u00e1n r\u00e1di\u00f3s szerkeszt\u0151 eml\u00e9k\u00e9re, aki hal\u00e1l\u00e1ig tud\u00f3s\u00edtott \u00a0a Tokaji \u00cdr\u00f3t\u00e1borok rendezv\u00e9nyeir\u0151l. Ol\u00e1h J\u00e1nos k\u00f6lt\u0151-szerkeszt\u0151re \u00e9s Hubay Mikl\u00f3s \u00edr\u00f3ra pedig fa\u00fcltet\u00e9ssel eml\u00e9keznek.<\/p>\n<p>Az \u00f6tnapos irodalmi tal\u00e1lkoz\u00f3 \u00fcnnep\u00e9lyes d\u00edjkioszt\u00f3val z\u00e1rul.<\/p>\n<\/div>\n<p>Forr\u00e1s: www.magyarhirlap.hu<\/p>\n","protected":false},"excerpt":{"rendered":"<p>Fa\u00fcltet\u00e9ssel eml\u00e9keznek elhunyt \u00edr\u00f3kra a h\u00e9tf\u0151n kezd\u0151d\u0151 \u00f6tvenedik Tokaji \u00cdr\u00f3t\u00e1borban &nbsp; A K\u00e1rp\u00e1t-medencei \u00edr\u00f3k egyik legnagyobb irodalmi tal\u00e1lkoz\u00f3j\u00e1n el\u0151ad\u00e1sok, kerekasztal-besz\u00e9lget\u00e9sek, sz\u00ednpadi produkci\u00f3k, koncertek v\u00e1rj\u00e1k a r\u00e9sztvev\u0151ket augusztus 25-ig. Lapunk L. Simon L\u00e1szl\u00f3, az \u00edr\u00f3t\u00e1bor\u00a0eln\u00f6ke besz\u00e9lt a jubileum\u00e1t \u00fcnnepl\u0151 tal\u00e1lkoz\u00f3 jelent\u0151s\u00e9g\u00e9r\u0151l&#8230;.<\/p>\n","protected":false},"author":1,"featured_media":5990,"comment_status":"closed","ping_status":"closed","sticky":false,"template":"","format":"standard","meta":{"footnotes":""},"categories":[1],"tags":[],"class_list":["post-5987","post","type-post","status-publish","format-standard","has-post-thumbnail","hentry","category-hirek"],"_links":{"self":[{"href":"https:\/\/tokajiirotabor.hu\/irotabor_archiv\/wp-json\/wp\/v2\/posts\/5987"}],"collection":[{"href":"https:\/\/tokajiirotabor.hu\/irotabor_archiv\/wp-json\/wp\/v2\/posts"}],"about":[{"href":"https:\/\/tokajiirotabor.hu\/irotabor_archiv\/wp-json\/wp\/v2\/types\/post"}],"author":[{"embeddable":true,"href":"https:\/\/tokajiirotabor.hu\/irotabor_archiv\/wp-json\/wp\/v2\/users\/1"}],"replies":[{"embeddable":true,"href":"https:\/\/tokajiirotabor.hu\/irotabor_archiv\/wp-json\/wp\/v2\/comments?post=5987"}],"version-history":[{"count":5,"href":"https:\/\/tokajiirotabor.hu\/irotabor_archiv\/wp-json\/wp\/v2\/posts\/5987\/revisions"}],"predecessor-version":[{"id":6001,"href":"https:\/\/tokajiirotabor.hu\/irotabor_archiv\/wp-json\/wp\/v2\/posts\/5987\/revisions\/6001"}],"wp:featuredmedia":[{"embeddable":true,"href":"https:\/\/tokajiirotabor.hu\/irotabor_archiv\/wp-json\/wp\/v2\/media\/5990"}],"wp:attachment":[{"href":"https:\/\/tokajiirotabor.hu\/irotabor_archiv\/wp-json\/wp\/v2\/media?parent=5987"}],"wp:term":[{"taxonomy":"category","embeddable":true,"href":"https:\/\/tokajiirotabor.hu\/irotabor_archiv\/wp-json\/wp\/v2\/categories?post=5987"},{"taxonomy":"post_tag","embeddable":true,"href":"https:\/\/tokajiirotabor.hu\/irotabor_archiv\/wp-json\/wp\/v2\/tags?post=5987"}],"curies":[{"name":"wp","href":"https:\/\/api.w.org\/{rel}","templated":true}]}}