{"id":5567,"date":"2021-06-28T12:46:52","date_gmt":"2021-06-28T11:46:52","guid":{"rendered":"http:\/\/www.tokajiirotabor.hu\/?p=5567"},"modified":"2021-06-28T12:46:52","modified_gmt":"2021-06-28T11:46:52","slug":"kiemelkedo-nemzeti-ertekke-lett-a-tokaji-irotabor","status":"publish","type":"post","link":"https:\/\/tokajiirotabor.hu\/irotabor_archiv\/kiemelkedo-nemzeti-ertekke-lett-a-tokaji-irotabor\/","title":{"rendered":"KIEMELKED\u0150 NEMZETI \u00c9RT\u00c9KK\u00c9 LETT A TOKAJI \u00cdR\u00d3T\u00c1BOR"},"content":{"rendered":"<p style=\"text-align: justify;\">2021. j\u00fanius 22-\u00e9n a Hungarikum Bizotts\u00e1g kiemelked\u0151 nemzeti \u00e9rt\u00e9kk\u00e9 nyilv\u00e1n\u00edtotta a Tokaji \u00cdr\u00f3t\u00e1bort, amely j\u00f6v\u0151re \u00fcnnepli megalakul\u00e1s\u00e1nak 50. \u00e9vfordul\u00f3j\u00e1t \u2013 jelentette be Nagy Istv\u00e1n agr\u00e1rminiszter a bizotts\u00e1gi \u00fcl\u00e9st k\u00f6vet\u0151en. Ezen k\u00edv\u00fcl a magyar citera \u00e9s citeraj\u00e1t\u00e9k, a K\u00e1rp\u00e1t-medence hagyom\u00e1nyos fejf\u00e1i, a sz\u00e9kelykapuk, a R\u00e1k\u00f3czi-t\u00far\u00f3s, a teqball, a szentkir\u00e1lyi \u00e1sv\u00e1nyv\u00edz, valamint a Zema porcel\u00e1n\u00e9kszer is a hungarikum c\u00edmmel b\u00fcszk\u00e9lkedhet. A miniszteri biztos szerint a kor\u00e1bbiakhoz hasonl\u00f3an a Magyar \u00c9rt\u00e9kt\u00e1r \u00faj elemei is egyedi, vonz\u00f3 magyars\u00e1gk\u00e9pet jelen\u00edtenek meg. Kiv\u00e1laszt\u00e1suk fontos szempontja, hogy ne csak a magyars\u00e1g m\u00faltj\u00e1ra, hanem a jelen\u00e9re is utaljanak.<\/p>\n","protected":false},"excerpt":{"rendered":"<p>2021. j\u00fanius 22-\u00e9n a Hungarikum Bizotts\u00e1g kiemelked\u0151 nemzeti \u00e9rt\u00e9kk\u00e9 nyilv\u00e1n\u00edtotta a Tokaji \u00cdr\u00f3t\u00e1bort, amely j\u00f6v\u0151re \u00fcnnepli megalakul\u00e1s\u00e1nak 50. \u00e9vfordul\u00f3j\u00e1t \u2013 jelentette be Nagy Istv\u00e1n agr\u00e1rminiszter a bizotts\u00e1gi \u00fcl\u00e9st k\u00f6vet\u0151en. Ezen k\u00edv\u00fcl a magyar citera \u00e9s citeraj\u00e1t\u00e9k, a K\u00e1rp\u00e1t-medence hagyom\u00e1nyos fejf\u00e1i,&#8230;<\/p>\n","protected":false},"author":1,"featured_media":3734,"comment_status":"closed","ping_status":"closed","sticky":false,"template":"","format":"standard","meta":{"footnotes":""},"categories":[1],"tags":[],"class_list":["post-5567","post","type-post","status-publish","format-standard","has-post-thumbnail","hentry","category-hirek"],"_links":{"self":[{"href":"https:\/\/tokajiirotabor.hu\/irotabor_archiv\/wp-json\/wp\/v2\/posts\/5567"}],"collection":[{"href":"https:\/\/tokajiirotabor.hu\/irotabor_archiv\/wp-json\/wp\/v2\/posts"}],"about":[{"href":"https:\/\/tokajiirotabor.hu\/irotabor_archiv\/wp-json\/wp\/v2\/types\/post"}],"author":[{"embeddable":true,"href":"https:\/\/tokajiirotabor.hu\/irotabor_archiv\/wp-json\/wp\/v2\/users\/1"}],"replies":[{"embeddable":true,"href":"https:\/\/tokajiirotabor.hu\/irotabor_archiv\/wp-json\/wp\/v2\/comments?post=5567"}],"version-history":[{"count":1,"href":"https:\/\/tokajiirotabor.hu\/irotabor_archiv\/wp-json\/wp\/v2\/posts\/5567\/revisions"}],"predecessor-version":[{"id":5568,"href":"https:\/\/tokajiirotabor.hu\/irotabor_archiv\/wp-json\/wp\/v2\/posts\/5567\/revisions\/5568"}],"wp:featuredmedia":[{"embeddable":true,"href":"https:\/\/tokajiirotabor.hu\/irotabor_archiv\/wp-json\/wp\/v2\/media\/3734"}],"wp:attachment":[{"href":"https:\/\/tokajiirotabor.hu\/irotabor_archiv\/wp-json\/wp\/v2\/media?parent=5567"}],"wp:term":[{"taxonomy":"category","embeddable":true,"href":"https:\/\/tokajiirotabor.hu\/irotabor_archiv\/wp-json\/wp\/v2\/categories?post=5567"},{"taxonomy":"post_tag","embeddable":true,"href":"https:\/\/tokajiirotabor.hu\/irotabor_archiv\/wp-json\/wp\/v2\/tags?post=5567"}],"curies":[{"name":"wp","href":"https:\/\/api.w.org\/{rel}","templated":true}]}}