{"id":5541,"date":"2020-10-21T11:26:21","date_gmt":"2020-10-21T10:26:21","guid":{"rendered":"http:\/\/www.tokajiirotabor.hu\/?p=5541"},"modified":"2020-10-21T11:26:21","modified_gmt":"2020-10-21T10:26:21","slug":"hordo-dijas-versnagykovet","status":"publish","type":"post","link":"https:\/\/tokajiirotabor.hu\/irotabor_archiv\/hordo-dijas-versnagykovet\/","title":{"rendered":"Hord\u00f3-d\u00edjas versnagyk\u00f6vet"},"content":{"rendered":"<p><strong>Talli\u00e1n Mariann sz\u00edn\u00e9szn\u0151vel, \u00edr\u00f3val besz\u00e9lgett\u00fcnk.<\/strong><\/p>\n<p>A sz\u00edn\u00e9szn\u0151vel a belv\u00e1ros kell\u0151s k\u00f6zep\u00e9n, a Szab\u00f3 Ervin K\u00f6nyvt\u00e1rban tal\u00e1lkoztunk, ahov\u00e1 szok\u00e1s\u00e1hoz h\u00edven aut\u00f3 n\u00e9lk\u00fcl \u00e9rkezett. K\u00f6rnyezettudatoss\u00e1g\u00e1r\u00f3l, idei Hord\u00f3-d\u00edj\u00e1r\u00f3l, f\u00e9rj\u00e9vel, L\u00e1z\u00e1r Bal\u00e1zs sz\u00edn\u00e9sz, k\u00f6lt\u0151vel k\u00f6z\u00f6s munk\u00e1ir\u00f3l \u00e9s irodalmi kalandoz\u00e1sair\u00f3l is besz\u00e9lgett\u00fcnk.<\/p>\n<p><strong>\u2013 Nem szokv\u00e1nyos, hogy egy sz\u00edn\u00e9sz h\u00e1zasp\u00e1r, akik r\u00e1ad\u00e1sul sokat l\u00e9pnek fel vid\u00e9ken is, aut\u00f3 n\u00e9lk\u00fcl \u00e9lje a mindennapokat. Ez nektek tudatos d\u00f6nt\u00e9s?\u00a0<\/strong><\/p>\n<p>\u2013 A belv\u00e1rosban lakunk, \u00e9s b\u00e1r egy ideje m\u00e1r tervezz\u00fck, hogy \u00e1tk\u00f6lt\u00f6z\u00fcnk Bud\u00e1ra, tov\u00e1bbra is aut\u00f3mentes \u00e9letet szeretn\u00e9nk. Egyr\u00e9szt egyik\u00fcnk sem szeret vezetni, m\u00e1sr\u00e9szt a v\u00e1rosban nincs is sz\u00fcks\u00e9g\u00fcnk aut\u00f3ra, hiszen minden nagyon k\u00f6zel van hozz\u00e1nk, r\u00e1ad\u00e1sul parkolni is borzaszt\u00f3 neh\u00e9z, \u00e9s nagyon dr\u00e1ga a fenntart\u00e1sa. A belv\u00e1rosban pedig szagoljuk a t\u00f6m\u00e9ny benzing\u0151zt, \u00edgy pontosan tudjuk, milyen szmog keletkezik az aut\u00f3forgalom miatt. Ha egyszer vesz\u00fcnk majd, az csakis elektromos lesz. A vid\u00e9ki fell\u00e9p\u00e9sekre \u00e1ltal\u00e1ban vonattal j\u00e1runk. Be\u00fcl\u00fcnk a kis kup\u00e9nkba, \u00f6sszemondjuk a sz\u00f6veget, besz\u00e9lget\u00fcnk, k\u00e9sz\u00fcl\u00fcnk a fell\u00e9p\u00e9sre, azt\u00e1n legt\u00f6bbsz\u00f6r v\u00e1r minket valaki az \u00e1llom\u00e1son. Egy\u00e9bk\u00e9nt is szt\u00e1rall\u0171r\u00f6kt\u0151l mentesek vagyunk, nemcsak ebben, hanem mindenben, \u00e9s nek\u00fcnk ez \u00edgy j\u00f3.<\/p>\n<p>&nbsp;<\/p>\n<figure class=\"figure\"><img decoding=\"async\" class=\"figure-img img-fluid\" src=\"https:\/\/hajonaplo.ma\/file\/slides\/7\/7565\/fe_730_0_tallian_mariann6.jpg\" alt=\"M\u00e9sz\u00e1ros G\u00e1bor-\" \/><figcaption class=\"figure-caption\"><span class=\"font-italic\">Fot\u00f3: M\u00e9sz\u00e1ros G\u00e1bor<\/span><\/figcaption><\/figure>\n<p>&nbsp;<\/p>\n<p><strong>\u2013 Ett\u0151l f\u00fcggetlen\u00fcl szakmai munk\u00e1dat elismerik, hiszen a besz\u00e9lget\u00e9s\u00fcnk aprop\u00f3j\u00e1t is a Hord\u00f3-d\u00edjad adja, amit id\u00e9n kapt\u00e1l meg a Tokaji \u00cdr\u00f3t\u00e1borban. Mely tev\u00e9kenys\u00e9geid\u00e9rt \u00edt\u00e9lt\u00e9k oda neked, \u00e9s mit jelent sz\u00e1modra ez az elismer\u00e9s?\u00a0<\/strong><\/p>\n<p>\u2013 Mind sz\u00edn\u00e9szk\u00e9nt, mind \u00edr\u00f3k\u00e9nt nagyon akt\u00edvan veszek r\u00e9szt az irodalmi k\u00f6z\u00e9letben.\u00a0Lassan h\u00fasz \u00e9ve vagyok jelen el\u0151ad\u00f3k\u00e9nt, \u00e9s nyugodtan mondhatom azt, hogy egy kicsit a sz\u00edn\u00e9szi karriert is h\u00e1tt\u00e9rbe szor\u00edtottam az\u00e9rt, amit els\u0151dleges feladatomnak \u00e9rzek: a klasszikus \u00e9s a kort\u00e1rs irodalom n\u00e9pszer\u0171s\u00edt\u00e9s\u00e9t. Az \u00edr\u00f3i munk\u00e1ss\u00e1gom belesimul ebbe a t\u00f6rekv\u00e9sbe, \u00e9s tudatosan \u00f6sszekapcsolom a kett\u0151t:\u00a0mindent megteszek az\u00e9rt, hogy az irodalmat a saj\u00e1t m\u0171veimen kereszt\u00fcl is propag\u00e1ljam. \u00cdr\u00f3k\u00e9nt nem \u00e9reztem volna m\u00e9lt\u00f3nak magam a Hord\u00f3-d\u00edjra, hiszen annyi k\u00f6nyvet m\u00e9g nem \u00edrtam. Id\u00e9n viszont velem egy\u00fctt olyanoknak \u00edt\u00e9lt\u00e9k oda a d\u00edjat, akik b\u00e1rmilyen k\u00f6r\u00fclm\u00e9nyek k\u00f6z\u00f6tt, nem anyagi megfontol\u00e1sokb\u00f3l, nem az \u00f6nmegval\u00f3s\u00edt\u00e1s \u00f6nz\u00e9s\u00e9b\u0151l, akt\u00edvan r\u00e9szt vesznek az irodalmi \u00e9letben, \u00e9s az a m\u00e1ni\u00e1juk, az a fixa ide\u00e1juk, hogy a magyar irodalom kincsest\u00e1r\u00e1t n\u00e9pszer\u0171s\u00edteni\u00fck kell. A d\u00edjainkkal arra is fel akart\u00e1k h\u00edvni a figyelmet, hogy a XXI. sz\u00e1zadban az irodalmi tev\u00e9kenys\u00e9g nem csup\u00e1n egy\u00e9ni m\u0171faj, hanem csapatmunka, \u00e9s azt hiszem, ebben mindh\u00e1rman jelesked\u00fcnk. Ez\u00e9rt \u00fagy \u00e9rzem, hogy meg\u00e9rdemelten kaptam meg a Hord\u00f3-d\u00edjat.<\/p>\n<p>&nbsp;<\/p>\n<figure class=\"figure\"><img decoding=\"async\" class=\"figure-img img-fluid\" src=\"https:\/\/hajonaplo.ma\/file\/slides\/7\/7549\/fe_730_0_tallian_mariann3.jpg\" alt=\"Felker Gy\u00f6rgy-\" \/><figcaption class=\"figure-caption\"><span class=\"font-italic\">Fot\u00f3: Felker Gy\u00f6rgy<\/span><\/figcaption><\/figure>\n<p>&nbsp;<\/p>\n<p><strong>\u2013 Irodalomn\u00e9pszer\u0171s\u00edt\u0151 munk\u00e1ss\u00e1god nagyon sok ponton kapcsol\u00f3dik a f\u00e9rjedhez, L\u00e1z\u00e1r Bal\u00e1zshoz. Hogyan alakult ez \u00edgy, hogy ilyen szorosan egy\u00fctt dolgoztok?\u00a0<\/strong><\/p>\n<p>\u2013\u00a0Bal\u00e1zs gyerekkora \u00f3ta \u00edr verseket, \u00edgy amikor mi \u00f6sszeker\u00fclt\u00fcnk, akkor \u00e1ltala \u00e9n is belecs\u00f6ppentem az irodalmi k\u00f6zegbe. Sokszor k\u00e9rtek fel benn\u00fcnket k\u00fcl\u00f6n-k\u00fcl\u00f6n verset mondani, fell\u00e9pni vagy k\u00f6nyvbemutat\u00f3n r\u00e9szt venni, \u00edgy term\u00e9szetes volt, hogy egy id\u0151 ut\u00e1n k\u00f6z\u00f6sen is csin\u00e1lunk valamit. Bal\u00e1zsnak volt egy Bert\u00f3k L\u00e1szl\u00f3 m\u0171veib\u0151l k\u00e9sz\u00edtett monodr\u00e1m\u00e1ja, amin megk\u00e9rt, hogy heged\u00fcljek. Ezen az esten adtunk el\u0151sz\u00f6r el\u0151 verset k\u00f6z\u00f6sen, ami a visszajelz\u00e9sek alapj\u00e1n tetszett a k\u00f6z\u00f6ns\u00e9gnek, \u00edgy indultunk el ezen az \u00faton. Ezut\u00e1n minden \u00e9vben l\u00e9trehoztunk egy-egy el\u0151ad\u00e1st, ha kellett, ha nem, hiszen az elej\u00e9n t\u00e9nyleg csak szenved\u00e9lyb\u0151l alkottunk. Egy id\u0151 ut\u00e1n azt\u00e1n elj\u00f6tt egy d\u00f6nt\u00e9si pont, hogy melyiket helyezz\u00fck el\u0151t\u00e9rbe: a sz\u00edn\u00e9szi p\u00e1ly\u00e1t, a karriert vagy a verssz\u00ednh\u00e1zas el\u0151ad\u00e1sokat, amelyek nem j\u00e1rnak se h\u00edrn\u00e9vvel, se d\u00edjakkal vagy sok p\u00e9nzzel, viszont amiket mi nagyon szeret\u00fcnk csin\u00e1lni. V\u00e9g\u00fcl ez ut\u00f3bbi mellett d\u00f6nt\u00f6tt\u00fcnk, \u00e9s ennek m\u00e1r legal\u00e1bb tizen\u00f6t \u00e9ve. Persze a sz\u00edn\u00e9szi munk\u00e1kr\u00f3l sem mondtunk le, mindketten j\u00e1tszunk darabokban is, de a priorit\u00e1s a\u00a0<a href=\"https:\/\/www.facebook.com\/kettenaversben\/\" target=\"_blank\" rel=\"noopener noreferrer\"><em>Ketten a versben<\/em><\/a>\u00a0form\u00e1ci\u00f3nkon van.<\/p>\n<p><strong>\u2013 Van egy harmadik m\u0171v\u00e9szeti tev\u00e9kenys\u00e9ged is, amely egyre nagyobb szeletet has\u00edt ki az id\u0151db\u0151l.\u00a0<\/strong><\/p>\n<p>\u2013 Igen, az \u00edr\u00e1s. Az ut\u00f3bbi \u00e9vekben ez egy \u00faj helyzetet jelent, el\u00e9gg\u00e9 \u00e1trendez\u0151dtek a viszonyok, hiszen a pr\u00f3za\u00edr\u00e1s rengeteg id\u0151t vesz el. Tulajdonk\u00e9ppen engem Dr. Milkovich Eszter, a Holnap Kiad\u00f3 vezet\u0151je fedezett fel, aki tudta, hogy zeneileg k\u00e9pzett vagyok, heged\u00fcl\u00f6k, de mellette van \u00edr\u00f3i v\u00e9n\u00e1m is. \u0150 szavazott bizalmat nekem, \u00edgy lettem a Mes\u00e9k az oper\u00e1b\u00f3l sorozatban az egyik szerz\u0151. A k\u00e9t, m\u00e1r megjelent k\u00f6nyvem,\u00a0<em>A T\u0171zmad\u00e1r<\/em>\u00a0\u00e9s a\u00a0<em>Bolyg\u00f3 Hollandi<\/em>\u00a0gy\u00f6ny\u00f6r\u0171 grafik\u00e1kkal, CD-mell\u00e9klettel ebben a hi\u00e1nyp\u00f3tl\u00f3 sorozatban jelent meg, amely ugyan a gyerekeknek sz\u00f3l, de fontos az is, hogy a sz\u00fcl\u0151knek szint\u00e9n sz\u00f3rakoztat\u00f3 legyen. Ezek\u00a0mellett k\u00e9t k\u00f6nyvem v\u00e1r kiad\u00e1sra: az egyik egy II. R\u00e1k\u00f3czi Ferenc \u00e9let\u00e9r\u0151l sz\u00f3l\u00f3 ifj\u00fas\u00e1gi kalandreg\u00e9ny a Zr\u00ednyi kiad\u00f3 gondoz\u00e1s\u00e1ban,<em>\u00a0A szeg\u00e9nyek fejedelme<\/em>\u00a0c\u00edmmel, a m\u00e1sik pedig szint\u00e9n egy ifj\u00fas\u00e1gi k\u00f6nyv,\u00a0a Holnap kiad\u00f3n\u00e1l,\u00a0<em>Cyrano\u00a0<\/em>c\u00edmmel. Ebben az eredeti Rostand-dr\u00e1m\u00e1t kellett \u00fagy \u00e1t\u00edrni, hogy olvasm\u00e1nyos legyen a fiataloknak, akik tal\u00e1n m\u00e1r nem fogj\u00e1k az eredetit elolvasni vagy sz\u00ednh\u00e1zban megn\u00e9zni, de legal\u00e1bb megismerik a t\u00f6rt\u00e9netet. Ez a k\u00f6tet m\u00e1r egy \u00faj, sz\u00ednh\u00e1zmes\u00e9s sorozat r\u00e9sze lesz. A c\u00e9l ezekkel a k\u00f6nyvekkel az, hogy a m\u00edves sz\u00f6vegek, az ig\u00e9nyes, kiemelked\u0151en sz\u00e9p illusztr\u00e1ci\u00f3k \u00e9s a zene seg\u00edts\u00e9g\u00e9vel a gyerekek \u00e9s a mes\u00e9t olvas\u00f3 feln\u0151ttek is kiszakadjanak a mindennapos rohan\u00e1sb\u00f3l, \u00fagy, hogy mindkett\u0151j\u00fcknek \u00e9lm\u00e9ny legyen a k\u00f6z\u00f6s id\u0151t\u00f6lt\u00e9s.<\/p>\n<p><strong>\u2013 Fontos volt sz\u00e1modra, hogy a feln\u0151ttek is \u00f6r\u00f6mmel olvass\u00e1k ezeket a k\u00f6nyveket? \u00c9s a te gyerekeid mit sz\u00f3ltak hozz\u00e1juk, szeretik \u0151ket?\u00a0<\/strong><\/p>\n<p>\u2013 Ez nagy kih\u00edv\u00e1s volt nekem. Gyakorl\u00f3 anyukak\u00e9nt ugyanis \u00e9n rengeteget olvastam a fiaimnak, \u00e9s be kell vallanom, hogy sok gyerekk\u00f6nyvet nagyon untam, t\u00fal didaktikusnak tal\u00e1ltam. \u00cdgy t\u00f6rekedtem arra, hogy \u00e1rnyaltabb tartalmak is megjelenjenek a k\u00f6nyvekben. Az els\u0151dleges t\u00f6rt\u00e9net mindig a gyerekekhez sz\u00f3l, a m\u00e1sodik r\u00e9teg a feln\u0151ttek sz\u00e1m\u00e1ra is izgalmas t\u00f6bblettartalom, \u00e9s mindezek alj\u00e1n m\u0171k\u00f6dnie kell a lelki m\u00e9lys\u00e9gnek. Ez\u00e9rt szimb\u00f3lumokat, alleg\u00f3ri\u00e1kat is sz\u00edvesen alkalmazok az \u00edr\u00e1saimban. Szerintem nagyon l\u00e9nyeges az is, hogy a magyar gyerek- \u00e9s ifj\u00fas\u00e1gi irodalom klasszikusainak hagyom\u00e1nyait folytassuk, mert gyakran megr\u00e9m\u00fcl\u00f6k, hogy milyen sz\u00e1jbar\u00e1g\u00f3s \u00e9s tartalmatlan, egy kaptaf\u00e1ra k\u00e9sz\u00fclt k\u00f6nyvek ker\u00fclnek piacra. Mindk\u00e9t fiam olvasta a k\u00f6nyveimet, a kisebbik akt\u00edvan bele is sz\u00f3lt az \u00edr\u00e1si folyamatba, \u0151 volt az otthoni olvas\u00f3szerkeszt\u0151m. T\u00e9nyleg nagyon hasznosakat \u00e9s j\u00f3kat mondott, f\u0151leg a fi\u00fasabb r\u00e9szekn\u00e9l, p\u00e9ld\u00e1ul a csatajelenetekn\u00e9l.<\/p>\n<p><strong>\u2013 K\u00e9t irodalmi embernek mennyire lesznek olvas\u00f3k a gyerekei is?\u00a0<\/strong><\/p>\n<p>\u2013\u00a0Az \u00e9n k\u00f6nyveimen t\u00fal m\u00e1st is olvasnak term\u00e9szetesen, de az\u00e9rt azt be kell l\u00e1tnunk, hogy az \u0151 l\u00e9tez\u00e9si ter\u00fck m\u00e1r nem a pap\u00edr, nem a k\u00f6nyv, hanem a digit\u00e1lis vil\u00e1g. K\u00e9perny\u0151ben, vizualit\u00e1sban, l\u00e1tv\u00e1nyban gondolkodnak, ebbe sz\u00fclettek bele, \u0151k m\u00e1r egy m\u00e1s gener\u00e1ci\u00f3. Ezt a szakad\u00e9kot lehetetlen \u00e1thidalni. Szinte biztos vagyok benne, hogy az \u00e9n unok\u00e1m m\u00e1r csak akkor fogja elolvasni a k\u00f6nyveimet, ha azokat pdf-be let\u00f6lt\u00f6m neki. Nincsenek ill\u00fazi\u00f3im, szerintem az \u00edr\u00e1saimat egy egyre sz\u0171kebb \u00e9rtelmis\u00e9gi r\u00e9teg fogja csak olvasni. Az igazi k\u00e9rd\u00e9s teh\u00e1t nem az, hogy az \u00e9n fiaim olvasnak-e, hanem az, hogy a k\u00f6zelj\u00f6v\u0151ben fognak-e egy\u00e1ltal\u00e1n k\u00f6nyvet olvasni a gyerekek. A sz\u00e9pirodalmi esem\u00e9nyek k\u00f6z\u00f6ns\u00e9ge f\u0151leg k\u00f6z\u00e9pkor\u00faakb\u00f3l \u00e1ll, a fiatalokhoz csak \u00fagy \u00e9r\u00fcnk el, ha elmegy\u00fcnk iskol\u00e1kba fell\u00e9pni. De persze egy-egy el\u0151ad\u00e1st\u00f3l m\u00e9g senki nem lesz m\u00e1ni\u00e1kus olvas\u00f3, maximum az \u00e9rdekl\u0151d\u00e9s\u00e9t tudjuk felkelteni a fiataloknak.<\/p>\n<p><strong>\u2013 V\u00e9g\u00fcl is ez a c\u00e9lja a verssz\u00ednh\u00e1zas form\u00e1ci\u00f3toknak is, nem?\u00a0<\/strong><\/p>\n<p>\u2013\u00a0Igen, mindig \u00faj utakat kell keresni, ez\u00e9rt is hoztuk l\u00e9tre a verssz\u00ednh\u00e1zas el\u0151ad\u00e1sokat, amelyekben sz\u00ednh\u00e1zi eszk\u00f6z\u00f6kkel gyakorlatilag el\u0151adjuk a verseket. \u00cdgy azok is, akik egy\u00e1ltal\u00e1n nem olvasnak l\u00edr\u00e1t, a dramatiz\u00e1lt form\u00e1ban bemutatott k\u00f6ltem\u00e9nyeket tudj\u00e1k k\u00f6vetni, meg\u00e9rtik \u0151ket, tal\u00e1n egy-egy sor meg is ragad benn\u00fck. Ugyan\u00edgy, a k\u00f6nyvbemutat\u00f3kon is arra t\u00f6reksz\u00fcnk, hogy ne unalmas \u00fccs\u00f6rg\u0151 felolvas\u00e1sok, hanem sz\u00ednes, l\u00e1tv\u00e1nyos, zen\u00e9s \u201eshow-m\u0171sorok\u201d legyenek. Akik ismernek minket, h\u00edvnak fell\u00e9pni, azok m\u00e1r tudj\u00e1k, hogy valami izgalmas biztosan t\u00f6rt\u00e9nik majd a sz\u00ednpadon. Mindig pr\u00f3b\u00e1lunk valami \u00fajat, korszer\u0171t kital\u00e1lni, m\u00e1shogy bemutatni a m\u0171veket, arra t\u00f6reksz\u00fcnk, hogy napr\u00f3l napra kicsit mindig jobbak legy\u00fcnk, \u00e9rt\u00e9keset alkossunk. Ugyan a k\u00f6z\u00f6s fell\u00e9p\u00e9seink els\u0151sorban a mi gener\u00e1ci\u00f3nkhoz sz\u00f3lnak, de azt gondolom, hogy j\u00f3l elmes\u00e9lt t\u00f6rt\u00e9netekre mindig sz\u00fcks\u00e9g lesz. \u00cdgy a fiatalokat csak biztatni tudom, hogy b\u00e1tran k\u00eds\u00e9rletezzenek k\u00fcl\u00f6nb\u00f6z\u0151 m\u00f3dszerekkel, utakkal, sz\u00f3ljanak \u0151k a saj\u00e1t koroszt\u00e1lyukhoz, hogy megmaradjon a magyar nyelv \u00e9s kult\u00fara.<\/p>\n<p>&nbsp;<\/p>\n<div class=\"embed-responsive embed-responsive-16by9\"><iframe class=\"embed-responsive-item lazy loaded\" src=\"https:\/\/www.youtube.com\/embed\/aSwy8quncyg\" allowfullscreen=\"allowfullscreen\" data-src=\"\/\/www.youtube.com\/embed\/aSwy8quncyg\" data-was-processed=\"true\" data-mce-fragment=\"1\"><\/iframe><\/div>\n<p>&nbsp;<\/p>\n<p><strong>\u2013 Az\u00e9rt te sem hagysz fel a fell\u00e9p\u00e9sekkel, ugye? Miben l\u00e1that t\u00e9ged mostan\u00e1ban a k\u00f6z\u00f6ns\u00e9g, \u00e9s \u00edr\u00f3k\u00e9nt milyen k\u00f6nyv\u00f6n dolgozol?<\/strong><\/p>\n<p>\u2013 A Ferencv\u00e1rosi Pincesz\u00ednh\u00e1zban\u00a0<em>A Herner Ferike faterja,\u00a0A G\u00e9zagyerek\u00a0<\/em>\u00e9s a\u00a0<em>Marvin szob\u00e1ja<\/em>\u00a0darabokban j\u00e1tszom, b\u00e1r a Covid miatt most sok el\u0151ad\u00e1s sz\u00fcnetel. Ugyanitt havonta, k\u00e9thavonta vannak irodalmi estjeink is. Az RS9-ben Csehov Csereszny\u00e9skertj\u00e9nek adapt\u00e1ci\u00f3j\u00e1ban, a\u00a0<em>csRSny\u00e9s<\/em>ben szerepelek m\u00e9g. A verssz\u00ednh\u00e1zas produkci\u00f3ink a j\u00e1rv\u00e1ny miatt nagyon visszaszorultak, m\u00e1skor ebben az id\u0151szakban rengeteg fell\u00e9p\u00e9s\u00fcnk, megh\u00edv\u00e1sunk van, most \u00e9rthet\u0151 m\u00f3don senki nem mer el\u0151re tervezni, ink\u00e1bb nem is szerveznek irodalmi esteket. \u00cdgy viszont t\u00f6bb id\u0151m van \u00edrni, \u00e9s engem az \u00edr\u00e1s boldog\u00edt legink\u00e1bb, ezzel szeretn\u00e9k a legt\u00f6bbet foglalkozni a j\u00f6v\u0151ben. Ahogy m\u00e1r kor\u00e1bban is eml\u00edtettem, az \u00edr\u00e1s nagyon sok id\u0151t ig\u00e9nyel, tavaly p\u00e9ld\u00e1ul Szendrey J\u00fali\u00e1r\u00f3l k\u00e9sz\u00edtettem egy forgat\u00f3k\u00f6nyvet, akkor szinte csak azzal foglalkoztam, hiszen rengeteg kutat\u00f3munk\u00e1ra volt sz\u00fcks\u00e9g. A j\u00f6v\u0151ben tervezem, hogy reg\u00e9nyt is \u00edrok Pet\u0151fi szerelm\u00e9r\u0151l, mert nagyon izgalmas karakter, igen v\u00e1ltozatos \u00e9let\u00fattal, aki a legeksztatikusabb \u00e9s a legm\u00e9lyebb pillanatokat is \u00e1t\u00e9lte, a mag\u00e1n\u00e9let\u00e9ben \u00e9s a t\u00f6rt\u00e9nelemben is. Jelenleg egy ifj\u00fas\u00e1gi novell\u00e1sk\u00f6teten dolgozom, a c\u00edme:\u00a0<em>A K\u00fcld\u00f6tt<\/em>. Olyan emberekr\u0151l sz\u00f3l, akik nem h\u0151s\u00f6k a sz\u00f3 els\u0151dleges \u00e9rtelm\u00e9ben, m\u00e9gis olyan \u00e9rt\u00e9keket hordoznak, ami kivesz\u0151ben van a vil\u00e1gban. Az \u0151 k\u00fczdelmes t\u00f6rt\u00e9neteik \u00fczennek nek\u00fcnk, hogy ne feledj\u00fck: felel\u0151ss\u00e9g\u00fcnk van abban, milyen ir\u00e1nyban halad a vil\u00e1g.<\/p>\n<p><strong>\u2013 Mindig \u00e9rdekes k\u00e9rd\u00e9s, hogy egy \u00edr\u00f3 mennyit \u00e9s mit olvas. Mondan\u00e1l n\u00e9h\u00e1ny k\u00f6nyvet, amelyeket mostan\u00e1ban forgatsz?<\/strong><\/p>\n<p>\u2013 Amikor benne vagyok egy munk\u00e1ban, \u00e1ltal\u00e1ban nem olvasok, mert akarva-akaratlanul is befoly\u00e1solhat egy m\u00e1sik szerz\u0151 st\u00edlusa. Sokszor pedig szakmai szemmel olvasok, hogy egyes alkot\u00f3k milyen technikai fog\u00e1sokat alkalmaznak, hogyan alak\u00edtj\u00e1k a sztorit \u00e9s a karaktereket, esetleg milyen hib\u00e1kat v\u00e9tenek, ebb\u0151l tanulok \u00e9n is. Jelenleg fantasynovella-antol\u00f3gi\u00e1kat, Poe-elbesz\u00e9l\u00e9seket, Tatay S\u00e1ndor ifj\u00fas\u00e1gi reg\u00e9nyeit, valamint Csinszka napl\u00f3j\u00e1t olvasom p\u00e1rhuzamosan, mindig \u00e9ppen azt, amihez kedvem van.<\/p>\n<p>&nbsp;<\/p>\n<p>Forr\u00e1s: https:\/\/hajonaplo.ma\/irodalom\/hordo-dijas-versnagykovet.html<\/p>\n","protected":false},"excerpt":{"rendered":"<p>Talli\u00e1n Mariann sz\u00edn\u00e9szn\u0151vel, \u00edr\u00f3val besz\u00e9lgett\u00fcnk. A sz\u00edn\u00e9szn\u0151vel a belv\u00e1ros kell\u0151s k\u00f6zep\u00e9n, a Szab\u00f3 Ervin K\u00f6nyvt\u00e1rban tal\u00e1lkoztunk, ahov\u00e1 szok\u00e1s\u00e1hoz h\u00edven aut\u00f3 n\u00e9lk\u00fcl \u00e9rkezett. K\u00f6rnyezettudatoss\u00e1g\u00e1r\u00f3l, idei Hord\u00f3-d\u00edj\u00e1r\u00f3l, f\u00e9rj\u00e9vel, L\u00e1z\u00e1r Bal\u00e1zs sz\u00edn\u00e9sz, k\u00f6lt\u0151vel k\u00f6z\u00f6s munk\u00e1ir\u00f3l \u00e9s irodalmi kalandoz\u00e1sair\u00f3l is besz\u00e9lgett\u00fcnk. \u2013 Nem szokv\u00e1nyos,&#8230;<\/p>\n","protected":false},"author":1,"featured_media":5542,"comment_status":"closed","ping_status":"closed","sticky":false,"template":"","format":"standard","meta":{"footnotes":""},"categories":[1],"tags":[],"class_list":["post-5541","post","type-post","status-publish","format-standard","has-post-thumbnail","hentry","category-hirek"],"_links":{"self":[{"href":"https:\/\/tokajiirotabor.hu\/irotabor_archiv\/wp-json\/wp\/v2\/posts\/5541"}],"collection":[{"href":"https:\/\/tokajiirotabor.hu\/irotabor_archiv\/wp-json\/wp\/v2\/posts"}],"about":[{"href":"https:\/\/tokajiirotabor.hu\/irotabor_archiv\/wp-json\/wp\/v2\/types\/post"}],"author":[{"embeddable":true,"href":"https:\/\/tokajiirotabor.hu\/irotabor_archiv\/wp-json\/wp\/v2\/users\/1"}],"replies":[{"embeddable":true,"href":"https:\/\/tokajiirotabor.hu\/irotabor_archiv\/wp-json\/wp\/v2\/comments?post=5541"}],"version-history":[{"count":1,"href":"https:\/\/tokajiirotabor.hu\/irotabor_archiv\/wp-json\/wp\/v2\/posts\/5541\/revisions"}],"predecessor-version":[{"id":5543,"href":"https:\/\/tokajiirotabor.hu\/irotabor_archiv\/wp-json\/wp\/v2\/posts\/5541\/revisions\/5543"}],"wp:featuredmedia":[{"embeddable":true,"href":"https:\/\/tokajiirotabor.hu\/irotabor_archiv\/wp-json\/wp\/v2\/media\/5542"}],"wp:attachment":[{"href":"https:\/\/tokajiirotabor.hu\/irotabor_archiv\/wp-json\/wp\/v2\/media?parent=5541"}],"wp:term":[{"taxonomy":"category","embeddable":true,"href":"https:\/\/tokajiirotabor.hu\/irotabor_archiv\/wp-json\/wp\/v2\/categories?post=5541"},{"taxonomy":"post_tag","embeddable":true,"href":"https:\/\/tokajiirotabor.hu\/irotabor_archiv\/wp-json\/wp\/v2\/tags?post=5541"}],"curies":[{"name":"wp","href":"https:\/\/api.w.org\/{rel}","templated":true}]}}