{"id":5535,"date":"2020-08-23T16:50:23","date_gmt":"2020-08-23T15:50:23","guid":{"rendered":"http:\/\/www.tokajiirotabor.hu\/?p=5535"},"modified":"2020-08-23T16:55:26","modified_gmt":"2020-08-23T15:55:26","slug":"eleten-at-rakosgatott-mozaik","status":"publish","type":"post","link":"https:\/\/tokajiirotabor.hu\/irotabor_archiv\/eleten-at-rakosgatott-mozaik\/","title":{"rendered":"\u00c9LETEN \u00c1T RAKOSGATOTT MOZAIK"},"content":{"rendered":"<p><strong>A 2020. \u00e9vi Tokaji \u00cdr\u00f3t\u00e1bor d\u00edj\u00e1t R\u00f3zs\u00e1ssy Barbara kapta. A k\u00f6lt\u0151vel m\u0171v\u00e9szetr\u0151l, munk\u00e1r\u00f3l, \u00e9letr\u0151l besz\u00e9lgett\u00fcnk.<\/strong><\/p>\n<div id=\"attachment_5536\" style=\"width: 310px\" class=\"wp-caption alignleft\"><a href=\"http:\/\/www.tokajiirotabor.hu\/wp-content\/uploads\/2020\/08\/rozsassy3.jpg\"><img loading=\"lazy\" decoding=\"async\" aria-describedby=\"caption-attachment-5536\" class=\"wp-image-5536 size-medium\" src=\"http:\/\/www.tokajiirotabor.hu\/wp-content\/uploads\/2020\/08\/rozsassy3-300x230.jpg\" alt=\"\" width=\"300\" height=\"230\" srcset=\"https:\/\/tokajiirotabor.hu\/irotabor_archiv\/wp-content\/uploads\/2020\/08\/rozsassy3-300x230.jpg 300w, https:\/\/tokajiirotabor.hu\/irotabor_archiv\/wp-content\/uploads\/2020\/08\/rozsassy3-1024x784.jpg 1024w, https:\/\/tokajiirotabor.hu\/irotabor_archiv\/wp-content\/uploads\/2020\/08\/rozsassy3-768x588.jpg 768w, https:\/\/tokajiirotabor.hu\/irotabor_archiv\/wp-content\/uploads\/2020\/08\/rozsassy3-1536x1176.jpg 1536w, https:\/\/tokajiirotabor.hu\/irotabor_archiv\/wp-content\/uploads\/2020\/08\/rozsassy3.jpg 1980w\" sizes=\"(max-width: 300px) 100vw, 300px\" \/><\/a><p id=\"caption-attachment-5536\" class=\"wp-caption-text\">R\u00f3zs\u00e1ssy Barbara<\/p><\/div>\n<p>Mott\u00f3:<\/p>\n<p>&#8222;A k\u00f6lt\u00e9szet sorsk\u00e9rd\u00e9s. Olyasmi, ami el\u0151l nem menek\u00fclhetsz.&#8221; (Magyar Napl\u00f3, 2010.)<\/p>\n<p>&nbsp;<\/p>\n<p style=\"text-align: justify;\"><em>2010-ben Ekler Andrea k\u00e9sz\u00edtett alapos \u00e9s rendk\u00edv\u00fcl izgalmas \u00e9let\u00fatinterj\u00fat Veled a Magyar Napl\u00f3ban, \u00e9n pedig nem tudom meg\u00e1llni, hogy r\u00e1 ne k\u00e9rdezzek n\u00e9melyik akkor elhangz\u00f3 gondolatodra. P\u00e9ld\u00e1ul a k\u00f6lt\u0151i l\u00e9t v\u00e1llal\u00e1s\u00e1r\u00f3l vallod:<\/em><\/p>\n<p style=\"text-align: justify;\"><em>&#8222;Igazs\u00e1gra vezet\u0151 k\u00f6nny\u0171 utak nincsenek, de nehezebbn\u00e9l is nehezebb a k\u00f6lt\u00e9szet\u00e9. \u00c9pp ez\u00e9rt a v\u00e1llal\u00e1s sz\u00fcks\u00e9ges, tudatos k\u00e9sz\u00fcl\u00e9s, tudatos berendezked\u00e9s egy olyan \u00e9letre, mely mindennek ellen\u00e9re is csak a versr\u0151l sz\u00f3l, csak ennek az els\u0151dleges c\u00e9lnak, a vers megval\u00f3s\u00edt\u00e1s\u00e1nak rendel al\u00e1 minden egyebet.&#8221;<\/em><\/p>\n<p style=\"text-align: justify;\"><em>Tov\u00e1bbra is ennyire elsz\u00e1ntan \u00e9lsz a vers al\u00e1 rendelt \u00e9letnek? Mi\u00e9rt neh\u00e9z ez a fajta l\u00e9tez\u00e9s? Ha az ember csak a versnek \u00e9l, akkor mir\u0151l mond le? Mit vesz\u00edt el?<\/em><\/p>\n<p style=\"text-align: justify;\">Nem az a vesztes\u00e9g, amikor a versnek tudunk \u00e9lni, hanem az, amikor erre k\u00e9ptelenek vagyunk. Sok olyan id\u0151szak volt az \u00e9letemben, melynek sor\u00e1n \u2013 sz\u00e1mos egy\u00e9b k\u00f6telezetts\u00e9g miatt \u2013 nem ny\u00edlt lehet\u0151s\u00e9gem meg\u00edrni, amit szerettem volna. De v\u00e9g\u00fcl mindig azt tapasztaltam, a k\u00f6lt\u00e9szet megteremti mag\u00e1nak a helyet \u00e9s az id\u0151t; egy darabig kirekesztheted, egy ideig rangsorolhatod \u00fagy a teend\u0151idet, feladataidat, hogy az alkot\u00f3i l\u00e9t h\u00e1tt\u00e9rbe szorul. V\u00e9g\u00fcl azonban r\u00e1j\u00f6ssz, semmi \u00e9rtelme nincs napr\u00f3l napra kipip\u00e1lni az elv\u00e9gzend\u0151ket, ha k\u00f6zben a legl\u00e9nyegesebb feladatra nem ker\u00fclhet sor. Vagyis a vers al\u00e1 rendelt \u00e9let \u00e9ppen az\u00e9rt neh\u00e9z, mert nem \u00e9lhetsz mindig neki, nem ford\u00edthatod minden energi\u00e1d az \u00edr\u00e1sra, mik\u00f6zben tudod, pontosan ez az, amit tenned k\u00e9ne. Erre kell tudatosan k\u00e9sz\u00fclni, ezt kell v\u00e1llalni. A 21. sz\u00e1zad ugyanis nem a k\u00f6lt\u00e9szetr\u0151l sz\u00f3l, vagy fogalmazhatn\u00e9k \u00fagy is, a mai ember \u2013 sajnos m\u00e9g a legelsz\u00e1ntabb olvas\u00f3 is \u2013 egyre ink\u00e1bb elveszti kapcsolat\u00e1t a verssel. Nek\u00fcnk azonban m\u00e9gis az a feladatunk, hogy a k\u00f6lt\u00e9szeten kereszt\u00fcl tal\u00e1ljuk meg hozz\u00e1 az utat, vagy legal\u00e1bbis \u00e1ltala sz\u00f3ljunk azon kevesekhez, akik m\u00e9g hajland\u00f3k meghallani minket.<\/p>\n<p style=\"text-align: justify;\"><em>M\u00e9g egy id\u00e9zet a 2010-es \u00e9let\u00fat besz\u00e9lget\u00e9sb\u0151l, a k\u00f6lt\u0151i tapasztal\u00e1sr\u00f3l:<\/em><\/p>\n<p style=\"text-align: justify;\"><em>&#8222;Az a megfoghatatlan, legink\u00e1bb egyfajta hi\u00e1ny\u00e9rzethez hasonl\u00edthat\u00f3 tapasztalat, mely a k\u00f6lt\u0151b\u0151l felsz\u00ednre hozza a verset, akkor is ugyan\u00fagy munk\u00e1lt bennem. Ezt semmi m\u00e1s nem tudta bet\u00f6lteni, csakis az \u00edr\u00e1s, a vers.&#8221;\u00a0 <\/em><\/p>\n<p style=\"text-align: justify;\"><em>Gondolkodt\u00e1l m\u00e1r azon, mi ez a megfoghatatlan tapasztalat, ez a hi\u00e1ny\u00e9rzet, ami a m\u0171v\u00e9szt \u00edr\u00e1sra hajtja? Ha a hi\u00e1ny\u00e9rzet elm\u00falna, kieg\u00e9sz\u00fclne, &#8222;beteljesedne&#8221; a l\u00e9lekben valami, vajon kim\u00falna az alkot\u00f3hajlam is?<\/em><\/p>\n<p style=\"text-align: justify;\">Ez az \u00fagynevezett \u201ehi\u00e1ny\u00e9rzet\u201d, ami, ahogy mondod, \u00edr\u00e1sra \u00f6szt\u00f6n\u00f6z, maga a megfoghatatlan tapasztalat. Azt hiszem, att\u00f3l lehet valaki alkot\u00f3, hogy ez a k\u00fcl\u00f6n\u00f6s k\u00e9sztet\u00e9s soha nem m\u00falik el igaz\u00e1n, hanem \u00fajabb \u00e9s \u00fajabb m\u0171vek l\u00e9trehoz\u00e1s\u00e1ra sarkall. Olyan ez, mint egy \u00e9leten \u00e1t tart\u00f3 mozaik: szerencs\u00e9s esetben az ember minden \u00edr\u00e1ssal hely\u00e9re illeszthet egy-egy apr\u00f3 darabk\u00e1t, s ha igaz\u00e1n kitart\u00f3an rakosgatjuk egym\u00e1s mell\u00e9 a mozaikszemeket, egy id\u0151 ut\u00e1n l\u00e1that\u00f3v\u00e1 v\u00e1lhat egy nagyobb szelet az eg\u00e9szb\u0151l. M\u00e9g akkor is van \u00e9rtelme ennek, ha k\u00f6zben tudjuk, soha nem rajzol\u00f3dik ki el\u0151tt\u00fcnk a teljes k\u00e9p, soha nem jutunk el semmif\u00e9le t\u00f6k\u00e9letes bizonyoss\u00e1gig, valami mindig hom\u00e1lyban marad.<\/p>\n<p style=\"text-align: justify;\"><em>Szeretem a Tokaji \u00cdr\u00f3t\u00e1bor hangulat\u00e1t, \u00e9s amikor ut\u00f3lag felid\u00e9z\u0151dnek bennem a t\u00e1bor legkarakteresebb esem\u00e9nyei, mindig eszembe jutnak a Verssz\u00ednh\u00e1zzal, Talli\u00e1n Mariann \u00e9s L\u00e1z\u00e1r Bal\u00e1zs sz\u00ednm\u0171v\u00e9szekkel sz\u00ednpadra \u00e1ll\u00edtott el\u0151ad\u00e1saitok.<\/em><\/p>\n<p style=\"text-align: justify;\"><em>Mikor kezd\u0151d\u00f6tt alkot\u00f3i kapcsolatod a m\u0171v\u00e9szh\u00e1zasp\u00e1rral? Kiknek a m\u0171veit \u00e1ll\u00edtottad eddig sz\u00ednpadra? Melyik szerz\u0151 m\u0171veivel dolgozt\u00e1l a legsz\u00edvesebben?<\/em><\/p>\n<p style=\"text-align: justify;\">Mariannal \u00e9s Bal\u00e1zzsal 2013 \u00f3ta dolgozunk egy\u00fctt. Els\u0151 k\u00f6z\u00f6s munk\u00e1nk a <em>\u201ePiros ruh\u00e1ban, szerelemben\u201d<\/em> c\u00edm\u0171, We\u00f6res S\u00e1ndor \u00e9s K\u00e1rolyi Amy verseib\u0151l v\u00e1logatott m\u0171sor volt, melyet a mai napig nagy sikerrel j\u00e1tszanak, s amely az\u00f3ta is mindh\u00e1rmunk egyik kedvence. Nagyon fontos, hogy az el\u0151ad\u00e1sok kifejezetten sz\u00e1mukra k\u00e9sz\u00fclnek, mert szerkeszt\u00e9s k\u00f6zben mindig figyelembe veszem mindazt, amit hossz\u00fa \u00e9vek bar\u00e1ts\u00e1ga sor\u00e1n megtudtam r\u00f3luk. Tudom, mi \u00e1ll j\u00f3l nekik sz\u00ednm\u0171v\u00e9szk\u00e9nt, milyen vers az, amelyben igaz\u00e1n k\u00e9pesek \u00e1tl\u00e9nyeg\u00fclni, s tudom, hogyan kell egy m\u0171sort fel\u00e9p\u00edteni ahhoz, hogy kihozz\u00e1k magukb\u00f3l a legjobbat. A v\u00e9gleges dramaturgia azonban mindig h\u00e1rmunk k\u00f6z\u00f6s munk\u00e1j\u00e1b\u00f3l sz\u00fcletik. Azt hiszem, ez senki m\u00e1ssal nem m\u0171k\u00f6dne \u00edgy, csakis vel\u00fck. Mariann \u00e9s Bal\u00e1zs kiv\u00e9teles sz\u00ednm\u0171v\u00e9szek: a k\u00f6lt\u00e9szethez val\u00f3 viszonyuk olyan elm\u00e9ly\u00fclt, \u00f6sszetett, hogy hihetetlen\u00fcl sz\u00e9les sk\u00e1l\u00e1n k\u00e9pesek megsz\u00f3laltatni a vers hangjait. Az ut\u00f3bbi \u00e9vekben k\u00e9sz\u00fclt el\u0151ad\u00e1s Sz\u00e9csi Margit \u00e9s Nagy L\u00e1szl\u00f3 m\u0171veib\u0151l, <em>\u00d6t\u00f6dik \u00e9vszak<\/em> c\u00edmmel kort\u00e1rs k\u00f6lt\u0151k alkot\u00e1saib\u00f3l, de eml\u00edthetem a f\u00fcveskerti k\u00f6lt\u0151k, Arany J\u00e1nos, Ady Endre, vagy a Nyugat alkot\u00f3inak m\u0171veib\u0151l \u00f6ssze\u00e1ll\u00edtott m\u0171sorainkat is, csak\u00fagy, mint az idei V\u00f6r\u00f6smarty-el\u0151ad\u00e1st.<\/p>\n<p style=\"text-align: justify;\"><em>P\u00e1lyam\u0171vedet &#8211; az \u00e9n megl\u00e1t\u00e1som szerint &#8211; a versek \u00e9s az essz\u00e9k hat\u00e1rk\u00f6vei jelzik. A k\u00fcl\u00f6nf\u00e9le m\u0171fajokat a nagy irodalmi kert k\u00fcl\u00f6nb\u00f6z\u0151 r\u00e9szeinek \u00e9rzed. A legut\u00f3bbi k\u00e9t k\u00f6tetedben pr\u00f3zai m\u0171veid szerepeltek, el\u0151tte pedig a szerkeszt\u0151i munk\u00e1b\u00f3l vetted ki a r\u00e9szed.<\/em><\/p>\n<p style=\"text-align: justify;\"><em>Kevesebb verset \u00edrsz mostan\u00e1ban? V\u00e1rhat\u00f3-e a k\u00f6zelj\u00f6v\u0151ben verseidet bemutat\u00f3 k\u00f6tet?<\/em><\/p>\n<p style=\"text-align: justify;\">A legut\u00f3bbi k\u00e9t k\u00f6nyvem val\u00f3ban essz\u00e9ket, tanulm\u00e1nyokat tartalmazott, de id\u00e9n v\u00e9gre \u00fajra elj\u00f6tt a vers ideje. Nem vagyok olyan alkat, aki b\u00e1rmikor k\u00e9pes verset \u00edrni. A k\u00f6lt\u00e9szethez nekem id\u0151 \u00e9s nyugalom kell, hetek, ak\u00e1r h\u00f3napok, amikor el tudok mer\u00fclni a munk\u00e1ban. Persze ez nem azt jelenti, hogy k\u00f6zben teljesen kiz\u00e1rom a k\u00fclvil\u00e1got, nem is tehetn\u00e9m, hiszen sz\u00e1mos k\u00f6telezetts\u00e9gem van, ami \u00e1lland\u00f3 jelenl\u00e9tet k\u00edv\u00e1n. Ilyen p\u00e9ld\u00e1ul a naponta friss\u00fcl\u0151 olvasat.hu szerkeszt\u00e9se, amely most, r\u00f6vid sz\u00fcnet ut\u00e1n, \u0151szt\u0151l \u00fajraindul. Ez egy roppant fontos feladat az \u00e9letemben, hiszen Er\u0151s King\u00e1val, akivel annak idej\u00e9n \u00fatj\u00e1ra bocs\u00e1tottuk a lapot, alap\u00edt\u00f3-f\u0151szerkeszt\u0151nk, Csontos J\u00e1nos szellemi \u00f6r\u00f6ks\u00e9g\u00e9t vissz\u00fck \u00e1ltala tov\u00e1bb, az \u0151 eredeti elk\u00e9pzel\u00e9se, szerkeszt\u0151i koncepci\u00f3ja szerint m\u0171k\u00f6dik az oldal.<\/p>\n<p style=\"text-align: justify;\"><em>De ilyen a munk\u00e1d a Magyar \u00cdr\u00f3sz\u00f6vets\u00e9gben is, ahol hossz\u00fa \u00e9vek \u00f3ta tev\u00e9kenykedsz. Hogyan tudod az \u00edr\u00e1st az \u00edr\u00f3k\u00f6z\u00f6ss\u00e9g gondjainak mindennapos \u00e1t\u00e9l\u00e9s\u00e9vel \u00e9s az azokra val\u00f3 megold\u00e1skeres\u00e9ssel \u00f6sszefonni?<\/em><\/p>\n<p style=\"text-align: justify;\">Ha verset \u00edrok, eg\u00e9sz m\u00e1sk\u00e9nt \u00e9lem meg a mindennapokat. Tal\u00e1n ellentmond\u00e1sosnak t\u0171nik, de az az igazs\u00e1g, hogy az \u00edr\u00e1s, ami pedig alapvet\u0151en nagyon sok id\u0151t vesz el minden m\u00e1st\u00f3l, m\u00e9gis k\u00e9pes er\u0151t adni egy\u00e9b dolgokhoz. Ilyenkor sokkal k\u00f6nnyebben megtal\u00e1lom a megold\u00e1st az aktu\u00e1lis probl\u00e9m\u00e1kra. \u00dagy hiszem, az\u00e9rt lehets\u00e9ges ez \u2013 m\u00e9g akkor is, ha egy-egy ilyen \u00edr\u00e1ssal-munk\u00e1val t\u00f6lt\u00f6tt peri\u00f3dus roppant kimer\u00edt\u0151 tud lenni \u2013, mert a k\u00f6lt\u00e9szet valamik\u00e9pp egyens\u00falyba hoz. Ilyenkor k\u00e9pes vagyok megl\u00e1tni a harm\u00f3ni\u00e1t \u00f6nmagammal \u00e9s a vil\u00e1ggal.<\/p>\n","protected":false},"excerpt":{"rendered":"<p>A 2020. \u00e9vi Tokaji \u00cdr\u00f3t\u00e1bor d\u00edj\u00e1t R\u00f3zs\u00e1ssy Barbara kapta. A k\u00f6lt\u0151vel m\u0171v\u00e9szetr\u0151l, munk\u00e1r\u00f3l, \u00e9letr\u0151l besz\u00e9lgett\u00fcnk. Mott\u00f3: &#8222;A k\u00f6lt\u00e9szet sorsk\u00e9rd\u00e9s. Olyasmi, ami el\u0151l nem menek\u00fclhetsz.&#8221; (Magyar Napl\u00f3, 2010.) &nbsp; 2010-ben Ekler Andrea k\u00e9sz\u00edtett alapos \u00e9s rendk\u00edv\u00fcl izgalmas \u00e9let\u00fatinterj\u00fat Veled a Magyar&#8230;<\/p>\n","protected":false},"author":1,"featured_media":5536,"comment_status":"closed","ping_status":"closed","sticky":false,"template":"","format":"standard","meta":{"footnotes":""},"categories":[1],"tags":[],"class_list":["post-5535","post","type-post","status-publish","format-standard","has-post-thumbnail","hentry","category-hirek"],"_links":{"self":[{"href":"https:\/\/tokajiirotabor.hu\/irotabor_archiv\/wp-json\/wp\/v2\/posts\/5535"}],"collection":[{"href":"https:\/\/tokajiirotabor.hu\/irotabor_archiv\/wp-json\/wp\/v2\/posts"}],"about":[{"href":"https:\/\/tokajiirotabor.hu\/irotabor_archiv\/wp-json\/wp\/v2\/types\/post"}],"author":[{"embeddable":true,"href":"https:\/\/tokajiirotabor.hu\/irotabor_archiv\/wp-json\/wp\/v2\/users\/1"}],"replies":[{"embeddable":true,"href":"https:\/\/tokajiirotabor.hu\/irotabor_archiv\/wp-json\/wp\/v2\/comments?post=5535"}],"version-history":[{"count":2,"href":"https:\/\/tokajiirotabor.hu\/irotabor_archiv\/wp-json\/wp\/v2\/posts\/5535\/revisions"}],"predecessor-version":[{"id":5538,"href":"https:\/\/tokajiirotabor.hu\/irotabor_archiv\/wp-json\/wp\/v2\/posts\/5535\/revisions\/5538"}],"wp:featuredmedia":[{"embeddable":true,"href":"https:\/\/tokajiirotabor.hu\/irotabor_archiv\/wp-json\/wp\/v2\/media\/5536"}],"wp:attachment":[{"href":"https:\/\/tokajiirotabor.hu\/irotabor_archiv\/wp-json\/wp\/v2\/media?parent=5535"}],"wp:term":[{"taxonomy":"category","embeddable":true,"href":"https:\/\/tokajiirotabor.hu\/irotabor_archiv\/wp-json\/wp\/v2\/categories?post=5535"},{"taxonomy":"post_tag","embeddable":true,"href":"https:\/\/tokajiirotabor.hu\/irotabor_archiv\/wp-json\/wp\/v2\/tags?post=5535"}],"curies":[{"name":"wp","href":"https:\/\/api.w.org\/{rel}","templated":true}]}}