{"id":5168,"date":"2020-08-21T11:21:10","date_gmt":"2020-08-21T10:21:10","guid":{"rendered":"http:\/\/www.tokajiirotabor.hu\/?p=5168"},"modified":"2020-08-21T11:21:10","modified_gmt":"2020-08-21T10:21:10","slug":"rolunk-irtak","status":"publish","type":"post","link":"https:\/\/tokajiirotabor.hu\/irotabor_archiv\/rolunk-irtak\/","title":{"rendered":"R\u00f3lunk \u00edrt\u00e1k"},"content":{"rendered":"<p><a href=\"https:\/\/hajonaplo.ma\/aktualis\/ok-a-tokaji-irotabor-dijazottjai.html\">https:\/\/hajonaplo.ma\/aktualis\/ok-a-tokaji-irotabor-dijazottjai.html<\/a><\/p>\n<p><a href=\"https:\/\/hajonaplo.ma\/aktualis\/megnyitotta-kapuit-a-tokaji-irotabor.html\">https:\/\/hajonaplo.ma\/aktualis\/megnyitotta-kapuit-a-tokaji-irotabor.html<\/a><\/p>\n<p>&nbsp;<\/p>\n<p><a href=\"https:\/\/hajonaplo.ma\/aktualis\/kover-laszlo-a-tokaji-irotaborban.html\">https:\/\/hajonaplo.ma\/aktualis\/kover-laszlo-a-tokaji-irotaborban.html<\/a><\/p>\n<p><a href=\"https:\/\/www.magyarhirlap.hu\/kultura\/20200817-buszkenek-lenni-nemzetunk-megmaradasara?fbclid=IwAR3EomgvjH7N3DuiBc4qgjmum8nZW7qLs8XgpV3KonVunDWYrgmseUS--h4\">https:\/\/www.magyarhirlap.hu\/kultura\/20200817-buszkenek-lenni-nemzetunk-megmaradasara?fbclid=IwAR3EomgvjH7N3DuiBc4qgjmum8nZW7qLs8XgpV3KonVunDWYrgmseUS&#8211;h4<\/a><\/p>\n<p><a href=\"https:\/\/hajonaplo.ma\/aktualis\/amikor-kicsi-voltam-magyar-voltam.html\">https:\/\/hajonaplo.ma\/aktualis\/amikor-kicsi-voltam-magyar-voltam.html<\/a><\/p>\n<p>&nbsp;<\/p>\n<div class=\"responsive-video-wrap entry-video\">\n<blockquote class=\"wp-embedded-content\" data-secret=\"hg4ShQ82xJ\"><p><a href=\"https:\/\/demokrata.hu\/kultura\/valtozni-kell-2-278586\/\">V\u00e1ltozni kell<\/a><\/p><\/blockquote>\n<p><iframe loading=\"lazy\" class=\"wp-embedded-content\" sandbox=\"allow-scripts\" security=\"restricted\" style=\"position: absolute; clip: rect(1px, 1px, 1px, 1px);\" title=\"&#8220;V\u00e1ltozni kell&#8221; &#8212; Demokrata\" src=\"https:\/\/demokrata.hu\/kultura\/valtozni-kell-2-278586\/embed\/#?secret=hg4ShQ82xJ\" data-secret=\"hg4ShQ82xJ\" width=\"600\" height=\"338\" frameborder=\"0\" marginwidth=\"0\" marginheight=\"0\" scrolling=\"no\"><\/iframe><\/div>\n","protected":false},"excerpt":{"rendered":"<p>https:\/\/hajonaplo.ma\/aktualis\/ok-a-tokaji-irotabor-dijazottjai.html https:\/\/hajonaplo.ma\/aktualis\/megnyitotta-kapuit-a-tokaji-irotabor.html &nbsp; https:\/\/hajonaplo.ma\/aktualis\/kover-laszlo-a-tokaji-irotaborban.html https:\/\/www.magyarhirlap.hu\/kultura\/20200817-buszkenek-lenni-nemzetunk-megmaradasara?fbclid=IwAR3EomgvjH7N3DuiBc4qgjmum8nZW7qLs8XgpV3KonVunDWYrgmseUS&#8211;h4 https:\/\/hajonaplo.ma\/aktualis\/amikor-kicsi-voltam-magyar-voltam.html &nbsp; V\u00e1ltozni kell<\/p>\n","protected":false},"author":1,"featured_media":3676,"comment_status":"closed","ping_status":"closed","sticky":false,"template":"","format":"standard","meta":{"footnotes":""},"categories":[1],"tags":[],"class_list":["post-5168","post","type-post","status-publish","format-standard","has-post-thumbnail","hentry","category-hirek"],"_links":{"self":[{"href":"https:\/\/tokajiirotabor.hu\/irotabor_archiv\/wp-json\/wp\/v2\/posts\/5168"}],"collection":[{"href":"https:\/\/tokajiirotabor.hu\/irotabor_archiv\/wp-json\/wp\/v2\/posts"}],"about":[{"href":"https:\/\/tokajiirotabor.hu\/irotabor_archiv\/wp-json\/wp\/v2\/types\/post"}],"author":[{"embeddable":true,"href":"https:\/\/tokajiirotabor.hu\/irotabor_archiv\/wp-json\/wp\/v2\/users\/1"}],"replies":[{"embeddable":true,"href":"https:\/\/tokajiirotabor.hu\/irotabor_archiv\/wp-json\/wp\/v2\/comments?post=5168"}],"version-history":[{"count":1,"href":"https:\/\/tokajiirotabor.hu\/irotabor_archiv\/wp-json\/wp\/v2\/posts\/5168\/revisions"}],"predecessor-version":[{"id":5169,"href":"https:\/\/tokajiirotabor.hu\/irotabor_archiv\/wp-json\/wp\/v2\/posts\/5168\/revisions\/5169"}],"wp:featuredmedia":[{"embeddable":true,"href":"https:\/\/tokajiirotabor.hu\/irotabor_archiv\/wp-json\/wp\/v2\/media\/3676"}],"wp:attachment":[{"href":"https:\/\/tokajiirotabor.hu\/irotabor_archiv\/wp-json\/wp\/v2\/media?parent=5168"}],"wp:term":[{"taxonomy":"category","embeddable":true,"href":"https:\/\/tokajiirotabor.hu\/irotabor_archiv\/wp-json\/wp\/v2\/categories?post=5168"},{"taxonomy":"post_tag","embeddable":true,"href":"https:\/\/tokajiirotabor.hu\/irotabor_archiv\/wp-json\/wp\/v2\/tags?post=5168"}],"curies":[{"name":"wp","href":"https:\/\/api.w.org\/{rel}","templated":true}]}}