{"id":5135,"date":"2020-01-25T11:36:23","date_gmt":"2020-01-25T10:36:23","guid":{"rendered":"http:\/\/www.tokajiirotabor.hu\/?p=5135"},"modified":"2020-01-25T11:36:23","modified_gmt":"2020-01-25T10:36:23","slug":"magyar-kultura-napja-szentmartoni-janos-koszonto","status":"publish","type":"post","link":"https:\/\/tokajiirotabor.hu\/irotabor_archiv\/magyar-kultura-napja-szentmartoni-janos-koszonto\/","title":{"rendered":"Magyar kult\u00fara napja &#8211; Szentm\u00e1rtoni J\u00e1nos &#8211; K\u00f6sz\u00f6nt\u0151"},"content":{"rendered":"<p><strong>A magyar kult\u00fara napjai<\/strong><\/p>\n<p><strong>Tokaj, 2020. janu\u00e1r 22., Paulay Ede Sz\u00ednh\u00e1z<\/strong><\/p>\n<p><strong>\u00a0<\/strong><\/p>\n<p>Tisztelt K\u00e9pvisel\u0151 \u00dar, Eln\u00f6k Asszony, Polg\u00e1rmester \u00dar, tisztelt H\u00f6lgyeim \u00e9s Uraim!<\/p>\n<p>&nbsp;<\/p>\n<p>A magyar kult\u00fara alig v\u00e1rja, hogy elj\u00f6jj\u00f6n a napja. Hi\u00e1ba van jelen a nap 24 \u00f3r\u00e1j\u00e1ban \u00e9s az \u00e9v 365 napj\u00e1n, ki kell v\u00e1rnia a sor\u00e1t, hogy \u0151t \u00fcnnepelj\u00e9k. 1989 \u00f3ta van a magyar kult\u00far\u00e1nak napja, ez\u00e9rt kicsit mintha az \u00faj magyar szabads\u00e1g nyit\u00f3 \u00fcnneps\u00e9ge is volna. Voltak\u00e9ppen \u0151 kezdi az \u00e9vet janu\u00e1r 22-\u00e9n, <em>Himnusz<\/em>unk letiszt\u00e1z\u00e1s\u00e1nak \u00e9vfordul\u00f3j\u00e1n \u2013 azt\u00e1n j\u00f6nnek a kistestv\u00e9rek: magyar sz\u00e9ppr\u00f3za napja (febru\u00e1r 18.), magyar k\u00f6lt\u00e9szet napja (\u00e1prilis 11.), magyar dr\u00e1ma napja (szeptember 21.); v\u00e9g\u00fcl mintegy a h\u00edd t\u00fals\u00f3 pill\u00e9rek\u00e9nt: a magyar nyelv napja (november 13.)<\/p>\n<p>Mind\u00f6ssze tizenn\u00e9gy \u00e9vvel vagyok id\u0151sebb a magyar kult\u00fara napj\u00e1n\u00e1l, s tal\u00e1n mondanom sem kell, hogy sz\u00e1momra minden nap a magyar kult\u00fara szolg\u00e1lat\u00e1ban telik. Sokan viszont mindig csak ekkoriban hallanak r\u00f3la, holott ki tudja, mily m\u00f3don, sokszor \u00f6ntudatlanul vagy \u00e9szrev\u00e9tlen\u00fcl fogyasztj\u00e1k, \u00e9lvezik, t\u00f6lt\u0151dnek \u00e1ltala. Azt is tudjuk term\u00e9szetesen, hogy a kult\u00fara nem csup\u00e1n a m\u0171v\u00e9szeti \u00e9rt\u00e9kek \u00e9s maradand\u00f3 alkot\u00e1sok \u00f6sszess\u00e9g\u00e9t jelenti, hanem azt is, ahogyan a m\u00e1sikhoz \u00e9r\u00fcnk. R\u00e9sze az oktat\u00e1s, a sport ugyan\u00fagy, mint a kommunik\u00e1ci\u00f3 vagy \u00e9pp a term\u00e9szetv\u00e9delem. De meghat\u00e1rozza az \u00e1lmaink min\u0151s\u00e9g\u00e9t is, \u00e9s nem mindegy az sem, hogy mit \u00e9s hogyan adunk \u00e1t bel\u0151le a gyermekeinknek. Egysz\u00f3val meggy\u0151z\u0151d\u00e9sem, hogy a kult\u00fara az az idegrendszer\u00fcnknek \u00e9s a lelk\u00fcnknek, mint az oxig\u00e9n a test\u00fcnknek. Akkor kezd\u00fcnk k\u00e9ts\u00e9gbe esni, ha elkezd fogyni k\u00f6r\u00fcl\u00fcnk.<\/p>\n<p>\u00c9vr\u0151l \u00e9vre t\u00f6r\u00e9kenyebb \u00e1llapotban v\u00e1rakozik ez a r\u00e9gi, gy\u00f6ny\u00f6r\u0171 \u00e9s hihetetlen\u00fcl gazdag magyar kult\u00fara a maga napj\u00e1ra. Olyan sorsford\u00edt\u00f3 \u00e9s t\u00f6rt\u00e9nelmi korszakban \u00e9l\u00fcnk, amelyben r\u00e9sen kell lennie, ha \u00e9letben akar maradni. Nem tapasztalatlan e t\u00e9ren, hiszen j\u00f3 p\u00e1rszor \u00e9lt m\u00e1r hasonl\u00f3 fenyegetetts\u00e9gben, de a mostani glob\u00e1lis \u00e1talakul\u00e1sok tal\u00e1n soha nem l\u00e1tott kih\u00edv\u00e1sok el\u00e9 \u00e1ll\u00edtj\u00e1k \u0151t. Mondj\u00e1k, hogy a magyar kult\u00fara napjai meg vannak sz\u00e1ml\u00e1lva. De az ilyen \u201eherderi j\u00f3slatok\u201d eddig mindig csak megac\u00e9lozt\u00e1k \u0151t, s legy\u00fcnk azon, hogy a leg\u00fajabb-kori n\u00e9pv\u00e1ndorl\u00e1s \u00e9s a klasszikus Eur\u00f3pa v\u00e9g\u00f3r\u00e1inak korszak\u00e1ban is megv\u00e9dhesse \u00e1ll\u00e1sait, ki\u00f6lhetetlen maradjon a sz\u00edv\u00fcnkben, s hogy m\u00e9g unok\u00e1ink is t\u00e1pl\u00e1lkozhassanak majd bel\u0151le, b\u00e1rhov\u00e1 is sodorja \u0151ket az \u00e9let.<\/p>\n<p>Szabad addig maradhat egy n\u00e9p, ameddig \u0151rzi a kult\u00far\u00e1j\u00e1t. Ha err\u0151l megfeledkezik, rabl\u00e1ncra k\u00f6t\u00f6tt zombiseregg\u00e9 v\u00e1lik, s \u00f6nmag\u00e1t is lassank\u00e9nt elvesz\u00edti. Ha lemondunk teh\u00e1t a kult\u00far\u00e1nkr\u00f3l, a szabads\u00e1gunkr\u00f3l mondunk le \u00f6nk\u00e9nt, s akkor val\u00f3ban megsz\u0171n\u00fcnk nemzetk\u00e9nt l\u00e9tezni. .\u201eS ah, szabads\u00e1g nem vir\u00fal \/ A holtnak v\u00e9r\u00e9b\u0151l\u2026\u201d<\/p>\n<p>&nbsp;<\/p>\n<p>Tisztelt Egybegy\u0171ltek!<\/p>\n<p>Ez az eszme akkor is tartotta benn\u00fcnk a lelket, amikor diktat\u00far\u00e1ban \u00e9lt\u00fcnk, mert bel\u00fcl meg\u0151rizhett\u00fck magunkban \u00e1ltala a szabads\u00e1got. P\u00e9lda r\u00e1 a Tokaji \u00cdr\u00f3t\u00e1bor is, amely r\u00f6vid id\u0151 alatt a magyar \u00e9rtelmis\u00e9g \u00e9s \u00edr\u00f3t\u00e1rsadalom legfontosabb tal\u00e1lkoz\u00f3j\u00e1v\u00e1 lett, \u00e9s bizony olyan t\u00e9m\u00e1kat is napirendre t\u0171z\u00f6tt, amelyek nem voltak vesz\u00e9lytelenek azokban az id\u0151kben. \u00d6r\u00f6ks\u00e9ge mindny\u00e1junkat felel\u0151ss\u00e9ggel ruh\u00e1z f\u00f6l. Ez az \u00f6r\u00f6ks\u00e9g egyr\u00e9szt m\u00e9g a M\u00f3ricz Zsigmond vezette n\u00e9pi \u00edr\u00f3k 1940-es tiszalad\u00e1nyi tal\u00e1lkoz\u00f3j\u00e1nak szellemi hozad\u00e9k\u00e1ban \u2013 m\u00e1sr\u00e9szt a Magyar \u00cdr\u00f3sz\u00f6vets\u00e9g 1956-os erk\u00f6lcsi \u00e9s szervez\u0151i helyt\u00e1ll\u00e1s\u00e1ban \u2013 harmadr\u00e9szt a t\u00e1bor 1972-es indul\u00e1s\u00e1nak b\u00e1tors\u00e1g\u00e1ban \u2013 v\u00e9g\u00fcl pedig az 1989-es v\u00e1ltoz\u00e1sok szellemi el\u0151k\u00e9sz\u00edt\u00e9s\u00e9ben gy\u00f6kerezik. A kommunista hatalom hi\u00e1ba hitte azt, hogy Tokaj a sz\u00e1m\u0171zet\u00e9s alkalmi szigete, ahol a diktat\u00fara legvesz\u00e9lyesebb kritikusai: az \u00edr\u00f3k kedv\u00fckre kiengedhetik a g\u0151zt, t\u00e1vol a f\u0151v\u00e1rost\u00f3l, a sz\u00e9lesebb nyilv\u00e1noss\u00e1g el\u0151l viszonylag elrekesztve, \u00e9s hi\u00e1ba \u00e9p\u00edtette be a t\u00e1borlak\u00f3k k\u00f6z\u00e9 a bes\u00fag\u00f3it \u2013 az augusztusi tan\u00e1cskoz\u00e1sok olyan elemi probl\u00e9m\u00e1it t\u00e1rgyalt\u00e1k a t\u00e1rsadalmi val\u00f3s\u00e1gnak, amelyek seg\u00edtett\u00e9k f\u00f6lnyitni egy orsz\u00e1g szem\u00e9t. Sz\u00f3 volt t\u00f6bbek k\u00f6zt az ifj\u00fas\u00e1g helyzet\u00e9r\u0151l, a telep\u00fcl\u00e9spolitik\u00e1r\u00f3l, az irodalom preszt\u00edzs\u00e9r\u0151l, a magyars\u00e1g hely\u00e9r\u0151l Eur\u00f3p\u00e1ban.<\/p>\n<p>A rendszerv\u00e1lt\u00e1st k\u00f6vet\u0151en az irodalmi hivat\u00e1s \u00faj szerepeinek a meghat\u00e1roz\u00e1sa, identit\u00e1sunk kultur\u00e1lis \u00fajrafogalmaz\u00e1sa jel\u00f6lte ki legink\u00e1bb a tan\u00e1cskoz\u00e1sok tematik\u00e1j\u00e1t teljesen \u00e9rthet\u0151 m\u00f3don. Az ut\u00f3bbi id\u0151szakban pedig hol kataliz\u00e1tora volt szakmai\/szeml\u00e9letbeli v\u00e1ltoz\u00e1soknak, mint pl. amikor az 1945 ut\u00e1ni magyar irodalom elhallgatott vagy tiltott m\u0171veire ir\u00e1ny\u00edtotta r\u00e1 a figyelmet \u2013 hol, egy hajsz\u00e1llal megel\u0151zve kor\u00e1t, a glob\u00e1lis n\u00e9pv\u00e1ndorl\u00e1s vesz\u00e9lyeire vil\u00e1g\u00edtott r\u00e1 kultur\u00e1lis gy\u00f6kereink meg\u0151rz\u00e9se \u00e9rdek\u00e9ben. K\u00e9t \u00e9vvel ezel\u0151tt m\u00e1sodik alkalommal hirdett\u00fcnk egym\u00e1ssal \u00f6sszef\u00fcgg\u0151 tematik\u00e1t, amelyet a kerek t\u00f6rt\u00e9nelmi \u00e9vfordul\u00f3k indokoltak: az 1918-t\u00f3l 1920-ig tart\u00f3 id\u0151szakot vizsg\u00e1ljuk, s \u00edgy id\u00e9n, a nemzeti \u00f6sszetartoz\u00e1s \u00e9v\u00e9ben, term\u00e9szetesen a trianoni katasztr\u00f3fa irodalmi \u00e9s t\u00e1rsm\u0171v\u00e9szeti lenyomata lesz a f\u0151 t\u00e9m\u00e1nk augusztus 13-a \u00e9s 16-a k\u00f6z\u00f6tt.<\/p>\n<p>Mindek\u00f6zben zajlik egy nemzed\u00e9kv\u00e1lt\u00e1s, a t\u00e1bort szervez\u0151 egyes\u00fclet meg\u00fajult, a szakmai tan\u00e1cskoz\u00e1s &#8211; a m\u0171v\u00e9szeti k\u00eds\u00e9r\u0151programoknak k\u00f6sz\u00f6nhet\u0151en \u2013 n\u00e9gynapos irodalmi fesztiv\u00e1ll\u00e1 n\u0151tte ki mag\u00e1t. K\u00f6sz\u00f6net illeti S\u00e1ray L\u00e1szl\u00f3t, aki 42 \u00e9ven \u00e1t szervezte a Tokaji \u00cdr\u00f3t\u00e1bort, ut\u00f3dj\u00e1t, Papp-F\u00fcr J\u00e1nost \u2013 \u00e9s k\u00f6sz\u00f6net illeti a megye \u00e9s Tokaj v\u00e1ros kor\u00e1bbi \u00e9s jelenlegi vezet\u00e9s\u00e9t a kitart\u00f3 erk\u00f6lcsi \u00e9s anyagi t\u00e1mogat\u00e1s\u00e9rt! Mindny\u00e1jan felismert\u00e9k, hogy a Tokaji \u00cdr\u00f3t\u00e1bor feladata \u00e9s felel\u0151ss\u00e9ge nagy, mert val\u00f3di \u00e9rt\u00e9kek mellett t\u00f6r l\u00e1ndzs\u00e1t, eml\u00e9kezik \u00e9s eml\u00e9kezni tan\u00edt, s k\u00f6zben a meg\u00fajhod\u00e1s k\u00e9pess\u00e9g\u00e9t is mag\u00e1ban rejti.<\/p>\n<p>&nbsp;<\/p>\n<p>Tisztelt H\u00f6lgyeim \u00e9s Uraim!<\/p>\n<p>Az\u00e9rt is sz\u00f3ltam ennyit a Tokaji \u00cdr\u00f3t\u00e1borr\u00f3l, mert nemsok\u00e1ra az 50. \u00e9vfordul\u00f3j\u00e1t \u00fcnnepelhetj\u00fck, amelynek el\u0151k\u00e9sz\u00fcleteit a legut\u00f3bbi tan\u00e1cskoz\u00e1son m\u00e1r el is kezdt\u00fck, azzal, hogy k\u00f6z\u00f6s elhat\u00e1roz\u00e1st \u00edrt al\u00e1 Borsod-Aba\u00faj-Zempl\u00e9n megye, Tokaj v\u00e1ros \u00f6nkorm\u00e1nyzata \u00e9s a Tokaji \u00cdr\u00f3t\u00e1bor Egyes\u00fclet a jubileumi \u00e9vfordul\u00f3 m\u00e9lt\u00f3 meg\u00fcnnepl\u00e9se c\u00e9lj\u00e1b\u00f3l. Ehhez m\u00e9g aznap csatlakozott Miskolc v\u00e1ros \u00e9s a Pet\u0151fi Irodalmi M\u00fazeum is. Csatlakozni tov\u00e1bbra is lehet majd, az err\u0151l sz\u00f3l\u00f3 dokumentum is m\u00e1r elk\u00e9sz\u00fclt, nemsok\u00e1ra k\u00f6zh\u00edrr\u00e9 tessz\u00fck.<\/p>\n<p>&nbsp;<\/p>\n<p>Tisztelt \u00dcnnepl\u0151k!<\/p>\n<p>\u00daj korszak el\u0151tt \u00e1llunk, nem mindegy, hogyan \u00e9s milyen \u00e1llapotban l\u00e9pj\u00fck \u00e1t a k\u00fcsz\u00f6b\u00e9t. K\u00e9pesek lesz\u00fcnk-e gy\u00f6kereinkbe kapaszkodva meg\u00fajulni \u00e9s meger\u0151s\u00f6dni, vagy szellemi erd\u0151t\u00fczek v\u00e9geznek vel\u00fcnk. Ak\u00e1rmilyen v\u00e9szj\u00f3sl\u00f3 is olykor a k\u00e9p, a magam r\u00e9sz\u00e9r\u0151l Orb\u00e1n Ott\u00f3 verssoraival b\u00facs\u00fazom: \u201eMost kezd\u0151dik minden, nincs semmi veszve, \/ Lobog a cing\u00e1r l\u00e1ng a vil\u00e1gv\u00e9gi fagyban.\u201d (<em>Dal a fagyban lobog\u00f3 l\u00e1ngr\u00f3l<\/em>)<\/p>\n<p>K\u00f6sz\u00f6n\u00f6m megtisztel\u0151 figyelm\u00fcket!<\/p>\n","protected":false},"excerpt":{"rendered":"<p>A magyar kult\u00fara napjai Tokaj, 2020. janu\u00e1r 22., Paulay Ede Sz\u00ednh\u00e1z \u00a0 Tisztelt K\u00e9pvisel\u0151 \u00dar, Eln\u00f6k Asszony, Polg\u00e1rmester \u00dar, tisztelt H\u00f6lgyeim \u00e9s Uraim! &nbsp; A magyar kult\u00fara alig v\u00e1rja, hogy elj\u00f6jj\u00f6n a napja. Hi\u00e1ba van jelen a nap 24 \u00f3r\u00e1j\u00e1ban&#8230;<\/p>\n","protected":false},"author":1,"featured_media":5136,"comment_status":"closed","ping_status":"closed","sticky":false,"template":"","format":"standard","meta":{"footnotes":""},"categories":[1],"tags":[],"class_list":["post-5135","post","type-post","status-publish","format-standard","has-post-thumbnail","hentry","category-hirek"],"_links":{"self":[{"href":"https:\/\/tokajiirotabor.hu\/irotabor_archiv\/wp-json\/wp\/v2\/posts\/5135"}],"collection":[{"href":"https:\/\/tokajiirotabor.hu\/irotabor_archiv\/wp-json\/wp\/v2\/posts"}],"about":[{"href":"https:\/\/tokajiirotabor.hu\/irotabor_archiv\/wp-json\/wp\/v2\/types\/post"}],"author":[{"embeddable":true,"href":"https:\/\/tokajiirotabor.hu\/irotabor_archiv\/wp-json\/wp\/v2\/users\/1"}],"replies":[{"embeddable":true,"href":"https:\/\/tokajiirotabor.hu\/irotabor_archiv\/wp-json\/wp\/v2\/comments?post=5135"}],"version-history":[{"count":1,"href":"https:\/\/tokajiirotabor.hu\/irotabor_archiv\/wp-json\/wp\/v2\/posts\/5135\/revisions"}],"predecessor-version":[{"id":5137,"href":"https:\/\/tokajiirotabor.hu\/irotabor_archiv\/wp-json\/wp\/v2\/posts\/5135\/revisions\/5137"}],"wp:featuredmedia":[{"embeddable":true,"href":"https:\/\/tokajiirotabor.hu\/irotabor_archiv\/wp-json\/wp\/v2\/media\/5136"}],"wp:attachment":[{"href":"https:\/\/tokajiirotabor.hu\/irotabor_archiv\/wp-json\/wp\/v2\/media?parent=5135"}],"wp:term":[{"taxonomy":"category","embeddable":true,"href":"https:\/\/tokajiirotabor.hu\/irotabor_archiv\/wp-json\/wp\/v2\/categories?post=5135"},{"taxonomy":"post_tag","embeddable":true,"href":"https:\/\/tokajiirotabor.hu\/irotabor_archiv\/wp-json\/wp\/v2\/tags?post=5135"}],"curies":[{"name":"wp","href":"https:\/\/api.w.org\/{rel}","templated":true}]}}