{"id":5088,"date":"2019-10-12T13:05:35","date_gmt":"2019-10-12T12:05:35","guid":{"rendered":"http:\/\/www.tokajiirotabor.hu\/?p=5088"},"modified":"2019-10-12T14:42:31","modified_gmt":"2019-10-12T13:42:31","slug":"hogy-tudjak-benne-hinni-hogy-magamat-is-meglepjem-vele","status":"publish","type":"post","link":"https:\/\/tokajiirotabor.hu\/irotabor_archiv\/hogy-tudjak-benne-hinni-hogy-magamat-is-meglepjem-vele\/","title":{"rendered":"\u201eHOGY TUDJAK BENNE HINNI, HOGY MAGAMAT IS MEGLEPJEM VELE\u201d"},"content":{"rendered":"\n<h4 class=\"wp-block-heading\">Ayhan G\u00f6khan interj\u00faja B\u00edr\u00f3 Gergellyel.<\/h4>\n\n\n\n<p style=\"text-align:left\"><img loading=\"lazy\" decoding=\"async\" width=\"150\" height=\"189\" class=\"wp-image-5090\" style=\"width: 150px;\" src=\"http:\/\/www.tokajiirotabor.hu\/wp-content\/uploads\/2019\/10\/20191004-kaleidoszkop-001.jpg\" alt=\"\" srcset=\"https:\/\/tokajiirotabor.hu\/irotabor_archiv\/wp-content\/uploads\/2019\/10\/20191004-kaleidoszkop-001.jpg 795w, https:\/\/tokajiirotabor.hu\/irotabor_archiv\/wp-content\/uploads\/2019\/10\/20191004-kaleidoszkop-001-239x300.jpg 239w, https:\/\/tokajiirotabor.hu\/irotabor_archiv\/wp-content\/uploads\/2019\/10\/20191004-kaleidoszkop-001-768x966.jpg 768w\" sizes=\"(max-width: 150px) 100vw, 150px\" \/><strong> <\/strong><\/p>\n\n\n\n<p><strong>G\u00f6khan:<\/strong> Id\u00e9n te kaptad a Tokaji \u00cdr\u00f3t\u00e1bor D\u00edj\u00e1t. Foglalkoztat-e a szakmai meg\u00edt\u00e9l\u00e9sed, esetleg egy bels\u0151 hangra figyelsz, az alapj\u00e1n \u00edt\u00e9led meg, hol tartasz a p\u00e1ly\u00e1don?<\/p>\n\n\n\n<p><strong>B\u00edr\u00f3 Gergely:<\/strong> Azt hiszem, hogy mindkett\u0151 fontos, a visszajelz\u00e9sek \u00e9s az is, hogy csak olyasmit adjak ki a kezemb\u0151l, amivel el\u00e9gedett vagyok. Az \u00edr\u00e1s mellett nagyon szeretem a rovatomat gondozni a Magyar Napl\u00f3n\u00e1l, megf\u00e9s\u00fclni k\u00f6zl\u00e9s el\u0151tt a k\u00e9ziratokat, \u00e9s a k\u00f6nyvszerkeszt\u00e9st ugyanilyen sz\u00edvesen v\u00e9gzem. Ezekbe a munk\u00e1kba is beleadom mindenemet, \u00e9s azokat a pr\u00f3z\u00e1kat, k\u00f6teteket, amelyeket \u00e9n k\u00eds\u00e9rhettem a megjelen\u00e9s\u00fckig, egy kicsit a magam\u00e9nak is \u00e9rzem. Az is j\u00f3, hogy jav\u00edt\u00e1s, szerkeszt\u00e9s k\u00f6zben sokat tanulok, mert gyakran t\u00f6r\u00f6m a fejemet, hogy vajon minden fontos kidolgoz\u00e1sra ker\u00fclt-e az adott \u00edr\u00e1sban, \u00e9s hogy ott, abban a bekezd\u00e9sben vajon az a nyelvi megold\u00e1s-e a legjobb, amit olvasok. Ha nem \u00edgy l\u00e1tom, akkor javaslatot teszek arra, hogyan lehetne pontosabb, tiszt\u00e1bb egy-egy gondolati tartalom, k\u00e9p vagy nyelvi szerkezet. Biztos, hogy van ebben bogarass\u00e1g, de engem ez hajt, ebben tal\u00e1lok izgalmat, ez visz el\u0151re szerkeszt\u0151k\u00e9nt. A Tokaji \u00cdr\u00f3t\u00e1bor D\u00edja nagy elismer\u00e9st jelent, mert egy olyan szakmai f\u00f3rumt\u00f3l vehettem \u00e1t, amelynek szellem\u00e9t, k\u00e9pvisel\u0151it tisztelem, de sz\u00e1momra az is fontos visszajelz\u00e9s, ha egyes szerz\u0151k lelkesen v\u00e1laszolnak, miut\u00e1n elk\u00fcldtem nekik a jav\u00edt\u00e1si javaslataimat t\u00f6rdel\u00e9s el\u0151tt. Akkor nemcsak \u00e9rzem, de tudom, hogy nem is olyan rossz, amit csin\u00e1lok, \u00e9s ez meger\u0151s\u00edt. Annyiban biztosan nem foglalkoztat a szakmai meg\u00edt\u00e9l\u00e9sem, hogy soha, egyetlen elismer\u00e9s\u00e9rt nem tettem gesztusokat, \u00e9s a j\u00f6v\u0151ben sem tervezek ilyesmit, ahogyan azt sem szoktam m\u00e9ricsk\u00e9lni, hogy \u00e9ppen hol tartok a p\u00e1ly\u00e1mon. \u00c1ltal\u00e1ban az foglal le, amin \u00e9ppen dolgozom, \u00e9s val\u00f3sz\u00edn\u0171leg az\u00e9rt, mert j\u00f3l \u00e9rzem magam benne. A bels\u0151 hangom teh\u00e1t alapvet\u0151en nem arr\u00f3l sutyorog nekem, hogy hol is tartok \u00e9ppen, de az biztos, hogy \u00e9rdemes r\u00e1 hallgatnom, \u00e9s ez az els\u0151dleges.<\/p>\n\n\n\n<p><strong>AG:<\/strong> \u00cdr\u00e1saidban a magyar pr\u00f3za hagyom\u00e1nyaihoz ny\u00falsz vissza. Nincs ebben kock\u00e1zat? Neked hol kezd\u0151dik a sz\u00f6veg jelentette megm\u00e9rettet\u00e9s?<\/p>\n\n\n\n<p><strong>BG:<\/strong> Igen, azt hiszem, hogy a magyar pr\u00f3za hagyom\u00e1nyaihoz ny\u00falok vissza, amennyiben azokat a szerz\u0151ket olvasom, szeretem, akik, ha ostorozz\u00e1k is ezt a nemzetet, azt f\u00e9lt\u00e9sb\u0151l teszik, de soha nem sercinten\u00e9nek arra a f\u00f6ldre, amelyb\u0151l maguk is kihajtottak. Szeretek vil\u00e1girodalmat is olvasni, mostan\u00e1ban f\u0151leg amerikai alkot\u00f3kat, de mindig visszat\u00e9rek a magyar \u00edr\u00f3khoz. Nem tudom, hogy ezen bel\u00fcl pontosan milyen hagyom\u00e1nyokra gondolsz, \u00e9s azt sem, hogy mif\u00e9le kock\u00e1zatra utalsz. Ha \u00edrok, nem figyelek tudatosan semmilyen hagyom\u00e1nyra, hanem annak szeretn\u00e9m megtal\u00e1lni a lehet\u0151 legjobb form\u00e1t, ami foglalkoztat. Nem szeretem a \u201esz\u00f6veg\u201d sz\u00f3t, m\u0171vinek \u00e9s sterilnek gondolom; tov\u00e1bbra is hiszek abban, hogy van vers, novella, reg\u00e9ny stb., m\u00e9g ha a m\u0171fajok jellemz\u0151i folyamatosan v\u00e1ltoznak, esetleg m\u00e1s m\u0171fajok jegyeivel eg\u00e9sz\u00fclnek is ki. Ha \u00edr\u00e1sr\u00f3l van sz\u00f3, az els\u0151 \u00e9s legfontosabb megm\u00e9rettet\u00e9s, hogy tudjak benne hinni, hogy magamat is meglepjem vele \u2013 meglepet\u00e9sen pedig nem is aj\u00e1nd\u00e9kot \u00e9rtek, hanem azt, hogy \u00e9rjen engem is v\u00e1ratlanul, amin \u00e9ppen dolgozom.<\/p>\n\n\n\n<p><strong>AG:<\/strong> Mit gondolsz, a hagyom\u00e1nyos t\u00f6rt\u00e9netmes\u00e9l\u00e9s foglalkoztatja-e m\u00e9g az olvas\u00f3t, van m\u00e9g r\u00e1 ig\u00e9ny?<\/p>\n\n\n\n<p><strong>BG:<\/strong> Ehhez megint csak pontos\u00edtani kellene, hogy mit \u00e9rt\u00fcnk hagyom\u00e1nyos t\u00f6rt\u00e9netmes\u00e9l\u00e9sen, \u00e9s szerintem nem l\u00e9tezik olyan kateg\u00f3ria, hogy \u201eolvas\u00f3\u201d, hanem \u201eolvas\u00f3k\u201d vannak, m\u00e9ghozz\u00e1 el\u00e9g sokan, akiknek az \u00edzl\u00e9s\u00e9t nem lehet egy kalap al\u00e1 venni. M\u00e9gis \u00fagy gondolom, hogy nem \u00e9rdemes megk\u00e9rd\u0151jelezni a pr\u00f3zairodalomnak azt az alapvet\u0151 alkot\u00f3elem\u00e9t, a t\u00f6rt\u00e9netet, amellyel \u00e9vezredek \u00f3ta j\u00f3l m\u0171k\u00f6dik. Sz\u00e1momra olyan ez, mintha valaki kital\u00e1ln\u00e1, hogy a paprik\u00e1s krumplit ezent\u00fal krumpli n\u00e9lk\u00fcl szabad csak f\u0151zni, mert a burgonya f\u00f6l\u00f6tt elj\u00e1rt az id\u0151. Viszont izgalmas \u00e9s j\u00f3 dolog elj\u00e1tszani azzal, hogy egy t\u00f6rt\u00e9netet hogyan besz\u00e9lj\u00fcnk el, illetve egy egyszer\u0171bb cselekm\u00e9nyt is meg lehet emelni azzal, ha p\u00e9ld\u00e1ul a meg\u00e9l\u00e9s\u00e9nek bels\u0151 folyamataira ker\u00fcl a hangs\u00faly, hiszen m\u00e1r azok is t\u00f6rt\u00e9n\u00e9snek, azaz t\u00f6rt\u00e9netnek sz\u00e1m\u00edtanak. Igen, biztos vagyok benne, hogy az olvas\u00f3k meghat\u00e1roz\u00f3 h\u00e1nyada tov\u00e1bbra is szeret feldolgozott \u00e9s kimunk\u00e1lt t\u00f6rt\u00e9neteket olvasni, hiszen a legt\u00f6bben t\u00f6rt\u00e9netekben tapasztaljuk meg a vil\u00e1got, \u00e9s benne saj\u00e1t magunkat. Nem besz\u00e9lve arr\u00f3l, hogy t\u00f6rt\u00e9netek n\u00e9lk\u00fcl semmilyen nagyobb k\u00f6z\u00f6ss\u00e9get \u00e9rint\u0151 t\u00f6rt\u00e9nelmi helyzetet nem lehet elbesz\u00e9lni\u2026.<\/p>\n\n\n\n<p><strong>AG:<\/strong> Mit gondolsz, a hagyom\u00e1nyos t\u00f6rt\u00e9netmes\u00e9l\u00e9s foglalkoztatja-e m\u00e9g az olvas\u00f3t, van m\u00e9g r\u00e1 ig\u00e9ny?<\/p>\n\n\n\n<p><strong>BG:<\/strong> Ehhez megint csak pontos\u00edtani kellene, hogy mit \u00e9rt\u00fcnk hagyom\u00e1nyos t\u00f6rt\u00e9netmes\u00e9l\u00e9sen, \u00e9s szerintem nem l\u00e9tezik olyan kateg\u00f3ria, hogy \u201eolvas\u00f3\u201d, hanem \u201eolvas\u00f3k\u201d vannak, m\u00e9ghozz\u00e1 el\u00e9g sokan, akiknek az \u00edzl\u00e9s\u00e9t nem lehet egy kalap al\u00e1 venni. M\u00e9gis \u00fagy gondolom, hogy nem \u00e9rdemes megk\u00e9rd\u0151jelezni a pr\u00f3zairodalomnak azt az alapvet\u0151 alkot\u00f3elem\u00e9t, a t\u00f6rt\u00e9netet, amellyel \u00e9vezredek \u00f3ta j\u00f3l m\u0171k\u00f6dik. Sz\u00e1momra olyan ez, mintha valaki kital\u00e1ln\u00e1, hogy a paprik\u00e1s krumplit ezent\u00fal krumpli n\u00e9lk\u00fcl szabad csak f\u0151zni, mert a burgonya f\u00f6l\u00f6tt elj\u00e1rt az id\u0151. Viszont izgalmas \u00e9s j\u00f3 dolog elj\u00e1tszani azzal, hogy egy t\u00f6rt\u00e9netet hogyan besz\u00e9lj\u00fcnk el, illetve egy egyszer\u0171bb cselekm\u00e9nyt is meg lehet emelni azzal, ha p\u00e9ld\u00e1ul a meg\u00e9l\u00e9s\u00e9nek bels\u0151 folyamataira ker\u00fcl a hangs\u00faly, hiszen m\u00e1r azok is t\u00f6rt\u00e9n\u00e9snek, azaz t\u00f6rt\u00e9netnek sz\u00e1m\u00edtanak. Igen, biztos vagyok benne, hogy az olvas\u00f3k meghat\u00e1roz\u00f3 h\u00e1nyada tov\u00e1bbra is szeret feldolgozott \u00e9s kimunk\u00e1lt t\u00f6rt\u00e9neteket olvasni, hiszen a legt\u00f6bben t\u00f6rt\u00e9netekben tapasztaljuk meg a vil\u00e1got, \u00e9s benne saj\u00e1t magunkat. Nem besz\u00e9lve arr\u00f3l, hogy t\u00f6rt\u00e9netek n\u00e9lk\u00fcl semmilyen nagyobb k\u00f6z\u00f6ss\u00e9get \u00e9rint\u0151 t\u00f6rt\u00e9nelmi helyzetet nem lehet elbesz\u00e9lni\u2026.<\/p>\n\n\n\n<div class=\"wp-block-image\"><figure class=\"aligncenter\"><a href=\"http:\/\/www.tokajiirotabor.hu\/wp-content\/uploads\/2019\/10\/20191004-kaleidoszkop-002.jpg\"><img loading=\"lazy\" decoding=\"async\" width=\"200\" height=\"300\" src=\"http:\/\/www.tokajiirotabor.hu\/wp-content\/uploads\/2019\/10\/20191004-kaleidoszkop-002-200x300.jpg\" alt=\"\" class=\"wp-image-5094\" srcset=\"https:\/\/tokajiirotabor.hu\/irotabor_archiv\/wp-content\/uploads\/2019\/10\/20191004-kaleidoszkop-002-200x300.jpg 200w, https:\/\/tokajiirotabor.hu\/irotabor_archiv\/wp-content\/uploads\/2019\/10\/20191004-kaleidoszkop-002.jpg 667w\" sizes=\"(max-width: 200px) 100vw, 200px\" \/><\/a><\/figure><\/div>\n\n\n\n<p><strong>AG:<\/strong> Megjelen\u00e9s el\u0151tt \u00e1ll az \u201956-os forradalom kapcs\u00e1n \u00edrt reg\u00e9nyed, A szabads\u00e1g sz\u00edne: fekete c\u00edm\u0171. Mi foglalkoztatott az 1956-os forradalomban, mit akart\u00e1l meg\u00e9rteni, felt\u00e1rni, mi okozta a legnagyobb neh\u00e9zs\u00e9get?.&nbsp;<\/p>\n\n\n\n<p><strong>BG:<\/strong> 1956 olyan t\u00f6rt\u00e9nelmi sorsfordul\u00f3, amely sokak csal\u00e1dj\u00e1ban nyomot hagyott, \u00edgy az eny\u00e9mben is. T\u00f6bbsz\u00f6r hallottam anyai nagyany\u00e1mt\u00f3l ezeket a t\u00f6rt\u00e9neteket, de mire od\u00e1ig jutottam, hogy m\u00e9lyebben foglalkozzam 1956-tal, \u0151 m\u00e1r sajnos nem lehetett k\u00f6z\u00f6tt\u00fcnk. Viszont eszembe jutott, hogy kor\u00e1bban megismerkedtem egy id\u0151s emberrel, aki fegyveresen r\u00e9szt vett a forradalomban, \u00edgy megkerestem \u0151t. A Magyar M\u0171v\u00e9szeti Akad\u00e9mia a forradalom \u00e9s szabads\u00e1gharc hatvanadik \u00e9vfordul\u00f3ja alkalm\u00e1b\u00f3l ki\u00edrt egy p\u00e1ly\u00e1zatot, amelyen negyven \u00e9v alatti szerz\u0151k indulhattak. Ez a lehet\u0151s\u00e9g adta a kezd\u0151 l\u00f6k\u00e9st, \u00e9s nagy vonalakban ismerve ennek az id\u0151s embernek a t\u00f6rt\u00e9net\u00e9t, biztosan tudtam, hogy olyasmit fogok t\u0151le hallani, ami novell\u00e1ban j\u00f3l feldolgozhat\u00f3. Hogy pontosan mit, azt nem l\u00e1thattam el\u0151re, csak ezt s\u00fagt\u00e1k az \u00f6szt\u00f6neim. \u0150t ugyanis egy november 6-ai t\u0171zharc v\u00e9g\u00e9n a helysz\u00ednen kiv\u00e9gezt\u00e9k a szovjetek, de \u00e9letben maradt, a szeme vil\u00e1g\u00e1t azonban elvesz\u00edtette. \u00cdgy \u00e9lte le a tov\u00e1bbi \u00e9let\u00e9t: megh\u00e1zasodott, gyermeket nevelt, \u00e9s tisztess\u00e9gben meg\u00f6regedett. Ez az\u00e9rt nem semmi annak f\u00e9ny\u00e9ben, hogy az \u201956-osok nagy r\u00e9sze \u00e9vekre b\u00f6rt\u00f6nbe ker\u00fclt, vagy kiv\u00e9gezt\u00e9k, aki pedig tehette, id\u0151ben elhagyta az orsz\u00e1got. Az \u0151 \u00fatja teh\u00e1t elt\u00e9r a legt\u00f6bb felkel\u0151\u00e9t\u0151l, hiszen itthon maradt, \u00e9s szinte lehetetlen k\u00f6r\u00fclm\u00e9nyek k\u00f6z\u00f6tt folytatta az \u00e9let\u00e9t vil\u00e1gtalanul. Legjobban az \u00e9rdekelt, hogy hogyan v\u00e1lt fegyveres felkel\u0151v\u00e9 egy h\u00fasz\u00e9ves csepeli k\u00f6sz\u00f6r\u0171s, aki m\u00e9g csak katona sem volt, sem balh\u00e9s fiatal, hogyan volt k\u00e9pes v\u00e9gigharcolni a forradalmat. A sorsa izgatott, a gyermekkor\u00e1ban gy\u00f6kerez\u0151 ind\u00edttat\u00e1sa, \u00e9s egyik legnagyobb \u00e9lm\u00e9nyem, hogy rendszeresen \u00e9s hossz\u00fa id\u0151n \u00e1t mes\u00e9lt nekem. Teljesen m\u00e1s az ilyesmit egy val\u00f3s\u00e1gos r\u00e9sztvev\u0151t\u0151l hallani, mint k\u00f6nyvekben olvasni. A p\u00e1ly\u00e1zatra Egy forint c\u00edmen k\u00fcldtem be a novell\u00e1mat, de azt \u00e9reztem, hogy sokkal t\u00f6bb van ebben az \u00e9let\u00fatban, mint amit egy kispr\u00f3za elb\u00edr. Arra gondoltam, hogy kibonthatn\u00e1m jobban, ez adta a reg\u00e9ny \u00f6tlet\u00e9t.<\/p>\n\n\n\n<p>A legnagyobb gondot az eml\u00e9kezet t\u00f6red\u00e9kess\u00e9ge okozta, hiszen hatvan \u00e9v t\u00e1vols\u00e1g\u00e1b\u00f3l m\u00e9g annak is neh\u00e9z minden r\u00e9szletet pontosan visszaadnia, akinek am\u00fagy el\u00e9g j\u00f3 a mem\u00f3ri\u00e1ja. Nem dokumentumreg\u00e9nyt akartam \u00edrni, m\u00e9gis j\u00f3 lett volna, ha bizonyos t\u00f6rt\u00e9n\u00e9seket, mozzanatokat \u00e9lesebben l\u00e1thatok.<\/p>\n\n\n\n<p><strong>AG:<\/strong> A Magyar Napl\u00f3 foly\u00f3irat pr\u00f3zarovat\u00e1t szerkeszted. A be\u00e9rkez\u0151 k\u00e9ziratok alapj\u00e1n hogy l\u00e1tod, milyen ir\u00e1nyokat k\u00f6vetnek a fiatal szerz\u0151k, l\u00e1tsz-e visszat\u00e9r\u0151 t\u00e9m\u00e1kat, mot\u00edvumokat, trendeket?<\/p>\n\n\n\n<p><strong>BG:<\/strong> Azt tapasztalom, hogy a legfiatalabbak jelent\u0151s r\u00e9sze fantasy-irodalmat olvas, ennek a mint\u00e1it, s\u00e9m\u00e1it l\u00e1tom a k\u00e9ziratukban, illetve az angolsz\u00e1sz thrillerek, akci\u00f3filmek ut\u00e1n\u00e9rz\u00e9seit. M\u00e1s r\u00e9sz\u00fckn\u00e9l, \u00e9s \u0151k vannak kevesebben, m\u00e1r eredetibb vil\u00e1ggal tal\u00e1lkozom: t\u00f6bbnyire a saj\u00e1t \u00e9lm\u00e9nyeiket dramatiz\u00e1lj\u00e1k cselekm\u00e9nyes vagy essz\u00e9szer\u0171 pr\u00f3z\u00e1ban, amit szeretek olvasni, \u00e9s k\u00f6z\u00fcl\u00fck is azok tetszenek jobban, amelyek k\u00e9pesek megmutatni valamit ennek az \u00e9letszakasznak az \u00e1ltal\u00e1nosabb \u00e9rv\u00e9ny\u0171 probl\u00e9m\u00e1ib\u00f3l, k\u00e9rd\u00e9seib\u0151l, esetleg \u00fagy sug\u00e1rzik bel\u0151l\u00fck egy nemzed\u00e9k frissess\u00e9ge, ahogyan a tavaszi leveg\u0151 be\u00f6mlik a nyitott ablakon. A n\u00e9h\u00e1ny \u00e9vvel id\u0151sebbeket olvasva pedig, akik m\u00e1r megfontoltabban \u00edrnak, \u00e9s \u00f6sszetettebb kompoz\u00edci\u00f3kban gondolkodnak, azt sz\u0171rtem le, hogy az er\u0151szak k\u00fcl\u00f6nb\u00f6z\u0151 form\u00e1i foglalkoztatj\u00e1k \u0151ket. Nem felt\u00e9tlen\u00fcl a fizikai er\u0151szak, jellemz\u0151bben a lelki, ak\u00e1r a csal\u00e1dban, ak\u00e1r a nevel\u00e9sben. Ez persze csak az \u00e9n olvasatom.<\/p>\n\n\n\n<p><strong>AG:<\/strong> El\u00e1ruln\u00e1l n\u00e9h\u00e1nyat a k\u00f6vetkez\u0151 id\u0151szak tervei k\u00f6z\u00fcl?<\/p>\n\n\n\n<p><strong>BG:<\/strong> Att\u00f3l f\u00fcgg, hogy milyen tervekre vagy k\u00edv\u00e1ncsi. Ha a szerkeszt\u0151i munk\u00e1mra, akkor \u00e9ppen k\u00e9t k\u00f6tetet gondozok szinte p\u00e1rhuzamosan, az egyik Mirtse Zsuzsa Tizenh\u00e1rom b\u0171v\u00f6s t\u00fck\u00f6r c\u00edm\u0171, feln\u0151tteknek sz\u00f3l\u00f3 mesek\u00f6nyve, a m\u00e1sik pedig Berta Zsolt Szomjas sz\u0171z c\u00edm\u0171 novell\u00e1sk\u00f6tete. Mindkett\u0151 nagy feladat, \u00e9s mindkett\u0151 mag\u00e1ba szippantott, az ut\u00f3bbi id\u0151ben er\u0151sen ig\u00e9nybe vesznek, de az nem baj, mert fontos k\u00f6nyv lesz mindkett\u0151. Az \u00edr\u00f3i terveimr\u0151l csak annyit, hogy most a r\u00f6videbb terjedelm\u0171 pr\u00f3za testhez\u00e1ll\u00f3bb nekem, miut\u00e1n elf\u00e1radtam a b\u0151 k\u00e9t\u00e9ves reg\u00e9ny\u00edr\u00e1sban. T\u00f6bb \u00f6tletem is van, ezeket szeretn\u00e9m felgomboly\u00edtani, \u00e9s bel\u0151l\u00fck novell\u00e1kat k\u00f6t\u00f6getni nyugalmasan, \u00f6lt\u00e9sr\u0151l \u00f6lt\u00e9sre.<\/p>\n\n\n\n<p>Forr\u00e1s: http:\/\/olvasat.hu\/hogy-tudjak-benne-hinni-hogy-magamat-is-meglepjem-vele\/<\/p>\n","protected":false},"excerpt":{"rendered":"<p>Ayhan G\u00f6khan interj\u00faja B\u00edr\u00f3 Gergellyel. G\u00f6khan: Id\u00e9n te kaptad a Tokaji \u00cdr\u00f3t\u00e1bor D\u00edj\u00e1t. Foglalkoztat-e a szakmai meg\u00edt\u00e9l\u00e9sed, esetleg egy bels\u0151 hangra figyelsz, az alapj\u00e1n \u00edt\u00e9led meg, hol tartasz a p\u00e1ly\u00e1don? B\u00edr\u00f3 Gergely: Azt hiszem, hogy mindkett\u0151 fontos, a visszajelz\u00e9sek \u00e9s&#8230;<\/p>\n","protected":false},"author":1,"featured_media":5093,"comment_status":"closed","ping_status":"closed","sticky":false,"template":"","format":"standard","meta":{"footnotes":""},"categories":[1],"tags":[],"class_list":["post-5088","post","type-post","status-publish","format-standard","has-post-thumbnail","hentry","category-hirek"],"_links":{"self":[{"href":"https:\/\/tokajiirotabor.hu\/irotabor_archiv\/wp-json\/wp\/v2\/posts\/5088"}],"collection":[{"href":"https:\/\/tokajiirotabor.hu\/irotabor_archiv\/wp-json\/wp\/v2\/posts"}],"about":[{"href":"https:\/\/tokajiirotabor.hu\/irotabor_archiv\/wp-json\/wp\/v2\/types\/post"}],"author":[{"embeddable":true,"href":"https:\/\/tokajiirotabor.hu\/irotabor_archiv\/wp-json\/wp\/v2\/users\/1"}],"replies":[{"embeddable":true,"href":"https:\/\/tokajiirotabor.hu\/irotabor_archiv\/wp-json\/wp\/v2\/comments?post=5088"}],"version-history":[{"count":7,"href":"https:\/\/tokajiirotabor.hu\/irotabor_archiv\/wp-json\/wp\/v2\/posts\/5088\/revisions"}],"predecessor-version":[{"id":5103,"href":"https:\/\/tokajiirotabor.hu\/irotabor_archiv\/wp-json\/wp\/v2\/posts\/5088\/revisions\/5103"}],"wp:featuredmedia":[{"embeddable":true,"href":"https:\/\/tokajiirotabor.hu\/irotabor_archiv\/wp-json\/wp\/v2\/media\/5093"}],"wp:attachment":[{"href":"https:\/\/tokajiirotabor.hu\/irotabor_archiv\/wp-json\/wp\/v2\/media?parent=5088"}],"wp:term":[{"taxonomy":"category","embeddable":true,"href":"https:\/\/tokajiirotabor.hu\/irotabor_archiv\/wp-json\/wp\/v2\/categories?post=5088"},{"taxonomy":"post_tag","embeddable":true,"href":"https:\/\/tokajiirotabor.hu\/irotabor_archiv\/wp-json\/wp\/v2\/tags?post=5088"}],"curies":[{"name":"wp","href":"https:\/\/api.w.org\/{rel}","templated":true}]}}