{"id":5055,"date":"2019-09-22T07:21:03","date_gmt":"2019-09-22T06:21:03","guid":{"rendered":"http:\/\/www.tokajiirotabor.hu\/?p=5055"},"modified":"2019-09-22T07:22:27","modified_gmt":"2019-09-22T06:22:27","slug":"a-tokaji-irotabor-dijazottja-az-alkotok-es-muveik-maradandosaganak-a-titkarol-is-vallott","status":"publish","type":"post","link":"https:\/\/tokajiirotabor.hu\/irotabor_archiv\/a-tokaji-irotabor-dijazottja-az-alkotok-es-muveik-maradandosaganak-a-titkarol-is-vallott\/","title":{"rendered":"A Tokaji \u00cdr\u00f3t\u00e1bor d\u00edjazottja az alkot\u00f3k \u00e9s m\u0171veik maradand\u00f3s\u00e1g\u00e1nak a titk\u00e1r\u00f3l is vallott"},"content":{"rendered":"<p>Szilv\u00e1s Istv\u00e1n&nbsp;<span class=\"authorEmail textUppercase\">SZERKESZTOSEG@HEVESMEGYEIHIRLAP.HU<\/span><\/p>\n<p><\/p>\n<p style=\"text-align: justify;\">A sz\u00e9p, m\u00edves hord\u00f3t egy darabka sz\u0151l\u0151vessz\u0151n cs\u00fcng\u0151 f\u00fcrt d\u00edsz\u00edti, valamint egy lev\u00e9l a Himnuszb\u00f3l vett id\u00e9zettel: \u201eTokaj \u00adsz\u0151l\u0151vesszein\/ Nekt\u00e1rt csepegtett\u00e9l.\u201d K\u00f6r\u00f6tte a f\u00e1ba v\u00e9sve az idei kit\u00fcntetett neve: Cs. Varga Istv\u00e1n.<\/p>\n<p><\/p>\n<p class=\"m_-2571306010917534321m_-9169844404497016849gmail-MsoNormalCxSpMiddle\" style=\"text-align: justify;\">A Tokaji \u00cdr\u00f3t\u00e1bor rangos \u00e9s st\u00edlusos Hord\u00f3-d\u00edj\u00e1t ebben az esztend\u0151ben az arra \u00e9rdemesek egyikek\u00e9nt&nbsp;Cs. Varga Istv\u00e1nnak, az E\u00f6tv\u00f6s Lor\u00e1nd Tudom\u00e1nyegyetem nyugalmazott tan\u00e1r\u00e1nak \u00edt\u00e9lt\u00e9k oda. B\u00e1r a nekt\u00e1r csepegtet\u00e9s\u00e9r\u0151l h\u00edres borvid\u00e9k egyik jellegzetes itala sem illatozik benne, a hord\u00f3 nem \u00fcres: jelk\u00e9pesen csapig tele van olyan szellemi-lelki \u00e9rt\u00e9kekkel, kincsekkel, amelyeknek a sz\u00fclet\u00e9s\u00e9n\u00e9l szinte a kezdetekt\u0151l fogva ott b\u00e1b\u00e1skodott az elismert irodalomt\u00f6rt\u00e9n\u00e9sz is.<\/p>\n<p class=\"m_-2571306010917534321m_-9169844404497016849gmail-MsoNormalCxSpMiddle\" style=\"text-align: justify;\">Mint mondta, nem a boriv\u00f3tudom\u00e1ny\u00e1\u00e9rt, hanem a t\u00e1borban v\u00e9gzett munk\u00e1ss\u00e1g\u00e1\u00e9rt kapta a d\u00edjat, de val\u00f3sz\u00edn\u0171, hogy a Borkult\u00fara kett\u0151s t\u00fck\u00f6rben c\u00edm\u0171 \u2013 R\u00e1cz L\u00e1szl\u00f3val k\u00f6z\u00f6s \u2013 \u201ef\u00e9l-k\u00f6nyve\u201d is s\u00fallyal esett a latba.<\/p>\n<p class=\"m_-2571306010917534321m_-9169844404497016849gmail-MsoNormalCxSpMiddle\" style=\"text-align: justify;\">Az \u00edr\u00f3t\u00e1bor fenn\u00e1ll\u00e1s\u00e1nak negyvenh\u00e9t \u00e9ve alatt t\u00f6bb ezren fordultak meg ebben a szellemi m\u0171helyben, s most is k\u00e9tsz\u00e1zn\u00e1l t\u00f6bb volt az \u00e9rdekl\u0151d\u0151k sz\u00e1ma. A f\u0151 t\u00e9ma Ady: a Sz\u00e9tsz\u00f3r\u00f3d\u00e1s el\u0151tt. Irodalom \u00e9s m\u0171v\u00e9szet 1918\u20131920 c\u00edmmel szerepelt az eszmecser\u00e9re bocs\u00e1tott programban.<\/p>\n<p class=\"m_-2571306010917534321m_-9169844404497016849gmail-MsoNormalCxSpMiddle\" style=\"text-align: justify;\">\u2013 Ady Endre m\u00e1r \u00ad1914-ben a sz\u00e9tsz\u00f3r\u00f3d\u00e1s, sz\u00e9tdarabol\u00e1s sorscsap\u00e1s\u00e1r\u00f3l k\u00e9sz\u00edtett v\u00e9gelsz\u00e1mol\u00e1st \u2013 mondta a k\u00f6lt\u0151t id\u00e9zve Cs. Varga Istv\u00e1n: \u201eJ\u00f6tt\u00fcnk rossz erk\u00f6lccsel rossz helyre,\/ Volt \u00faton\u00e1ll\u00f3k \u00faj \u00fatban\u00e1ll\u00f3knak\/ s m\u00edg \u00farfajt\u00e1nk egym\u00e1st, s a n\u00e9pet falta,\/ Tunya \u00e1lmainkat j\u00e9g verte\/ S m\u00e9g a templomot se \u00e9p\u00edtett\u00fck f\u00f6l.\u201d Ady templom-metaf\u00f3r\u00e1j\u00e1nak a l\u00e9nyege: a magyars\u00e1g elmulasztotta fel\u00e9p\u00edteni azt a virtu\u00e1lis templomot, amelyre hivatott lett volna. K\u00e1ny\u00e1di S\u00e1ndor szerint irodalmunk, k\u00f6lt\u00e9szet\u00fcnk temploma fel\u00e9p\u00fclt, s folyton \u00fajulva \u00e9p\u00fcl.<\/p>\n<p class=\"m_-2571306010917534321m_-9169844404497016849gmail-MsoNormalCxSpMiddle\" style=\"text-align: justify;\"><strong>\u2013 Nem mond ennek ellent a ma gyakorta elhangz\u00f3 v\u00e9leked\u00e9s, hogy \u00e9rezhet\u0151en hal\u00f3dik a Gutenberg-galaxis, a nyomtatott irodalom vil\u00e1ga?<\/strong><br>\u2013 Ez t\u00faldimenzion\u00e1lt v\u00e9leked\u00e9s. A k\u00f6nyvekr\u0151l m\u00e1st mond az \u00e9let tan\u00edt\u00f3mestere, a t\u00f6rt\u00e9nelem. Nagy Rhamses palot\u00e1j\u00e1nak romjai k\u00f6z\u00f6tt tal\u00e1lt\u00e1k meg az egyik els\u0151 k\u00f6nyvt\u00e1rnyomot, feliratot: A l\u00e9lek gy\u00f3gyszert\u00e1ra. John Ruskin szerint A k\u00f6nyvesh\u00e1z kir\u00e1lyi kincst\u00e1r.<\/p>\n<p class=\"m_-2571306010917534321m_-9169844404497016849gmail-MsoNormalCxSpMiddle\" style=\"text-align: justify;\"><strong>\u2013 Mostans\u00e1g b\u00e1rki k\u00f6nnyed\u00e9n kiadhat alkot\u00f3i min\u0151s\u00e9g\u0171 visszaeml\u00e9kez\u00e9st, \u00e9letreg\u00e9nyt, versesk\u00f6tetet. A sz\u00f3 nemes \u00e9relm\u00e9ben kit tekinthet\u00fcnk ma \u00edr\u00f3nak, k\u00f6lt\u0151nek?<\/strong><br>\u2013 A tollforgat\u00f3, a tollt\u00e1rs, az \u00edr\u00e1stud\u00f3 fokozati szinonim\u00e1k. Az \u00edr\u00f3sz\u00f6vets\u00e9gi \u00e9s egy\u00e9b sz\u00e9p\u00edr\u00f3i tags\u00e1g, a megjelent m\u0171vek, k\u00f6nyvek sz\u00e1ma jelz\u00e9s \u00e9rt\u00e9k\u0171, de az id\u0151metafora a perd\u00f6nt\u0151. \u00cdr\u00f3 az, akit az olvas\u00f3k t\u00e1bora \u00e9s az ut\u00f3kor elismer \u00edr\u00f3nak. A maradand\u00f3s\u00e1g titka az eszt\u00e9tikai min\u0151s\u00e9g. G\u00e1rdonyi G\u00e9za \u00e9letm\u0171v\u00e9nek ut\u00f3\u00e9lete is azt bizony\u00edtja: korok, k\u00e1nonok j\u00f6nnek-mennek, az irodalom azonban nem k\u00e1nonokban \u00e9l, hanem az olvas\u00f3k eml\u00e9kezet\u00e9ben \u00e9s sz\u00edv\u00e9ben.<\/p>\n\n\n<figure class=\"wp-block-image\"><img loading=\"lazy\" decoding=\"async\" width=\"922\" height=\"628\" src=\"http:\/\/www.tokajiirotabor.hu\/wp-content\/uploads\/2019\/09\/CsVarga.jpg\" alt=\"\" class=\"wp-image-5056\" srcset=\"https:\/\/tokajiirotabor.hu\/irotabor_archiv\/wp-content\/uploads\/2019\/09\/CsVarga.jpg 922w, https:\/\/tokajiirotabor.hu\/irotabor_archiv\/wp-content\/uploads\/2019\/09\/CsVarga-300x204.jpg 300w, https:\/\/tokajiirotabor.hu\/irotabor_archiv\/wp-content\/uploads\/2019\/09\/CsVarga-768x523.jpg 768w\" sizes=\"(max-width: 922px) 100vw, 922px\" \/><figcaption> A d\u00edjazott irodalomt\u00f6rt\u00e9n\u00e9sz \u00e9s a jelk\u00e9pes szellemi \u00e9rt\u00e9kkel teli tokaji hord\u00f3 Fot\u00f3: Szilv\u00e1s Istv\u00e1n\/Heves Megyei H\u00edrlap <\/figcaption><\/figure>\n\n\n<p><\/p>\n<p style=\"text-align: justify;\"><strong>\u2013 Hol m\u00e1shol, ha nem egy \u00edr\u00f3t\u00e1borban vet\u0151dik fel a vissza-visszat\u00e9r\u0151 k\u00e9rd\u00e9s: mit tehetnek mai vil\u00e1gunkban az \u00edr\u00f3k, a k\u00f6lt\u0151k?<\/strong><br>\u2013 Sz\u00f3krat\u00e9sz egy mond\u00e1s\u00e1ban \u00fagy v\u00e9lte: \u201eA l\u00e9lek var\u00e1zslatos gy\u00f3gy\u00edt\u00f3ja a sz\u00e9p sz\u00f3.\u201d A sz\u00e9pirodalom, a po\u00e9zis l\u00e9nyege \u00e9ppen az etikum \u00e9s az eszt\u00e9tikum \u00f6sszhangja, a gy\u00f6ny\u00f6rk\u00f6dtet\u0151, teremt\u0151 \u00e9s term\u00e9keny\u00edt\u0151 lelki er\u0151. Az internet, az okostelefon, a tablet manaps\u00e1g \u00e1tvette a kommunik\u00e1ci\u00f3, a vers\u00edr\u00e1s, olvas\u00e1s feladatk\u00f6r\u00e9t. De p\u00f3tolni nem igaz\u00e1n tudja. T\u00e9ves indokl\u00e1s az, hogy nincs napjainkban az irodalomra, a versre ig\u00e9ny, mert az embereket nem \u00e9rdekli, nincs r\u00e1 kereslet, nincs piaci \u00e9rt\u00e9ke. M\u00e9gsem v\u00e9letlen, hogy megszaporodtak az \u00edr\u00f3k, a vers\u00edr\u00f3k \u00e9s -mond\u00f3k, a megzen\u00e9s\u00edtett versek, a kazett\u00e1k, a CD-k, a vide\u00f3klipek. Irodalmunk csod\u00e1latos szellemi-lelki hagyat\u00e9k, s a jelenkorban kell \u00e9l\u0151-eleven \u00f6r\u00f6ks\u00e9gg\u00e9 tenn\u00fcnk. Ady Endre most is \u201eaz Ember Sz\u00e9pbe-sz\u0151tt hit\u00e9t\u201d hirdeti. Arany \u00e1ld\u00e1sk\u00edv\u00e1n\u00f3 intelme biztat\u00e1s: \u201eVan hallgat\u00f3d? nincsen?\/ Te mondd, ahogy Isten\/ Adta mondanod.\u201d<\/p>\n\n\n<blockquote class=\"wp-block-quote is-layout-flow wp-block-quote-is-layout-flow\"><p style=\"text-align: justify;\"> <strong>Nemzetk\u00f6zi jelent\u0151s\u00e9g\u0171 m\u0171hely lett<\/strong><br>A Tokaji \u00cdr\u00f3t\u00e1bor alap\u00edt\u00f3ja Hegyi Imre k\u00f6z\u00edr\u00f3, t\u00e1rsa S\u00e1ray L\u00e1szl\u00f3, aki 1972-t\u0151l a folytonoss\u00e1got k\u00e9pviseli, m\u00e1r emeritus titk\u00e1rk\u00e9nt. A t\u00e1bor 1989 el\u0151tt is a kritikus \u00ad\u00e9rtelmis\u00e9gi gondolkod\u00e1s, az irodalom, a k\u00f6z\u00e9let fontos k\u00e9rd\u00e9seinek a vitaf\u00f3ruma volt. Orsz\u00e1gos \u00e9s nemzetk\u00f6zi jelent\u0151s\u00e9g\u0171 m\u0171hely, az \u00faj nemzettudat egyik szellemi k\u00f6zpontj\u00e1nak a rangj\u00e1ra emelkedett. Nagy szerepe volt a rendszerv\u00e1ltoz\u00e1s el\u0151k\u00e9sz\u00edt\u00e9s\u00e9ben. A K\u00e1rp\u00e1t-medencei magyars\u00e1g k\u00e9pviselet\u00e9t a 2010-es \u00edr\u00f3t\u00e1bor tette teljess\u00e9. Az els\u0151 17 \u00e9vben Fekete Gyula volt a mindig vit\u00e1ra k\u00e9sz sz\u00f3viv\u0151. Jelenleg Szentm\u00e1rtoni J\u00e1nos, a Magyar \u00cdr\u00f3sz\u00f6vets\u00e9g eln\u00f6ke t\u00f6lti be az \u00edr\u00f3t\u00e1bor eln\u00f6ki, Papp F\u00fcr J\u00e1nos pedig a titk\u00e1ri tiszts\u00e9g\u00e9t. <\/p><\/blockquote>\n","protected":false},"excerpt":{"rendered":"<p>Szilv\u00e1s Istv\u00e1n&nbsp;SZERKESZTOSEG@HEVESMEGYEIHIRLAP.HU A sz\u00e9p, m\u00edves hord\u00f3t egy darabka sz\u0151l\u0151vessz\u0151n cs\u00fcng\u0151 f\u00fcrt d\u00edsz\u00edti, valamint egy lev\u00e9l a Himnuszb\u00f3l vett id\u00e9zettel: \u201eTokaj \u00adsz\u0151l\u0151vesszein\/ Nekt\u00e1rt csepegtett\u00e9l.\u201d K\u00f6r\u00f6tte a f\u00e1ba v\u00e9sve az idei kit\u00fcntetett neve: Cs. Varga Istv\u00e1n. A Tokaji \u00cdr\u00f3t\u00e1bor rangos \u00e9s st\u00edlusos&#8230;<\/p>\n","protected":false},"author":1,"featured_media":5056,"comment_status":"closed","ping_status":"closed","sticky":false,"template":"","format":"standard","meta":{"footnotes":""},"categories":[1],"tags":[],"class_list":["post-5055","post","type-post","status-publish","format-standard","has-post-thumbnail","hentry","category-hirek"],"_links":{"self":[{"href":"https:\/\/tokajiirotabor.hu\/irotabor_archiv\/wp-json\/wp\/v2\/posts\/5055"}],"collection":[{"href":"https:\/\/tokajiirotabor.hu\/irotabor_archiv\/wp-json\/wp\/v2\/posts"}],"about":[{"href":"https:\/\/tokajiirotabor.hu\/irotabor_archiv\/wp-json\/wp\/v2\/types\/post"}],"author":[{"embeddable":true,"href":"https:\/\/tokajiirotabor.hu\/irotabor_archiv\/wp-json\/wp\/v2\/users\/1"}],"replies":[{"embeddable":true,"href":"https:\/\/tokajiirotabor.hu\/irotabor_archiv\/wp-json\/wp\/v2\/comments?post=5055"}],"version-history":[{"count":3,"href":"https:\/\/tokajiirotabor.hu\/irotabor_archiv\/wp-json\/wp\/v2\/posts\/5055\/revisions"}],"predecessor-version":[{"id":5059,"href":"https:\/\/tokajiirotabor.hu\/irotabor_archiv\/wp-json\/wp\/v2\/posts\/5055\/revisions\/5059"}],"wp:featuredmedia":[{"embeddable":true,"href":"https:\/\/tokajiirotabor.hu\/irotabor_archiv\/wp-json\/wp\/v2\/media\/5056"}],"wp:attachment":[{"href":"https:\/\/tokajiirotabor.hu\/irotabor_archiv\/wp-json\/wp\/v2\/media?parent=5055"}],"wp:term":[{"taxonomy":"category","embeddable":true,"href":"https:\/\/tokajiirotabor.hu\/irotabor_archiv\/wp-json\/wp\/v2\/categories?post=5055"},{"taxonomy":"post_tag","embeddable":true,"href":"https:\/\/tokajiirotabor.hu\/irotabor_archiv\/wp-json\/wp\/v2\/tags?post=5055"}],"curies":[{"name":"wp","href":"https:\/\/api.w.org\/{rel}","templated":true}]}}