{"id":4446,"date":"2019-02-15T12:28:44","date_gmt":"2019-02-15T11:28:44","guid":{"rendered":"http:\/\/www.tokajiirotabor.hu\/?p=4446"},"modified":"2019-02-15T12:28:44","modified_gmt":"2019-02-15T11:28:44","slug":"magyar-kultura-napja-2019-beszamolo","status":"publish","type":"post","link":"https:\/\/tokajiirotabor.hu\/irotabor_archiv\/magyar-kultura-napja-2019-beszamolo\/","title":{"rendered":"Magyar Kult\u00fara Napja 2019 &#8211; Besz\u00e1mol\u00f3"},"content":{"rendered":"<p style=\"text-align: justify;\"><strong>A Tokaji \u00cdr\u00f3t\u00e1bor Egyes\u00fclet a hagyom\u00e1nyokhoz h\u00edven Tokaj v\u00e1ros\u00e1val k\u00f6z\u00f6sen<br \/>\n\u00fcnnepelte a Magyar Kult\u00fara Napj\u00e1t a Paulay Ede Sz\u00ednh\u00e1zban, janu\u00e1r 22-\u00e9n. Ezen a<br \/>\nnapon nemcsak a Himnusz meg\u00edr\u00e1s\u00e1ra eml\u00e9keznek Hegyalja n\u00e9vad\u00f3 telep\u00fcl\u00e9s\u00e9n, hanem<br \/>\narra is, hogy 1986-ban kapta vissza v\u00e1rosi rangj\u00e1t Tokaj.<\/strong><\/p>\n<p style=\"text-align: justify;\">\nTokaj az egyetlen magyar telep\u00fcl\u00e9s, amit K\u00f6lcsey Ferenc nemzeti im\u00e1nkban megeml\u00edt. A<br \/>\nv\u00e1rosban igyekeznek ennek a megtiszteltet\u00e9snek eleget tenni, \u00edgy minden \u00e9vben kiemelt<br \/>\nprogramk\u00e9nt kezelik A Magyar Kult\u00fara Napj\u00e1t. A v\u00e1rosi \u00fcnneps\u00e9g kezdetek\u00e9nt Bord\u00e1s<br \/>\nRoland a Nemzeti Sz\u00ednh\u00e1z sz\u00ednm\u0171v\u00e9sze szavalta el a Himnuszt, majd Tokaj V\u00e1ros<br \/>\nVegyeskara \u00e9nekelte el azt.<br \/>\nPosta Gy\u00f6rgy polg\u00e1rmester \u00fcnnepi besz\u00e9d\u00e9ben hangs\u00falyozta, egy olyan nev\u0171 v\u00e1rosnak, mint<br \/>\nTokaj \u00e9len kell j\u00e1rnia a kult\u00far\u00e1ban \u00e9s a feln\u00f6vekv\u0151 nemzed\u00e9ket is erre kell nevelnie. Ehhez<br \/>\ncsatlakozott k\u00f6sz\u00f6nt\u0151j\u00e9ben Papp- F\u00fcr J\u00e1nos, a Tokaji \u00cdr\u00f3t\u00e1bor Egyes\u00fclet titk\u00e1ra is.<br \/>\nA v\u00e1rosi \u00fcnneps\u00e9gen adt\u00e1k \u00e1t az idei kit\u00fcntet\u00e9seket is. Az \u00f6nkorm\u00e1nyzat \u00fagy d\u00f6nt\u00f6tt, hogy a<br \/>\nTokaj V\u00e1ros D\u00edszpolg\u00e1ra elismer\u00e9st id\u0151sebb Cseh Zolt\u00e1n nyugalmazott b\u00e1nyaigazgat\u00f3nak, a<br \/>\nv\u00e1ros\u00e9rt h\u00fasz \u00e9ven \u00e1t alpolg\u00e1rmesternek adom\u00e1nyozza munk\u00e1ja megbecs\u00fcl\u00e9sek\u00e9nt. A Pro<br \/>\nUrbe -d\u00edjat Nagy Endr\u00e9n\u00e9, a Kereskedelmi \u00e9s Idegenforgalmi K\u00f6z\u00e9piskola volt igazgat\u00f3ja \u00e9s<br \/>\nDemeter Zolt\u00e1n bor\u00e1sz kapta. A Tokaj V\u00e1ros Kult\u00far\u00e1j\u00e1\u00e9rt elismer\u00e9st Vass Etelka fest\u0151m\u0171v\u00e9sz<br \/>\n\u00e9s a Fesztiv\u00e1lkatlan Kft. vezet\u0151i vehett\u00e9k \u00e1t, az \u00d6nzetlen\u00fcl Tokaj\u00e9rt c\u00edmet pedig Cs\u00f3csics<br \/>\nLajos testnevel\u0151tan\u00e1r illetve az Oestrich-Winkel Bar\u00e1ti T\u00e1rsas\u00e1g kapta. A Tokaj B\u00fcszkes\u00e9ge<br \/>\nelismer\u00e9st ebben az \u00e9vben ifj. Holl\u00f3 Tam\u00e1s vehette \u00e1t, aki fiatal kora ellen\u00e9re Eur\u00f3pa bajnoki<br \/>\nc\u00edmmel, vil\u00e1gbajnoki ez\u00fcst\u00e9remmel valamint vil\u00e1g- \u00e9s eur\u00f3pa kupa gy\u0151zelemmel is<br \/>\nb\u00fcszk\u00e9lkedhet fekvenyom\u00e1sban.<br \/>\nA kult\u00fara- \u00e9s v\u00e1rosnapi programot P\u00e9ly Barna Blue Heart lemezbemutat\u00f3 koncertje z\u00e1rta.<\/p>\n<p style=\"text-align: justify;\"><a href=\"http:\/\/www.tokajiirotabor.hu\/wp-content\/uploads\/2019\/02\/1.jpg\"><img loading=\"lazy\" decoding=\"async\" class=\"aligncenter size-thumbnail wp-image-4448\" src=\"http:\/\/www.tokajiirotabor.hu\/wp-content\/uploads\/2019\/02\/1-150x150.jpg\" alt=\"1\" width=\"150\" height=\"150\" \/><\/a>\u00a0<a href=\"http:\/\/www.tokajiirotabor.hu\/wp-content\/uploads\/2019\/02\/2.jpg\"><img loading=\"lazy\" decoding=\"async\" class=\"aligncenter size-thumbnail wp-image-4449\" src=\"http:\/\/www.tokajiirotabor.hu\/wp-content\/uploads\/2019\/02\/2-150x150.jpg\" alt=\"2\" width=\"150\" height=\"150\" \/><\/a><a href=\"http:\/\/www.tokajiirotabor.hu\/wp-content\/uploads\/2019\/02\/3.jpg\"><img loading=\"lazy\" decoding=\"async\" class=\"aligncenter size-thumbnail wp-image-4450\" src=\"http:\/\/www.tokajiirotabor.hu\/wp-content\/uploads\/2019\/02\/3-150x150.jpg\" alt=\"3\" width=\"150\" height=\"150\" \/><\/a><a href=\"http:\/\/www.tokajiirotabor.hu\/wp-content\/uploads\/2019\/02\/4.jpg\"><img loading=\"lazy\" decoding=\"async\" class=\"aligncenter size-thumbnail wp-image-4451\" src=\"http:\/\/www.tokajiirotabor.hu\/wp-content\/uploads\/2019\/02\/4-150x150.jpg\" alt=\"4\" width=\"150\" height=\"150\" \/><\/a><a href=\"http:\/\/www.tokajiirotabor.hu\/wp-content\/uploads\/2019\/02\/51.jpg\"><img loading=\"lazy\" decoding=\"async\" class=\"aligncenter size-thumbnail wp-image-4452\" src=\"http:\/\/www.tokajiirotabor.hu\/wp-content\/uploads\/2019\/02\/51-150x150.jpg\" alt=\"5\" width=\"150\" height=\"150\" \/><\/a><a href=\"http:\/\/www.tokajiirotabor.hu\/wp-content\/uploads\/2019\/02\/6.jpg\"><img loading=\"lazy\" decoding=\"async\" class=\"aligncenter size-thumbnail wp-image-4453\" src=\"http:\/\/www.tokajiirotabor.hu\/wp-content\/uploads\/2019\/02\/6-150x150.jpg\" alt=\"6\" width=\"150\" height=\"150\" \/><\/a><a href=\"http:\/\/www.tokajiirotabor.hu\/wp-content\/uploads\/2019\/02\/7.jpg\"><img loading=\"lazy\" decoding=\"async\" class=\"aligncenter size-thumbnail wp-image-4454\" src=\"http:\/\/www.tokajiirotabor.hu\/wp-content\/uploads\/2019\/02\/7-150x150.jpg\" alt=\"7\" width=\"150\" height=\"150\" \/><\/a><a href=\"http:\/\/www.tokajiirotabor.hu\/wp-content\/uploads\/2019\/02\/8.jpg\"><img loading=\"lazy\" decoding=\"async\" class=\"aligncenter size-thumbnail wp-image-4455\" src=\"http:\/\/www.tokajiirotabor.hu\/wp-content\/uploads\/2019\/02\/8-150x150.jpg\" alt=\"8\" width=\"150\" height=\"150\" \/><\/a><\/p>\n","protected":false},"excerpt":{"rendered":"<p>A Tokaji \u00cdr\u00f3t\u00e1bor Egyes\u00fclet a hagyom\u00e1nyokhoz h\u00edven Tokaj v\u00e1ros\u00e1val k\u00f6z\u00f6sen \u00fcnnepelte a Magyar Kult\u00fara Napj\u00e1t a Paulay Ede Sz\u00ednh\u00e1zban, janu\u00e1r 22-\u00e9n. Ezen a napon nemcsak a Himnusz meg\u00edr\u00e1s\u00e1ra eml\u00e9keznek Hegyalja n\u00e9vad\u00f3 telep\u00fcl\u00e9s\u00e9n, hanem arra is, hogy 1986-ban kapta vissza v\u00e1rosi&#8230;<\/p>\n","protected":false},"author":1,"featured_media":4447,"comment_status":"closed","ping_status":"closed","sticky":false,"template":"","format":"standard","meta":{"footnotes":""},"categories":[1],"tags":[],"class_list":["post-4446","post","type-post","status-publish","format-standard","has-post-thumbnail","hentry","category-hirek"],"_links":{"self":[{"href":"https:\/\/tokajiirotabor.hu\/irotabor_archiv\/wp-json\/wp\/v2\/posts\/4446"}],"collection":[{"href":"https:\/\/tokajiirotabor.hu\/irotabor_archiv\/wp-json\/wp\/v2\/posts"}],"about":[{"href":"https:\/\/tokajiirotabor.hu\/irotabor_archiv\/wp-json\/wp\/v2\/types\/post"}],"author":[{"embeddable":true,"href":"https:\/\/tokajiirotabor.hu\/irotabor_archiv\/wp-json\/wp\/v2\/users\/1"}],"replies":[{"embeddable":true,"href":"https:\/\/tokajiirotabor.hu\/irotabor_archiv\/wp-json\/wp\/v2\/comments?post=4446"}],"version-history":[{"count":1,"href":"https:\/\/tokajiirotabor.hu\/irotabor_archiv\/wp-json\/wp\/v2\/posts\/4446\/revisions"}],"predecessor-version":[{"id":4456,"href":"https:\/\/tokajiirotabor.hu\/irotabor_archiv\/wp-json\/wp\/v2\/posts\/4446\/revisions\/4456"}],"wp:featuredmedia":[{"embeddable":true,"href":"https:\/\/tokajiirotabor.hu\/irotabor_archiv\/wp-json\/wp\/v2\/media\/4447"}],"wp:attachment":[{"href":"https:\/\/tokajiirotabor.hu\/irotabor_archiv\/wp-json\/wp\/v2\/media?parent=4446"}],"wp:term":[{"taxonomy":"category","embeddable":true,"href":"https:\/\/tokajiirotabor.hu\/irotabor_archiv\/wp-json\/wp\/v2\/categories?post=4446"},{"taxonomy":"post_tag","embeddable":true,"href":"https:\/\/tokajiirotabor.hu\/irotabor_archiv\/wp-json\/wp\/v2\/tags?post=4446"}],"curies":[{"name":"wp","href":"https:\/\/api.w.org\/{rel}","templated":true}]}}