{"id":4443,"date":"2018-09-27T10:49:56","date_gmt":"2018-09-27T09:49:56","guid":{"rendered":"http:\/\/www.tokajiirotabor.hu\/?p=4443"},"modified":"2018-09-27T10:49:56","modified_gmt":"2018-09-27T09:49:56","slug":"embernek-maradni","status":"publish","type":"post","link":"https:\/\/tokajiirotabor.hu\/irotabor_archiv\/embernek-maradni\/","title":{"rendered":"Embernek maradni"},"content":{"rendered":"<p style=\"text-align: justify;\">Forr\u00e1s:\u00a0barkaonline.hu<\/p>\n<h3 style=\"text-align: center;\">Ol\u00e1h Andr\u00e1s<\/h3>\n<h1 style=\"text-align: center;\"><strong>Embernek maradni<\/strong><\/h1>\n<p style=\"text-align: center;\" align=\"center\"><em>Besz\u00e1mol\u00f3 a 46. Tokaji \u00cdr\u00f3t\u00e1bor esem\u00e9nyeir\u0151l<\/em><\/p>\n<p style=\"text-align: justify;\" align=\"center\">\n<p style=\"text-align: justify;\">Ha augusztus \u2013 akkor Tokaj. Az imm\u00e1r n\u00e9gy naposs\u00e1 duzzadt rendezv\u00e9ny idej\u00e9re jelent\u0151sen megszaporodik az egy f\u0151re jut\u00f3 irodalm\u00e1rok sz\u00e1ma a Tisza-parti v\u00e1rosban. \u00cdr\u00f3k, k\u00f6lt\u0151k, irodalomt\u00f6rt\u00e9n\u00e9szek, lapkiad\u00f3k \u00e9s irodalomkedvel\u0151k tal\u00e1lkoz\u00f3j\u00e1ra ker\u00fcl sor minden \u00e9vben. A hivatalos program mellett remek alkalom a tal\u00e1lkoz\u00e1sokra, besz\u00e9lget\u00e9sekre.<\/p>\n<p style=\"text-align: justify;\">A sz\u00e1ll\u00e1shely elfoglal\u00e1sa ut\u00e1n nyomban s\u00e9t\u00e1ra indulok, s k\u00f6zben Fecske Csab\u00e1t h\u00edvom telefonon, rem\u00e9lve, hogy nyom\u00e1ra lelek valamelyik \u00e1rnyas teraszon, de Csaba leh\u0171ti a lelkesed\u00e9semet: beteg, nem tudott elj\u00f6nni. Szomor\u00faan konstat\u00e1lom a dolgot, de k\u00f6zben m\u00e1r\u00a0<em>Shrek Timi<\/em>\u00a0integet az utca t\u00faloldal\u00e1r\u00f3l, csatlakozom h\u00e1t hozz\u00e1juk egy kis tokaji muskot\u00e1lyos erej\u00e9ig.\u00a0<em>Dupka Gyuri<\/em>\u00a0\u00e9s\u00a0<em>Marcs\u00e1k Gergely<\/em>\u00a0alkotja m\u00e9g a t\u00e1rsas\u00e1got, k\u00e9s\u0151bb\u00a0<em>Korpa Tam\u00e1<\/em>snak is szor\u00edtunk m\u00e9g helyet az asztaln\u00e1l. Gyuri megosztja vel\u00fcnk a leg\u00fajabb kutat\u00e1si eredm\u00e9nyeit k\u00e1rp\u00e1taljai m\u00e1lenykij robotra illetve a szovjet GULAG-t\u00e1borokba hurcoltak sors\u00e1t illet\u0151en. Mindj\u00e1rt meg is aj\u00e1nd\u00e9koz egy t\u00e9rk\u00e9ppel, amellyel a m\u00e1r k\u00f6nyvben is dokument\u00e1lt adatokat tett\u00e9k m\u00e9g \u00e1ttekinthet\u0151bb\u00e9.<\/p>\n<p style=\"text-align: justify;\">Gyorsan m\u00falik az id\u0151, kezd\u0151dik a hivatalos megnyit\u00f3, \u00e1ts\u00e9t\u00e1lunk a R\u00e1k\u00f3czi Pinc\u00e9hez. Iszonyatos a h\u0151s\u00e9g, f\u00fclledt a leveg\u0151. Mindannyian a pince h\u0171v\u00f6s\u00e9re v\u00e1gyunk. Szerencs\u00e9re a vend\u00e9gl\u00e1t\u00f3k is tudj\u00e1k ezt.<\/p>\n<p style=\"text-align: justify;\">A protokoll hivatalos r\u00e9sze gyorsan lep\u00f6r\u00f6g, marad id\u0151 a besz\u00e9lget\u00e9sre, n\u00e9mi bork\u00f3stol\u00e1sra is.<\/p>\n<p style=\"text-align: justify;\" align=\"center\">\n<p align=\"center\"><img loading=\"lazy\" decoding=\"async\" class=\"aligncenter\" title=\"20180816_174136.jpg\" src=\"http:\/\/www.barkaonline.hu\/download.fcgi?itemid=15465&amp;pid=1&amp;type=2\" alt=\"20180816_174136.jpg\" width=\"231\" height=\"347\" \/><em><br \/>\nTalli\u00e1n Mariann<\/em>\u00a0\u00e9s\u00a0<em>L\u00e1z\u00e1r Bal\u00e1zs<\/em><\/p>\n<p style=\"text-align: justify;\" align=\"center\">\n<p style=\"text-align: justify;\">A folytat\u00e1sban a gimn\u00e1zium el\u0151ter\u00e9ben tekinthet\u00fcnk meg egy ki\u00e1ll\u00edt\u00e1st.\u00a0<em>Levelek a frontr\u00f3l.<\/em><em>Szab\u00f3 Mih\u00e1ly\u00a0<\/em>\u00e1ll\u00edtotta \u00f6ssze a d\u00f6bbenetes anyagot korabeli fot\u00f3k \u00e9s levelek alapj\u00e1n. Mindezt\u00a0<em>L\u00e1z\u00e1r Bal\u00e1s<\/em>\u00a0\u00e9s\u00a0<em>Talli\u00e1n Mariann<\/em>\u00a0teszi m\u00e9g borzongat\u00f3bb\u00e1 egy dr\u00e1maian megkompon\u00e1lt felolvas\u00e1ssal. Szorosan kapcsol\u00f3dik a t\u00e1bori program t\u00e9mak\u00f6r\u00e9hez, amely a\u00a0<em>\u201eHalottak \u00e9l\u00e9n<\/em>\u201d c\u00edmet viseli, \u00e9s azt vizsg\u00e1lja, milyen hat\u00e1ssal volt az I. vil\u00e1gh\u00e1bor\u00fa a magyar irodalomra \u00e9s az egy\u00e9b m\u0171v\u00e9szeti \u00e1gakra.<\/p>\n<p style=\"text-align: center;\" align=\"center\">\u00a0<img loading=\"lazy\" decoding=\"async\" title=\"20180816_215434.jpg\" src=\"http:\/\/www.barkaonline.hu\/download.fcgi?itemid=15466&amp;pid=1&amp;type=2\" alt=\"20180816_215434.jpg\" width=\"566\" height=\"301\" \/><em><br \/>\nBemutatkoztak az idei M\u00f3ricz-\u00f6szt\u00f6nd\u00edjasok is<\/em><\/p>\n<p style=\"text-align: justify;\" align=\"center\">\n<p style=\"text-align: justify;\">Az esti program is hasonl\u00f3 erej\u0171: a koll\u00e9gium udvar\u00e1n ker\u00fcl sor a\u00a0<em>Role zenekar<\/em>\u00a0Ady-m\u0171sor\u00e1ra, majd a v\u00e1ros f\u0151ter\u00e9n veszi kezdet\u00e9t egy eg\u00e9sz \u00e9jszak\u00e1ba hajl\u00f3 m\u0171sorfolyam. El\u0151bb a fiatal nemzed\u00e9k kap sz\u00f3t: az ez \u00e9vi M\u00f3ricz-\u00f6szt\u00f6nd\u00edjasok mutatkoznak be\u00a0<em>Er\u0151s Kinga<\/em>\u00a0ir\u00e1ny\u00edt\u00e1sa mellett, amit ism\u00e9t egy zen\u00e9s program k\u00f6vet:\u00a0<em>Kamar\u00e1s Iv\u00e1n<\/em>\u00a0k\u00f6zrem\u0171k\u00f6d\u00e9s\u00e9vel\u00a0<em>Iv\u00e1n Szandra<\/em>\u00a0\u00e9s\u00a0<em>J\u00e1sz Andris<\/em>\u00a0chanson-estj\u00e9t \u00e9lvezhetik az \u00e9rdekl\u0151d\u0151k. \u00a0Persze n\u00e9mi bor mellett asztali besz\u00e9lget\u00e9sekre is sor ker\u00fcl\u00a0<em>K\u00f6d\u00f6b\u00f6cz G\u00e1bor<\/em>ral,\u00a0<em>Bakacsi Ern\u0151<\/em>vel,\u00a0<em>Kollarits Krisztin\u00e1<\/em>val \u00e9s\u00a0<em>K\u00e1ntor Istv\u00e1n<\/em>nal vonulunk f\u00e9lre egy kis eml\u00e9kid\u00e9z\u00e9sre.<\/p>\n<p style=\"text-align: justify;\">A k\u00e9s\u0151 \u00e9jszak\u00e1ba ny\u00fal\u00f3 program ellen\u00e9re a m\u00e1snapi plen\u00e1ris \u00fcl\u00e9sek is komoly \u00e9rdekl\u0151d\u00e9st v\u00e1ltanak ki. Sajnos szomor\u00fa h\u00edrrel kezd\u0151dik a nap.\u00a0<em>Szentm\u00e1rtoni J\u00e1nos<\/em>\u00a0jelenti be, hogy elhunyt\u00a0<em>Nagy Andr\u00e1s<\/em>\u00a0grafikusm\u0171v\u00e9sz, Nagy L\u00e1szl\u00f3 k\u00f6lt\u0151 fia, akivel nekem is volt alkalmam n\u00e9h\u00e1nyszor tal\u00e1lkozni. Egy perces n\u00e9ma fel\u00e1ll\u00e1ssal ad\u00f3ztunk az eml\u00e9k\u00e9nek.<\/p>\n<p style=\"text-align: justify;\" align=\"center\">\n<p align=\"center\"><img loading=\"lazy\" decoding=\"async\" class=\"aligncenter\" title=\"20180817_090955.jpg\" src=\"http:\/\/www.barkaonline.hu\/download.fcgi?itemid=15467&amp;pid=1&amp;type=2\" alt=\"20180817_090955.jpg\" width=\"530\" height=\"265\" \/><em><br \/>\nSzentm\u00e1rtoni J\u00e1nos, a Magyar \u00edr\u00f3sz\u00f6vets\u00e9g eln\u00f6ke<br \/>\nk\u00f6sz\u00f6nti a r\u00e9sztvev\u0151ket<\/em><\/p>\n<p style=\"text-align: justify;\" align=\"center\">\n<p style=\"text-align: justify;\">Ezut\u00e1n veszi kezdet\u00e9t\u00a0<em>Bertha Zolt\u00e1n<\/em>\u00a0eln\u00f6kl\u00e9se mellett a programsorozat. Van ugyan n\u00e9mi v\u00e1ltoz\u00e1s az eredeti m\u0171sorrendhez k\u00e9pest, de \u00edgy is remek\u00fcl \u00e9p\u00fclnek egym\u00e1sra az el\u0151ad\u00e1sok.\u00a0<em>H\u00f3v\u00e1ri J\u00e1nos<\/em>\u00a0annak al\u00e1t\u00e1maszt\u00e1s\u00e1ra hoz irodalmi p\u00e9ld\u00e1kat, hogy mi\u00e9rt is lehet ugyanazt az esem\u00e9nyt t\u00f6bbf\u00e9lek\u00e9ppen is meg\u00e9lni \u00e9s \u00e9rtelmezni. El\u0151ad\u00e1s\u00e1ban hangs\u00falyozottan esik sz\u00f3 a felel\u0151ss\u00e9gr\u0151l \u00e9s a felel\u0151ss\u00e9gv\u00e1llal\u00e1sr\u00f3l.<\/p>\n<p style=\"text-align: justify;\"><em>L. Simon L\u00e1szl\u00f3<\/em>\u00a0arr\u00f3l besz\u00e9l, hogy az \u00e9vfordul\u00f3 ragyog\u00f3 alkalmat teremt a m\u00falttal val\u00f3 szemben\u00e9z\u00e9sre, a k\u00f6ztudatban m\u00e1ig jelenl\u00e9v\u0151 hamis narrat\u00edv\u00e1k t\u00f6rl\u00e9s\u00e9re, \u00fajra\u00edr\u00e1s\u00e1ra. Szem\u00e9lyes eml\u00e9keket is felhoz, d\u00e9dapja sors\u00e1t, aki a 69-es z\u00e1szl\u00f3aljjal mind a 12 isonz\u00f3i csat\u00e1ban r\u00e9szt vett, s hogy gyermekeivel bej\u00e1rta a hadsz\u00ednteret, az eml\u00e9khelyeket az olasz \u00e9s a szerb fronton egyar\u00e1nt. (A \u201ebeavat\u00e1s\u201d eredm\u00e9nye m\u00e1ris k\u00e9zzelfoghat\u00f3: 14 \u00e9ves l\u00e1nya maga v\u00e1lasztotta Gy\u00f3ni G\u00e9za vers\u00e9t egy versmond\u00f3 versenyre.)<\/p>\n<p style=\"text-align: justify;\"><em>Kollarits Krisztina<\/em>\u00a0saj\u00e1tos n\u00e9z\u0151pontb\u00f3l, a n\u0151k szem\u00e9vel l\u00e1ttatja a h\u00e1bor\u00fat. \u201eAz \u00e1pol\u00f3n\u0151, a hadi\u00f6zvegy \u00e9s a szalonh\u00f6lgy \u2013 n\u0151i szerepek az I. vil\u00e1gh\u00e1bor\u00fa idej\u00e9n\u201d c\u00edmet visel\u0151 el\u0151ad\u00e1sa Kaffka Margit, Tormay C\u00e9cile \u00e9s Szentmih\u00e1lyin\u00e9 Szab\u00f3 M\u00e1ria \u00edr\u00e1sain kereszt\u00fcl mutatja be a n\u0151k helyzet\u00e9t, s hogy mik\u00e9nt tudnak a hadba vonul\u00f3 f\u00e9rfiak lelki t\u00e1maszai lenni ezekben a neh\u00e9z id\u0151kben.<\/p>\n<p style=\"text-align: justify;\"><em>K\u00f6d\u00f6b\u00f6cz G\u00e1bor<\/em>\u00a0\u201eAz I. vil\u00e1gh\u00e1bor\u00fa reflexi\u00f3ja Ady l\u00edr\u00e1j\u00e1ban\u201d c\u00edmmel tart izgalmas el\u0151ad\u00e1st arr\u00f3l, hogyan reag\u00e1lt a k\u00f6ztudottan pacifista k\u00f6lt\u0151 a nagy vil\u00e1g\u00e9g\u00e9sre, kiemelve az \u00edr\u00e1stud\u00f3k felel\u0151ss\u00e9g\u00e9t \u2013 megid\u00e9zve egy k\u00e9s\u0151bbi vit\u00e1t is az \u00edr\u00e1stud\u00f3k \u00e1rul\u00e1s\u00e1r\u00f3l. Sz\u00f3v\u00e1 teszi azt is, hogy \u2013 betegs\u00e9ge ellen\u00e9re \u2013 Adyt mag\u00e1t is t\u00f6bbsz\u00f6r megpr\u00f3b\u00e1lt\u00e1k besorozni, egyszer r\u00e1 is k\u00e9nyszer\u00fclt, hogy bevonuljon Kolozsv\u00e1rra.<\/p>\n<p style=\"text-align: justify;\"><em>Gr\u00f3h G\u00e1sp\u00e1r<\/em>\u00a0Szab\u00f3 Dezs\u0151 klasszikuss\u00e1 v\u00e1lt m\u0171ve (<em>Az elsodort falu<\/em>) alapj\u00e1n vizsg\u00e1lja a korszakot, meg\u00e1llap\u00edtva, hogy a legjobb h\u00e1bor\u00fas reg\u00e9nyek nem konkr\u00e9tan a h\u00e1bor\u00far\u00f3l, hanem annak hat\u00e1s\u00e1r\u00f3l, k\u00f6vetkezm\u00e9nyeir\u0151l \u00edr\u00f3dtak. Szab\u00f3 Dezs\u0151 is a h\u00e1torsz\u00e1got mutatja be.<\/p>\n<p style=\"text-align: justify;\">A d\u00e9lut\u00e1ni program\u00a0<em>K\u00f6d\u00f6b\u00f6cz G\u00e1bor<\/em>\u00a0eln\u00f6klete alatt zajlik. Els\u0151k\u00e9nt\u00a0<em>Sz\u0151cs G\u00e9za<\/em>\u00a0besz\u00e9l a h\u00e1bor\u00fa k\u00f6zvetett hat\u00e1sair\u00f3l (p\u00e9ld\u00e1ul a katon\u00e1k er\u0151szakoskod\u00e1sair\u00f3l \u2013 feleml\u00edtve Ters\u00e1nszky \u00e9s Polcz Alaine e t\u00e9m\u00e1ban \u00edrott munk\u00e1it. R\u00e9szletesen taglalja a sokunk sz\u00e1m\u00e1ra ismeretlen Hertz Miksa sors\u00e1t, aki a h\u00e1bor\u00fa el\u0151tt Kair\u00f3 f\u0151\u00e9p\u00edt\u00e9sze volt, nem mellesleg a kopt m\u00fazeum alap\u00edt\u00f3ja, \u00e1m a h\u00e1bor\u00fa kit\u00f6r\u00e9s\u00e9t k\u00f6vet\u0151en \u2013 mint az Angli\u00e1val hadi\u00e1llapotban l\u00e9v\u0151 orsz\u00e1g polg\u00e1ra \u2013 ellens\u00e9g lett. S mert magyar \u00e1llampolg\u00e1rs\u00e1g\u00e1r\u00f3l nem volt hajland\u00f3 lemondani, menek\u00fclnie kellett.<\/p>\n<p style=\"text-align: center;\" align=\"center\">\u00a0<img loading=\"lazy\" decoding=\"async\" title=\"20180817_141035.jpg\" src=\"http:\/\/www.barkaonline.hu\/download.fcgi?itemid=15468&amp;pid=1&amp;type=2\" alt=\"20180817_141035.jpg\" width=\"499\" height=\"248\" \/><em><br \/>\nA d\u00e9lut\u00e1ni plen\u00e1ris \u00fcl\u00e9s el\u0151ad\u00f3i<\/em><\/p>\n<p style=\"text-align: justify;\" align=\"center\">\n<p style=\"text-align: justify;\"><em>Weiner Sennyey Tibor<\/em>\u00a0a kor\u00e1bban m\u00e1r eml\u00edtett B\u00e9k\u00e1ssy Ferenc sors\u00e1n kereszt\u00fcl mutatja be, hogyan k\u00e9nyszer\u00fclnek a bar\u00e1tok ellens\u00e9gg\u00e9 v\u00e1lni. Az Angli\u00e1ban (Cambridge-ben) tanul\u00f3 fiatalember is d\u00f6nt\u00e9sre k\u00e9nyszer\u00fcl: a h\u00e1bor\u00fa h\u00edr\u00e9re otthagyja az iskol\u00e1t, a kisl\u00e1nyt, akibe szerelmes (No\u00ebl Olivier), a bar\u00e1tait, \u00e9s hazat\u00e9r, mert a haz\u00e1ja szolg\u00e1lat\u00e1t tekinti els\u0151nek. D\u00f6bbenetes hallgatni annak a lev\u00e9lnek a sorait, amit n\u00e9h\u00e1ny nappal a hal\u00e1la el\u0151tt \u00edrt szerelm\u00e9nek, No\u00eblnek. Weiner Sennyey Tibor arra is felh\u00edvja a figyelmet, hogy mennyire fontos lenne B\u00e9k\u00e1ssyt visszahozni az irodalmi k\u00f6ztudatba.<\/p>\n<p style=\"text-align: justify;\"><em>Bene Zolt\u00e1n<\/em>\u00a0rendk\u00edv\u00fcl \u00e9rz\u00e9kletes el\u0151ad\u00e1s\u00e1ban T\u00f6m\u00f6rk\u00e9ny Istv\u00e1n helyzet\u00e9t vizsg\u00e1lja abb\u00f3l a szempontb\u00f3l, hogy mi sodorja a h\u00e1bor\u00faellenes szegedi \u00edr\u00f3t a frontszolg\u00e1lat v\u00e1llal\u00e1s\u00e1ra. K\u00f6teless\u00e9gtudat, sorsv\u00e1llal\u00e1s? A t\u00e9ny, hogy a fi\u00e1t is beh\u00edvt\u00e1k? K\u00f6zben \u2013 szipork\u00e1z\u00f3 anekdot\u00e1val is f\u0171szerezett t\u00f6rt\u00e9neteken kereszt\u00fcl \u2013 alkalmunk ny\u00edlik megismerni T\u00f6m\u00f6rk\u00e9nyt, az embert.<\/p>\n<p style=\"text-align: justify;\">V\u00e9gezet\u00fcl\u00a0<em>Csender Levente<\/em>\u00a0v\u00e1zolja fel Kuncz Alad\u00e1r szem\u00e9lyes sors\u00e1n (\u00e9s a\u00a0<em>Fekete kolostor<\/em>c\u00edm\u0171 reg\u00e9ny\u00e9n) kereszt\u00fcl azon kint rekedt magyarok helyzet\u00e9t, akik a had\u00fczenetv\u00e1lt\u00e1sokat k\u00f6vet\u0151en m\u00e1r nem kaptak lehet\u0151s\u00e9get a hazat\u00e9r\u00e9sre, s mint ellens\u00e9get, karant\u00e9nba z\u00e1rt\u00e1k \u0151ket. Az \u00f6t \u00e9vig tart\u00f3 rabs\u00e1g a t\u00fal\u00e9l\u00e9s pr\u00f3b\u00e1ja. Az \u00e9letben marad\u00e1shoz \u00f6sszetart\u00e1sra, egy\u00fcttm\u0171k\u00f6d\u00e9sre \u00e9s a szellem frissen tart\u00e1s\u00e1ra van sz\u00fcks\u00e9g\u00fck. Sz\u00edndarabokat rendeznek, zenekart szerveznek, hogy a k\u00f6t\u0151d\u00e9seket er\u0151s\u00edts\u00e9k.<\/p>\n<p style=\"text-align: justify;\">A nap programj\u00e1hoz tartozik m\u00e9g a tiszalad\u00e1nyi Gy\u0151ri Elek Faluh\u00e1zban lebonyol\u00edtott verssz\u00ednh\u00e1zi program\u00a0<em>L\u00e1z\u00e1r Bal\u00e1zs<\/em>\u00a0\u00e9s\u00a0<em>Talli\u00e1n Mariann<\/em>\u00a0el\u0151ad\u00e1s\u00e1ban. A m\u0171sort\u00a0<em>R\u00f3zs\u00e1ssy Barbara<\/em>szerkesztette. Tokaj f\u0151ter\u00e9n pedig a hagyom\u00e1nyos foly\u00f3irat-bemutat\u00f3kra ker\u00fcl sor. Ez\u00fattal az\u00a0<em>El\u0151retolt Hely\u0151rs\u00e9g<\/em>\u00a0nyitja a sort. El\u0151bb\u00a0<em>Orb\u00e1n J\u00e1nos D\u00e9nes<\/em>\u00a0\u00e9s\u00a0<em>Szentm\u00e1rtoni J\u00e1nos<\/em>\u00a0besz\u00e9l a lap t\u00f6rt\u00e9net\u00e9r\u0151l, \u00e9s a friss elk\u00e9pzel\u00e9sekr\u0151l, majd a fiatal deb\u00fct\u00e1l\u00f3 szerz\u0151k (<em>Shrek T\u00edmea, Marcs\u00e1k Gergely, Dezs\u0151 Kata, Pataki Tam\u00e1s<\/em>) l\u00e9pnek sz\u00ednre. A k\u00f6zelm\u00faltban kiadott k\u00f6tetekb\u0151l \u00e9s antol\u00f3gi\u00e1kb\u00f3l is jut egy-egy p\u00e9ld\u00e1ny az \u00e9rdekl\u0151d\u0151k sz\u00e1m\u00e1ra. Ezt k\u00f6vet\u0151en az Irodalmi Magazin \u00e9s az\u00a0<em>Olvasat.hu<\/em>\u00a0ker\u00fcl ter\u00edt\u00e9kre. Bemutatj\u00e1k:\u00a0<em>Kondor P\u00e9ter, Moln\u00e1r Krisztina, Er\u0151ss Kinga, R\u00f3zs\u00e1ssy Barbara\u00a0<\/em>\u00e9s\u00a0<em>Szab\u00f3 Mih\u00e1ly<\/em>.<\/p>\n<p style=\"text-align: justify;\" align=\"center\">\n<p align=\"center\"><img loading=\"lazy\" decoding=\"async\" class=\"aligncenter\" title=\"20180817_204343.jpg\" src=\"http:\/\/www.barkaonline.hu\/download.fcgi?itemid=15469&amp;pid=1&amp;type=2\" alt=\"20180817_204343.jpg\" width=\"559\" height=\"305\" \/><em><br \/>\nSturm L\u00e1szl\u00f3 besz\u00e9lget az El\u0151retolt Hely\u0151rs\u00e9gr\u0151l<br \/>\nOrb\u00e1n J\u00e1nos D\u00e9nessel \u00e9s Szentm\u00e1rtoni J\u00e1nossal<\/em><\/p>\n<p style=\"text-align: justify;\" align=\"center\"><em>\u00a0<\/em><\/p>\n<p style=\"text-align: center;\" align=\"center\">\u00a0<img loading=\"lazy\" decoding=\"async\" title=\"20180817_210401.jpg\" src=\"http:\/\/www.barkaonline.hu\/download.fcgi?itemid=15470&amp;pid=1&amp;type=2\" alt=\"20180817_210401.jpg\" width=\"551\" height=\"250\" \/><em><br \/>\nAz El\u0151retolt Hely\u0151rs\u00e9g fiataljait Orb\u00e1n J\u00e1nos D\u00e9nes mutatta be<\/em><\/p>\n<p style=\"text-align: justify;\" align=\"center\">\n<p align=\"center\"><img loading=\"lazy\" decoding=\"async\" class=\"aligncenter\" title=\"20180817_215140.jpg\" src=\"http:\/\/www.barkaonline.hu\/download.fcgi?itemid=15471&amp;pid=1&amp;type=2\" alt=\"20180817_215140.jpg\" width=\"547\" height=\"321\" \/><em><br \/>\nAz Irodalmi Magazinr\u00f3l Moln\u00e1r Krisztina \u00e9s Kondor P\u00e9ter besz\u00e9lt<\/em><\/p>\n<p style=\"text-align: justify;\" align=\"center\">\n<p align=\"center\"><img loading=\"lazy\" decoding=\"async\" class=\"aligncenter\" title=\"20180817_220356.jpg\" src=\"http:\/\/www.barkaonline.hu\/download.fcgi?itemid=15472&amp;pid=1&amp;type=2\" alt=\"20180817_220356.jpg\" width=\"514\" height=\"289\" \/><em><br \/>\nAz \u201eolvasat.hu\u201d szerkeszt\u0151ivel (Er\u0151s Kinga, R\u00f3zs\u00e1ssy Barbara, Szab\u00f3 Mih\u00e1ly)<br \/>\nSturm L\u00e1szl\u00f3 besz\u00e9lgetett<\/em><\/p>\n<p style=\"text-align: justify;\" align=\"center\"><em>\u00a0<\/em><\/p>\n<p style=\"text-align: justify;\">Tokaj f\u0151ter\u00e9n gyermekprogrammal indul a p\u00e9nteki nap. El\u0151sz\u00f6r a M\u00e1sik oldal zenekar vonja maga k\u00f6r\u00e9 a kicsiket, majd j\u00f6tt Gyuri boh\u00f3c is, illetve Tompeti \u00e9s Bar\u00e1tai. Mindemellett ugr\u00e1l\u00f3v\u00e1r, trambulin \u00e9s k\u00e9zm\u0171ves foglalkoz\u00e1sok sz\u00f3rakoztatt\u00e1k a gyerekeket.<\/p>\n<p align=\"center\"><img loading=\"lazy\" decoding=\"async\" class=\"aligncenter\" title=\"20180818_100442.jpg\" src=\"http:\/\/www.barkaonline.hu\/download.fcgi?itemid=15473&amp;pid=1&amp;type=2\" alt=\"20180818_100442.jpg\" width=\"616\" height=\"347\" \/><br \/>\n<em>A M\u00e1sik Oldal zenekar bevonta m\u0171sor\u00e1ba az apr\u00f3s\u00e1gokat is<\/em><\/p>\n<p style=\"text-align: justify;\">\n<p style=\"text-align: justify;\">\u00c9l\u00e9nk \u00e9rdekl\u0151d\u00e9s k\u00eds\u00e9ri a d\u00e9lut\u00e1ni szekci\u00f3\u00fcl\u00e9seket. A vil\u00e1gh\u00e1bor\u00fas versek, pr\u00f3z\u00e1k \u00e9s alkot\u00f3ik t\u00e9mak\u00f6r\u00e9ben\u00a0<em>Sipos Lajos, Cseke P\u00e9ter<\/em>\u00a0\u00e9s\u00a0<em>Dupka Gy\u00f6rgy<\/em>\u00a0gondolat\u00e9breszt\u0151 el\u0151ad\u00e1sait hallgathatt\u00e1k a r\u00e9sztvev\u0151k. A t\u00e1rsm\u0171v\u00e9szetek az I. vil\u00e1gh\u00e1bor\u00faban k\u00e9rd\u00e9sk\u00f6r\u00e9t\u00a0<em>De\u00e1k-S\u00e1rosi L\u00e1szl\u00f3, Guly\u00e1s Gyula, Macz\u00e1k Ibolya<\/em>\u00a0\u00e9s\u00a0<em>Solymosi-Tari Em\u0151ke<\/em>\u00a0dolgozta fel.<\/p>\n<p style=\"text-align: justify;\">\n<p><img loading=\"lazy\" decoding=\"async\" class=\"aligncenter\" title=\"20180818_140724.jpg\" src=\"http:\/\/www.barkaonline.hu\/download.fcgi?itemid=15475&amp;pid=1&amp;type=2\" alt=\"20180818_140724.jpg\" width=\"516\" height=\"347\" \/><\/p>\n<p style=\"text-align: justify;\">\n<p style=\"text-align: justify;\" align=\"center\">Az avantg\u00e1rd munkacsoportban\u00a0<em>Kelemen Erzs\u00e9bet, Pet\u0151cz Andr\u00e1s<\/em>\u00a0\u00e9s\u00a0<em>Szk\u00e1rosi Endre<\/em>\u00a0osztotta meg n\u00e9zeteit.<\/p>\n<p style=\"text-align: justify;\">Magam ez ut\u00f3bbi szekci\u00f3 munk\u00e1j\u00e1t k\u00f6vettem nyomon, ahol \u2013 kapcsol\u00f3dva a t\u00e1bor alaptematik\u00e1j\u00e1hoz \u2013 a vil\u00e1gh\u00e1bor\u00fa k\u00f6rny\u00e9ki avantg\u00e1rd irodalom \u00e1ttekint\u00e9s\u00e9re ker\u00fclt sor.<\/p>\n<p style=\"text-align: justify;\"><em>Kelemen Erzs\u00e9bet<\/em>\u00a0a \u201eTeremt\u0151 er\u0151 \u00e9s rend: Ujv\u00e1ri Erzsi k\u00f6lt\u00e9szete\u201d c\u00edm\u0171 el\u0151ad\u00e1s\u00e1t a j\u00falius 18-\u00e1n elhunyt Papp Tibor eml\u00e9k\u00e9nek, a kort\u00e1rs avantg\u00e1rd nagy mester\u00e9nek aj\u00e1nlotta, \u00e9s mondand\u00f3j\u00e1ba szervesen be\u00e9p\u00edtette az \u0151 megl\u00e1t\u00e1s\u00e1t, a m\u00e9ltatlanul elfeledett k\u00f6lt\u0151n\u0151r\u0151l sz\u00f3l\u00f3 \u00e9rtelmez\u0151i poz\u00edci\u00f3j\u00e1t is. (Ujv\u00e1ri szerepe az\u00e9rt k\u00fcl\u00f6n\u00f6sen \u00e9rdekes, mert Kass\u00e1k Lajos h\u00faga volt.)<\/p>\n<p style=\"text-align: justify;\"><em>Pet\u0151cz Andr\u00e1s<\/em>\u00a0\u2013 el\u0151ad\u00e1s\u00e1t Kass\u00e1k k\u00f6r\u00e9 \u00e9p\u00edtve \u2013 kit\u00e9rt az avantg\u00e1rd meg\u00edt\u00e9l\u00e9se k\u00f6r\u00fcli t\u00e9veszm\u00e9kre, t\u00e9vk\u00e9pzetekre is, hangs\u00falyozva, hogy mindez Marinetti l\u00e1zad\u00e1st hangs\u00falyoz\u00f3 Futurista ki\u00e1ltv\u00e1ny\u00e1ra vezethet\u0151 vissza, illetve arra a t\u00e9nyre, hogy n\u00e9h\u00e1ny alkot\u00f3 k\u00e9s\u0151bb a diktat\u00far\u00e1k t\u00e1mogat\u00f3j\u00e1v\u00e1 v\u00e1lt (Marinetti a fasiszt\u00e1k, Majakovszkij a bolsevikok oldal\u00e1ra \u00e1llt). Kass\u00e1k azonban minden sz\u00e9ls\u0151s\u00e9gnek nemet mondott, s az irodalomba pedig val\u00f3ban formabont\u00f3an \u00fajat hozott.<\/p>\n<p style=\"text-align: justify;\" align=\"center\"><em>Szk\u00e1rosi Endre<\/em>\u00a0meger\u0151s\u00edti a Pet\u0151cz Andr\u00e1s \u00e1ltal v\u00e1zoltakat \u2013 hozz\u00e1t\u00e9ve, hogy az adott korban term\u00e9szetesnek tekinthet\u0151 az \u00e9rtelmis\u00e9g baloldali szerepv\u00e1llal\u00e1sa, ugyanakkor arra is felh\u00edvja a figyelmet, hogy a diktat\u00far\u00e1val szembes\u00fcl\u0151 progressz\u00edv \u00e9rtelmis\u00e9giek v\u00e9g\u00fcl vagy emigr\u00e1ltak, vagy \u00f6ngyilkoss\u00e1gba menek\u00fcltek (pl. Jeszenyin \u00e9s Majakovszkij).<\/p>\n<p style=\"text-align: justify;\">Az esti programban\u00a0<em>Farag\u00f3 Laura<\/em>\u00a0el\u0151ad\u00e1s\u00e1ban cs\u00e1ng\u00f3 n\u00e9pdalokat \u00e9s n\u00e9pmes\u00e9ket hallhattunk, majd a bodrogkereszt\u00fari Puklus Pince tulajdonosa aj\u00e1nlotta k\u00f3stol\u00e1sra legkiv\u00e1l\u00f3bb borait, al\u00e1fest\u00e9sk\u00e9nt pedig\u00a0<em>R\u00e1ckevei Anna<\/em>\u00a0tolm\u00e1csol\u00e1s\u00e1ban borverseket hangzottak el. Mindezt k\u00f6tetlen besz\u00e9lget\u00e9s k\u00f6vette.<\/p>\n<p style=\"text-align: justify;\">A z\u00e1r\u00f3nap els\u0151 esem\u00e9ny\u00e9nek a Millenniumi Eml\u00e9kpark adott otthont, ahol a Nagy H\u00e1bor\u00fa k\u00f6lt\u0151j\u00e9nek, Ady Endr\u00e9nek \u00e1ll\u00edtott eml\u00e9ket az \u00edr\u00f3t\u00e1bor k\u00f6z\u00f6ss\u00e9ge.\u00a0<em>Posta Gy\u00f6rgy\u00a0<\/em>polg\u00e1rmester \u00far \u00e9s\u00a0<em>R\u00e1ckevei Anna<\/em>\u00a0sz\u00ednm\u0171v\u00e9sz k\u00f6zrem\u0171k\u00f6d\u00e9se mellett\u00a0<em>Tardy-Moln\u00e1r Anna<\/em>, a Magyar Alkot\u00f3m\u0171v\u00e9szeti Nonprofit Kft. \u00fcgyvezet\u0151 igazgat\u00f3ja mondott laud\u00e1ci\u00f3t.<\/p>\n<p style=\"text-align: justify;\">\n<p align=\"center\"><img loading=\"lazy\" decoding=\"async\" class=\"aligncenter\" title=\"20180819_091643.jpg\" src=\"http:\/\/www.barkaonline.hu\/download.fcgi?itemid=15479&amp;pid=1&amp;type=2\" alt=\"20180819_091643.jpg\" width=\"507\" height=\"347\" \/><br \/>\n<em>Tardy-Moln\u00e1r Anna \u00e9s Szab\u00f3 Tam\u00e1s szobr\u00e1szm\u0171v\u00e9sz<br \/>\naz Ady-eml\u00e9kt\u00e1bla mellett<\/em><\/p>\n<p style=\"text-align: justify;\" align=\"center\">\n<p style=\"text-align: center;\" align=\"center\">\u00a0<img loading=\"lazy\" decoding=\"async\" title=\"20180819_090349.jpg\" src=\"http:\/\/www.barkaonline.hu\/download.fcgi?itemid=15478&amp;pid=1&amp;type=2\" alt=\"20180819_090349.jpg\" width=\"530\" height=\"298\" \/><em><br \/>\nAz eml\u00e9kt\u00e1bla avat\u00e1s\u00e1n r\u00e9sztvev\u0151k egy csoportja<\/em><\/p>\n<p style=\"text-align: justify;\" align=\"center\">\n<p style=\"text-align: justify;\">Plen\u00e1ris \u00fcl\u00e9ssel folytat\u00f3dott a d\u00e9lel\u0151tt, amelyet\u00a0<em>Bertha Zolt\u00e1n<\/em>\u00a0koordin\u00e1lt. Els\u0151k\u00e9nt\u00a0<em>Szakolczay Lajos<\/em>\u00a0l\u00e9pett a mikrofonhoz, aki Gy\u00f3ni G\u00e9za k\u00f6lt\u00e9szet\u00e9r\u0151l \u2013 akit irodalmunk legtragikusabb sors\u00fa katon\u00e1jak\u00e9nt mutatott be \u2013 tartott izgalmas el\u0151ad\u00e1st.<\/p>\n<p style=\"text-align: justify;\"><em>Salamon Konr\u00e1d<\/em>\u00a0t\u00f6rt\u00e9n\u00e9sz az \u00edr\u00f3k, a forradalom \u00e9s a k\u00f6zt\u00e1rsas\u00e1g h\u00e1rmasa k\u00f6r\u00e9 \u00e9p\u00edtette gondolatait, megjegyezve, hogy a korszak sok vit\u00e1ra ad okot \u00e9s alkalmat, \u00e1m rengeteg t\u00e9ves inform\u00e1ci\u00f3 kering a k\u00f6ztudatban, ami nehez\u00edti a tiszt\u00e1nl\u00e1t\u00e1st.<\/p>\n<p style=\"text-align: justify;\"><em>Mezey Katalin<\/em>\u00a0\u2013 csal\u00e1di eml\u00e9kekkel is sz\u00ednes\u00edtve \u2013\u00a0<em>Kr\u00fady Gyula<\/em>\u00a0korabeli \u00edr\u00e1sain kereszt\u00fcl mutatta be a korszakot, kitekintve Ady \u00e9s Br\u00f3dy S\u00e1ndor tev\u00e9kenys\u00e9g\u00e9re is.<\/p>\n<p style=\"text-align: justify;\"><em>M\u00e1rkus B\u00e9la<\/em>\u00a0a h\u00e1torsz\u00e1gbeli k\u00f6r\u00fclm\u00e9nyek felv\u00e1zol\u00e1s\u00e1ra \u2013 \u00e9s annak irodalmi \u00e1br\u00e1zol\u00e1s\u00e1ra \u2013 helyezte a hangs\u00falyt. El\u0151ad\u00e1s\u00e1ban felbukkant B\u00e1nffy Mikl\u00f3s eml\u00e9kirata, Markovits Rodion Szib\u00e9riai garnizonja \u2013 csak\u00fagy, mint a kev\u00e9sb\u00e9 ismert S\u00e1nta farsang \u2013, \u00e9s kiemelte m\u00e9g a m\u00e1r-m\u00e1r elfeledett V\u00e9csey Zolt\u00e1n cseh cenz\u00fara \u00e1ltal betiltott munk\u00e1j\u00e1t (A s\u00edr\u00f3 v\u00e1ros), \u00e9s az erd\u00e9lyi Berde M\u00e1ria k\u00f6nyv\u00e9t (A t\u00fczes kemence).<\/p>\n<p style=\"text-align: justify;\" align=\"center\">\n<p align=\"center\"><img loading=\"lazy\" decoding=\"async\" class=\"aligncenter\" title=\"20180819_112316.jpg\" src=\"http:\/\/www.barkaonline.hu\/download.fcgi?itemid=15480&amp;pid=1&amp;type=2\" alt=\"20180819_112316.jpg\" width=\"511\" height=\"288\" \/><br \/>\n<em>M\u00e1rkus B\u00e9la el\u0151ad\u00e1sa<\/em><\/p>\n<p style=\"text-align: justify;\" align=\"center\">\n<p style=\"text-align: justify;\"><em>Solt\u00e9sz M\u00e1rton<\/em>\u00a0az elidegened\u00e9s, az \u00e9rt\u00e9kv\u00e1ls\u00e1g st\u00e1diumait, a civiliz\u00e1ci\u00f3 zs\u00e1kutc\u00e1it vizsg\u00e1lta k\u00e9t novella (Tormay C\u00e9cile: Az idegen \u00e9s Julio Cortazar: A sziget d\u00e9lben) \u00f6sszevet\u00e9se kapcs\u00e1n.<\/p>\n<p style=\"text-align: justify;\">A plen\u00e1ris \u00fcl\u00e9st k\u00f6vet\u0151en ker\u00fclt sor a t\u00e1bor z\u00e1r\u00f3esem\u00e9ny\u00e9re, a hagyom\u00e1nyos d\u00edjkioszt\u00f3 \u00fcnneps\u00e9gre. A Tokaji \u00cdr\u00f3t\u00e1bor d\u00edj\u00e1t ebben az \u00e9vben\u00a0<em>L\u00e1z\u00e1r Bal\u00e1zs<\/em>\u00a0k\u00f6lt\u0151, sz\u00ednm\u0171v\u00e9sz vehette \u00e1t. Tev\u00e9kenys\u00e9g\u00e9t\u00a0<em>Szakolczay Lajos<\/em>\u00a0m\u00e9ltatta.<\/p>\n<p style=\"text-align: justify;\">\n<p align=\"center\"><img loading=\"lazy\" decoding=\"async\" class=\"aligncenter\" title=\"20180819_123322.jpg\" src=\"http:\/\/www.barkaonline.hu\/download.fcgi?itemid=15483&amp;pid=1&amp;type=2\" alt=\"20180819_123322.jpg\" width=\"529\" height=\"298\" \/><br \/>\n<em>Szakolczay Lajos laud\u00e1ci\u00f3ja (a h\u00e1tt\u00e9rben a d\u00edjazott, L\u00e1z\u00e1r Bal\u00e1zs)<\/em><\/p>\n<p style=\"text-align: justify;\" align=\"center\">\n<p style=\"text-align: justify;\">Az \u00edr\u00f3t\u00e1bor Nagyhord\u00f3-d\u00edj\u00e1t felvid\u00e9ki\u00a0<em>G\u00e1l S\u00e1ndor<\/em>\u00a0kapta, a Kishord\u00f3-d\u00edjakat pedig\u00a0<em>H\u00f3v\u00e1ri J\u00e1nos, Muzsnay \u00c1rp\u00e1d<\/em>\u00a0\u00e9s\u00a0<em>Szab\u00f3 Zsolt<\/em>\u00a0vehett\u00e9k \u00e1t.<\/p>\n<p style=\"text-align: justify;\">Der\u0171s kedvvel k\u00f6sz\u00f6ntem el Tokajt\u00f3l, hiszen az \u00e9rt\u00e9kes el\u0151ad\u00e1sok mellett sz\u00e1mtalan egy\u00e9b impulzus is \u00e9rt. Sokakkal volt alkalmam sz\u00f3t v\u00e1ltani.\u00a0<em>Kaiser Lacival<\/em>\u00a0m\u00e9g a k\u00f6zelj\u00f6v\u0151re vonatkoz\u00f3 terveimet is tudtam egyeztetni. De megmarad bennem \u2013 a kor\u00e1bbiakban m\u00e1r eml\u00edtetteken t\u00fal \u2013 a\u00a0<em>Muzsnay \u00c1rp\u00e1ddal, Kelemen Erzs\u00e9bettel, P\u00f3sa Zolt\u00e1nnal, Pet\u0151cz Andr\u00e1ssal, N\u00e9meth P\u00e9ter Mikol\u00e1val<\/em>\u00a0folytatott diskurzus eml\u00e9ke is. \u00daj ismer\u0151s\u00f6kre is szert tettem. De a n\u00e9gy napba siker\u00fclt bezs\u00fafolni egy kis csatangol\u00e1st is,\u00a0<em>Sturm Lacival<\/em>\u00a0bebarangoltuk Tokajt, \u00e9s\u00a0<em>Luzsicza Istv\u00e1n\u00e9kkal<\/em>\u00a0is el tudtam sz\u00f6kni egy kis bort\u00far\u00e1ra. Mindemellett t\u00e1sk\u00e1nyi k\u00f6nyvvel is gyarapodtam.<\/p>\n","protected":false},"excerpt":{"rendered":"<p>Forr\u00e1s:\u00a0barkaonline.hu Ol\u00e1h Andr\u00e1s Embernek maradni Besz\u00e1mol\u00f3 a 46. Tokaji \u00cdr\u00f3t\u00e1bor esem\u00e9nyeir\u0151l Ha augusztus \u2013 akkor Tokaj. Az imm\u00e1r n\u00e9gy naposs\u00e1 duzzadt rendezv\u00e9ny idej\u00e9re jelent\u0151sen megszaporodik az egy f\u0151re jut\u00f3 irodalm\u00e1rok sz\u00e1ma a Tisza-parti v\u00e1rosban. \u00cdr\u00f3k, k\u00f6lt\u0151k, irodalomt\u00f6rt\u00e9n\u00e9szek, lapkiad\u00f3k \u00e9s irodalomkedvel\u0151k&#8230;<\/p>\n","protected":false},"author":1,"featured_media":4436,"comment_status":"closed","ping_status":"closed","sticky":false,"template":"","format":"standard","meta":{"footnotes":""},"categories":[1],"tags":[],"class_list":["post-4443","post","type-post","status-publish","format-standard","has-post-thumbnail","hentry","category-hirek"],"_links":{"self":[{"href":"https:\/\/tokajiirotabor.hu\/irotabor_archiv\/wp-json\/wp\/v2\/posts\/4443"}],"collection":[{"href":"https:\/\/tokajiirotabor.hu\/irotabor_archiv\/wp-json\/wp\/v2\/posts"}],"about":[{"href":"https:\/\/tokajiirotabor.hu\/irotabor_archiv\/wp-json\/wp\/v2\/types\/post"}],"author":[{"embeddable":true,"href":"https:\/\/tokajiirotabor.hu\/irotabor_archiv\/wp-json\/wp\/v2\/users\/1"}],"replies":[{"embeddable":true,"href":"https:\/\/tokajiirotabor.hu\/irotabor_archiv\/wp-json\/wp\/v2\/comments?post=4443"}],"version-history":[{"count":1,"href":"https:\/\/tokajiirotabor.hu\/irotabor_archiv\/wp-json\/wp\/v2\/posts\/4443\/revisions"}],"predecessor-version":[{"id":4444,"href":"https:\/\/tokajiirotabor.hu\/irotabor_archiv\/wp-json\/wp\/v2\/posts\/4443\/revisions\/4444"}],"wp:featuredmedia":[{"embeddable":true,"href":"https:\/\/tokajiirotabor.hu\/irotabor_archiv\/wp-json\/wp\/v2\/media\/4436"}],"wp:attachment":[{"href":"https:\/\/tokajiirotabor.hu\/irotabor_archiv\/wp-json\/wp\/v2\/media?parent=4443"}],"wp:term":[{"taxonomy":"category","embeddable":true,"href":"https:\/\/tokajiirotabor.hu\/irotabor_archiv\/wp-json\/wp\/v2\/categories?post=4443"},{"taxonomy":"post_tag","embeddable":true,"href":"https:\/\/tokajiirotabor.hu\/irotabor_archiv\/wp-json\/wp\/v2\/tags?post=4443"}],"curies":[{"name":"wp","href":"https:\/\/api.w.org\/{rel}","templated":true}]}}