{"id":4396,"date":"2018-05-07T12:16:43","date_gmt":"2018-05-07T11:16:43","guid":{"rendered":"http:\/\/www.tokajiirotabor.hu\/?p=4396"},"modified":"2018-06-12T09:17:35","modified_gmt":"2018-06-12T08:17:35","slug":"46-tokaji-irotabor","status":"publish","type":"post","link":"https:\/\/tokajiirotabor.hu\/irotabor_archiv\/46-tokaji-irotabor\/","title":{"rendered":"46. Tokaji \u00cdr\u00f3t\u00e1bor"},"content":{"rendered":"<p style=\"text-align: center;\"><a href=\"http:\/\/www.tokajiirotabor.hu\/wp-content\/uploads\/2015\/03\/fejl\u00e9c.jpg\"><img loading=\"lazy\" decoding=\"async\" class=\"aligncenter size-large wp-image-4395\" src=\"http:\/\/www.tokajiirotabor.hu\/wp-content\/uploads\/2015\/03\/fejl\u00e9c-1024x115.jpg\" alt=\"fejl\u00e9c\" width=\"980\" height=\"110\" srcset=\"https:\/\/tokajiirotabor.hu\/irotabor_archiv\/wp-content\/uploads\/2015\/03\/fejl\u00e9c-1024x115.jpg 1024w, https:\/\/tokajiirotabor.hu\/irotabor_archiv\/wp-content\/uploads\/2015\/03\/fejl\u00e9c-300x34.jpg 300w\" sizes=\"(max-width: 980px) 100vw, 980px\" \/><\/a><\/p>\n<p style=\"text-align: center;\">\u201eHALOTTAK \u00c9L\u00c9N\u201d<\/p>\n<p style=\"text-align: center;\"><a href=\"http:\/\/www.tokajiirotabor.hu\/wp-content\/uploads\/2015\/03\/TIE2018_MIweb1200px.jpg\"><img loading=\"lazy\" decoding=\"async\" class=\"aligncenter size-thumbnail wp-image-4412\" src=\"http:\/\/www.tokajiirotabor.hu\/wp-content\/uploads\/2015\/03\/TIE2018_MIweb1200px-150x150.jpg\" alt=\"TIE2018\" width=\"150\" height=\"150\" \/><\/a><\/p>\n<p style=\"text-align: center;\">Az els\u0151 vil\u00e1gh\u00e1bor\u00fa a magyar irodalomban \u00e9s m\u0171v\u00e9szetekben<\/p>\n<p style=\"text-align: center;\"><strong>\u00a046.<\/strong><strong>Tokaji \u00cdr\u00f3t\u00e1bor<\/strong><\/p>\n<p style=\"text-align: center;\"><strong>\u00a02018.\u00a0<\/strong><strong>augusztus 16 \u2013 19. (cs\u00fct\u00f6rt\u00f6k, p\u00e9ntek, szombat, vas\u00e1rnap)<\/strong><\/p>\n<p><strong>\u00a0<\/strong><\/p>\n<p style=\"text-align: justify;\">A Tokaji \u00cdr\u00f3t\u00e1bor eln\u00f6ks\u00e9ge meghirdeti a soron k\u00f6vetkez\u0151, 46. \u00edr\u00f3t\u00e1bori tan\u00e1cskoz\u00e1st <em>\u201eHALOTTAK \u00c9L\u00c9N\u201d &#8211; Az els\u0151 vil\u00e1gh\u00e1bor\u00fa a magyar irodalomban \u00e9s m\u0171v\u00e9szetekben<\/em> c\u00edmmel \u2013 tekintettel az els\u0151 vil\u00e1gh\u00e1bor\u00fa befejez\u00e9s\u00e9nek \u00e9vfordul\u00f3j\u00e1ra.<\/p>\n<p>&nbsp;<\/p>\n<p style=\"text-align: justify;\">Ady Endre, Babits Mih\u00e1ly, Kass\u00e1k Lajos, Kr\u00fady Gyula, Moln\u00e1r Ferenc, M\u00f3ricz Zsigmond, Ters\u00e1nszky J\u00f3zsi Jen\u0151\u2026 \u00e9s sorolhatn\u00e1nk azon irodalmi nagyjainkat, akik valamilyen form\u00e1ban meg\u00f6r\u00f6k\u00edtett\u00e9k \u00e9let\u00fck egyik legmeghat\u00e1roz\u00f3bb \u00e9s legborzaszt\u00f3bb \u00e9lm\u00e9ny\u00e9t, a nagy h\u00e1bor\u00fat. De eml\u00edthetn\u00e9nk sz\u00e1mos zeneszerz\u0151t \u00e9s k\u00e9pz\u0151m\u0171v\u00e9szt is. Az idei Tokaji \u00cdr\u00f3t\u00e1borban a m\u0171v\u00e9szet \u00e9s a h\u00e1bor\u00fa kapcsolat\u00e1t elemezz\u00fck; egy\u00e9ni sorsokat, az emberi egzisztenci\u00e1t \u00e9rint\u0151 s\u00falyos k\u00e9rd\u00e9seket az irodalom, a m\u0171v\u00e9szet l\u00e1t\u00f3sz\u00f6g\u00e9b\u0151l n\u00e9zve.<\/p>\n<p>&nbsp;<\/p>\n<p style=\"text-align: justify;\">A tan\u00e1cskoz\u00e1s helysz\u00edne a <strong>Tokaji Ferenc Gimn\u00e1zium \u00e9s Koll\u00e9gium<\/strong>. A t\u00e1bor hagyom\u00e1nyainak \u00e9s nemr\u00e9g bevezetett reformjainak megfelel\u0151en a tan\u00e1cskoz\u00e1st kultur\u00e1lis programok k\u00eds\u00e9rik: alkot\u00f3m\u0171helyek, foly\u00f3iratok bemutatkoz\u00e1sa, koncertek, felolvas\u00f3 est, ki\u00e1ll\u00edt\u00e1s, gyerekprogramok \u00e9s min\u0151s\u00e9gi tokaji borok k\u00f3stol\u00f3ja v\u00e1rja a r\u00e9sztvev\u0151ket.<\/p>\n<p style=\"text-align: justify;\">A t\u00e1borba val\u00f3 jelentkez\u00e9st postai \u00faton a <strong>4220 Hajd\u00fab\u00f6sz\u00f6rm\u00e9ny, De\u00e1k Ferenc utca 2. <\/strong>vagy elektronikus \u00faton a <strong>tokaji.irotabor@gmail.com<\/strong> c\u00edmre v\u00e1rjuk Papp-F\u00fcr J\u00e1nos, a Tokaji \u00cdr\u00f3t\u00e1bor titk\u00e1ra nev\u00e9re.<\/p>\n<p>&nbsp;<\/p>\n<p>A JELENTKEZ\u00c9SI \u0170RLAP <strong>2018. m\u00e1jus 7. \u2013 j\u00falius 30. k\u00f6z\u00f6tt<\/strong> a honlapunkon is el\u00e9rhet\u0151: <a href=\"http:\/\/www.tokajiirotabor.hu\/46-tokaji-irotabor-jelentkezesi-urlap\/\">46. Tokaji \u00cdr\u00f3t\u00e1bor Jelentkez\u00e9si \u0170rlap<\/a><\/p>\n<p>&nbsp;<\/p>\n<p>\u00c9rdekl\u0151dni lehet a k\u00f6vetkez\u0151 telefonsz\u00e1mon: <strong>06-30\/814-3799.<\/strong><\/p>\n<p>&nbsp;<\/p>\n<p>&nbsp;<\/p>\n<p style=\"text-align: right;\">A Tokaji \u00cdr\u00f3t\u00e1bor Egyes\u00fclet Eln\u00f6ks\u00e9ge<\/p>\n<p style=\"text-align: center;\"><a href=\"http:\/\/www.tokajiirotabor.hu\/wp-content\/uploads\/2018\/05\/l\u00e1bl\u00e9c.jpg\"><img loading=\"lazy\" decoding=\"async\" class=\"aligncenter size-large wp-image-4403\" src=\"http:\/\/www.tokajiirotabor.hu\/wp-content\/uploads\/2018\/05\/l\u00e1bl\u00e9c-1024x36.jpg\" alt=\"l\u00e1bl\u00e9c\" width=\"980\" height=\"34\" srcset=\"https:\/\/tokajiirotabor.hu\/irotabor_archiv\/wp-content\/uploads\/2018\/05\/l\u00e1bl\u00e9c-1024x36.jpg 1024w, https:\/\/tokajiirotabor.hu\/irotabor_archiv\/wp-content\/uploads\/2018\/05\/l\u00e1bl\u00e9c-300x10.jpg 300w\" sizes=\"(max-width: 980px) 100vw, 980px\" \/><\/a><\/p>\n<p style=\"text-align: center;\">Let\u00f6lthet\u0151 verzi\u00f3 (.doc):\u00a0<a href=\"http:\/\/www.tokajiirotabor.hu\/46-tokaji-irotabor\/felhivas_tokajiirotabor_2018_vegl-2\/\" rel=\"attachment wp-att-4416\">Felh\u00edv\u00e1s Tokaji Ir\u00f3t\u00e1bor 2018.<\/a><\/p>\n","protected":false},"excerpt":{"rendered":"<p>\u201eHALOTTAK \u00c9L\u00c9N\u201d Az els\u0151 vil\u00e1gh\u00e1bor\u00fa a magyar irodalomban \u00e9s m\u0171v\u00e9szetekben \u00a046.Tokaji \u00cdr\u00f3t\u00e1bor \u00a02018.\u00a0augusztus 16 \u2013 19. (cs\u00fct\u00f6rt\u00f6k, p\u00e9ntek, szombat, vas\u00e1rnap) \u00a0 A Tokaji \u00cdr\u00f3t\u00e1bor eln\u00f6ks\u00e9ge meghirdeti a soron k\u00f6vetkez\u0151, 46. \u00edr\u00f3t\u00e1bori tan\u00e1cskoz\u00e1st \u201eHALOTTAK \u00c9L\u00c9N\u201d &#8211; Az els\u0151 vil\u00e1gh\u00e1bor\u00fa a magyar&#8230;<\/p>\n","protected":false},"author":1,"featured_media":4412,"comment_status":"closed","ping_status":"closed","sticky":false,"template":"","format":"standard","meta":{"footnotes":""},"categories":[1],"tags":[],"class_list":["post-4396","post","type-post","status-publish","format-standard","has-post-thumbnail","hentry","category-hirek"],"_links":{"self":[{"href":"https:\/\/tokajiirotabor.hu\/irotabor_archiv\/wp-json\/wp\/v2\/posts\/4396"}],"collection":[{"href":"https:\/\/tokajiirotabor.hu\/irotabor_archiv\/wp-json\/wp\/v2\/posts"}],"about":[{"href":"https:\/\/tokajiirotabor.hu\/irotabor_archiv\/wp-json\/wp\/v2\/types\/post"}],"author":[{"embeddable":true,"href":"https:\/\/tokajiirotabor.hu\/irotabor_archiv\/wp-json\/wp\/v2\/users\/1"}],"replies":[{"embeddable":true,"href":"https:\/\/tokajiirotabor.hu\/irotabor_archiv\/wp-json\/wp\/v2\/comments?post=4396"}],"version-history":[{"count":10,"href":"https:\/\/tokajiirotabor.hu\/irotabor_archiv\/wp-json\/wp\/v2\/posts\/4396\/revisions"}],"predecessor-version":[{"id":4426,"href":"https:\/\/tokajiirotabor.hu\/irotabor_archiv\/wp-json\/wp\/v2\/posts\/4396\/revisions\/4426"}],"wp:featuredmedia":[{"embeddable":true,"href":"https:\/\/tokajiirotabor.hu\/irotabor_archiv\/wp-json\/wp\/v2\/media\/4412"}],"wp:attachment":[{"href":"https:\/\/tokajiirotabor.hu\/irotabor_archiv\/wp-json\/wp\/v2\/media?parent=4396"}],"wp:term":[{"taxonomy":"category","embeddable":true,"href":"https:\/\/tokajiirotabor.hu\/irotabor_archiv\/wp-json\/wp\/v2\/categories?post=4396"},{"taxonomy":"post_tag","embeddable":true,"href":"https:\/\/tokajiirotabor.hu\/irotabor_archiv\/wp-json\/wp\/v2\/tags?post=4396"}],"curies":[{"name":"wp","href":"https:\/\/api.w.org\/{rel}","templated":true}]}}