{"id":4389,"date":"2018-01-28T09:07:00","date_gmt":"2018-01-28T08:07:00","guid":{"rendered":"http:\/\/www.tokajiirotabor.hu\/?p=4389"},"modified":"2018-05-25T11:05:15","modified_gmt":"2018-05-25T10:05:15","slug":"saray-laszlo-a-tokaji-irotabor-egyesulet-volt-titkaranak-beszede-a-magyar-kultura-napjan","status":"publish","type":"post","link":"https:\/\/tokajiirotabor.hu\/irotabor_archiv\/saray-laszlo-a-tokaji-irotabor-egyesulet-volt-titkaranak-beszede-a-magyar-kultura-napjan\/","title":{"rendered":"S\u00e1ray L\u00e1szl\u00f3, a Tokaji \u00cdr\u00f3t\u00e1bor Egyes\u00fclet volt titk\u00e1r\u00e1nak besz\u00e9de a Magyar Kult\u00fara Napj\u00e1n"},"content":{"rendered":"<p><strong><em>\u201eRitk\u00e1n gondolunk arra, amink van, \u00e9s t\u00fal gyakran arra, amink nincs\u2026\u201d \u00a0<\/em><\/strong><em>(Arthur Schopenhauer)<\/em><\/p>\n<p>&nbsp;<\/p>\n<p><strong>Tisztelt \u00fcnnepl\u0151 tokajiak! Kedves bar\u00e1taim!<\/strong><\/p>\n<p>&nbsp;<\/p>\n<p style=\"text-align: justify;\">Els\u0151 alkalommal besz\u00e9lek az eml\u00e9knap \u00e9s a v\u00e1rosnap mikrofonja el\u0151tt, ez\u00e9rt elmondom, hogy szer\u00e9ny, de szem\u00e9lyes szerepem volt a magyar kult\u00fara napj\u00e1nak orsz\u00e1gos kezdem\u00e9nyez\u00e9s\u00e9ben, majd a tokaji eml\u00e9knapok elind\u00edt\u00e1s\u00e1ban. A nemzeti program kidolgoz\u00e1s\u00e1ra 30 \u00e9vvel ezel\u0151tt, Budapesten ker\u00fclt sor. 1988-ban, megy\u00e9nket k\u00e9pviseltem a Hazafias N\u00e9pfront Orsz\u00e1gos Tan\u00e1csa M\u0171vel\u0151d\u00e9si Bizotts\u00e1g\u00e1ban. Ez a test\u00fclet \u2013 Nemesk\u00fcrty Istv\u00e1n vezet\u00e9s\u00e9vel \u2013 felkarolta Fasang \u00c1rp\u00e1d \u00f6tlet\u00e9t, amely a magyar nemzeti kult\u00fara, s ezen bel\u00fcl az irodalom, a nyelv \u00e9s a zene nagyobb megbecs\u00fcl\u00e9s\u00e9t t\u0171zte ki c\u00e9lul. Programunkat a N\u00e9pfront Orsz\u00e1gos Tan\u00e1csa 1988 december\u00e9ben j\u00f3v\u00e1hagyta. A Felh\u00edv\u00e1st a napilapok ismertett\u00e9k. Ennek szellem\u00e9ben ker\u00fclt sor a magyar kult\u00fara napj\u00e1nak els\u0151 \u00fcnnep\u00e9re 1989. janu\u00e1r 22-\u00e9n, a Hazafias N\u00e9pfront v\u00e9dn\u00f6ks\u00e9g\u00e9vel. A rendszerv\u00e1lt\u00e1s k\u00fcsz\u00f6b\u00e9n k\u00eds\u00e9rlet t\u00f6rt\u00e9nt a rendezv\u00e9ny kisaj\u00e1t\u00edt\u00e1s\u00e1ra, de emiatt az eml\u00e9knap 1990-ben sem maradt el. Az \u00faj, szabadon v\u00e1lasztott korm\u00e1ny mag\u00e1ra v\u00e1llalta az eml\u00e9knap orsz\u00e1gos gondoz\u00e1s\u00e1t. M\u00e9gis e nap k\u00f6zeledt\u00e9vel mindig volt egy-egy provokat\u00edv megjegyz\u00e9s, amely a m\u0171vel\u0151d\u00e9s szervez\u0151it megzavarta \u00e9s megosztotta. Sajnos, \u00edr\u00f3k, \u00fajs\u00e1g\u00edr\u00f3k, telev\u00edzi\u00f3s szem\u00e9lyis\u00e9gek \u00e9lcel\u0151dtek, hogy a glob\u00e1lis vil\u00e1gban besz\u00e9lhet\u00fcnk-e <em>magyar <\/em>kult\u00far\u00e1r\u00f3l?! Nem \u00e9ppen a <em>nemzeti <\/em>irodalom a legnagyobb akad\u00e1lya kult\u00far\u00e1nk nyugati piacos\u00edt\u00e1s\u00e1nak, amely elt\u00e9r\u00edtheti a \u201efejl\u0151d\u00e9si ir\u00e1nyt\u201d?! Zavaros okfejt\u00e9sekre nemcsak politikai, hanem szakmai lapok is v\u00e1llalkoztak. K\u00e9s\u0151bb valamelyest al\u00e1bbhagyott a vita, \u00e9s a megy\u00e9kben is elterjedtek a megeml\u00e9kez\u00e9sek. De! Eltelt b\u0151 t\u00edz \u00e9v, amikor a millenniumi \u00e9vfordul\u00f3 \u00e9s Tokaj vil\u00e1g\u00f6r\u00f6ks\u00e9gi rangra emel\u00e9se v\u00e9gre esz\u00fcnkbe juttatta: j\u00f3 lenne, ha <em>Tokajban is <\/em>lenn\u00e9nek hasonl\u00f3 rendezv\u00e9nyek! A kezdem\u00e9nyez\u0151 szerepet a Tokaji \u00cdr\u00f3t\u00e1bor v\u00e1llalta. A kurat\u00f3rium eln\u00f6k\u00e9vel, Sz\u00e9kelyhidi \u00c1gostonnal k\u00e9sz\u00edtett terv\u00fcnket a v\u00e1rosvezet\u00e9s 2003-ban elfogadta. A gimn\u00e1zium \u00f6r\u00f6mmel csatlakozott \u00e9s otthont is adott. A programot kezdett\u0151l fogva egy\u00fctt szervezt\u00fck, \u00e9s a k\u00f6lts\u00e9geket is megosztottuk. Az els\u0151 kult\u00faranapi rendezv\u00e9ny a gimn\u00e1ziumban volt 2004. janu\u00e1r 22-\u00e9n v\u00e1ros \u00f6nkorm\u00e1nyzat\u00e1nak \u00e9s az \u00edr\u00f3t\u00e1bor kurat\u00f3rium\u00e1nak k\u00f6z\u00f6s rendez\u00e9s\u00e9ben. Majd a helysz\u00edn megv\u00e1ltozott \u2013 \u00e9s eltelt 15 \u00e9v.<\/p>\n<p style=\"text-align: justify;\">\n<p style=\"text-align: justify;\">Az eml\u00e9knap t\u00f6rt\u00e9neti, irodalmi \u00e9rt\u00e9ke, a kultur\u00e1lis hagyat\u00e9k ismert, de a 15. \u00e9vfordul\u00f3n id\u0151szer\u0171 lehet az alapok \u00fajraeml\u00edt\u00e9se, hiszen a t\u00f6rt\u00e9nelmi jelens\u00e9gek \u00e9s k\u00f6r\u00fclm\u00e9nyek egyedi m\u00f3don ma is Tokajhoz k\u00f6t\u0151dnek. Irodalomt\u00f6rt\u00e9net\u00fcnkben \u00fagy tartjuk sz\u00e1mon, hogy K\u00f6lcsey Ferenc \u2013 33 \u00e9vesen \u2013 ezen a napon v\u00e9gleges\u00edtette a Himnuszt, 1823-ban, 195 \u00e9vvel ezel\u0151tt. K\u00f6ltem\u00e9nye az\u00f3ta a magyarok foh\u00e1sza, t\u00f6rv\u00e9nybe foglalt nemzeti jelk\u00e9p. Keletkez\u00e9si id\u0151pontj\u00e1t az Orsz\u00e1ggy\u0171l\u00e9s avatta a magyar kult\u00fara napj\u00e1v\u00e1. Ez a nap teh\u00e1t \u00fcnnepnek sz\u00e1m\u00edt minden\u00fctt, ahol \u00e9lnek a magyar irodalom \u00e9s a nyelv haszn\u00e1l\u00f3i, oltalmaz\u00f3i, szerte a nagyvil\u00e1gban. Hiszem, hogy a mai napon sz\u00e1mos magyar k\u00f6z\u00f6ss\u00e9gben a k\u00f6lt\u0151 szavait id\u00e9zve hangzik el a k\u00f6ny\u00f6r\u00f6g\u00e9s: \u201e<em>Sz\u00e1nd meg Isten a\u2019 Magyart\u201d \u2013 mert megb\u0171nh\u0151dte m\u00e1r nemcsak a m\u00faltat, hanem a j\u00f6vend\u0151t is.<\/em><\/p>\n<p style=\"text-align: justify;\">K\u00f6lcsey Ferencnek k\u00f6sz\u00f6nhetj\u00fck, hogy indokolt k\u00f6ny\u00f6rg\u00e9se mellett saj\u00e1tosan \u00e9s egyedi m\u00f3don \u00fcnnepelhet\u00fcnk, hiszen Tokajnak kiv\u00e9teles k\u00f6ze van a Himnuszhoz! Sorait hallgatni, \u00e9nekelni ebben a v\u00e1rosban ma is k\u00fcl\u00f6n\u00f6s kegy: j\u00f3\u00e9rz\u00e9s \u00e9s egyben figyelmeztet\u00e9s. \u00cdgy \u00e9rezt\u00fck, amikor t\u00f6rt\u00e9nelmi sorsunk dics\u0151s\u00e9g\u00e9r\u0151l, roml\u00e1s\u00e1r\u00f3l \u00e9s rem\u00e9ny\u00e9r\u0151l \u00e9nekelt a tokaji k\u00f3rus, illetve amikor a k\u00f6ltem\u00e9nyt elmondta J\u00e1nosn\u00e9 Magda asszony.<\/p>\n<p style=\"text-align: justify;\">Engedj\u00e9k meg, hogy felid\u00e9zzem Sz\u00e9kelyhidi \u00c1goston irodalom- \u00e9s m\u0171v\u00e9szett\u00f6rt\u00e9n\u00e9sz gondolatait, aki 2004-ben \u00edgy fogalmazott: \u201e<em>a Himnusz hatalmas \u00edv\u00e9ben Tokaj <\/em>a <em>t\u00f6rt\u00e9nelmi dics\u0151s\u00e9get fejezi ki! A maradand\u00f3s\u00e1g, a nagys\u00e1g, a gyarapod\u00e1s hordoz\u00f3jak\u00e9nt szerepel a K\u00e1rp\u00e1tok, a Tisza, a Duna \u00e9s a Kuns\u00e1g t\u00e1rsas\u00e1g\u00e1ban. Mert az alf\u00f6ldi Kuns\u00e1g az orsz\u00e1gnak b\u00fazakal\u00e1szt \u00e9rlel, Tokaj pedig term\u0151 sz\u0151l\u0151vessz\u0151t nevel. Ez a kiv\u00e1lasztott szerep \u00f6vezi kiv\u00e9teles \u00e9s \u00f6r\u00f6k ranggal Tokajt! K\u00e9rd\u00e9s, persze, hogy amikor olvassuk, mondjuk, vagy \u00e9nekelj\u00fck a k\u00f6ltem\u00e9ny nek\u00fcnk oly kedves sorait, vajon \u00e1t\u00e9lj\u00fck-e mindig, hogy ezek a szavak isteni aj\u00e1nd\u00e9kr\u00f3l, aj\u00e1nd\u00e9koz\u00e1sr\u00f3l sz\u00f3lnak? Mert ha a nekt\u00e1r az eur\u00f3pai kult\u00fara \u0151si g\u00f6r\u00f6g vil\u00e1gk\u00e9p\u00e9ben az istenek itala, akkor Tokaj isteni aj\u00e1nd\u00e9kul kapta sz\u0151l\u0151vesszeit, amelyek isteni aj\u00e1nd\u00e9kot teremnek. Jelk\u00e9pesen, de Tokaj ezt az isteni aj\u00e1nd\u00e9kot jelenleg is birtokolja, \u00e9s erre az aj\u00e1nd\u00e9koz\u00e1sra ma is k\u00e9pes! A Himnusz-beli Tokaj kiv\u00e9teles szerep\u00e9t ez a birtokl\u00e1s adja \u00e9s ez a k\u00e9pess\u00e9g teszi kiv\u00e1lts\u00e1goss\u00e1! A 21. sz\u00e1zadban is!\u201d<\/em> Ez\u00e9rt lenne \u00fcdv\u00f6s \u2013 mondom \u00e9n \u2013 ha Tokajnak ezt a kiv\u00e9telezetts\u00e9g\u00e9t mindenki meg\u00e9rten\u00e9 \u00e9s tiszteletben tartan\u00e1. M\u00e1sk\u00e9ppen: v\u00e9delmezz\u00fck a Himnusz adta k\u00f6zel 200 \u00e9ves nemzeti \u00f6r\u00f6ks\u00e9get, a tokaji nekt\u00e1r dics\u0151s\u00e9g\u00e9vel egy\u00fctt. Egy\u00e9bk\u00e9nt ez a k\u00edv\u00e1nalom a borvid\u00e9k valamennyi telep\u00fcl\u00e9s\u00e9nek k\u00f6z\u00f6s \u00e9rdeke \u00e9s felel\u0151ss\u00e9ge! Az itt \u00e9l\u0151k sz\u00e1m\u00e1ra viszont t\u00f6bb, mert szellemi \u00e9s erk\u00f6lcsi ind\u00edt\u00e9k\u00fa feladat is! Ez\u00e9rt f\u00e1radhatatlanul keress\u00fck \u00e9s sz\u00f3l\u00edtsuk meg \u2013 \u00fajra \u00e9s \u00fajra \u2013 a sz\u00e1mba vehet\u0151 \u00e9s megnyerhet\u0151 egy\u00fcttm\u0171k\u00f6d\u0151ket \u00e9s t\u00e1mogat\u00f3kat!<\/p>\n<p style=\"text-align: justify;\">Kedves bar\u00e1taim! Az eml\u00edtett gy\u00f6kerek \u00e1pol\u00e1s\u00e1ra szeg\u0151d\u00f6tt a Tokaji \u00cdr\u00f3t\u00e1bor, amely 1972 \u00f3ta bizony\u00edtani akarta sz\u00e1nd\u00e9k\u00e1t, k\u00fcl\u00f6n\u00f6sen 1990 ut\u00e1n. 32 \u00e9vvel ezel\u0151tt, az \u00edr\u00f3t\u00e1bornak szer\u00e9ny szerepe volt \u2013 p\u00e9ld\u00e1ul \u2013 a v\u00e1rosi rang visszaszerz\u00e9s\u00e9ben. K\u00e9s\u0151bb a Millenniumi Irodalmi Eml\u00e9kpark l\u00e9tes\u00edt\u00e9s\u00e9vel v\u00e1llaltuk az eml\u00e9kpark \u00e9venk\u00e9nti gyarap\u00edt\u00e1s\u00e1t is. Megjelentett\u00fck a Tokaj a magyar irodalomban \u00e9s Tokaj a vil\u00e1girodalomban c\u00edm\u0171 d\u00edszes kiadv\u00e1nyokat. R\u00e9sz\u00fcnk volt abban is, hogy Tokaj \u00e9s k\u00f6rny\u00e9ke 2003-ban a Vil\u00e1g\u00f6r\u00f6ks\u00e9g r\u00e9sz\u00e9v\u00e9 v\u00e1lt. Seg\u00edtett\u00fck, hogy az \u00edr\u00f3t\u00e1bor legyen \u00e9retts\u00e9gi t\u00e9tel a Tokaji Ferenc Gimn\u00e1ziumban. 2004-ben pedig \u00faj hagyom\u00e1nyt ind\u00edtottunk \u00fatj\u00e1ra. Az\u00f3ta folyamatosan, most \u00e9ppen a 15. alkalommal szervezz\u00fck k\u00f6z\u00f6sen a magyar kult\u00fara napj\u00e1t. Eml\u00e9kszem a Biblia \u00e9v\u00e9re is, az alkalmi d\u00edszki\u00e1ll\u00edt\u00e1s\u00e1ra, amikor Tokajt, a kult\u00fara v\u00e1ros\u00e1t k\u00f6sz\u00f6nt\u00f6tt\u00fck az orsz\u00e1gos elismer\u00e9s \u00e9v\u00e9ben. Sz\u00edvesen eml\u00edtem, hogy a Paulay Ede Sz\u00ednh\u00e1z mindig nyitva \u00e1llt az \u00edr\u00f3t\u00e1bor sz\u00e1m\u00e1ra. \u00c9vente ide h\u00edvtuk k\u00f6z\u00f6s tal\u00e1lkoz\u00f3ra a v\u00e1ros \u00e9s k\u00f6rny\u00e9k\u00e9nek irodalom-\u00e9s m\u0171v\u00e9szetbar\u00e1tait. Ez a program jelenleg is az \u00edr\u00f3t\u00e1bor egyik rangos, nyilv\u00e1nos nagyrendezv\u00e9nye. Az elm\u00falt \u00e9vben a t\u00e1bor szervez\u0151je, Papp-F\u00fcr J\u00e1nos k\u00f6lt\u0151 \u00faj helysz\u00ednnel \u00e9s programmal er\u0151s\u00edtette az \u00edr\u00f3t\u00e1bori szervezet \u00e9s a v\u00e1ros kapcsolat\u00e1t, meg\u00faj\u00edt\u00f3 sz\u00e1nd\u00e9kkal \u00e9s hagyom\u00e1nyteremt\u0151 c\u00e9llal. Az \u00edr\u00f3t\u00e1bor teh\u00e1t seg\u00edtette, gyarap\u00edtotta a tokaji sz\u0151l\u0151gy\u00f6keret \u00e1pol\u00f3k k\u00f6z\u00f6ss\u00e9gi szeml\u00e9let\u00e9t \u00e9s kultur\u00e1lis \u00e9let\u00e9t, mik\u00f6zben szervezet\u00fcnk saj\u00e1t \u00f6nfenntart\u00e1s\u00e1\u00e9rt is k\u00fczd\u00f6tt az elm\u00falt 15 \u00e9vben. Szerencs\u00e9re nem eredm\u00e9nytelen\u00fcl! Dicsekv\u00e9s n\u00e9lk\u00fcl elmondhat\u00f3, hogy a tokaji t\u00e1bor meg\u0151rizte m\u0171k\u00f6d\u00e9si k\u00e9pess\u00e9g\u00e9t, \u00e9s \u00e9vente sikeresen megtartotta ny\u00e1ri, tokaji \u00f6sszej\u00f6veteleit. Nem volt kies\u0151 \u00e9v 1990 \u00f3ta! Az egyes\u00fclet \u2013 ma m\u00e1r \u2013 45 \u00e9v tapasztalat\u00e1val rendelkezik. Tan\u00e1cskoz\u00e1sain \u00e1ltal\u00e1ban 200 \u00e9rdekl\u0151d\u0151 vesz r\u00e9szt. Orsz\u00e1gos vit\u00e1t v\u00e1ltott ki a t\u00e9mak\u00f6r\u00f6k megv\u00e1laszt\u00e1sa \u00e9s az irodalmi egyoldal\u00fas\u00e1g cs\u00f6kkent\u00e9s\u00e9re tett k\u00eds\u00e9rlet\u00fcnk, amely miatt n\u00e9h\u00e1nyan m\u00e9g jogosults\u00e1gunkat is megk\u00e9rd\u0151jelezt\u00e9k. Az \u00edr\u00f3t\u00e1bor t\u00f6bbs\u00e9ge azonban kitart\u00f3an \u00e9s meggy\u0151z\u0151en \u00e9rvelt irodalomgyarapod\u00e1sunk mellett, v\u00e1llalta felejt\u00e9sre \u00edt\u00e9lt \u00e9rt\u00e9keink visszaperl\u00e9s\u00e9t, minden esetben a m\u00e1sik oldal k\u00e9pvisel\u0151inek megh\u00edv\u00e1s\u00e1val, illetve jelenl\u00e9t\u00e9ben. Felk\u00e9sz\u00fclt el\u0151ad\u00f3k vit\u00e1ztak egym\u00e1ssal. Az eredm\u00e9nyek biztat\u00f3ak, mert az \u00edr\u00f3t\u00e1bor kisug\u00e1rz\u00e1sa, szellemi ereje az ut\u00f3bbi \u00e9vtizedben er\u0151s\u00f6d\u00f6tt, de el\u00e9gedettek nem lehet\u00fcnk, mert az \u00edr\u00f3t\u00e1rsadalom tov\u00e1bbra is megosztott, feldarabolt \u00e9s a t\u00e1mogat\u00e1sok meg\u00edt\u00e9l\u00e9s\u00e9t tov\u00e1bbra is indulatos politikai, ideol\u00f3giai harc k\u00eds\u00e9ri. Az irodalom szerepe \u00e9s tekint\u00e9lye ma is vitatott, t\u00e1rsadalmi s\u00falya alacsonynak mondott. A t\u00e1mogat\u00e1s kezel\u00e9s\u00e9t \u201ekorm\u00e1nyp\u00e1rtiak \u00e9s ellenz\u00e9kiek\u201d egym\u00e1s szem\u00e9re vetik. A korm\u00e1nyzat \u2013 a demokr\u00e1ci\u00e1ra hivatkozva \u2013 \u201emindk\u00e9t f\u00e9lt\u201d t\u00e1mogatja. Emiatt csak l\u00e1tszatelmozdul\u00e1sr\u00f3l besz\u00e9lnek az \u00fagynevezett jobboldalon, \u00e9s kev\u00e9s sz\u00f3 esik a t\u00e9nyleges irodalmi teljes\u00edtm\u00e9nyekr\u0151l. Az \u00fagynevezett baloldal is elfogadja a t\u00e1mogat\u00e1st, de mert f\u00e9lti kor\u00e1bbi hatalmi helyzet\u00e9t, amelyre egyed\u00fcl tartja alkalmasnak mag\u00e1t, ez\u00e9rt gyakran \u201erend\u0151r\u00e9rt\u201d ki\u00e1lt \u00e9s \u201ediktat\u00far\u00e1r\u00f3l\u201d besz\u00e9l.<\/p>\n<p style=\"text-align: justify;\">A kult\u00fara napj\u00e1n fontosnak tartom megeml\u00edteni a mai fiatal- \u00e9s k\u00f6z\u00e9pgener\u00e1ci\u00f3 felel\u0151ss\u00e9g\u00e9t, amely nem kevesebbr\u0151l sz\u00f3l, mint hogy megtarthatjuk-e saj\u00e1t nemzeti kult\u00far\u00e1nkat, vagy hosszabb t\u00e1von lemondunk r\u00f3la. Szerintem csak ki\u00e1ll\u00e1s \u00e9s harc \u00e1r\u00e1n lehets\u00e9ges a magyar nemzet \u00e9s kult\u00far\u00e1j\u00e1nak fenntart\u00e1sa, megtart\u00e1sa ak\u00e1r a 21. sz\u00e1zad m\u00e1sodik fel\u00e9ben is. Ehhez szil\u00e1rd hitre, bizalomra \u00e9s k\u00f6z\u00f6ss\u00e9geink \u00f6sszefog\u00e1s\u00e1ra van sz\u00fcks\u00e9g. Sok m\u00falik azon is, hogyan tudjuk alak\u00edtani az \u00e1llami felel\u0151ss\u00e9g \u00e9rv\u00e9nyes\u00fcl\u00e9s\u00e9t, amelyre elvitathatatlan ig\u00e9nye \u00e9s illet\u00e9kess\u00e9ge van Tokajnak, Tokaj-Hegyalj\u00e1nak \u00e9s tal\u00e1n az \u00edr\u00f3t\u00e1bornak is!<\/p>\n<p style=\"text-align: justify;\">Ugyanakkor t\u00e1rsadalmi \u00e9rdek az is, hogy a magyar kult\u00far\u00e1t, valamint a szomsz\u00e9dok \u00e9s m\u00e1s n\u00e9pek kult\u00far\u00e1j\u00e1t \u00f6sszef\u00fcgg\u00e9sben \u00e9s egyre nagyobb k\u00f6rben ismerj\u00fck \u00e9s osszuk meg egym\u00e1s k\u00f6z\u00f6tt, mik\u00f6zben a saj\u00e1tunk egyedis\u00e9g\u00e9t, m\u00faltj\u00e1t, szel\u00edds\u00e9g\u00e9t hirdetj\u00fck \u00e9s k\u00f6vetj\u00fck. Legyen az is evidencia, hogy a magyar kult\u00fara kiemelt figyelmet \u00e9s t\u00e1mogat\u00e1st \u00e9rdemel a mindenkori korm\u00e1nyt\u00f3l. Csak \u00edgy k\u00e9pzelhet\u0151 el, hogy nemcsak rem\u00e9nyt \u00e9s demokratikus j\u00f6v\u0151t k\u00edn\u00e1lunk gyermekeink, unok\u00e1ink sz\u00e1m\u00e1ra, hanem magas k\u00e9pes\u00edt\u00e9st is adunk, \u00e9s a 21. sz\u00e1zadhoz m\u00e9lt\u00f3 \u00e9letsz\u00ednvonalat k\u00edn\u00e1lunk a K\u00e1rp\u00e1t-medenc\u00e9ben marad\u00f3, \u00e9l\u0151 ut\u00f3dainknak.<\/p>\n<p style=\"text-align: justify;\">Gondolkod\u00e1som szerint az \u00e9rt\u00e9kek \u0151rz\u00e9se \u00e9s hasznos\u00edt\u00e1sa mellett ideje van a hosszabb t\u00e1v\u00fa gondolkod\u00e1snak, a fejleszt\u00e9si, tov\u00e1bbl\u00e9p\u00e9si terveknek is. Maradjon els\u0151 helyen a nemzeti \u00e9rdek\u00e9rv\u00e9nyes\u00edt\u00e9s, a kultur\u00e1lis hagyat\u00e9k \u00f6r\u00f6k \u00e9rv\u00e9nyess\u00e9ge! Nemzeti im\u00e1ds\u00e1gaink tisztelet\u00e9re gondolok, \u00e9s azokkal \u00e9rtek egyet, akik szerint sem a Himnuszt, sem a Sz\u00f3zatot nem kell leporolni, r\u00f6vid\u00edteni, parodiz\u00e1lni, vagy \u00e1t\u00edrni, arra hivatkozva, hogy ez a m\u0171faj az irodalom k\u00f6znyelve. Az viszont a mi felel\u0151ss\u00e9g\u00fcnk, hogy az ifj\u00fas\u00e1g ismerje \u00e9s mag\u00e1\u00e9nak \u00e9rezze az irodalom cs\u00facsteljes\u00edtm\u00e9ny\u00e9t \u00e9s a magyarok zenei hagyat\u00e9k\u00e1t. Unok\u00e1ink unok\u00e1i csak \u00edgy lehetnek b\u00fcszk\u00e9k a f\u00e9ltve \u0151rz\u00f6tt nemzeti kincsekre.<\/p>\n<p style=\"text-align: justify;\">Term\u00e9szetesen vannak m\u00e1s \u201ere\u00e1lfeladatok\u201d is. Polg\u00e1rmester \u00far besz\u00e9lt a fejleszt\u00e9sekr\u0151l. Mindez sokak sz\u00e1m\u00e1ra j\u00f3 h\u00edr \u00e9s \u00f6r\u00f6m. Annyiban eg\u00e9sz\u00edtem ki, hogy szerintem indokolt, sz\u00fcks\u00e9ges \u00e9s el\u00e9rhet\u0151 c\u00e9l lehet a Tokaji Irodalmi Eml\u00e9kpark m\u00e9lt\u00f3 fel\u00faj\u00edt\u00e1sa \u00e9s az a javaslat is, hogy a di\u00e1koknak \u00e9s az \u00edr\u00f3knak otthont ad\u00f3 tokaji koll\u00e9gium komfort-fokozat\u00e1t emelj\u00fck meg a 21. sz\u00e1zadi elv\u00e1r\u00e1soknak megfelel\u0151en! Mondjuk egy komplett, a v\u00e1rost \u00e9s k\u00f6rny\u00e9k\u00e9t is \u00e9rint\u0151 \u00e9s korm\u00e1nyt\u00e1mogat\u00e1st is \u00e9lvez\u0151 \u2013 a tokaji v\u00e1r rekonstrukci\u00f3j\u00e1t is mag\u00e1ba foglal\u00f3 \u2013 konkr\u00e9t nemzeti program keret\u00e9ben, amelyre az itt lak\u00f3k, de Tokaj bar\u00e1tai, elsz\u00e1rmazottai is sokan v\u00e1rnak, r\u00e9g\u00f3ta v\u00e1gynak.<\/p>\n<p style=\"text-align: justify;\">Befejez\u00e9s\u00fcl, mert hiszem, hogy a k\u00f6zkult\u00far\u00e1hoz az irodalom ad a legt\u00f6bbet, s mert ez is hagyom\u00e1ny e v\u00e1rosban \u2013 megb\u00edz\u00e1som szerint bejelentem a 2018. \u00e9vi 46. Tokaji \u00cdr\u00f3t\u00e1bor programj\u00e1t, amely az id\u00e9n is n\u00e9gynaposra tervezett. Az irodalmi nagyrendezv\u00e9ny augusztus 16. \u00e9s 19. k\u00f6z\u00f6tt zajlik, sok helysz\u00ednen. Az eln\u00f6ks\u00e9g az \u00e9vfordul\u00f3khoz kapcsol\u00f3dva a 100 \u00e9ve befejez\u0151d\u00f6tt \u201enagy h\u00e1bor\u00fa\u201d 20. sz\u00e1zadi irodalm\u00e1nak \u00e1ttekint\u00e9s\u00e9t kezdem\u00e9nyezi. Ennek keret\u00e9ben kit\u00e9r\u00fcnk a 110 \u00e9vvel ezel\u0151tt indult Nyugat c\u00edm\u0171 foly\u00f3irat jelent\u0151s\u00e9g\u00e9re, hat\u00e1s\u00e1nak, befoly\u00e1s\u00e1nak \u00e9rt\u00e9kel\u00e9s\u00e9re. A megnyit\u00f3 az els\u0151 nap d\u00e9lut\u00e1nj\u00e1n lesz. Este a sz\u00ednh\u00e1zba invit\u00e1ljuk az \u00edr\u00f3kat \u00e9s a tokajiakat. A k\u00e9s\u0151i \u00f3r\u00e1kban az irodalom fiatal k\u00e9pvisel\u0151inek \u00fajabb csoportja mutatkozik be a R\u00e1k\u00f3czi teraszon. A m\u00e1sodik napon indul a tan\u00e1cskoz\u00e1s a szok\u00e1sos plen\u00e1ris \u00fcl\u00e9ssel, megh\u00edvott el\u0151ad\u00f3kkal. A 3. napon folytat\u00f3dik az eszmecsere, de m\u00e1r munkacsoportokban. Ig\u00e9ny szerint az \u00edr\u00f3k Tiszalad\u00e1nyba is ell\u00e1togatnak. A programban szerepel ki\u00e1ll\u00edt\u00e1smegnyit\u00f3 t\u00e1rlatvezet\u00e9ssel, de lesz koncert \u00e9s kultur\u00e1lt bork\u00f3stol\u00f3 is. Az utols\u00f3 napon pedig az eml\u00e9kt\u00e1bla-avat\u00e1s. Eddig Tompa Mih\u00e1ly, K\u00f6lcsey Ferenc \u00e9s Ady Endre neve ker\u00fclt sz\u00f3ba! Szombaton, augusztus 18-\u00e1n Papp-F\u00fcr J\u00e1nos titk\u00e1r \u00far m\u00e1sodszor v\u00e1rja a tokaji csal\u00e1dokat, a kisgyermekeket a v\u00e1ros f\u0151ter\u00e9re, \u00fajabb vid\u00e1m egy\u00fcttl\u00e9tre. Az \u00edr\u00f3t\u00e1bort a szok\u00e1sos fogad\u00e1s z\u00e1rja, az elismer\u00e9sek \u00e1tad\u00e1s\u00e1val, az \u00e1llami \u00fcnnepet megel\u0151z\u0151 napon. Ez a r\u00f6vid v\u00e1zlata a 2018. \u00e9vi Tokaji \u00cdr\u00f3t\u00e1bornak. Az eln\u00f6ks\u00e9gi felh\u00edv\u00e1s k\u00f6zz\u00e9t\u00e9tel\u00e9re tavasszal ker\u00fcl sor. Az 50. \u00edr\u00f3t\u00e1bort\u00f3l m\u00e9g n\u00e9gy \u00e9v v\u00e1laszt el benn\u00fcnket, de rem\u00e9lem, hogy akkor is lesz \u00edr\u00f3t\u00e1bor \u00e9s az is Tokajban!<\/p>\n<p style=\"text-align: justify;\">Kedves \u00fcnnepl\u0151 tokajiak! Ma j\u00f3 \u00e9rz\u00e9ssel \u00e9s szeretettel tisztelg\u00fcnk K\u00f6lcsey Ferenc \u00far el\u0151tt, Himnusz c\u00edm\u0171 k\u00f6ltem\u00e9ny\u00e9nek sz\u00fclet\u00e9snapj\u00e1n, azt sem feledve, hogy id\u00e9n lesz hal\u00e1l\u00e1nak 180. \u00e9vfordul\u00f3ja. A mai nap m\u00e9g k\u00f6zel van az \u00faj \u00e9v kezdet\u00e9hez, ez\u00e9rt \u00e9n is azt k\u00edv\u00e1nom, hogy a 2018-as esztend\u0151 hozzon sok-sok kultur\u00e1lis \u00e9lm\u00e9nyt \u00f6n\u00f6knek, Tokaj v\u00e1ros valamennyi j\u00f3lelk\u00e9nek.<\/p>\n<p style=\"text-align: justify;\">K\u00f6sz\u00f6n\u00f6m, hogy 15 \u00e9ven \u00e1t itt lehettem \u00f6n\u00f6kkel a kult\u00fara eml\u00e9knapj\u00e1n, amely \u00e9vr\u0151l \u00e9vre sz\u00e1momra is hitet adott. Azt szeretn\u00e9m, ha a fiatalabb nemzed\u00e9knek is lenne es\u00e9lye, lehet\u0151s\u00e9ge \u00e9s ig\u00e9nye a k\u00f6vetkez\u0151 15 \u00e9vben az ilyen \u00e9s ehhez hasonl\u00f3 janu\u00e1ri megeml\u00e9kez\u00e9sekre. M\u00e1r csak 3 \u00e9v, \u00e9s nagykor\u00fav\u00e1 v\u00e1lik egykori kezdem\u00e9nyez\u00e9s\u00fcnk! Tal\u00e1n ez a k\u00f6z\u00f6s felel\u0151ss\u00e9g is \u00f6sszek\u00f6thet benn\u00fcnket.<\/p>\n<p style=\"text-align: justify;\">A m\u00e1sk\u00e9ppen gondolkod\u00f3 bar\u00e1taimnak tartozom azzal a megjegyz\u00e9ssel, hogy jegyzetem nem azonos a Tokaji \u00cdr\u00f3t\u00e1bor hivatalos v\u00e9lem\u00e9ny\u00e9vel! \u00cdr\u00e1som egy volt hegyaljai, tokaji lakos, valamint az \u00edr\u00f3t\u00e1bor kor\u00e1bbi szervez\u0151j\u00e9nek a n\u00e9zet\u00e9t, ha tetszik, elfogults\u00e1g\u00e1t t\u00fckr\u00f6zi, amely csak egy \u00e1ll\u00e1spont! Felfoghat\u00f3 az id\u0151sebb koroszt\u00e1ly l\u00e1t\u00e1sm\u00f3dj\u00e1nak, ak\u00e1r r\u00f6geszm\u00e9j\u00e9nek is. V\u00e1llalom. Mint ahogyan az egyes\u00fclet vezet\u0151inek felk\u00e9r\u00e9s\u00e9t is v\u00e1llaltam a mai sz\u00f3l\u00e1sra, de nem kiz\u00e1r\u00f3lagosan a szervezet nev\u00e9ben. Ilyen megold\u00e1s 15 \u00e9venk\u00e9nt csak egyszer fordul el\u0151. \u00c9lve az alkalommal, j\u00f3 sz\u00edvvel aj\u00e1nlom, hogy \u00fajabb 15 \u00e9v m\u00falt\u00e1val legyen 30. \u00e9vfordul\u00f3ja is a kult\u00fara napj\u00e1nak itt, Tokajban. Ehhez az kell, hogy a v\u00e1rosvezet\u00e9s maradjon egy\u00fcttm\u0171k\u00f6d\u0151 partnere \u00e9s seg\u00edt\u0151je a Tokaji \u00cdr\u00f3t\u00e1bornak. L\u00e1that\u00f3, hogy a <em>v\u00e1rosnap \u00e9s a kult\u00fara eml\u00e9knapja<\/em> tov\u00e1bbra is j\u00f3l megf\u00e9r egym\u00e1s mellett. M\u00e1jer J\u00e1nos \u00far \u00e9s Posta Gy\u00f6rgy \u00far szerencs\u00e9s d\u00f6nt\u00e9st hozott, amikor a kor\u00e1bban k\u00e9t \u00f6n\u00e1ll\u00f3 rendezv\u00e9ny egybekelt. Ma csak rajtunk m\u00falik, hogy ne az \u201e\u00e9s\u201d-en legyen a hangs\u00faly!<\/p>\n<p style=\"text-align: justify;\">Tisztelt bar\u00e1taim! A Himnusz \u00e9s a kult\u00fara \u00f6sszetart\u00f3 ereje 2018-ban is arra figyelmeztet benn\u00fcnket, hogy Tokaj \u2013 mint \u201eHegyalja c\u00edmere\u201d \u2013 a k\u00f6vetkez\u0151 \u00e9vtizedekben is \u0151rizze meg t\u00f6rt\u00e9nelmi kiv\u00e1lts\u00e1g\u00e1t \u00e9s v\u00e9delmezetts\u00e9g\u00e9t! M\u0171vel\u0151d\u00e9st\u00f6rt\u00e9net\u00e9t pedig kezdem\u00e9nyez\u0151, p\u00e9ldamutat\u00f3 \u00e9s integr\u00e1l\u00f3 szerep\u00e9vel form\u00e1lja tov\u00e1bb! Mindez kitart\u00f3 sz\u00e1nd\u00e9k \u00e9s akarat, valamint a t\u00e9rs\u00e9gi, a hegyaljai egy\u00fcttm\u0171k\u00f6d\u00e9s megker\u00fclhetetlen k\u00e9rd\u00e9se! Nincs ugyanis okos Hegyalja-politika b\u00f6lcs Tokaj-politika n\u00e9lk\u00fcl! Term\u00e9szetesen nem csak sz\u00e9p szavakkal, \u00edg\u00e9retekkel, hanem tenni akar\u00e1ssal \u00e9s sok-sok munka, \u00e1ldozat \u00e1r\u00e1n! J\u00f3l ismerj\u00fck a neh\u00e9zs\u00e9gek sor\u00e1t, p\u00e9ld\u00e1ul a t\u00e9rs\u00e9g munkahelyk\u00edn\u00e1lat\u00e1t, m\u00e9gis b\u00edznunk kell a kult\u00fara \u00f6sszetart\u00f3 erej\u00e9ben, az itt \u00e9l\u0151k k\u00e9pess\u00e9g\u00e9ben, az \u00e1llami felel\u0151ss\u00e9gv\u00e1llal\u00e1s \u00e9s t\u00e1mogat\u00e1s v\u00e1rhat\u00f3 n\u00f6veked\u00e9s\u00e9ben.<\/p>\n<p style=\"text-align: justify;\">Gratul\u00e1lok a mai k\u00f6z\u00f6s \u00fcnnep szervez\u0151inek, szerepl\u0151inek. A kit\u00fcntet\u00e9sek v\u00e1rosnapi k\u00f6t\u00e9se a kult\u00fara napj\u00e1hoz nagyon sz\u00e9p \u00e9s p\u00e9ldamutat\u00f3 gyakorlat! Illik a telep\u00fcl\u00e9s, a j\u00e1r\u00e1s szellemis\u00e9g\u00e9hez, Tokaj vil\u00e1gh\u00edr\u0171 szerepk\u00f6r\u00e9hez \u00e9s er\u0151s\u00edti a v\u00e1ros megtart\u00f3erej\u00e9t. Sz\u00edvb\u0151l gratul\u00e1lok a legjobb teljes\u00edtm\u00e9nyt ny\u00fajt\u00f3k rangos elismer\u00e9s\u00e9hez.<\/p>\n<p style=\"text-align: justify;\">\u00c9ljen a magyar irodalom, szeretett v\u00e1rosunk \u00e9s zempl\u00e9ni t\u00e9rs\u00e9g\u00fcnk, Tokaj, Tokaj-Hegyalja! Jegyzetem mott\u00f3j\u00e1ra utalva <em>nem felh\u0151tlen optimizmussal<\/em>, de bizakod\u00f3an z\u00e1rom kult\u00fara \u00e9s v\u00e1rosnapi jegyzetemet. Isten \u00e1ldja meg \u00f6n\u00f6ket!<\/p>\n<p>Tokaj, 2018. janu\u00e1r 22.<\/p>\n<p>S\u00e1ray L\u00e1szl\u00f3 ny. m\u0171vel\u0151d\u00e9sszervez\u0151<\/p>\n","protected":false},"excerpt":{"rendered":"<p>\u201eRitk\u00e1n gondolunk arra, amink van, \u00e9s t\u00fal gyakran arra, amink nincs\u2026\u201d \u00a0(Arthur Schopenhauer) &nbsp; Tisztelt \u00fcnnepl\u0151 tokajiak! Kedves bar\u00e1taim! &nbsp; Els\u0151 alkalommal besz\u00e9lek az eml\u00e9knap \u00e9s a v\u00e1rosnap mikrofonja el\u0151tt, ez\u00e9rt elmondom, hogy szer\u00e9ny, de szem\u00e9lyes szerepem volt a magyar&#8230;<\/p>\n","protected":false},"author":1,"featured_media":4379,"comment_status":"closed","ping_status":"closed","sticky":false,"template":"","format":"standard","meta":{"footnotes":""},"categories":[1],"tags":[],"class_list":["post-4389","post","type-post","status-publish","format-standard","has-post-thumbnail","hentry","category-hirek"],"_links":{"self":[{"href":"https:\/\/tokajiirotabor.hu\/irotabor_archiv\/wp-json\/wp\/v2\/posts\/4389"}],"collection":[{"href":"https:\/\/tokajiirotabor.hu\/irotabor_archiv\/wp-json\/wp\/v2\/posts"}],"about":[{"href":"https:\/\/tokajiirotabor.hu\/irotabor_archiv\/wp-json\/wp\/v2\/types\/post"}],"author":[{"embeddable":true,"href":"https:\/\/tokajiirotabor.hu\/irotabor_archiv\/wp-json\/wp\/v2\/users\/1"}],"replies":[{"embeddable":true,"href":"https:\/\/tokajiirotabor.hu\/irotabor_archiv\/wp-json\/wp\/v2\/comments?post=4389"}],"version-history":[{"count":4,"href":"https:\/\/tokajiirotabor.hu\/irotabor_archiv\/wp-json\/wp\/v2\/posts\/4389\/revisions"}],"predecessor-version":[{"id":4422,"href":"https:\/\/tokajiirotabor.hu\/irotabor_archiv\/wp-json\/wp\/v2\/posts\/4389\/revisions\/4422"}],"wp:featuredmedia":[{"embeddable":true,"href":"https:\/\/tokajiirotabor.hu\/irotabor_archiv\/wp-json\/wp\/v2\/media\/4379"}],"wp:attachment":[{"href":"https:\/\/tokajiirotabor.hu\/irotabor_archiv\/wp-json\/wp\/v2\/media?parent=4389"}],"wp:term":[{"taxonomy":"category","embeddable":true,"href":"https:\/\/tokajiirotabor.hu\/irotabor_archiv\/wp-json\/wp\/v2\/categories?post=4389"},{"taxonomy":"post_tag","embeddable":true,"href":"https:\/\/tokajiirotabor.hu\/irotabor_archiv\/wp-json\/wp\/v2\/tags?post=4389"}],"curies":[{"name":"wp","href":"https:\/\/api.w.org\/{rel}","templated":true}]}}