{"id":4386,"date":"2018-01-28T08:03:13","date_gmt":"2018-01-28T07:03:13","guid":{"rendered":"http:\/\/www.tokajiirotabor.hu\/?p=4386"},"modified":"2018-01-31T08:06:02","modified_gmt":"2018-01-31T07:06:02","slug":"posta-gyorgy-tokaj-varos-polgarmesterenek-koszonto-beszede-a-magyar-kultura-napjan","status":"publish","type":"post","link":"https:\/\/tokajiirotabor.hu\/irotabor_archiv\/posta-gyorgy-tokaj-varos-polgarmesterenek-koszonto-beszede-a-magyar-kultura-napjan\/","title":{"rendered":"Posta Gy\u00f6rgy, Tokaj v\u00e1ros polg\u00e1rmester\u00e9nek k\u00f6sz\u00f6nt\u0151 besz\u00e9de a Magyar Kult\u00fara Napj\u00e1n"},"content":{"rendered":"<p><strong>Tisztelt \u00dcnnepl\u0151 K\u00f6z\u00f6ns\u00e9g! Kedves Tokajiak! H\u00f6lgyeim \u00e9s Uraim! Kedves Vend\u00e9geink!<\/strong><\/p>\n<p><strong>\u00a0<\/strong><\/p>\n<p>Szeretettel k\u00f6sz\u00f6nt\u00f6k mindenkit a mai \u00dcnnepen. Bizony, az \u00fcnnep sz\u00f3t \u00e9n nagybet\u0171vel \u00edrtam le a pap\u00edromra.<\/p>\n<p>Bevallom, nehezen le\u00edrhat\u00f3 \u00e9rz\u00e9s ker\u00edtett hatalm\u00e1ba, amikor gondolataimat rendezgetni kezdtem. Hiszen egyszerre \u00fcnnepelj\u00fck a Magyar Kult\u00fara Napj\u00e1t, nemzeti im\u00e1nk, a Himnusz sz\u00fclet\u00e9s\u00e9t \u00e9s Tokaj V\u00e1ros Napj\u00e1t.<\/p>\n<p>\u00dcnnep, civiliz\u00e1ci\u00f3, kult\u00fara, nemzet, m\u00falt, jelen, j\u00f6vend\u0151, bor, nekt\u00e1r, k\u00f6z\u00f6ss\u00e9g szavak tolultak el\u0151sz\u00f6r agyamba. Nem v\u00e9letlen\u00fcl, hiszen ahogy a cseppben a tenger, \u00fagy Tokajban a teljes magyar nemzet sorsa, t\u00f6rt\u00e9nelme, kult\u00far\u00e1ja benne van.<\/p>\n<p>Ha van autentikus magyar hely a K\u00e1rp\u00e1t-medenc\u00e9ben, akkor az Tokaj. A tisztelt jelenl\u00e9v\u0151knek aligha kell ezt igazolnom.<\/p>\n<p>Gondolom nemcsak \u00e9n borzongok, ha a Himnuszt \u00e9neklem \u00e9s hallom, ha egy poh\u00e1r asz\u00fan \u00e1t tekintek a vil\u00e1gra, vagy templomaink harangjait hallom z\u00fagni.<\/p>\n<p>&nbsp;<\/p>\n<p><strong>Tisztelt \u00dcnnepl\u0151 K\u00f6z\u00f6ss\u00e9g! Kedves Tokajiak!<\/strong><\/p>\n<p><strong>\u00a0<\/strong><\/p>\n<p style=\"text-align: justify;\">\u00a0\u00a0\u00a0\u00a0\u00a0\u00a0 \u00dcnnepelj\u00fck K\u00f6lcsey Ferencet, az \u00f6nmag\u00e1t, testi gyenges\u00e9geit, betegs\u00e9geit legy\u0151z\u0151 rendk\u00edv\u00fcli embert, az alkot\u00f3t, aki a Himnusz meg\u00edr\u00e1s\u00e1val \u2013 \u00e9s term\u00e9szetesen \u00e9letm\u0171v\u00e9vel \u2013 a magyar nemzeti \u00f6nazonoss\u00e1gtudat megker\u00fclhetetlen szem\u00e9lyis\u00e9g\u00e9v\u00e9 v\u00e1lt.<\/p>\n<p style=\"text-align: justify;\">\u00a0\u00a0\u00a0\u00a0\u00a0 \u00a0\u00c1llamis\u00e1gunk, nemzeti l\u00e9t\u00fcnk l\u00e1that\u00f3 szimb\u00f3lumai, a Szent Korona, a nemzeti c\u00edmer, az orsz\u00e1gz\u00e1szl\u00f3 mellett sz\u00f6veg\u00e9ben \u00e9s zen\u00e9j\u00e9ben a Himnusz reprezent\u00e1lja legink\u00e1bb a magyar nemzet egys\u00e9g\u00e9t, m\u00faltj\u00e1t, k\u00fcldet\u00e9studat\u00e1t, de rem\u00e9nybeli j\u00f6v\u0151j\u00e9t is.<\/p>\n<p style=\"text-align: justify;\">\u00a0\u00a0\u00a0\u00a0\u00a0 \u00a0\u201e\u00c9rt\u00fcnk Kuns\u00e1g mezein \u00e9rt kal\u00e1szt lengett\u00e9l,<\/p>\n<p style=\"text-align: justify;\">\u00a0\u00a0\u00a0\u00a0\u00a0\u00a0 \u00a0Tokaj sz\u0151l\u0151vesszein nekt\u00e1rt csepegtett\u00e9l.\u201d<\/p>\n<p style=\"text-align: justify;\">\u00a0\u00a0\u00a0\u00a0 A Himnuszunkban meg\u00e9nekelt tokaji nekt\u00e1r az isteni \u00e1ld\u00e1s min\u0151s\u00e9gi szintje, a h\u00e1laad\u00e1s fontos r\u00e9sze. Nem ker\u00fclhetj\u00fck meg, hogy ne hangs\u00falyozzuk milyen m\u00e9lys\u00e9gesen szakr\u00e1lis \u00e9s emocion\u00e1lis eredet\u0171 a nemzeti \u00e9s t\u00f6rt\u00e9neti tudat. \u00c9ppen borkult\u00far\u00e1nk, a bor \u00e9s az irodalom t\u00f6rt\u00e9nete erre a f\u00e9nyes bizony\u00edt\u00e9k.<\/p>\n<p style=\"text-align: justify;\">\u00a0\u00a0\u00a0\u00a0 \u00a0Az olt\u00e1rhoz vitt, felszentelt keny\u00e9r \u00e9s bor az eg\u00e9sz teremt\u00e9st is mag\u00e1ban foglal\u00f3an v\u00e1lik kozmikus \u00e9s univerz\u00e1lis jelent\u0151s\u00e9g\u0171v\u00e9. A bor Isten aj\u00e1nd\u00e9ka, az emberi tud\u00e1s \u00e9s szorgalom gy\u00fcm\u00f6lcse, a legszentebb \u00e1ldozat bemutat\u00e1sakor \u00e1tl\u00e9nyeg\u00fcl Krisztus v\u00e9r\u00e9v\u00e9. Ebben a k\u00f6z\u00f6ss\u00e9gben lehet meg\u00e9lni az igazi \u00fcnnepet, ahol elt\u0171nik az egy\u00e9ni, mag\u00e1nyos emberi \u00c9n, ahol kil\u00e9phet\u00fcnk a szenved\u00e9sb\u0151l, l\u00e9lekben \u00e9p\u00fcl\u00fcnk, t\u00f6lt\u0151d\u00fcnk \u00e9s emelked\u00fcnk.<\/p>\n<p style=\"text-align: justify;\">\u00a0 \u00a0\u00a0\u00dagy \u00e9rzem, itt most minden adott, hogy ilyennek \u00e9rezz\u00fck ezt a mai \u00fcnnepet. Kiszakadva egy kicsit a benn\u00fcnket k\u00f6r\u00fclvev\u0151, furcsa, n\u00e9ha m\u00e1r \u00e9rtelmezhetetlen &#8211; a \u201el\u00e9lek\u00f6l\u0151 hatalmi \u00f6szt\u00f6n d\u00e9moni aktivit\u00e1s\u00e1nak\u201d t\u0171n\u0151 &#8211; vil\u00e1gunkb\u00f3l.<\/p>\n<p style=\"text-align: justify;\">\u00a0\u00a0 Visszat\u00e9rve K\u00f6lcseyhez, \u0151 az, aki alkot\u00e1sai r\u00e9v\u00e9n v\u00e1lt a k\u00f6z\u00f6ss\u00e9g hasznos tagj\u00e1v\u00e1, teljes\u00edtette nemzet\u00e9vel szembeni k\u00f6teless\u00e9g\u00e9t.\u00a0 Nemzeti im\u00e1nk szakr\u00e1lis-spiritu\u00e1lis dimenzi\u00f3ja kozmikus t\u00e1vlatokat nyit. A Himnuszt \u00e9nekelve l\u00e9lekben felfel\u00e9 tekint\u00fcnk, sz\u00f6veg\u00e9vel \u00e9s dallam\u00e1val a m\u00faltb\u00f3l a jelenen \u00e1t, a j\u00f6v\u0151be. A versim\u00e1ds\u00e1g f\u00f6ld \u00e9s \u00e9g k\u00f6z\u00f6tt \u00e9p\u00edt hidat, seg\u00edts\u00e9g\u00e9vel j\u00f6n l\u00e9tre a tulajdonk\u00e9ppeni szellemi-lelki k\u00f6z\u00f6ss\u00e9g.<\/p>\n<p style=\"text-align: justify;\">\u00a0\u00a0\u00a0\u00a0 \u00a0Rem\u00e9lem, most \u00d6n\u00f6k is \u00e9rzik azt, hogy \u00f6r\u00f6k\u00f6sei vagyunk az \u0151seink, el\u0151deink \u00e1ltal megteremtett civiliz\u00e1ci\u00f3nknak, kult\u00far\u00e1nknak.<\/p>\n<p style=\"text-align: justify;\">\u00a0\u00a0\u00a0\u00a0 A civiliz\u00e1ci\u00f3 az ember teremt\u0151 ereje int\u00e9zm\u00e9nyes\u00edtett form\u00e1j\u00fa k\u00f6zege, ami az emberek t\u00fal\u00e9l\u00e9s\u00e9t biztos\u00edtja, seg\u00edti.<\/p>\n<p style=\"text-align: justify;\">\u00a0\u00a0\u00a0\u00a0 A kult\u00fara az az eszk\u00f6z, amelynek seg\u00edts\u00e9g\u00e9vel k\u00e9pess\u00e9 v\u00e1lunk arra, hogy egym\u00e1st nemzed\u00e9kr\u0151l nemzed\u00e9kre tan\u00edtsuk, k\u00e9pezz\u00fck. Ahogy Konfucius mondta: \u201ejobb\u00e1, nemesebb\u00e9\u201d tegy\u00fck. Az emberb\u0151l az alkot\u00f3 er\u0151t a kult\u00fara v\u00e1ltja ki, a min\u0151s\u00e9gi embert a kult\u00fara teremti meg. Plat\u00f3n azt mondja: \u201eHa a kult\u00fara nem t\u00f6lti be ezen szerep\u00e9t, a civiliz\u00e1ci\u00f3 \u00f6sszeomlik.\u201d<\/p>\n<p style=\"text-align: justify;\">\u00a0\u00a0\u00a0\u00a0 \u00a0Ez\u00e9rt is kell \u00e9rt\u00e9keinket, kult\u00far\u00e1nkat v\u00e9deni, \u00fcnnepelni, sorvaszt\u00e1sa ellen fell\u00e9pni, becsm\u00e9rl\u00e9s\u00e9t nem t\u0171rni. Az \u00e9let\u00fcnket v\u00e9dj\u00fck!<\/p>\n<p style=\"text-align: justify;\">\u00a0\u00a0\u00a0\u00a0 \u00a0Ma itt a k\u00f6lt\u00e9szet, a zene, a tudom\u00e1ny seg\u00edts\u00e9g\u00e9vel a sz\u0151l\u0151termeszt\u00e9s \u00e9s borkult\u00fara \u00f6r\u00f6ks\u00e9g\u00e9t l\u00e9trehoz\u00f3 el\u0151deink el\u0151tt tisztelg\u00fcnk el\u0151sz\u00f6r.<\/p>\n<p style=\"text-align: justify;\">\u00a0\u00a0\u00a0\u00a0\u00a0\u00a0 K\u00f6sz\u00f6nj\u00fck \u0151seinknek a vil\u00e1gh\u00edr\u00fcnket megalapoz\u00f3 asz\u00fat, a teremt\u00e9s munk\u00e1j\u00e1nak ezt a remek\u00e9t, amir\u0151l Ambr\u00f3zy \u00c1goston azt \u00edrja, hogy \u201ea term\u00e9szet ezer illatos f\u00fcv\u00e9nek a tavasz\u00e1t bontja ki minden cseppj\u00e9ben\u201d.<\/p>\n<p style=\"text-align: justify;\">\u00a0\u00a0\u00a0\u00a0\u00a0\u00a0\u00a0 K\u00f6sz\u00f6nj\u00fck a nekt\u00e1rt, a g\u00f6r\u00f6g mitol\u00f3gia isteneinek halhatatlans\u00e1g\u00e1t biztos\u00edt\u00f3 italt. K\u00f6sz\u00f6nj\u00fck a bort, a m\u0171v\u00e9szetek \u00e9s tudom\u00e1nyok m\u00fazs\u00e1it megteremt\u0151 \u00e9s \u00e1lland\u00f3 tev\u00e9kenys\u00e9gre serkent\u0151 csod\u00e1s italt.<\/p>\n<p style=\"text-align: justify;\">\u00a0\u00a0\u00a0\u00a0\u00a0\u00a0 K\u00f6sz\u00f6nj\u00fck a meg\u0151rz\u00f6tt, \u00e9p\u00edtett \u00e9s \u00e1lland\u00f3an fejlesztett t\u00e1jat, a p\u00e1ratlan k\u00f6rnyezetet, amir\u0151l Proh\u00e1szka Ottok\u00e1r p\u00fcsp\u00f6k azt tartja, hogy \u201eSzent f\u00f6ld, Isten j\u00e1r itt a miszt\u00e9riumok napsugaras k\u00f6nt\u00f6s\u00e9ben.\u201d<\/p>\n<p style=\"text-align: justify;\">\u00a0\u00a0\u00a0\u00a0\u00a0 \u00a0K\u00f6sz\u00f6nj\u00fck a csod\u00e1s hangulat\u00fa, biztons\u00e1gos, pezsg\u0151 kult\u00far\u00e1j\u00fa, \u00e9lhet\u0151 kisv\u00e1rost. Ami \u00e9ppen most 32 \u00e9ve, hogy visszakapta v\u00e1rosi rangj\u00e1t. Ezt az esem\u00e9nyt \u00fcnnepelj\u00fck, erre eml\u00e9kez\u00fcnk Tokaj V\u00e1ros Napj\u00e1n. \u00d6r\u00fcl\u00fcnk, hogy szeretett lak\u00f3hely\u00fcnket meg\u00fcnnepelhetj\u00fck, hogy b\u00fcszk\u00e9k lehet\u00fcnk \u00e9rt\u00e9keire, hogy elismerhetj\u00fck, kit\u00fcntethetj\u00fck a v\u00e1ros\u00e9rt sokat dolgoz\u00f3kat.<\/p>\n<p style=\"text-align: justify;\">\n<p style=\"text-align: justify;\"><strong>Tisztelt \u00dcnnepl\u0151 Tokajiak! <\/strong><\/p>\n<p style=\"text-align: justify;\"><strong>\u00a0<\/strong><\/p>\n<p style=\"text-align: justify;\">\u00a0\u00a0\u00a0\u00a0 \u00a0Ilyen \u00f6r\u00f6ks\u00e9get birtokolni nemcsak hat\u00e1rtalan \u00f6r\u00f6m \u00e9s b\u00fcszkes\u00e9g, hanem hatalmas felel\u0151ss\u00e9g is. \u00d6r\u00f6k\u00f6s\u00f6k vagyunk \u00e9s a kor\u00e1bbiakban v\u00e1zolt k\u00f6z\u00f6ss\u00e9g tagjai is. Mindny\u00e1jan \u00e9s mindenki\u00e9rt felel\u0151sek vagyunk! R\u00f3lunk is \u00edt\u00e9letet mond majd a benn\u00fcnket v\u00e1lt\u00f3 gener\u00e1ci\u00f3k sora, nem mindegy mi hangzik majd el r\u00f3lunk az akkori k\u00f6z\u00f6ss\u00e9g akkori \u00fcnnep\u00e9n!<\/p>\n<p style=\"text-align: justify;\">\u00a0\u00a0\u00a0\u00a0\u00a0\u00a0\u00a0 Nyugodtan kijelenthetj\u00fck, hogy m\u0171k\u00f6dik a v\u00e1ros, \u00e1llamigazgat\u00e1sb\u00f3l, szoci\u00e1lis politik\u00e1b\u00f3l r\u00e1test\u00e1l\u00f3dott feladatait marad\u00e9ktalanul teljes\u00edti. A j\u00e1r\u00e1si k\u00f6zpont szerepk\u00f6rb\u0151l, az \u00f6nkorm\u00e1nyzatok t\u00e1rsul\u00e1s\u00e1b\u00f3l szervez\u0151d\u00f6tt int\u00e9zm\u00e9nyek m\u0171k\u00f6dnek, a k\u00fcl\u00f6nb\u00f6z\u0151 hivatalok j\u00f3l ell\u00e1tj\u00e1k feladataikat.<\/p>\n<p style=\"text-align: justify;\">\u00a0\u00a0\u00a0\u00a0 \u00a0A v\u00e1ros m\u00e9reteit messze meghalad\u00f3 kultur\u00e1lis int\u00e9zm\u00e9nyek programjai ma m\u00e1r nemzetk\u00f6zi szinten is jegyzettek. Itt a Crescend\u00f3ra, a Fesztiv\u00e1lkatlan \u00e9s a Zempl\u00e9ni Fesztiv\u00e1l programjaira, az \u00cdr\u00f3t\u00e1borra vagy \u00e9ppen a Sz\u00fcreti Napokra szeretn\u00e9k utalni.<\/p>\n<p style=\"text-align: justify;\">\u00a0\u00a0\u00a0\u00a0 \u00a0Politikusk\u00e9nt sz\u00edvesen besz\u00e1molok a mindannyiunk \u00e9letmin\u0151s\u00e9g\u00e9t jav\u00edt\u00f3 beruh\u00e1z\u00e1sokr\u00f3l is.<\/p>\n<p style=\"text-align: justify;\">\u00a0\u00a0\u00a0 Az elm\u00falt \u00e9vben befejez\u0151d\u00f6tt a kajak-kenu v\u00edzi kik\u00f6t\u0151 b\u00e1zis els\u0151 \u00fcteme, 90 milli\u00f3 forint felhaszn\u00e1l\u00e1s\u00e1val<\/p>\n<p style=\"text-align: justify;\">\u00a0\u00a0 \u00a02016-ban elnyert 250 milli\u00f3 forint fejleszt\u00e9si forr\u00e1sb\u00f3l m\u00e1r megval\u00f3sult a belter\u00fcleti utak fel\u00faj\u00edt\u00e1sa, t\u00f6bb mint 100 milli\u00f3 forint \u00e9rt\u00e9kben.<\/p>\n<p style=\"text-align: justify;\">\u00a0\u00a0\u00a0 \u00a0Elkezd\u0151d\u00f6tt \u00e9s m\u00e1r r\u00e9szben \u00fczemel a mindannyiunk biztons\u00e1g\u00e1t szolg\u00e1l\u00f3 kamerarendszer.<\/p>\n<p style=\"text-align: justify;\">R\u00f6videsen elkezd\u0151dnek olyan fontos beruh\u00e1z\u00e1sok, mint a t\u00e1mfal \u00e9s a ker\u00edt\u00e9s \u00e9p\u00edt\u00e9se a temet\u0151n\u00e9l, ugyanitt a parkol\u00f3 kialak\u00edt\u00e1sa.<\/p>\n<p style=\"text-align: justify;\">Ennek a forr\u00e1snak terh\u00e9re alak\u00edtjuk ki a parkol\u00f3t a zsinag\u00f3ga mellett.<\/p>\n<p style=\"text-align: justify;\">\u00a0\u00a0\u00a0\u00a0 Sor ker\u00fcl az \u00d6nkorm\u00e1nyzat \u00e9p\u00fclet\u00e9ben illetve az Id\u0151sek Otthon\u00e1ban a mosd\u00f3k fel\u00faj\u00edt\u00e1s\u00e1ra.<\/p>\n<p style=\"text-align: justify;\">\u00a0\u00a0\u00a0\u00a0 \u00a0Nagy \u00f6r\u00f6m\u00fcnkre elk\u00e9sz\u00fclt k\u00f6z\u00fat \u00e1tkel\u0151 szakasz\u00e1nak rekonstrukci\u00f3ja is.<\/p>\n<p style=\"text-align: justify;\">\u00c9rdemes sz\u00f3lni a megnyert illetve kezd\u0151d\u0151 projektekr\u0151l is.<\/p>\n<ul style=\"text-align: justify;\">\n<li>Elkezd\u0151dik az \u00e1ltal\u00e1nos iskola energetikai fel\u00faj\u00edt\u00e1sa (TOP p\u00e1ly\u00e1zat, 274 milli\u00f3 Ft).<\/li>\n<li>A Borvid\u00e9ki Eml\u00e9kpark fel\u00faj\u00edt\u00e1s\u00e1nak I. \u00fcteme 69 milli\u00f3 Ft-ba ker\u00fcl majd.<\/li>\n<li>A GINOP Vil\u00e1g\u00f6r\u00f6ks\u00e9gi helysz\u00ednek fejleszt\u00e9se 1 milli\u00e1rd Ft-os projekt keret\u00e9ben megval\u00f3sul a Bodrogparti s\u00e9t\u00e1ny ki\u00e9p\u00edt\u00e9se, a belv\u00e1rosi s\u00e9t\u00e1l\u00f3utca egys\u00e9ges szerkezet\u0171 \u00e1t\u00e9p\u00edt\u00e9se \u00e9s 19 db f\u0151utcai h\u00e1z k\u00f6zter\u00fcletre n\u00e9z\u0151 homlokzat\u00e1nak rekonstrukci\u00f3ja.<\/li>\n<li>Az EFOP Hum\u00e1ner\u0151forr\u00e1s fejleszt\u00e9se p\u00e1ly\u00e1zatokon elnyert \u00f6sszeg t\u00f6bb 230 milli\u00f3 Ft.<\/li>\n<li>Az EFOP \u201e Es\u00e9ly Otthon\u201d p\u00e1ly\u00e1zaton 200 milli\u00f3 forintot nyert\u00fcnk.<\/li>\n<li>Az Erzs\u00e9bet kir\u00e1lyn\u00e9 h\u00edd fel\u00faj\u00edt\u00e1sa tavasszal kezd\u0151dik, 1,7 milli\u00e1rd Ft-ba ker\u00fcl majd.<\/li>\n<li>Az\u00a0 I. ker\u00fcleti rendel\u0151int\u00e9zet fel\u00faj\u00edt\u00e1s\u00e1ra 24 milli\u00f3 Ft \u00e1ll rendelkez\u00e9sre.<\/li>\n<li>Elkezd\u0151dik a Gyermekotthont kiv\u00e1lt\u00f3 lak\u00f3otthonok \u00e9p\u00edt\u00e9se mintegy 1,1 milli\u00e1rd Ft \u00e9rt\u00e9kben.<\/li>\n<li><\/li>\n<\/ul>\n<p style=\"text-align: justify;\">Tessz\u00fck teh\u00e1t a dolgunkat. \u0150rizz\u00fck a kapott \u00f6r\u00f6ks\u00e9get, a hely szellem\u00e9nek megfelel\u0151 strat\u00e9giai fejleszt\u00e9sek kidolgoz\u00e1s\u00e1n \u00e9s megval\u00f3s\u00edt\u00e1s\u00e1n f\u00e1radozunk. \u00a0\u00a0\u00a0Megpr\u00f3b\u00e1ljuk megnyerni \u00fcgy\u00fcnknek a tokajiak t\u00e1mogat\u00e1s\u00e1t, \u00f6szt\u00f6n\u00f6zni \u0151ket, hogy az igazi k\u00f6z\u00f6ss\u00e9g tagj\u00e1v\u00e1 v\u00e1ljanak. Legyenek r\u00e9szesei a maihoz hasonl\u00f3 \u00fcnnepeknek, ahol mindenki egyszerre \u00e9lheti meg magyars\u00e1g\u00e1t, a magyar kult\u00fara nagyszer\u0171s\u00e9g\u00e9t \u00e9s tokajis\u00e1g\u00e1t is. Ahol inspir\u00e1ci\u00f3t kaphat arra, hogy elkezdjen dolgozni v\u00e1ros\u00e1\u00e9rt, saj\u00e1t k\u00f6rnyezet\u00e9\u00e9rt, \u00f6nbecs\u00fcl\u00e9s\u00e9\u00e9rt. Ahol meg\u00e9rti, hogy minden munka nemes, akt\u00edv \u00e9s cselekv\u0151 r\u00e9szv\u00e9tel a vil\u00e1g\u00e9p\u00edt\u00e9sben. Meg\u00e9rti, hogy magunkat, \u00e1lmainkat csak mi val\u00f3s\u00edthatjuk meg. \u00c9let\u00fcnk, k\u00f6rnyezet\u00fcnk min\u0151s\u00e9ge pont olyan, amilyenek mi vagyunk. \u00d6nmagunk\u00e9rt vagyunk felel\u0151sek. Helyett\u00fcnk soha, senki nem fog semmit megcsin\u00e1lni. Ha csak lakoss\u00e1gunk 10 %-a elj\u00f6n j\u00f6v\u0151re erre az \u00fcnnepre, a sz\u00ednh\u00e1zunk sem lesz el\u00e9g nagy.<\/p>\n<p style=\"text-align: justify;\">\u00a0\u00a0\u00a0\u00a0 \u00a0Az \u00faj\u00e9v elej\u00e9n, a Magyar Kult\u00fara Napj\u00e1n, Tokaj V\u00e1ros Napj\u00e1n ezekkel a gondolatokkal k\u00edv\u00e1nok minden kedves jelenl\u00e9v\u0151nek \u00f6r\u00f6mteli egy\u00fcttl\u00e9tet, szellemi \u00e9s lelki felt\u00f6lt\u0151d\u00e9st, az igazi k\u00f6z\u00f6ss\u00e9gi l\u00e9t megtapasztal\u00e1s\u00e1nak felemel\u0151 \u00e9lm\u00e9ny\u00e9t.<\/p>\n","protected":false},"excerpt":{"rendered":"<p>Tisztelt \u00dcnnepl\u0151 K\u00f6z\u00f6ns\u00e9g! Kedves Tokajiak! H\u00f6lgyeim \u00e9s Uraim! Kedves Vend\u00e9geink! \u00a0 Szeretettel k\u00f6sz\u00f6nt\u00f6k mindenkit a mai \u00dcnnepen. Bizony, az \u00fcnnep sz\u00f3t \u00e9n nagybet\u0171vel \u00edrtam le a pap\u00edromra. Bevallom, nehezen le\u00edrhat\u00f3 \u00e9rz\u00e9s ker\u00edtett hatalm\u00e1ba, amikor gondolataimat rendezgetni kezdtem. Hiszen egyszerre \u00fcnnepelj\u00fck&#8230;<\/p>\n","protected":false},"author":1,"featured_media":4387,"comment_status":"closed","ping_status":"closed","sticky":false,"template":"","format":"standard","meta":{"footnotes":""},"categories":[1],"tags":[],"class_list":["post-4386","post","type-post","status-publish","format-standard","has-post-thumbnail","hentry","category-hirek"],"_links":{"self":[{"href":"https:\/\/tokajiirotabor.hu\/irotabor_archiv\/wp-json\/wp\/v2\/posts\/4386"}],"collection":[{"href":"https:\/\/tokajiirotabor.hu\/irotabor_archiv\/wp-json\/wp\/v2\/posts"}],"about":[{"href":"https:\/\/tokajiirotabor.hu\/irotabor_archiv\/wp-json\/wp\/v2\/types\/post"}],"author":[{"embeddable":true,"href":"https:\/\/tokajiirotabor.hu\/irotabor_archiv\/wp-json\/wp\/v2\/users\/1"}],"replies":[{"embeddable":true,"href":"https:\/\/tokajiirotabor.hu\/irotabor_archiv\/wp-json\/wp\/v2\/comments?post=4386"}],"version-history":[{"count":1,"href":"https:\/\/tokajiirotabor.hu\/irotabor_archiv\/wp-json\/wp\/v2\/posts\/4386\/revisions"}],"predecessor-version":[{"id":4388,"href":"https:\/\/tokajiirotabor.hu\/irotabor_archiv\/wp-json\/wp\/v2\/posts\/4386\/revisions\/4388"}],"wp:featuredmedia":[{"embeddable":true,"href":"https:\/\/tokajiirotabor.hu\/irotabor_archiv\/wp-json\/wp\/v2\/media\/4387"}],"wp:attachment":[{"href":"https:\/\/tokajiirotabor.hu\/irotabor_archiv\/wp-json\/wp\/v2\/media?parent=4386"}],"wp:term":[{"taxonomy":"category","embeddable":true,"href":"https:\/\/tokajiirotabor.hu\/irotabor_archiv\/wp-json\/wp\/v2\/categories?post=4386"},{"taxonomy":"post_tag","embeddable":true,"href":"https:\/\/tokajiirotabor.hu\/irotabor_archiv\/wp-json\/wp\/v2\/tags?post=4386"}],"curies":[{"name":"wp","href":"https:\/\/api.w.org\/{rel}","templated":true}]}}