{"id":4376,"date":"2018-01-29T09:26:05","date_gmt":"2018-01-29T08:26:05","guid":{"rendered":"http:\/\/www.tokajiirotabor.hu\/?p=4376"},"modified":"2018-01-29T09:31:22","modified_gmt":"2018-01-29T08:31:22","slug":"a-magyar-kultura-napja-2018-januar-22","status":"publish","type":"post","link":"https:\/\/tokajiirotabor.hu\/irotabor_archiv\/a-magyar-kultura-napja-2018-januar-22\/","title":{"rendered":"A Magyar Kult\u00fara Napja \u2013 2018. janu\u00e1r 22."},"content":{"rendered":"<p style=\"text-align: justify;\"><strong>A hagyom\u00e1nyokhoz h\u0171en id\u00e9n is egy\u00fctt \u00fcnnepelt\u00fck Tokajban a v\u00e1ros- \u00e9s a Magyar Kult\u00fara Napj\u00e1t. A Paulay Ede Sz\u00ednh\u00e1zban az \u00f6nkorm\u00e1nyzat, a Tokaji \u00cdr\u00f3t\u00e1bor Egyes\u00fclet valamint a Kultur\u00e1lis \u00e9s Konferencia K\u00f6zpont tartott k\u00f6z\u00f6s \u00fcnneps\u00e9get.<\/strong><\/p>\n<p style=\"text-align: justify;\">A v\u00e1ros- \u00e9s kult\u00fara napi rendezv\u00e9nyen Tokaj V\u00e1ros Vegyeskara \u00e9nekelte el, majd dr. J\u00e1nosn\u00e9 Petruska Magdolna szavalta el a Himnuszt.<\/p>\n<p style=\"text-align: center;\"><a href=\"http:\/\/www.tokajiirotabor.hu\/wp-content\/uploads\/2018\/01\/szavalat.png\"><img loading=\"lazy\" decoding=\"async\" class=\"aligncenter wp-image-4377 size-medium\" src=\"http:\/\/www.tokajiirotabor.hu\/wp-content\/uploads\/2018\/01\/szavalat-300x199.png\" alt=\"szavalat\" width=\"300\" height=\"199\" srcset=\"https:\/\/tokajiirotabor.hu\/irotabor_archiv\/wp-content\/uploads\/2018\/01\/szavalat-300x199.png 300w, https:\/\/tokajiirotabor.hu\/irotabor_archiv\/wp-content\/uploads\/2018\/01\/szavalat.png 770w\" sizes=\"(max-width: 300px) 100vw, 300px\" \/><\/a><\/p>\n<p style=\"text-align: justify;\">Koncz Ferenc k\u00f6sz\u00f6nt\u0151j\u00e9ben kiemelte, Tokaj az egyetlen magyar telep\u00fcl\u00e9s, amit K\u00f6lcsey Ferenc eml\u00edt a Himnuszban. A Szerencsi T\u00f6bbc\u00e9l\u00fa Kist\u00e9rs\u00e9gi T\u00e1rsul\u00e1s eln\u00f6ke a kult\u00fara fontoss\u00e1g\u00e1r\u00f3l besz\u00e9lt, hangs\u00falyozva, hogy an\u00e9lk\u00fcl nincs nemzet sem. Elmondta, a trianoni hat\u00e1ron t\u00fal rekedt magyars\u00e1g sz\u00e1m\u00e1ra is ez volt a kapaszkod\u00f3 \u00e9s ez tartotta meg j\u00f6v\u0151be vetett hit\u00fcket is.<\/p>\n<p style=\"text-align: justify;\"><em>\u201eKult\u00fara n\u00e9lk\u00fcl nincs nemzet. Nincs jelen \u00e9s j\u00f6v\u0151 sem. A kult\u00fara a n\u00e9p megtart\u00f3 sz\u00f6vete, a t\u00e1maszt\u00e9ka \u00e9s a c\u00f6l\u00f6pje. Amire mindig lehet t\u00e1maszkodni, k\u00fcl\u00f6n\u00f6sen, ha baj van\u201d<\/em>\u00a0\u2013 hangs\u00falyozta Koncz Ferenc. Hozz\u00e1tette, a mai Eur\u00f3p\u00e1ban is rendk\u00edv\u00fcl fontos ez a k\u00e9rd\u00e9s. P\u00e9ldak\u00e9nt a magyars\u00e1got hozta fel utalva a trianoni sz\u00e9tszak\u00edtotts\u00e1gra.<\/p>\n<p style=\"text-align: center;\"><a href=\"http:\/\/www.tokajiirotabor.hu\/wp-content\/uploads\/2018\/01\/koncz_ferenc.png\"><img loading=\"lazy\" decoding=\"async\" class=\"aligncenter size-medium wp-image-4378\" src=\"http:\/\/www.tokajiirotabor.hu\/wp-content\/uploads\/2018\/01\/koncz_ferenc-300x200.png\" alt=\"koncz_ferenc\" width=\"300\" height=\"200\" srcset=\"https:\/\/tokajiirotabor.hu\/irotabor_archiv\/wp-content\/uploads\/2018\/01\/koncz_ferenc-300x200.png 300w, https:\/\/tokajiirotabor.hu\/irotabor_archiv\/wp-content\/uploads\/2018\/01\/koncz_ferenc.png 766w\" sizes=\"(max-width: 300px) 100vw, 300px\" \/><\/a><\/p>\n<p style=\"text-align: justify;\"><em>\u201eHa van autentikus hely a K\u00e1rp\u00e1t-medenc\u00e9ben, az Tokaj\u201d<\/em>\u00a0\u2013 kezdte \u00fcnnepi besz\u00e9d\u00e9t Posta Gy\u00f6rgy. Tokaj polg\u00e1rmestere kiemelte K\u00f6lcsey Ferenc munk\u00e1ss\u00e1g\u00e1t \u00e9s azt, hogy a Himnusz reprezent\u00e1lja legink\u00e1bb a magyar nemzet egys\u00e9g\u00e9t, m\u00faltj\u00e1t, k\u00fcldet\u00e9studat\u00e1t \u00e9s rem\u00e9nybeli j\u00f6v\u0151j\u00e9t is.<\/p>\n<p style=\"text-align: justify;\"><em>\u201eA Himnuszban meg\u00e9nekelt tokaji nekt\u00e1r az isteni \u00e1ld\u00e1s min\u0151s\u00e9gi szintje, a h\u00e1laad\u00e1s pontos r\u00e9sze. Nem ker\u00fclhetj\u00fck meg milyen m\u00e9lys\u00e9gesen szakr\u00e1lis \u00e9s emocion\u00e1lis eredet\u0171 a nemzeti \u00e9s t\u00f6rt\u00e9nelmi tudat. \u00c9ppen borkult\u00far\u00e1nk, a bor \u00e9s az irodalom t\u00f6rt\u00e9nete erre a legf\u00e9nyesebb bizony\u00edt\u00e9k.\u201d<\/em>\u00a0\u2013 mondta \u00fcnnepi besz\u00e9d\u00e9ben a polg\u00e1rmester. Hozz\u00e1tette, 32 \u00e9ve kapta vissza v\u00e1rosi rangj\u00e1t Tokaj, erre is eml\u00e9keznek minden \u00e9v janu\u00e1r 22-\u00e9n.<br \/>\n<em>\u201eNyugodtan kijelenthetj\u00fck, hogy m\u0171k\u00f6dik a v\u00e1ros. \u00c1llamigazgat\u00e1sb\u00f3l, szoci\u00e1lis politik\u00e1b\u00f3l r\u00e1test\u00e1l\u00f3dott feladatait marad\u00e9ktalanul teljes\u00edti. A j\u00e1r\u00e1si k\u00f6zpont szerep\u00e9b\u0151l, az \u00f6nkorm\u00e1nyzatok t\u00e1rsul\u00e1s\u00e1b\u00f3l szervez\u0151d\u00f6tt int\u00e9zm\u00e9nyek m\u0171k\u00f6dnek, a k\u00fcl\u00f6nb\u00f6z\u0151 hivatalok j\u00f3l ell\u00e1tj\u00e1k feladataikat. A v\u00e1ros m\u00e9ret\u00e9t messze meghalad\u00f3 kultur\u00e1lis int\u00e9zm\u00e9nyek programjai ma m\u00e1r nemzetk\u00f6zi szinten is jegyzettek. Itt a Crescendora, a Fesztiv\u00e1lkatlan, a Zempl\u00e9ni Fesztiv\u00e1l programjaira, az \u00cdr\u00f3t\u00e1borra vagy \u00e9ppen a Sz\u00fcreti Napokra szeretn\u00e9k utalni\u201d<\/em>\u00a0\u2013 tette hozz\u00e1 Posta Gy\u00f6rgy. \u00dcnnepi besz\u00e9d\u00e9ben kiemelte a mindennapokat seg\u00edt\u0151 fejleszt\u00e9seket valamint a folyamatban l\u00e9v\u0151 beruh\u00e1z\u00e1sokat.<\/p>\n<p style=\"text-align: justify;\">V\u00e9g\u00fcl S\u00e1ray L\u00e1szl\u00f3 m\u0171vel\u0151d\u00e9sszervez\u0151, a Tokaji \u00cdr\u00f3t\u00e1bor egykori titk\u00e1ra olvasta fel jegyzet\u00e9t a magyar kult\u00far\u00e1r\u00f3l, majd Tokaj V\u00e1ros Vegyeskara adott \u00fcnnepi hangversenyt.<\/p>\n<p style=\"text-align: center;\"><a href=\"http:\/\/www.tokajiirotabor.hu\/wp-content\/uploads\/2018\/01\/saray.png\"><img loading=\"lazy\" decoding=\"async\" class=\"aligncenter size-medium wp-image-4379\" src=\"http:\/\/www.tokajiirotabor.hu\/wp-content\/uploads\/2018\/01\/saray-300x201.png\" alt=\"saray\" width=\"300\" height=\"201\" srcset=\"https:\/\/tokajiirotabor.hu\/irotabor_archiv\/wp-content\/uploads\/2018\/01\/saray-300x201.png 300w, https:\/\/tokajiirotabor.hu\/irotabor_archiv\/wp-content\/uploads\/2018\/01\/saray.png 764w\" sizes=\"(max-width: 300px) 100vw, 300px\" \/><\/a><\/p>\n<p style=\"text-align: justify;\"><strong>D\u00edjak \u00e9s kit\u00fcntet\u00e9sek<\/strong><\/p>\n<p style=\"text-align: justify;\">A Tokaj V\u00e1ros D\u00edszpolg\u00e1ra elismer\u00e9st posthumus Simon L\u00e1szl\u00f3 kapta. A d\u00edjat Laci b\u00e1csi feles\u00e9ge vette \u00e1t. A Pro Urbe Tokaj c\u00edmet Mak\u00f3 Bal\u00e1zsn\u00e9 nyugalmazott pedag\u00f3gus kapta, a Tokaj V\u00e1ros Kult\u00far\u00e1j\u00e1\u00e9rt elismer\u00e9st pedig Dr. Vancza J\u00e1nos k\u00f6lt\u0151 \u00e9s a Tokaji Orsz\u00e1gz\u00e1szl\u00f3\u00e9rt Egyes\u00fclet \u00e9rdemelte ki. Az \u00d6nzetlen\u00fcl Tokaj\u00e9rt elismer\u00e9st Mak\u00f3 Bal\u00e1zs vehette \u00e1t, pedag\u00f3gus eml\u00e9k\u00e9rmet kapott S\u00e1ri L\u00e1szl\u00f3n\u00e9, aranydiplom\u00e1t pedig F\u00f6ldesi Istv\u00e1nn\u00e9.<br \/>\nA kult\u00fara napi megeml\u00e9kez\u00e9st Iv\u00e1n Szandra \u00e9s J\u00e1sz Andr\u00e1s jazzkoncertje z\u00e1rta.<\/p>\n<p style=\"text-align: center;\"><a href=\"http:\/\/www.tokajiirotabor.hu\/wp-content\/uploads\/2018\/01\/Szandraandris.png\"><img loading=\"lazy\" decoding=\"async\" class=\"aligncenter size-medium wp-image-4380\" src=\"http:\/\/www.tokajiirotabor.hu\/wp-content\/uploads\/2018\/01\/Szandraandris-300x199.png\" alt=\"Szandra,andris\" width=\"300\" height=\"199\" srcset=\"https:\/\/tokajiirotabor.hu\/irotabor_archiv\/wp-content\/uploads\/2018\/01\/Szandraandris-300x199.png 300w, https:\/\/tokajiirotabor.hu\/irotabor_archiv\/wp-content\/uploads\/2018\/01\/Szandraandris.png 769w\" sizes=\"(max-width: 300px) 100vw, 300px\" \/><\/a><\/p>\n","protected":false},"excerpt":{"rendered":"<p>A hagyom\u00e1nyokhoz h\u0171en id\u00e9n is egy\u00fctt \u00fcnnepelt\u00fck Tokajban a v\u00e1ros- \u00e9s a Magyar Kult\u00fara Napj\u00e1t. A Paulay Ede Sz\u00ednh\u00e1zban az \u00f6nkorm\u00e1nyzat, a Tokaji \u00cdr\u00f3t\u00e1bor Egyes\u00fclet valamint a Kultur\u00e1lis \u00e9s Konferencia K\u00f6zpont tartott k\u00f6z\u00f6s \u00fcnneps\u00e9get. A v\u00e1ros- \u00e9s kult\u00fara napi rendezv\u00e9nyen&#8230;<\/p>\n","protected":false},"author":1,"featured_media":4377,"comment_status":"closed","ping_status":"closed","sticky":false,"template":"","format":"standard","meta":{"footnotes":""},"categories":[1],"tags":[],"class_list":["post-4376","post","type-post","status-publish","format-standard","has-post-thumbnail","hentry","category-hirek"],"_links":{"self":[{"href":"https:\/\/tokajiirotabor.hu\/irotabor_archiv\/wp-json\/wp\/v2\/posts\/4376"}],"collection":[{"href":"https:\/\/tokajiirotabor.hu\/irotabor_archiv\/wp-json\/wp\/v2\/posts"}],"about":[{"href":"https:\/\/tokajiirotabor.hu\/irotabor_archiv\/wp-json\/wp\/v2\/types\/post"}],"author":[{"embeddable":true,"href":"https:\/\/tokajiirotabor.hu\/irotabor_archiv\/wp-json\/wp\/v2\/users\/1"}],"replies":[{"embeddable":true,"href":"https:\/\/tokajiirotabor.hu\/irotabor_archiv\/wp-json\/wp\/v2\/comments?post=4376"}],"version-history":[{"count":5,"href":"https:\/\/tokajiirotabor.hu\/irotabor_archiv\/wp-json\/wp\/v2\/posts\/4376\/revisions"}],"predecessor-version":[{"id":4385,"href":"https:\/\/tokajiirotabor.hu\/irotabor_archiv\/wp-json\/wp\/v2\/posts\/4376\/revisions\/4385"}],"wp:featuredmedia":[{"embeddable":true,"href":"https:\/\/tokajiirotabor.hu\/irotabor_archiv\/wp-json\/wp\/v2\/media\/4377"}],"wp:attachment":[{"href":"https:\/\/tokajiirotabor.hu\/irotabor_archiv\/wp-json\/wp\/v2\/media?parent=4376"}],"wp:term":[{"taxonomy":"category","embeddable":true,"href":"https:\/\/tokajiirotabor.hu\/irotabor_archiv\/wp-json\/wp\/v2\/categories?post=4376"},{"taxonomy":"post_tag","embeddable":true,"href":"https:\/\/tokajiirotabor.hu\/irotabor_archiv\/wp-json\/wp\/v2\/tags?post=4376"}],"curies":[{"name":"wp","href":"https:\/\/api.w.org\/{rel}","templated":true}]}}