{"id":4366,"date":"2017-08-12T17:02:12","date_gmt":"2017-08-12T16:02:12","guid":{"rendered":"http:\/\/www.tokajiirotabor.hu\/?p=4366"},"modified":"2017-08-23T17:03:55","modified_gmt":"2017-08-23T16:03:55","slug":"a-reformok-napja","status":"publish","type":"post","link":"https:\/\/tokajiirotabor.hu\/irotabor_archiv\/a-reformok-napja\/","title":{"rendered":"A reformok napja"},"content":{"rendered":"<p style=\"text-align: justify;\">A mi napt\u00f3l tartottunk a legjobban, hiszen az idei t\u00e1bor reformjai k\u00f6z\u00fcl ez a program, a gyerekprogram a leger\u0151sebb \u00e9s ezzel egy\u00fctt legkock\u00e1zatosabb is. Mi\u00e9rt mondom azt, hogy kock\u00e1zat? Mert \u00fagy \u00e1ltal\u00e1ban a reformok mindig rejtenek magukban vesz\u00e9lyeket. Jelen esetben p\u00e9ld\u00e1ul azt, hogy nem lesz \u00e9rdekl\u0151d\u0151, hogy a programok sz\u00ednvonala nem lesz megfelel\u0151, az ismeretlen helysz\u00edn j\u00e1ratlan terepe \u00e9s m\u00e9g sok ehhez hasonl\u00f3.<\/p>\n<p style=\"text-align: justify;\"><img loading=\"lazy\" decoding=\"async\" class=\"aligncenter\" src=\"http:\/\/www.litera.hu\/img\/17b_04520_170812ps.jpg\" alt=\"\" width=\"600\" height=\"400\" \/><br \/>\nA szombati nap els\u0151 fell\u00e9p\u0151je a M\u00e1sik Oldal zenekar volt. A zenekar tagjaival 8 \u00f3r\u00e1t besz\u00e9lt\u00fcnk meg, 8-ra ki kellene \u00e9rni a f\u0151t\u00e9rre, egy hangbe\u00e1ll\u00e1st csin\u00e1lni \u00e9s v\u00e1rni a gyerekek \u00e9s csal\u00e1dok \u00e9rkez\u00e9s\u00e9t. 8:15-re \u00e9rt\u00fcnk ki, \u00e9s mivel el\u0151z\u0151 nap a R\u00e1k\u00f3czi pince terasz\u00e1n koncertezt\u00fcnk, azzal a lend\u00fclettel a pince rakt\u00e1rhelyis\u00e9g\u00e9ben hagytuk a hangszereinket, amit term\u00e9szetesen bez\u00e1rtak \u00e9s mi persze elfelejtett\u00fcnk sz\u00f3lni arr\u00f3l nekik, hogy reggel kor\u00e1n ki kellene nyitniuk azt a helyis\u00e9get, hiszen lesz m\u00e9g egy fell\u00e9p\u00e9s\u00fcnk. \u00cdgy 8:16-kor kezdt\u00fcnk el telefon\u00e1lni \u00e9s mindj\u00e1rt 8:50-kor siker\u00fclt is kinyittatni a rakt\u00e1rat, kezdhett\u00fck kipakolni a hangszereket. Az az 5 fokos emelked\u0151, amin \u00e1t siker\u00fclt lehordanunk azokat, \u00edgy, a t\u00e1bor harmadik napj\u00e1nak reggel\u00e9n, 50 fokosnak t\u0171nt, de lek\u00fczd\u00f6tt\u00fck ezt a nagy akad\u00e1lyt. 9:30-kor, a program meghirdetett kezdet\u00e9n a 80 sz\u00e9kb\u0151l 5 volt foglalt. Kicsit ekkor m\u00e1r szapor\u00e1bban vert a sz\u00edv\u00fcnk, megv\u00e1rtuk m\u00e9g, hogy a f\u0151t\u00e9ren k\u00f3sz\u00e1l\u00f3 k\u00e9t gyermek is helyet foglaljon \u00e9s elkezdt\u00fck a m\u0171sort. H\u00e1rom tal\u00e1l\u00f3s k\u00e9rd\u00e9s \u00e9s egy J\u00f3zsef Attila-vers k\u00f6z\u00f6tt, elkezdtek sz\u00e9pen lassan sziv\u00e1rogni a f\u0151t\u00e9rre az \u00e9rdekl\u0151d\u0151k. Kicsik \u00e9s nagyok, anya \u00e9s apa, nagyi \u00e9s unoka. Mire az utols\u00f3 dalunkhoz \u00e9rt\u00fcnk, egy t\u0171t sem lehetett volna leejteni a f\u0151t\u00e9ri sz\u00ednpad k\u00f6r\u00fcl, mind a 80 sz\u00e9ken \u00fcltek, k\u00f6rben \u00e1lltak, a templom l\u00e9pcs\u0151j\u00e9n is \u00fcltek, a sz\u00ednpad m\u00f6g\u00f6tt is. \u00c9nekeltek, t\u00e1ncoltak, nevettek, a gyerekzsivaj, \u00e9s az \u00e9let bet\u00f6lt\u00f6tte Tokaj f\u0151ter\u00e9t. \u00d6r\u00f6m\u00fckt\u0151l csak a mi\u00e9nk volt nagyobb, mert m\u00e9g mi sem gondoltunk ekkora sikerre.<\/p>\n<p>Tompeti\u00e9k is meg\u00e9rkeztek, be is akadt az aut\u00f3juk egy ki\u00e1ll\u00f3 t\u00e9rk\u0151darabba, \u00edgy a kezdeti mosolyuk nem volt t\u00fal \u0151szinte. De a sz\u00ednpad el\u0151tt toporg\u00f3 t\u00f6meg elvar\u00e1zsolta \u0151ket is. Gyuri boh\u00f3c b\u0171v\u00e9szshowja is el\u00e9rte a v\u00e1rt sikert, ami ut\u00e1n lufihajtogat\u00e1ssal v\u00e1rta a gyerekeket. \u00c9n voltam az els\u0151 a sorban, egy kuty\u00e1t k\u00e9rtem, aminek az egyik szeme, k\u00e9t \u00f3r\u00e1val k\u00e9s\u0151bb a nagy h\u0151s\u00e9gt\u0151l feladta a harcot \u00e9s egy hangos csattan\u00e1ssal b\u00facs\u00fat intett nek\u00fcnk. De nekem \u00edgy is tetszik, a t\u00f6bbi testr\u00e9sze eg\u00e9sz j\u00f3l b\u00edrja az\u00f3ta is.<\/p>\n<p>Az ugr\u00e1l\u00f3v\u00e1rn\u00e1l, a p\u00f3nikn\u00e1l, a trambulinn\u00e1l k\u00edgy\u00f3ztak a sorok, a k\u00fcrt\u0151skal\u00e1csosn\u00e1l anya-apa \u00e1llt sorban. D\u00e9lut\u00e1n 5-kor lett v\u00e9ge az els\u0151 &#8222;Tokaji \u00cdr\u00f3t\u00e1bor &#8211; JUNIOR&#8221;-nak. Hihetetlen siker volt, hatalmas \u00f6r\u00f6m ez nek\u00fcnk, \u00e9s minden szerepl\u0151nek.<\/p>\n<p>K\u00e9t \u00f3r\u00e1t\u00f3l a munkacsoport-\u00fcl\u00e9sek kezd\u0151dtek el. Neh\u00e9z volt a v\u00e1laszt\u00e1s, mindh\u00e1rom t\u00e9ma \u00e9rdekelt. A magyar irodalom k\u00f6zvet\u00edt\u00e9se a r\u00e1di\u00f3ban \u00e9s a t\u00e9v\u00e9ben, a sz\u00ednh\u00e1zban \u00e9s filmekben vagy pedig a magyar irodalom k\u00f6zvet\u00edt\u00e9se a vil\u00e1gh\u00e1l\u00f3n. Az ut\u00f3bbi mellett d\u00f6nt\u00f6ttem, j\u00f3nak \u00edg\u00e9rkezett az, hogy a t\u00e9m\u00e1n k\u00edv\u00fcl t\u00f6bb online foly\u00f3irattal is megismerkedhetek. Az el\u0151ad\u00f3k k\u00f6z\u00f6tt volt Papp-F\u00fcr J\u00e1nos, K\u00fcrti L\u00e1szl\u00f3, Szalai Zsolt, Vass Tibor \u00e9s Kir\u00e1ly Farkas. A munkacsoportot S\u00e1ray L\u00e1szl\u00f3 vezette. Egyszerre szervez\u0151k\u00e9nt \u00e9s \u00e9rdekl\u0151d\u0151k\u00e9nt voltam jelen. A kisebb technikai gondokat lesz\u00e1m\u00edtva minden rendben ment, k\u00fcl\u00f6n\u00f6sen interakt\u00edvan telt el az id\u0151, minden el\u0151ad\u00e1s ut\u00e1n p\u00e1rbesz\u00e9d k\u00f6vetkezett, az \u00f6r\u00f6k \u00e9s megunhatatlan k\u00e9rd\u00e9sk\u00f6r a print \u00e9s az online foly\u00f3iratok k\u00f6z\u00f6tti k\u00fcl\u00f6nbs\u00e9g volt, b\u0151vebben pedig a Dokkr\u00f3l \u00e9s a Poetr\u0151l, a Spanyoln\u00e1th\u00e1r\u00f3l, az Ambroozi\u00e1r\u00f3l, az Irodalmi Jelenr\u0151l \u00e9s a V\u00f6r\u00f6s Postakocsir\u00f3l hallhattunk.<\/p>\n<p><img loading=\"lazy\" decoding=\"async\" class=\"aligncenter\" src=\"http:\/\/www.litera.hu\/img\/17b_04717_170812ps.jpg\" alt=\"\" width=\"600\" height=\"400\" \/><br \/>\nAz Egy\u00fctt \u00e9s a Tempev\u00f6lgy foly\u00f3irat volt az, amiket bemutattak a Tokaji est\u00e9k harmadik \u00e1llom\u00e1s\u00e1n. V\u00e1ri F\u00e1bi\u00e1n L\u00e1szl\u00f3, Dupka Gy\u00f6rgy \u00e9s T\u00f3bi\u00e1s Kriszti\u00e1n voltak azok, akik ismertett\u00e9k az \u00e9rdekl\u0151d\u0151kkel a lapsz\u00e1mok fel\u00e9p\u00edt\u00e9s\u00e9t, tematik\u00e1j\u00e1t, t\u00f6rt\u00e9net\u00e9t.<\/p>\n<p>A bork\u00f3stol\u00f3 igaz\u00e1n izgalmasan indult, az eddigi \u00e1tlag 38 fokot felv\u00e1ltotta az es\u0151 \u00e9s a leh\u0171l\u00e9s. V\u00e9gre vehett\u00fcnk egy nagy leveg\u0151t an\u00e9lk\u00fcl, hogy a h\u00f6rg\u0151csk\u00e9ink \u00e9g\u00e9si s\u00e9r\u00fcl\u00e9seket szenvedtek volna. Szedm\u00e1k S\u00e1ndor \u00e9s Berzsenyi Brigitta volt az a bor\u00e1sz h\u00e1zasp\u00e1r, akik id\u00e9n bemutatt\u00e1k kiv\u00e1l\u00f3 boraikat. Volt szerencs\u00e9m besz\u00e9lni az egyik el\u0151ad\u00f3nkkal a bork\u00f3stol\u00f3 k\u00f6zben, aki m\u00e1r t\u00f6bb mint 20 \u00e9ve j\u00e1r ide, az \u00edr\u00f3t\u00e1borba rendszeresen. \u00dagy fogalmazott: m\u00e9g ilyen finom borokat, sem ebben a h\u00fasz \u00e9vben itt, sem pedig azel\u0151tt m\u00e1shol nem ivott.<\/p>\n<p>Ha b\u00e1rmif\u00e9le \u00f6sszegz\u00e9st szeretn\u00e9k a v\u00e9g\u00e9re, tal\u00e1n \u00fagy fogalmazn\u00e9k, hogy sikeresen z\u00e1rtunk. F\u00e9lt\u00fcnk, bukhattunk volna, mert ha \u00faj\u00edtunk \u00e9s ha el\u0151sz\u00f6r \u00faj\u00edtunk, az nem biztos, hogy olyan j\u00f3l s\u00fcl el, mint ahogyan v\u00e1rjuk. M\u00e9gis siker volt, ami a v\u00e1ros \u00e9s az egyes\u00fclet k\u00f6z\u00f6s, hat\u00e9kony munk\u00e1j\u00e1t igazolja. M\u00e1r csak egy nap van h\u00e1tra.<\/p>\n<p style=\"text-align: right;\"><em><strong>V\u00e1nyai Anita<\/strong><\/em><\/p>\n","protected":false},"excerpt":{"rendered":"<p>A mi napt\u00f3l tartottunk a legjobban, hiszen az idei t\u00e1bor reformjai k\u00f6z\u00fcl ez a program, a gyerekprogram a leger\u0151sebb \u00e9s ezzel egy\u00fctt legkock\u00e1zatosabb is. Mi\u00e9rt mondom azt, hogy kock\u00e1zat? Mert \u00fagy \u00e1ltal\u00e1ban a reformok mindig rejtenek magukban vesz\u00e9lyeket. Jelen esetben&#8230;<\/p>\n","protected":false},"author":1,"featured_media":4355,"comment_status":"closed","ping_status":"closed","sticky":false,"template":"","format":"standard","meta":{"footnotes":""},"categories":[1],"tags":[],"class_list":["post-4366","post","type-post","status-publish","format-standard","has-post-thumbnail","hentry","category-hirek"],"_links":{"self":[{"href":"https:\/\/tokajiirotabor.hu\/irotabor_archiv\/wp-json\/wp\/v2\/posts\/4366"}],"collection":[{"href":"https:\/\/tokajiirotabor.hu\/irotabor_archiv\/wp-json\/wp\/v2\/posts"}],"about":[{"href":"https:\/\/tokajiirotabor.hu\/irotabor_archiv\/wp-json\/wp\/v2\/types\/post"}],"author":[{"embeddable":true,"href":"https:\/\/tokajiirotabor.hu\/irotabor_archiv\/wp-json\/wp\/v2\/users\/1"}],"replies":[{"embeddable":true,"href":"https:\/\/tokajiirotabor.hu\/irotabor_archiv\/wp-json\/wp\/v2\/comments?post=4366"}],"version-history":[{"count":1,"href":"https:\/\/tokajiirotabor.hu\/irotabor_archiv\/wp-json\/wp\/v2\/posts\/4366\/revisions"}],"predecessor-version":[{"id":4367,"href":"https:\/\/tokajiirotabor.hu\/irotabor_archiv\/wp-json\/wp\/v2\/posts\/4366\/revisions\/4367"}],"wp:featuredmedia":[{"embeddable":true,"href":"https:\/\/tokajiirotabor.hu\/irotabor_archiv\/wp-json\/wp\/v2\/media\/4355"}],"wp:attachment":[{"href":"https:\/\/tokajiirotabor.hu\/irotabor_archiv\/wp-json\/wp\/v2\/media?parent=4366"}],"wp:term":[{"taxonomy":"category","embeddable":true,"href":"https:\/\/tokajiirotabor.hu\/irotabor_archiv\/wp-json\/wp\/v2\/categories?post=4366"},{"taxonomy":"post_tag","embeddable":true,"href":"https:\/\/tokajiirotabor.hu\/irotabor_archiv\/wp-json\/wp\/v2\/tags?post=4366"}],"curies":[{"name":"wp","href":"https:\/\/api.w.org\/{rel}","templated":true}]}}