{"id":4360,"date":"2017-08-11T16:56:03","date_gmt":"2017-08-11T15:56:03","guid":{"rendered":"http:\/\/www.tokajiirotabor.hu\/?p=4360"},"modified":"2017-08-23T17:00:07","modified_gmt":"2017-08-23T16:00:07","slug":"bentrol-nezni","status":"publish","type":"post","link":"https:\/\/tokajiirotabor.hu\/irotabor_archiv\/bentrol-nezni\/","title":{"rendered":"Bentr\u0151l n\u00e9zni"},"content":{"rendered":"<p style=\"text-align: justify;\">A megh\u00edv\u00f3 r\u00e9szletes programj\u00e1t b\u00f6ng\u00e9szve m\u00e1r reggel tudtam, hogy a p\u00e9ntek remek nap lesz a Tokaji \u00cdr\u00f3t\u00e1borban, aff\u00e9le cs\u00facsid\u0151szak \u2013 \u00e9s meg\u00e9rz\u00e9sem helyesnek bizonyult. V\u00e1rakoz\u00e1som rem\u00e9nyteljess\u00e9g\u00e9t csak fokozta, hogy k\u00e9t napirendi pontban is \u00e9rintett voltam, lust\u00e1lkod\u00e1snak semmi helye. Az \u00e9vek sor\u00e1n kialakult bennem, hogy irodalmi k\u00f6zszerepl\u00e9seim el\u0151tt \u00e9lesebben figyelek a t\u00f6bbi el\u0151ad\u00f3ra, m\u00e9gpedig a sorsk\u00f6z\u00f6ss\u00e9g ok\u00e1n: azokban az \u00f3r\u00e1kban empatikusabban \u00e1t\u00e9rzem, milyen fontos a figyelmes, \u00e9rt\u0151 k\u00f6z\u00f6ns\u00e9g. Meglehet, van ebben n\u00e9mi \u00f6nz\u00e9s, hiszen (a j\u00e9zusi tan\u00edt\u00e1s mint\u00e1j\u00e1ra) amilyen k\u00f6z\u00f6ns\u00e9get magamnak szeretn\u00e9k, olyan k\u00f6z\u00f6ns\u00e9gk\u00e9nt viselkedem.<\/p>\n<p style=\"text-align: justify;\"><img loading=\"lazy\" decoding=\"async\" class=\"aligncenter\" src=\"http:\/\/www.litera.hu\/img\/17b_04101_170811ps.jpg\" alt=\"\" width=\"600\" height=\"400\" \/><br \/>\nA d\u00e9lel\u0151tti plen\u00e1ris el\u0151ad\u00e1sok a szokott helysz\u00ednen zajlottak, a Tokaji Ferenc Gimn\u00e1zium aul\u00e1j\u00e1ban, a minden \u00e9vben ugyan\u00fagy elrendezett asztalok \u00e9s sz\u00e9ksorok k\u00f6z\u00f6tt. Szeretem ezt az elrendez\u00e9st, az \u00e1lland\u00f3s\u00e1g \u00e9rzet\u00e9t ny\u00fajtja. Bertha Zolt\u00e1n eln\u00f6kl\u00e9se mellett Bengi L\u00e1szl\u00f3, Er\u0151s Kinga, Mezey Katalin, Nyilasy Bal\u00e1zs \u00e9s Vasy G\u00e9za l\u00e9pett a mikrofon m\u00f6g\u00e9. Ut\u00f3bbi el\u0151ad\u00f3 el\u0151tt kiv\u00e1ltk\u00e9ppen fejet hajtok \u2013 \u00e9s most els\u0151sorban nem az irodalomt\u00f6rt\u00e9n\u00e9szi munk\u00e1ss\u00e1g\u00e1ra, nem a t\u00f6bb \u00e9vtizedes egyetemi tan\u00e1ri m\u00faltj\u00e1ra, sem a Magyar \u00cdr\u00f3sz\u00f6vets\u00e9g kor\u00e1bbi eln\u00f6kek\u00e9nt v\u00e9gzett szolg\u00e1lat\u00e1ra gondolok, hanem a fel\u00e9p\u00fcl\u00e9s\u00e9re. Elk\u00e9peszt\u0151 \u00f6nfegyelemmel, kitart\u00e1ssal, s\u0151t der\u0171vel nagyszer\u0171en fel\u00e9p\u00fclt s\u00falyos betegs\u00e9g\u00e9b\u0151l, t\u00falz\u00e1s n\u00e9lk\u00fcl a hal\u00e1l el\u0151szob\u00e1j\u00e1b\u00f3l visszat\u00e9rve. \u00c9s tegnap is becs\u00fclettel v\u00e9gig\u00fclte a teljes d\u00e9lel\u0151tti, majd d\u00e9lut\u00e1ni \u00fcl\u00e9sszakot, mindenkit meghallgatott.<\/p>\n<p style=\"text-align: justify;\"><img loading=\"lazy\" decoding=\"async\" class=\"aligncenter\" src=\"http:\/\/www.litera.hu\/img\/17b_04134_170811ps.jpg\" alt=\"\" width=\"600\" height=\"400\" \/><\/p>\n<p style=\"text-align: justify;\">D\u00e9lel\u0151tt azon kaptam magam, hogy k\u00f6lt\u0151i lelkem l\u00e1zadozik az am\u00fagy szeretett helysz\u00edn ellen. Ez az \u00e9rz\u00e9s meglepett. A szikr\u00e1z\u00f3 naps\u00fct\u00e9sben, csod\u00e1s k\u00e1nikul\u00e1ban szomork\u00e1s volt gubbasztani a hatalmas \u00fcvegfal\u00fa teremben, bentr\u0151l n\u00e9zni az odakint tombol\u00f3 \u00e9letet. Eme \u00e9rz\u00e9sem megosztottam k\u00e9t p\u00e1lyat\u00e1rsammal, \u00e9s kider\u00fclt, hogy egy h\u00faron pend\u00fcl\u00fcnk: legsz\u00edvesebben az eg\u00e9sz \u00edr\u00f3t\u00e1bori gy\u00fclekezetet azonnal kivez\u00e9nyelt\u00fck volna a Tisza partj\u00e1ra, napozni \u00e9s f\u00fcr\u00f6dni. \u00c9s azt sem tartottuk eretnek gondolatnak, hogy a j\u00f6v\u0151ben a plen\u00e1ris \u00fcl\u00e9sek valamelyik\u00e9t esetleg rendhagy\u00f3bb, \u201eszexibb&#8221; helysz\u00ednen is tarthatn\u00e1nk, m\u00e1rmint nem a n\u00e9gy fal k\u00f6z\u00f6tt.<br \/>\nEb\u00e9dre lecs\u00f3s csirkecombot kaptunk szarvacska alak\u00fa t\u00e9szt\u00e1val, \u00e9s ez j\u00f3 volt, nagyon j\u00f3. A koll\u00e9gium konyh\u00e1j\u00e1n remek\u00fcl f\u0151znek. Ut\u00e1na pedig k\u00f6vetkezett a d\u00e9lut\u00e1ni \u00fcl\u00e9s, amelyen Mezey Katalin eln\u00f6k\u00f6lt, \u00e9s J\u00e1nosi Zolt\u00e1n, L\u00f6v\u00e9tei L\u00e1z\u00e1r L\u00e1szl\u00f3, P\u00e9ntek Imre, Toldi \u00c9va mellett j\u00f3magam is el\u0151adtam. Term\u00e9szetesen a nap valamennyi el\u0151ad\u00e1s\u00e1ra igaz, hogy az Arany-\u00e9vfordul\u00f3 k\u00f6r\u00fcl forgott a sz\u00f3. \u00c9n p\u00e9ld\u00e1ul \u2013 polonistak\u00e9nt cseppet sem meglep\u0151 m\u00f3don \u2013 Arany k\u00e9t m\u0171v\u00e9nek lengyel vonatkoz\u00e1sair\u00f3l \u00e9rtekeztem, az 1849 \u00e9s 1853 k\u00f6z\u00f6tt \u00edrt\u00a0<em>Dali\u00e1s id\u0151k<\/em>\u00a0c\u00edm\u0171 elbesz\u00e9l\u0151 k\u00f6ltem\u00e9ny hatodik \u00e9nek\u00e9r\u0151l, illetve az 1855-ben k\u00f6lt\u00f6tt\u00a0<em>Z\u00e1ch Kl\u00e1ra\u00a0<\/em>c\u00edm\u0171 ballad\u00e1r\u00f3l. Mindk\u00e9t m\u0171 Nagy K\u00e1zm\u00e9r lengyel kir\u00e1ly \u00e9let\u00e9hez k\u00f6t\u0151dik, Aranyt foglalkoztatta ez a t\u00e9ma. A\u00a0<em>Dali\u00e1s id\u0151k<\/em>ben Toldi Mikl\u00f3s Krakk\u00f3ba megy, ahol K\u00e1zm\u00e9r \u00fcnnepi lakom\u00e1t rendez a tisztelet\u00e9re, megfelel\u0151 mennyis\u00e9g\u0171 borral. A kir\u00e1ly kedvenc szeret\u0151je, Eszter is jelen van, \u00e9s szemet vet a deli magyar vit\u00e9zre. \u00c9jjel azut\u00e1n megpr\u00f3b\u00e1lja elcs\u00e1b\u00edtani Toldit egy f\u00fcrd\u0151medenc\u00e9ben (kell\u0151k\u00e9ppen hi\u00e1nyos \u00f6lt\u00f6zetben), \u00e9s el\u00e9g j\u00f3l is halad \u2013 de Mikl\u00f3s v\u00e9g\u00fcl megembereli mag\u00e1t, \u00e9s h\u0171s\u00e9ges marad a t\u00e1voli Magyarorsz\u00e1gon hagyott Pirosk\u00e1j\u00e1hoz. Igaz\u00e1n sz\u00f3rakoztat\u00f3 olvasm\u00e1ny, b\u00e1tran aj\u00e1nlom.<\/p>\n<p style=\"text-align: justify;\"><img loading=\"lazy\" decoding=\"async\" class=\"aligncenter\" src=\"http:\/\/www.litera.hu\/img\/17b_04346_170811ps.jpg\" alt=\"\" width=\"600\" height=\"400\" \/><\/p>\n<p style=\"text-align: justify;\">Az \u00fcl\u00e9st k\u00f6vet\u0151en, f\u00e9l \u00f6tkor az eg\u00e9sz d\u00edszes komp\u00e1nia \u00e1tbuszozott Tiszalad\u00e1nyba, ahogy minden \u00e9vben. Most is Liszkai Ferenc polg\u00e1rmester fogadott minket a Gy\u0151ri Elek Faluh\u00e1zban. (Gy\u0151ri Elek naiv fest\u0151 volt, az els\u0151 vonalb\u00f3l.) Dobozi Eszter k\u00f6lt\u0151 megrend\u00edt\u0151 kisel\u0151ad\u00e1st tartott a Gul\u00e1gra hurcolt helyb\u00e9liek sors\u00e1r\u00f3l \u2013 csakugyan megrend\u00edt\u0151 volt, j\u00f3 n\u00e9h\u00e1nyan megk\u00f6nnyezt\u00fck. Ut\u00e1na pedig \u00e1thangol\u00f3dtunk, mert a sz\u00ednpad vil\u00e1got jelent\u0151 deszk\u00e1ira Talli\u00e1n Mariann \u00e9s L\u00e1z\u00e1r Bal\u00e1zs l\u00e9pett. Arany kev\u00e9sb\u00e9 ismert vid\u00e1m m\u0171veib\u0151l ny\u00fajtottak \u00e1t egy csokrot\u00a0<em>Semmi term\u00e9szet\u00a0<\/em>c\u00edmmel, R\u00f3zs\u00e1ssy Barbara szerkeszt\u00e9s\u00e9ben \u00e9s rendez\u00e9s\u00e9ben. \u00dajfent kider\u00fclt, hogy Arany zseni\u00e1lis.<\/p>\n<p style=\"text-align: justify;\"><img loading=\"lazy\" decoding=\"async\" class=\"aligncenter\" src=\"http:\/\/www.litera.hu\/img\/17b_04246_170811ps.jpg\" alt=\"\" width=\"600\" height=\"400\" \/><\/p>\n<p style=\"text-align: justify;\"><img loading=\"lazy\" decoding=\"async\" class=\"aligncenter\" src=\"http:\/\/www.litera.hu\/img\/17b_04405_170811ps.jpg\" alt=\"\" width=\"600\" height=\"400\" \/><\/p>\n<p style=\"text-align: justify;\">Visszat\u00e9rve Tokajba a R\u00e1k\u00f3czi pince terasz\u00e1n vacsor\u00e1ztunk, majd kezd\u0151d\u00f6tt a v\u00e1ros f\u0151ter\u00e9n a Parnasszus foly\u00f3irat ny\u00e1ri, teljes eg\u00e9sz\u00e9ben az \u00edr\u00f3t\u00e1bornak szentelt lapsz\u00e1m\u00e1nak bemutat\u00f3ja. Turczi Istv\u00e1n f\u0151szerkeszt\u0151 moder\u00e1lt, felsz\u00f3laltak K\u00f6d\u00f6b\u00f6cz G\u00e1bor, Mezey Katalin, Pomog\u00e1ts B\u00e9la \u00e9s Vasy G\u00e9za, felolvasott R\u00e1t\u00f3ti Zolt\u00e1n. Majd a \u201efiatalabb&#8221;, vagyis negyvenes koroszt\u00e1ly k\u00f6lt\u0151i (k\u00f6zt\u00fck \u00e9n is) olvast\u00e1k fel egy-egy \u00edr\u00e1sukat a tematikus sz\u00e1mb\u00f3l. A napot pedig a Fanfara Complexa egy\u00fcttes f\u0151t\u00e9ri koncertje z\u00e1rta. Soha rosszabbat!<\/p>\n<p style=\"text-align: right;\"><em><strong>Zsille G\u00e1bor<\/strong><\/em><\/p>\n<p>&nbsp;<\/p>\n","protected":false},"excerpt":{"rendered":"<p>A megh\u00edv\u00f3 r\u00e9szletes programj\u00e1t b\u00f6ng\u00e9szve m\u00e1r reggel tudtam, hogy a p\u00e9ntek remek nap lesz a Tokaji \u00cdr\u00f3t\u00e1borban, aff\u00e9le cs\u00facsid\u0151szak \u2013 \u00e9s meg\u00e9rz\u00e9sem helyesnek bizonyult. V\u00e1rakoz\u00e1som rem\u00e9nyteljess\u00e9g\u00e9t csak fokozta, hogy k\u00e9t napirendi pontban is \u00e9rintett voltam, lust\u00e1lkod\u00e1snak semmi helye. Az \u00e9vek&#8230;<\/p>\n","protected":false},"author":1,"featured_media":4363,"comment_status":"closed","ping_status":"closed","sticky":false,"template":"","format":"standard","meta":{"footnotes":""},"categories":[1],"tags":[],"class_list":["post-4360","post","type-post","status-publish","format-standard","has-post-thumbnail","hentry","category-hirek"],"_links":{"self":[{"href":"https:\/\/tokajiirotabor.hu\/irotabor_archiv\/wp-json\/wp\/v2\/posts\/4360"}],"collection":[{"href":"https:\/\/tokajiirotabor.hu\/irotabor_archiv\/wp-json\/wp\/v2\/posts"}],"about":[{"href":"https:\/\/tokajiirotabor.hu\/irotabor_archiv\/wp-json\/wp\/v2\/types\/post"}],"author":[{"embeddable":true,"href":"https:\/\/tokajiirotabor.hu\/irotabor_archiv\/wp-json\/wp\/v2\/users\/1"}],"replies":[{"embeddable":true,"href":"https:\/\/tokajiirotabor.hu\/irotabor_archiv\/wp-json\/wp\/v2\/comments?post=4360"}],"version-history":[{"count":4,"href":"https:\/\/tokajiirotabor.hu\/irotabor_archiv\/wp-json\/wp\/v2\/posts\/4360\/revisions"}],"predecessor-version":[{"id":4365,"href":"https:\/\/tokajiirotabor.hu\/irotabor_archiv\/wp-json\/wp\/v2\/posts\/4360\/revisions\/4365"}],"wp:featuredmedia":[{"embeddable":true,"href":"https:\/\/tokajiirotabor.hu\/irotabor_archiv\/wp-json\/wp\/v2\/media\/4363"}],"wp:attachment":[{"href":"https:\/\/tokajiirotabor.hu\/irotabor_archiv\/wp-json\/wp\/v2\/media?parent=4360"}],"wp:term":[{"taxonomy":"category","embeddable":true,"href":"https:\/\/tokajiirotabor.hu\/irotabor_archiv\/wp-json\/wp\/v2\/categories?post=4360"},{"taxonomy":"post_tag","embeddable":true,"href":"https:\/\/tokajiirotabor.hu\/irotabor_archiv\/wp-json\/wp\/v2\/tags?post=4360"}],"curies":[{"name":"wp","href":"https:\/\/api.w.org\/{rel}","templated":true}]}}