{"id":4357,"date":"2017-08-10T16:53:05","date_gmt":"2017-08-10T15:53:05","guid":{"rendered":"http:\/\/www.tokajiirotabor.hu\/?p=4357"},"modified":"2017-08-23T16:55:25","modified_gmt":"2017-08-23T15:55:25","slug":"pazar-nyitonap","status":"publish","type":"post","link":"https:\/\/tokajiirotabor.hu\/irotabor_archiv\/pazar-nyitonap\/","title":{"rendered":"Pazar nyit\u00f3nap"},"content":{"rendered":"<p style=\"text-align: justify;\">Huszonh\u00e1rom \u00e9ve j\u00e1rok a Tokaji \u00cdr\u00f3t\u00e1borba \u2013 de \u00fagy \u00e9rzem, hogy olyan j\u00f3 hangulatban, mint most, m\u00e9g soha nem kezd\u0151d\u00f6tt el. Hogy mi\u00e9rt, fogalmam sincs, a recept m\u00e9g ismeretlen, csak j\u00f3 volt a t\u00f6bb h\u00f3napos szervez\u00e9s \u00e9s idegesked\u00e9s ut\u00e1n hagyni t\u00f6rt\u00e9nni az esem\u00e9nyeket, \u00e9s \u00e9lvezni, befogadni a m\u0171v\u00e9szi \u00e9lm\u00e9nyeket.<\/p>\n<p style=\"text-align: justify;\"><img loading=\"lazy\" decoding=\"async\" class=\"aligncenter\" src=\"http:\/\/www.litera.hu\/img\/17b_03872_170810ps.jpg\" alt=\"\" width=\"600\" height=\"400\" \/><br \/>\nId\u00e9n R\u00e1t\u00f3ti Zolt\u00e1n sz\u00ednm\u0171v\u00e9sz van vel\u00fck v\u00e9gig a t\u00e1borban, az \u0151 szavalat\u00e1val ind\u00edtottunk a R\u00e1k\u00f3czi Pince-beli megnyit\u00f3n, Arany J\u00e1nos\u00a0<em>Mint egy al\u00e9lt v\u00e1ndor\u00a0<\/em>c\u00edm\u0171 vers\u00e9t szavalta megrend\u00edt\u0151en.<em>\u00a0\u201eJ\u00e1rtam a jelenben, \u00e9ltem a j\u00f6v\u0151ben&#8221;\u00a0<\/em>c\u00edmmel a Pet\u0151fi Irodalmi M\u00fazeum v\u00e1ndorki\u00e1ll\u00edt\u00e1s\u00e1t, melynek ez az els\u0151 \u00e1llom\u00e1sa, nyitotta meg Pr\u0151hle Gergely f\u0151igazgat\u00f3. Vacsora ut\u00e1n a Paulay Ede Sz\u00ednh\u00e1zban a Misztr\u00e1l adott fergeteges koncertet, az \u00edr\u00f3k vastapssal jutalmazt\u00e1k a zenekart, amely k\u00e9nytelen volt r\u00e1ad\u00e1sdalt is elj\u00e1tszani. Pedig m\u00e1r v\u00e1rtak r\u00e1nk a k\u00f6vetkez\u0151 helysz\u00ednen, a R\u00e1k\u00f3czi Pince terasz\u00e1n, ahol a fiatal \u00edr\u00f3k estj\u00e9t tartjuk, id\u00e9n az El\u0151retolt Hely\u0151rs\u00e9g \u00cdr\u00f3akad\u00e9mia di\u00e1kjai mutatkoztak be Orb\u00e1n J\u00e1nos D\u00e9nes moder\u00e1l\u00e1s\u00e1val. A napot a M\u00e1sik Oldal koncertje z\u00e1rta, mer\u00e9nylet \u00e9rt\u00e9k\u0171 meglepet\u00e9ssel, hiszen utols\u00f3 dalk\u00e9nt az \u00e9n megzen\u00e9s\u00edtett versem hangzott el.<\/p>\n<p style=\"text-align: justify;\"><img loading=\"lazy\" decoding=\"async\" class=\"aligncenter\" src=\"http:\/\/www.litera.hu\/img\/17b_03991_170810ps.jpg\" alt=\"\" width=\"600\" height=\"400\" \/><br \/>\nHatodik \u00e9ve ir\u00e1ny\u00edtom a Tokaji \u00cdr\u00f3t\u00e1bor Egyes\u00fcletet \u00e9s legnagyobb rendezv\u00e9ny\u00e9t, a Tokaji \u00cdr\u00f3t\u00e1bort. Minden t\u00e1mad\u00e1s, \u00e1rm\u00e1nykod\u00e1s ellen\u00e9re sikersorozatk\u00e9nt tekintek az elm\u00falt id\u0151szakra is. Eredm\u00e9nyesen t\u00e1rgyaltuk az 1945 ut\u00e1ni f\u00e9l \u00e9vsz\u00e1zad h\u00e1tt\u00e9rbe szor\u00edtott vagy eltiltott irodalm\u00e1t, kultur\u00e1lis es\u00e9lyeinket a glob\u00e1lisan \u00e1trendez\u0151d\u0151 vil\u00e1gban, az 1956-os forradalom \u00e9s szabads\u00e1gharc m\u0171v\u00e9szeti lenyomatait. Rossz \u00e9rz\u00e9s \u00e9s szomor\u00fas\u00e1g csup\u00e1n az\u00e9rt fog el, mert oly sokan t\u00e1voztak k\u00f6z\u00fcl\u00fcnk ezekben az \u00e9vekben is: Cso\u00f3ri S\u00e1ndor, Ol\u00e1h J\u00e1nos, Vathy Zsuzsa, Szepesi Attila, J\u00f3kai Anna, K\u00e1ntor Lajos&#8230;, \u00e9s sorolhatn\u00e1m. Egyre \u00e1rv\u00e1bbnak \u00e9rezheti mag\u00e1t a nemzed\u00e9kem, amely k\u00e9nytelen lesz lassan v\u00e9gleg kez\u00e9be venni a gyepl\u0151t, csak az ir\u00e1nyt nem mutatja majd senki. De ha j\u00f3l vizsg\u00e1ztunk, odafigyelt\u00fcnk, mi is meglelhetj\u00fck a helyes utat.<\/p>\n<p style=\"text-align: justify;\"><img loading=\"lazy\" decoding=\"async\" class=\"aligncenter\" src=\"http:\/\/www.litera.hu\/img\/17b_03978_170810ps.jpg\" alt=\"\" width=\"600\" height=\"400\" \/><br \/>\nA k\u00e9rd\u00e9s az, j\u00f6nnek-e ut\u00e1nunk. Mert ha mi nem tudjuk majd kinek tov\u00e1bbadni a staf\u00e9t\u00e1t, ez a t\u00f6rt\u00e9net v\u00e9get \u00e9r. Ez\u00e9rt is gondoltuk azt az eln\u00f6ks\u00e9ggel \u00e9s Papp-F\u00fcr J\u00e1nos titk\u00e1rral, hogy a szervezeti meg\u00faj\u00edt\u00e1s ut\u00e1n elj\u00f6tt az id\u0151, hogy \u00faj tartalmakkal is elkezdj\u00fck felt\u00f6lteni a t\u00e1bort. Eddig sem csup\u00e1n szakmai tan\u00e1cskoz\u00e1s folyt itt, hiszen sz\u00e1mos kultur\u00e1lis program k\u00eds\u00e9ri a konferenci\u00e1t, de m\u00e9g jobban nyitnunk kell, ha nem szeretn\u00e9nk bel\u00fcgynek megtartani mindazt, amely a t\u00e1borban elhangzik, t\u00f6rt\u00e9nik. A hagyom\u00e1ny\u00e9rt\u00e9k\u0171 k\u00eds\u00e9r\u0151programok mellett, amelyek z\u00f6me id\u00e9n Arany J\u00e1nos m\u0171v\u00e9szete el\u0151tt tiszteleg, els\u0151 \u00edzben kitelep\u00fcl\u00fcnk a v\u00e1ros f\u0151ter\u00e9re is sz\u00ednpaddal, s\u00e1torral, gyerekprogramokkal, lapbemutat\u00f3val&#8230; Mindezzel nem csup\u00e1n az \u00edr\u00f3k potenci\u00e1lis k\u00f6z\u00f6ns\u00e9g\u00e9nek szeretn\u00e9nk felh\u00edvni a figyelm\u00e9t n\u00e9gynapos rendezv\u00e9ny\u00fcnkre, de a saj\u00e1t szakmai k\u00f6reinknek is \u00fczenni szeretn\u00e9nk a 45. \u00e9vfordul\u00f3n, hogy a Tokaji \u00cdr\u00f3t\u00e1bor nem csup\u00e1n t\u00f6rt\u00e9nelem, de jelen\u00fcnknek is meghat\u00e1roz\u00f3 kultur\u00e1lis esem\u00e9nye, amelynek egy\u00fattal keress\u00fck \u00faj \u00fatjait a j\u00f6v\u0151 fel\u00e9.<\/p>\n<p style=\"text-align: right;\"><strong><em>Szentm\u00e1rtoni J\u00e1no<\/em>s<\/strong><\/p>\n","protected":false},"excerpt":{"rendered":"<p>Huszonh\u00e1rom \u00e9ve j\u00e1rok a Tokaji \u00cdr\u00f3t\u00e1borba \u2013 de \u00fagy \u00e9rzem, hogy olyan j\u00f3 hangulatban, mint most, m\u00e9g soha nem kezd\u0151d\u00f6tt el. Hogy mi\u00e9rt, fogalmam sincs, a recept m\u00e9g ismeretlen, csak j\u00f3 volt a t\u00f6bb h\u00f3napos szervez\u00e9s \u00e9s idegesked\u00e9s ut\u00e1n hagyni&#8230;<\/p>\n","protected":false},"author":1,"featured_media":4358,"comment_status":"closed","ping_status":"closed","sticky":false,"template":"","format":"standard","meta":{"footnotes":""},"categories":[1],"tags":[],"class_list":["post-4357","post","type-post","status-publish","format-standard","has-post-thumbnail","hentry","category-hirek"],"_links":{"self":[{"href":"https:\/\/tokajiirotabor.hu\/irotabor_archiv\/wp-json\/wp\/v2\/posts\/4357"}],"collection":[{"href":"https:\/\/tokajiirotabor.hu\/irotabor_archiv\/wp-json\/wp\/v2\/posts"}],"about":[{"href":"https:\/\/tokajiirotabor.hu\/irotabor_archiv\/wp-json\/wp\/v2\/types\/post"}],"author":[{"embeddable":true,"href":"https:\/\/tokajiirotabor.hu\/irotabor_archiv\/wp-json\/wp\/v2\/users\/1"}],"replies":[{"embeddable":true,"href":"https:\/\/tokajiirotabor.hu\/irotabor_archiv\/wp-json\/wp\/v2\/comments?post=4357"}],"version-history":[{"count":1,"href":"https:\/\/tokajiirotabor.hu\/irotabor_archiv\/wp-json\/wp\/v2\/posts\/4357\/revisions"}],"predecessor-version":[{"id":4359,"href":"https:\/\/tokajiirotabor.hu\/irotabor_archiv\/wp-json\/wp\/v2\/posts\/4357\/revisions\/4359"}],"wp:featuredmedia":[{"embeddable":true,"href":"https:\/\/tokajiirotabor.hu\/irotabor_archiv\/wp-json\/wp\/v2\/media\/4358"}],"wp:attachment":[{"href":"https:\/\/tokajiirotabor.hu\/irotabor_archiv\/wp-json\/wp\/v2\/media?parent=4357"}],"wp:term":[{"taxonomy":"category","embeddable":true,"href":"https:\/\/tokajiirotabor.hu\/irotabor_archiv\/wp-json\/wp\/v2\/categories?post=4357"},{"taxonomy":"post_tag","embeddable":true,"href":"https:\/\/tokajiirotabor.hu\/irotabor_archiv\/wp-json\/wp\/v2\/tags?post=4357"}],"curies":[{"name":"wp","href":"https:\/\/api.w.org\/{rel}","templated":true}]}}