{"id":4352,"date":"2017-08-10T16:50:22","date_gmt":"2017-08-10T15:50:22","guid":{"rendered":"http:\/\/www.tokajiirotabor.hu\/?p=4352"},"modified":"2017-08-23T16:52:03","modified_gmt":"2017-08-23T15:52:03","slug":"utolso-simitasok","status":"publish","type":"post","link":"https:\/\/tokajiirotabor.hu\/irotabor_archiv\/utolso-simitasok\/","title":{"rendered":"Utols\u00f3 sim\u00edt\u00e1sok"},"content":{"rendered":"<p style=\"text-align: justify;\">Az el\u0151k\u00e9sz\u00fcletek mindig izgalmasak, de amikor meg\u00e9rkez\u00fcnk Tokajba, kisz\u00e1llunk az aut\u00f3b\u00f3l \u00e9s birtokba vessz\u00fck a koll\u00e9giumot, a gimn\u00e1ziumot, a R\u00e1k\u00f3czi pinc\u00e9t, a Paulay Ede Sz\u00ednh\u00e1zat \u00e9s a f\u0151teret, hirtelen minden val\u00f3s\u00e1gg\u00e1 v\u00e1lik. \u00dagy, ahogy ma is. Harmadj\u00e1ra rendezz\u00fck mi a Tokaji \u00cdr\u00f3t\u00e1bort, de m\u00e9g mindig idegen, hogy nem a saj\u00e1t v\u00e1rosunkban, hogy ki kell egy h\u00e9tre telep\u00fcln\u00fcnk egy idegen helyre, ami m\u00e9gsem olyan idegen, hiszen nagyon sok mindenkit ismer\u00fcnk, sokan sz\u00e1m\u00edtanak r\u00e1nk pont \u00fagy, ahogyan mi is r\u00e1juk.<\/p>\n<p style=\"text-align: justify;\"><img loading=\"lazy\" decoding=\"async\" class=\"aligncenter\" src=\"http:\/\/www.litera.hu\/img\/20638353_1786951974652648_3691760299024100607_n.jpg\" alt=\"\" width=\"600\" height=\"450\" \/><\/p>\n<p style=\"text-align: justify;\">Ha a Hajd\u00fab\u00f6sz\u00f6rm\u00e9nyi \u00cdr\u00f3t\u00e1bor a sz\u0171k csal\u00e1d, akkor a Tokaji \u00cdr\u00f3t\u00e1bor a nagy csal\u00e1dunk. Ide is hazaj\u00f6v\u00fcnk m\u00e1r egy ideje, csak kicsit ritk\u00e1bban. El\u0151ttem vannak a vend\u00e9geink arcai, akik m\u00e1r hetek \u00f3ta azt v\u00e1rj\u00e1k, hogy becsomagolhassanak a b\u0151r\u00f6ndjeikbe, elinduljanak, lesz\u00e1lljanak a vonatr\u00f3l, sok-sok ismer\u0151sre tal\u00e1ljanak, nosztalgi\u00e1zzanak, \u00fajra\u00e9lj\u00e9k az eml\u00e9keiket itt, n\u00e1lunk, a mi t\u00e1borunkban. \u00c9n kezelem a jelentkez\u00e9seket \u00e9s id\u00e9n is nagyon sok helyr\u0151l j\u00f6nnek mind az \u00e9rdekl\u0151d\u0151k, mind pedig az el\u0151ad\u00f3k. Rengeteg ismer\u0151s n\u00e9v van, de mindig van \u00faj is. Visszaj\u00e1rnak hozz\u00e1nk.<\/p>\n<p style=\"text-align: justify;\">A t\u00e9m\u00e1nk id\u00e9n sem elhanyagolhat\u00f3, hiszen 200 \u00e9ve sz\u00fcletett Arany J\u00e1nos, akir\u0151l mindenk\u00e9ppen meg kell eml\u00e9keznie azoknak, akik csak egy kicsit is \u00e9rdekl\u0151dnek az irodalom ir\u00e1nt. Az idei t\u00e1bor a magyar irodalom k\u00f6zvet\u00edt\u00e9s\u00e9nek kih\u00edv\u00e1saival, v\u00e1ltozataival \u00e9s m\u00f3dozataival foglalkozik Arany J\u00e1nost\u00f3l napjainkig. Egy \u0171rt id\u00e9n is bet\u00f6lt\u00fcnk, hiszen Arany J\u00e1nosr\u00f3l olyan aspektusb\u00f3l is hallani fogunk, amilyenb\u0151l m\u00e9g nem. A magyar irodalom k\u00f6zvet\u00edt\u00e9s\u00e9nek kih\u00edv\u00e1sai nem csak ebben az \u00e9vben aktu\u00e1lisak, de id\u00e9n j\u00f6tt el az ideje annak, hogy e k\u00f6r\u00e9 \u00e9p\u00fclj\u00f6n az imm\u00e1r n\u00e9gynapos tan\u00e1cskoz\u00e1s.<\/p>\n<p style=\"text-align: justify;\"><img loading=\"lazy\" decoding=\"async\" class=\"aligncenter\" src=\"http:\/\/www.litera.hu\/img\/20727910_1786792081335304_549992037772245854_n.jpg\" alt=\"\" width=\"400\" height=\"533\" \/><\/p>\n<p style=\"text-align: justify;\">T\u00f6bb mint 170-en fognak ebben az \u00e9vben bel\u00e9pni a gimn\u00e1zium ajtaj\u00e1n, hogy r\u00e9szt vegyenek az el\u0151ad\u00e1sokon. Sz\u00e1momra elk\u00e9peszt\u0151, hogy ma egy tudom\u00e1nyos konferencia ennyi embert \u00e9rdekel. Mi szervez\u00fcnk, j\u00f3 el\u0151re tudjuk, hogy mi lesz a t\u00e9ma, hamar felk\u00e9rj\u00fck a t\u00e9m\u00e1ban j\u00e1rtas szakembereket, de soha nem tudhatjuk, hogy vajon az \u00e9rdekl\u0151d\u0151k is olyan nagy lelkesed\u00e9ssel fogj\u00e1k-e ezt fogadni, mint ahogyan arra mi sz\u00e1m\u00edtunk. De valami van ebben a t\u00e1borban, valamit nagyon j\u00f3l csin\u00e1ltak azok, akik elkezdt\u00e9k ezt szervezni, mert egy olyan biztos k\u00f6z\u00f6ss\u00e9get kov\u00e1csoltak \u00f6ssze, hogy nek\u00fcnk igaz\u00e1n k\u00f6nny\u0171 dolgunk van \u00e9vr\u0151l \u00e9vre, hiszen nem kell p\u00e9ld\u00e1ul azon g\u00f6rcs\u00f6lni, hogy mivel tudn\u00e1nk m\u00e9g jobban n\u00e9pszer\u0171s\u00edteni a t\u00e1bort, mert nincs el\u00e9g jelentkez\u0151. Ez a legnagyobb seg\u00edts\u00e9g, amit \u201emeg\u00f6r\u00f6k\u00f6lhett\u00fcnk&#8221;.<\/p>\n<p style=\"text-align: justify;\">Meg\u00e9rkez\u00fcnk, kisz\u00e1llunk az aut\u00f3b\u00f3l \u00e9s a m\u00e1sf\u00e9l hete rendelt \u00faj \u00edr\u00f3t\u00e1boros molin\u00f3 m\u00e1r a k\u00e9t villanyoszlopra k\u00f6t\u00f6zve v\u00e1r r\u00e1nk. A hangos\u00edt\u00e1s rendben van, a sz\u00e1ll\u00e1sok k\u00e9szen \u00e1llnak, a port\u00e1n Borkuti Eszter mosolyog \u00e9s k\u00f6sz\u00f6nti a b\u00f6sz\u00f6rm\u00e9nyi brig\u00e1dot. Nagy baj m\u00e1r nem is lehet. Rem\u00e9lj\u00fck, annyira maradand\u00f3ak lesznek a Tokaji \u00cdr\u00f3t\u00e1bor \u00faj programjai is, mint az el\u0151z\u0151ek. Mi nagyon izgulunk, hogy az id\u00e9n deb\u00fct\u00e1l\u00f3 gyerekprogramunk sikeres legyen. Egy utols\u00f3 pontos\u00edt\u00e1s a polg\u00e1rmester \u00farral, egy utols\u00f3 f\u0151t\u00e9r-szemrev\u00e9telez\u00e9s, mert nem sok\u00e1ra hozz\u00e1k a s\u00e1trat \u00e9s a sz\u00ednpadot, az ugr\u00e1l\u00f3v\u00e1rat \u00e9s a p\u00f3nilovakat, a trambulint \u00e9s az arcfest\u00e9keket. Egy utols\u00f3 egyeztet\u00e9s a port\u00e1n \u00fcl\u0151 l\u00e1nyokkal, \u00e9s m\u00e1r j\u00f6nni is fog a t\u00f6meg.<\/p>\n<p style=\"text-align: justify;\">De egyel\u0151re Szentm\u00e1rtoni J\u00e1nost fogadjuk \u00e9s vacsor\u00e1ztatjuk meg, kell az energia cs\u00fct\u00f6rt\u00f6kre. Forgat\u00f3k\u00f6nyvet \u00edrunk, minden programot \u00e1tr\u00e1gunk m\u00e9g egyszer utolj\u00e1ra, k\u00f6r\u00fclbel\u00fcl 15. alkalommal. \u00dagy t\u0171nik, minden rendben lesz. Igyeksz\u00fcnk \u00fagy dolgozni most \u00e9s eg\u00e9sz \u00e9vben, hogy a k\u00f6vetkez\u0151 \u00edr\u00f3t\u00e1borra is izgalommal teli arcokat l\u00e1ssunk a Bajcsy-Zsilinszky \u00faton v\u00e9giggyalogolni az \u00e1llom\u00e1sr\u00f3l a koll\u00e9giumig. Holnap elfoglalj\u00e1k a szob\u00e1ikat. D\u00e9lut\u00e1n 4-t\u0151l megnyit\u00f3. \u00c9s amikor a R\u00e1k\u00f3czi pinc\u00e9ben \u00f6sszecsengenek a borospoharak, kezdet\u00e9t veszi az, ami\u00e9rt \u00e9rdemes volt egy \u00e9vig dolgozni.<\/p>\n<p style=\"text-align: right;\"><em><strong>V\u00e1nyai Anita<\/strong><\/em><\/p>\n<p class=\"author\" style=\"text-align: right;\"><b>Tokaji \u00cdr\u00f3t\u00e1bor<\/b><\/p>\n","protected":false},"excerpt":{"rendered":"<p>Az el\u0151k\u00e9sz\u00fcletek mindig izgalmasak, de amikor meg\u00e9rkez\u00fcnk Tokajba, kisz\u00e1llunk az aut\u00f3b\u00f3l \u00e9s birtokba vessz\u00fck a koll\u00e9giumot, a gimn\u00e1ziumot, a R\u00e1k\u00f3czi pinc\u00e9t, a Paulay Ede Sz\u00ednh\u00e1zat \u00e9s a f\u0151teret, hirtelen minden val\u00f3s\u00e1gg\u00e1 v\u00e1lik. \u00dagy, ahogy ma is. Harmadj\u00e1ra rendezz\u00fck mi a&#8230;<\/p>\n","protected":false},"author":1,"featured_media":4355,"comment_status":"closed","ping_status":"closed","sticky":false,"template":"","format":"standard","meta":{"footnotes":""},"categories":[1],"tags":[],"class_list":["post-4352","post","type-post","status-publish","format-standard","has-post-thumbnail","hentry","category-hirek"],"_links":{"self":[{"href":"https:\/\/tokajiirotabor.hu\/irotabor_archiv\/wp-json\/wp\/v2\/posts\/4352"}],"collection":[{"href":"https:\/\/tokajiirotabor.hu\/irotabor_archiv\/wp-json\/wp\/v2\/posts"}],"about":[{"href":"https:\/\/tokajiirotabor.hu\/irotabor_archiv\/wp-json\/wp\/v2\/types\/post"}],"author":[{"embeddable":true,"href":"https:\/\/tokajiirotabor.hu\/irotabor_archiv\/wp-json\/wp\/v2\/users\/1"}],"replies":[{"embeddable":true,"href":"https:\/\/tokajiirotabor.hu\/irotabor_archiv\/wp-json\/wp\/v2\/comments?post=4352"}],"version-history":[{"count":3,"href":"https:\/\/tokajiirotabor.hu\/irotabor_archiv\/wp-json\/wp\/v2\/posts\/4352\/revisions"}],"predecessor-version":[{"id":4356,"href":"https:\/\/tokajiirotabor.hu\/irotabor_archiv\/wp-json\/wp\/v2\/posts\/4352\/revisions\/4356"}],"wp:featuredmedia":[{"embeddable":true,"href":"https:\/\/tokajiirotabor.hu\/irotabor_archiv\/wp-json\/wp\/v2\/media\/4355"}],"wp:attachment":[{"href":"https:\/\/tokajiirotabor.hu\/irotabor_archiv\/wp-json\/wp\/v2\/media?parent=4352"}],"wp:term":[{"taxonomy":"category","embeddable":true,"href":"https:\/\/tokajiirotabor.hu\/irotabor_archiv\/wp-json\/wp\/v2\/categories?post=4352"},{"taxonomy":"post_tag","embeddable":true,"href":"https:\/\/tokajiirotabor.hu\/irotabor_archiv\/wp-json\/wp\/v2\/tags?post=4352"}],"curies":[{"name":"wp","href":"https:\/\/api.w.org\/{rel}","templated":true}]}}