{"id":4242,"date":"2017-01-28T10:29:23","date_gmt":"2017-01-28T09:29:23","guid":{"rendered":"http:\/\/www.tokajiirotabor.hu\/?p=4242"},"modified":"2017-01-28T10:29:23","modified_gmt":"2017-01-28T09:29:23","slug":"magyar-kultura-napja","status":"publish","type":"post","link":"https:\/\/tokajiirotabor.hu\/irotabor_archiv\/magyar-kultura-napja\/","title":{"rendered":"Magyar Kult\u00fara Napja"},"content":{"rendered":"<p style=\"text-align: justify;\">A Magyar Kult\u00fara Napj\u00e1t \u00e9s Tokaj V\u00e1ros Napj\u00e1t \u00fcnnepelt\u00e9k a Paulay Ede Sz\u00ednh\u00e1zban 2017. janu\u00e1r 22-\u00e9n. A hagyom\u00e1nyos rendezv\u00e9nyen adt\u00e1k \u00e1t a v\u00e1rosi kit\u00fcntet\u00e9seket, a hagyom\u00e1nyokhoz h\u00edven a v\u00e1ros a Tokaji \u00cdr\u00f3t\u00e1borral k\u00f6z\u00f6sen \u00fcnnepelt.<\/p>\n<p style=\"text-align: justify;\">Egy perces n\u00e9ma csenddel kezd\u0151d\u00f6tt a v\u00e1rosi \u00fcnneps\u00e9g, amivel a veronai buszbaleset \u00e1ldozataira eml\u00e9keztek a jelenl\u00e9v\u0151k vas\u00e1rnap d\u00e9lut\u00e1n a Paulay Ede Sz\u00ednh\u00e1zban. A rendezv\u00e9nyen mutatkozott be Heged\u0171s \u00c1gnes, a Kultur\u00e1lis \u00e9s Konferencia K\u00f6zpont \u00faj igazgat\u00f3ja, aki janu\u00e1r elej\u00e9t\u0151l vezeti az int\u00e9zm\u00e9nyt.<br \/>\nA Himnuszt Tokaj V\u00e1ros Vegyeskara \u00e9nekelte el, \u00e9s r\u00f6vid \u00f6ssze\u00e1ll\u00edt\u00e1ssal is sz\u00f3rakoztatta a k\u00f6z\u00f6ns\u00e9get.<\/p>\n<div id=\"attachment_4243\" style=\"width: 310px\" class=\"wp-caption alignleft\"><img loading=\"lazy\" decoding=\"async\" aria-describedby=\"caption-attachment-4243\" class=\"size-medium wp-image-4243\" src=\"http:\/\/www.tokajiirotabor.hu\/wp-content\/uploads\/2017\/01\/1-300x199.png\" alt=\"\u201eTokaj sz\u0151l\u0151vesszein nekt\u00e1rt csepegtett\u00e9l\u201d\" width=\"300\" height=\"199\" srcset=\"https:\/\/tokajiirotabor.hu\/irotabor_archiv\/wp-content\/uploads\/2017\/01\/1-300x199.png 300w, https:\/\/tokajiirotabor.hu\/irotabor_archiv\/wp-content\/uploads\/2017\/01\/1.png 768w\" sizes=\"(max-width: 300px) 100vw, 300px\" \/><p id=\"caption-attachment-4243\" class=\"wp-caption-text\">\u201eTokaj sz\u0151l\u0151vesszein nekt\u00e1rt csepegtett\u00e9l\u201d<\/p><\/div>\n<p style=\"text-align: justify;\">Posta Gy\u00f6rgy \u00fcnnepi besz\u00e9d\u00e9ben felh\u00edvta a figyelm\u00e9t arra, hogy a Magyar Kult\u00fara Napj\u00e1n Tokaj k\u00fcl\u00f6n\u00f6sen fontos, hiszen a nemzeti im\u00e1nk egyetlen magyar v\u00e1rost eml\u00edt meg. Hozz\u00e1tette, a kult\u00fara mindig is jelen volt a telep\u00fcl\u00e9s \u00e9let\u00e9ben, el\u00e9g csak a kultur\u00e1lis infrastrukt\u00far\u00e1ra, a Zempl\u00e9ni Fesztiv\u00e1lra, a Crescendo Ny\u00e1ri Akad\u00e9mi\u00e1ra vagy \u00e9ppen a Tokaji \u00cdr\u00f3t\u00e1borra gondolni.<\/p>\n<p style=\"text-align: justify;\">A polg\u00e1rmester hozz\u00e1tette, a k\u00f6zelj\u00f6v\u0151 tov\u00e1bbi fejleszt\u00e9seket hoz a v\u00e1rosnak \u00e9s a t\u00e9rs\u00e9gnek, hiszen korm\u00e1nyzati d\u00f6nt\u00e9s van arr\u00f3l, hogy a borvid\u00e9k turisztikai fejleszt\u00e9sekre komoly forr\u00e1st ford\u00edthat. A k\u00f6zel t\u00edz milli\u00e1rdos r\u00e9szek\u00e9nt meg\u00fajulhat \u00e9s l\u00e1that\u00f3 lesz a tokaji v\u00e1r, annak k\u00e9t b\u00e1sty\u00e1j\u00e1nak fel\u00e9p\u00edt\u00e9s\u00e9t t\u00e1mogatja a korm\u00e1nyzat. A s\u00e9t\u00e1l\u00f3 utc\u00e1ra is tov\u00e1bbi fejleszt\u00e9sek v\u00e1rnak, a Bodrog parton s\u00e9t\u00e1nyt alak\u00edtanak ki, a t\u00falpartra pedig gyaloghidat alak\u00edtanak ki. A hegyet megker\u00fcl\u0151 ker\u00e9kp\u00e1r\u00fat is elk\u00e9sz\u00fcl \u00e9s a Makovecz Imre \u00e1ltal tervezett sevillai vil\u00e1gki\u00e1ll\u00edt\u00e1s magyar pavilonja is Tokajban \u00e9p\u00fcl \u00fajra.<\/p>\n<div id=\"attachment_4244\" style=\"width: 310px\" class=\"wp-caption aligncenter\"><img loading=\"lazy\" decoding=\"async\" aria-describedby=\"caption-attachment-4244\" class=\"size-medium wp-image-4244\" src=\"http:\/\/www.tokajiirotabor.hu\/wp-content\/uploads\/2017\/01\/2-300x200.png\" alt=\"R\u00f3zs\u00e1ssy Barbara\" width=\"300\" height=\"200\" srcset=\"https:\/\/tokajiirotabor.hu\/irotabor_archiv\/wp-content\/uploads\/2017\/01\/2-300x200.png 300w, https:\/\/tokajiirotabor.hu\/irotabor_archiv\/wp-content\/uploads\/2017\/01\/2.png 765w\" sizes=\"(max-width: 300px) 100vw, 300px\" \/><p id=\"caption-attachment-4244\" class=\"wp-caption-text\">R\u00f3zs\u00e1ssy Barbara<\/p><\/div>\n<p style=\"text-align: justify;\">A Tokaji \u00cdr\u00f3t\u00e1bor r\u00e9sz\u00e9r\u0151l R\u00f3zs\u00e1ssy Barbara J\u00f3zsef Attila \u2013d\u00edjas k\u00f6lt\u0151 mondott \u00fcnnepi besz\u00e9det. Ebben az olvas\u00e1s hi\u00e1ny\u00e1r\u00f3l \u00e9s az olvas\u00f3k k\u00f6nyvh\u00f6z val\u00f3 visszacs\u00e1b\u00edt\u00e1s\u00e1r\u00f3l sz\u00f3lt. A l\u00e9tez\u00e9s\u00fcnk felt\u00e9tel\u00e9nek nevezte a m\u0171v\u00e9szetet, mint mondta olyan, mint a v\u00edz vagy \u00e9ppen a leveg\u0151.<br \/>\nHagyom\u00e1nyosan a Kult\u00fara Napj\u00e1n jelenti be a Tokaj \u00cdr\u00f3t\u00e1bor az aktu\u00e1lis t\u00e9m\u00e1j\u00e1t. A negyven\u00f6t\u00f6dik \u00fcl\u00e9sez\u00e9sen \u201e<strong>a Magyar Irodalom kih\u00edv\u00e1sai, annak v\u00e1ltoz\u00e1sai Arany J\u00e1nost\u00f3l napjainkig<\/strong>\u201d lesz a t\u00e9ma <strong>augusztus 10-13.<\/strong> k\u00f6z\u00f6tt. Az \u00edr\u00f3t\u00e1bor n\u00e9gy naposra b\u0151v\u00fcl \u00e9s az eln\u00f6ks\u00e9g \u00fagy d\u00f6nt\u00f6tt, hogy a szok\u00e1sos konferenci\u00e1k \u00e9s plen\u00e1ris \u00fcl\u00e9sek mellett a gyerekeknek \u00e9s csal\u00e1doknak is szerveznek programokat.<\/p>\n<p style=\"text-align: justify;\"><img loading=\"lazy\" decoding=\"async\" class=\"size-medium wp-image-4245 alignleft\" src=\"http:\/\/www.tokajiirotabor.hu\/wp-content\/uploads\/2017\/01\/3-300x199.png\" alt=\"3\" width=\"300\" height=\"199\" srcset=\"https:\/\/tokajiirotabor.hu\/irotabor_archiv\/wp-content\/uploads\/2017\/01\/3-300x199.png 300w, https:\/\/tokajiirotabor.hu\/irotabor_archiv\/wp-content\/uploads\/2017\/01\/3.png 767w\" sizes=\"(max-width: 300px) 100vw, 300px\" \/>Az \u00fcnnepi megeml\u00e9kez\u00e9sen adt\u00e1k \u00e1t a v\u00e1rosi kit\u00fcntet\u00e9seket is. A Pro Urbe D\u00edjat id\u00e9n Dr. Dank\u00f3 J\u00f3zsef nyugalmazott pedag\u00f3gus kapta. A Tokaj V\u00e1ros Kult\u00far\u00e1j\u00e1\u00e9rt kit\u00fcntet\u00e9st a Zempl\u00e9ni Fesztiv\u00e1lt szervez\u0151 Interkult\u00far Hung\u00e1ria Nonprofit Kft. kapta, a d\u00edjat Turj\u00e1nyi Mikl\u00f3s fesztiv\u00e1ligazgat\u00f3 vette \u00e1t. Ezzel az elismer\u00e9ssel k\u00f6sz\u00f6nt\u00e9k meg dr. Frisny\u00e1k S\u00e1ndornak is a Tokaj-Hegyalj\u00e1t a vil\u00e1g\u00f6r\u00f6ks\u00e9g r\u00e9sz\u00e9v\u00e9 nyilv\u00e1n\u00edt\u00e1s\u00e1ban val\u00f3 k\u00f6zrem\u0171k\u00f6d\u00e9s\u00e9t.<br \/>\nAz \u00d6nzetlen\u00fcl Tokaj\u00e9rt c\u00edmet a v\u00e1ros n\u00e9pszer\u0171 h\u00e1ziorvosa, dr. Timkanics Kl\u00e1ra \u00e9s Keller L\u00e1szl\u00f3n\u00e9 pedag\u00f3gus kapta. A kit\u00fcntettek m\u00e9ltat\u00e1s\u00e1t cikk\u00fcnk alj\u00e1n olvashatj\u00e1k.<\/p>\n<p>A v\u00e1ros napi megeml\u00e9kez\u00e9sen vehette \u00e1t Bagi Ferencn\u00e9 az Emberi Er\u0151forr\u00e1sok Miniszt\u00e9rium\u00e1nak Pedag\u00f3gus Szolg\u00e1lati Eml\u00e9k\u00e9rem kit\u00fcntet\u00e9s\u00e9t.<\/p>\n<p style=\"text-align: justify;\">A programot Gerend\u00e1s P\u00e9ter el\u0151ad\u00e1sa z\u00e1rta.<\/p>\n<p style=\"text-align: justify;\"><img loading=\"lazy\" decoding=\"async\" class=\"aligncenter size-medium wp-image-4246\" src=\"http:\/\/www.tokajiirotabor.hu\/wp-content\/uploads\/2017\/01\/4-300x200.png\" alt=\"4\" width=\"300\" height=\"200\" srcset=\"https:\/\/tokajiirotabor.hu\/irotabor_archiv\/wp-content\/uploads\/2017\/01\/4-300x200.png 300w, https:\/\/tokajiirotabor.hu\/irotabor_archiv\/wp-content\/uploads\/2017\/01\/4.png 765w\" sizes=\"(max-width: 300px) 100vw, 300px\" \/><\/p>\n","protected":false},"excerpt":{"rendered":"<p>A Magyar Kult\u00fara Napj\u00e1t \u00e9s Tokaj V\u00e1ros Napj\u00e1t \u00fcnnepelt\u00e9k a Paulay Ede Sz\u00ednh\u00e1zban 2017. janu\u00e1r 22-\u00e9n. A hagyom\u00e1nyos rendezv\u00e9nyen adt\u00e1k \u00e1t a v\u00e1rosi kit\u00fcntet\u00e9seket, a hagyom\u00e1nyokhoz h\u00edven a v\u00e1ros a Tokaji \u00cdr\u00f3t\u00e1borral k\u00f6z\u00f6sen \u00fcnnepelt. Egy perces n\u00e9ma csenddel kezd\u0151d\u00f6tt a&#8230;<\/p>\n","protected":false},"author":1,"featured_media":4243,"comment_status":"closed","ping_status":"closed","sticky":false,"template":"","format":"standard","meta":{"footnotes":""},"categories":[1],"tags":[],"class_list":["post-4242","post","type-post","status-publish","format-standard","has-post-thumbnail","hentry","category-hirek"],"_links":{"self":[{"href":"https:\/\/tokajiirotabor.hu\/irotabor_archiv\/wp-json\/wp\/v2\/posts\/4242"}],"collection":[{"href":"https:\/\/tokajiirotabor.hu\/irotabor_archiv\/wp-json\/wp\/v2\/posts"}],"about":[{"href":"https:\/\/tokajiirotabor.hu\/irotabor_archiv\/wp-json\/wp\/v2\/types\/post"}],"author":[{"embeddable":true,"href":"https:\/\/tokajiirotabor.hu\/irotabor_archiv\/wp-json\/wp\/v2\/users\/1"}],"replies":[{"embeddable":true,"href":"https:\/\/tokajiirotabor.hu\/irotabor_archiv\/wp-json\/wp\/v2\/comments?post=4242"}],"version-history":[{"count":1,"href":"https:\/\/tokajiirotabor.hu\/irotabor_archiv\/wp-json\/wp\/v2\/posts\/4242\/revisions"}],"predecessor-version":[{"id":4247,"href":"https:\/\/tokajiirotabor.hu\/irotabor_archiv\/wp-json\/wp\/v2\/posts\/4242\/revisions\/4247"}],"wp:featuredmedia":[{"embeddable":true,"href":"https:\/\/tokajiirotabor.hu\/irotabor_archiv\/wp-json\/wp\/v2\/media\/4243"}],"wp:attachment":[{"href":"https:\/\/tokajiirotabor.hu\/irotabor_archiv\/wp-json\/wp\/v2\/media?parent=4242"}],"wp:term":[{"taxonomy":"category","embeddable":true,"href":"https:\/\/tokajiirotabor.hu\/irotabor_archiv\/wp-json\/wp\/v2\/categories?post=4242"},{"taxonomy":"post_tag","embeddable":true,"href":"https:\/\/tokajiirotabor.hu\/irotabor_archiv\/wp-json\/wp\/v2\/tags?post=4242"}],"curies":[{"name":"wp","href":"https:\/\/api.w.org\/{rel}","templated":true}]}}