{"id":4233,"date":"2016-11-23T08:22:33","date_gmt":"2016-11-23T07:22:33","guid":{"rendered":"http:\/\/www.tokajiirotabor.hu\/?p=4233"},"modified":"2016-11-23T08:22:33","modified_gmt":"2016-11-23T07:22:33","slug":"a-martir-kolto-fenykoreben","status":"publish","type":"post","link":"https:\/\/tokajiirotabor.hu\/irotabor_archiv\/a-martir-kolto-fenykoreben\/","title":{"rendered":"A m\u00e1rt\u00edr k\u00f6lt\u0151 f\u00e9nyk\u00f6r\u00e9ben"},"content":{"rendered":"<p style=\"text-align: justify;\">Tavaly a nemzeti m\u00edtosz nyom\u00e1ba eredtek a tokaji sz\u0151l\u0151hegy alatt az \u00cdr\u00f3t\u00e1bor r\u00e9szvev\u0151i, hogy a hagyom\u00e1nyokb\u00f3l \u00e9p\u00edtkezve pr\u00f3b\u00e1lj\u00e1k meg felv\u00e1zolni a magyars\u00e1g j\u00f6v\u0151k\u00e9p\u00e9t a modern vil\u00e1gban. Id\u00e9n augusztus 10. \u00e9s 12. k\u00f6z\u00f6tt az eml\u00e9kezet volt a f\u0151szerepl\u0151 a magyar bor f\u0151v\u00e1ros\u00e1ban, \u00fajabb kori t\u00f6rt\u00e9nelm\u00fcnk egyik legfelemel\u0151bb s egyben legtragikusabb esem\u00e9nye, 1956 \u00e1llt az itt negyvennegyedik alkalommal \u00f6sszesereglett irodalm\u00e1rok \u00e9s t\u00e1rsm\u0171v\u00e9szek figyelm\u00e9nek k\u00f6z\u00e9ppontj\u00e1ban. M\u00e1sodik nemzeti forradalmunk \u00e9s harmadik szabads\u00e1gharcunk k\u00f6zelg\u0151 hatvanadik \u00e9vfordul\u00f3ja alkalm\u00e1b\u00f3l.<\/p>\n<p style=\"text-align: justify;\">Tavaly \u00fagy verg\u0151d\u00f6tt a h\u0151s\u00e9g izz\u00f3 vasmark\u00e1ban a konferencia, mint a nemzeti eszme a globalizmus szor\u00edt\u00e1s\u00e1ban, id\u00e9n viszont a nyit\u00f3nap est\u00e9j\u00e9n besz\u00f6k\u00f6tt Tokajba az \u0151sz, kellemesen leh\u0171lt a leveg\u0151, s p\u00e1rszor az es\u0151 is eleredt. Lehet, hogy olcs\u00f3 rendez\u0151i fog\u00e1s volt a term\u00e9szett\u0151l, de a hol borong\u00f3s, komor, hol k\u00f6nnyez\u0151 \u00e9g, a n\u00e9ha felborzong\u00f3 sz\u00e9l mindenk\u00e9pp jobban illett a h\u00e1rom nap sor\u00e1n felid\u00e9zett esem\u00e9nyekhez, sorsokhoz, k\u00e9pekhez \u00e9s gondolatokhoz.<\/p>\n<p style=\"text-align: justify;\">\n<p style=\"text-align: justify;\"><strong>A nemzeti konszenzus nyom\u00e1ban<\/strong><\/p>\n<p style=\"text-align: justify;\">Az el\u0151ad\u00f3k n\u00e9vsora a kor\u00e1bbi \u00e9vekhez hasonl\u00f3an id\u00e9n is impoz\u00e1ns volt, b\u00e1r betegs\u00e9g vagy hivatali teend\u0151k miatt t\u00f6bb neves szem\u00e9lyis\u00e9g \u2013 k\u00f6zt\u00fck az Irodalmi Jelen k\u00e9t f\u0151munkat\u00e1rsa, <strong>Makkai \u00c1d\u00e1m<\/strong> \u00e9s <strong>Sz\u0151cs G\u00e9za<\/strong> \u2013 sem tudott eleget tenni a megh\u00edv\u00e1snak. Jelen volt azonban \u00e9s besz\u00e9lt, illetve vezette a besz\u00e9lget\u00e9seket <strong>Mezey Katalin<\/strong>, <strong>Bertha Zolt\u00e1n<\/strong>, <strong>Cseke P\u00e9ter<\/strong>, <strong>Gr\u00f3h G\u00e1sp\u00e1r<\/strong>, <strong>Kiss Gy. Csaba<\/strong>, <strong>K\u00f6d\u00f6b\u00f6cz G\u00e1bor<\/strong>, <strong>Papp Tibor<\/strong>, <strong>Pomog\u00e1ts B\u00e9la<\/strong>, <strong>Salamon Konr\u00e1d<\/strong>, <strong>S\u00fcmegi Gy\u00f6rgy<\/strong>, <strong>Vasy G\u00e9za<\/strong>, <strong>Zsille G\u00e1bor<\/strong> \u2013 hogy csak n\u00e9h\u00e1ny nevet eml\u00edts\u00fcnk, a teljess\u00e9g ig\u00e9nye n\u00e9lk\u00fcl.<\/p>\n<p style=\"text-align: justify;\">Lehetetlen r\u00f6viden \u00f6sszefoglalni a sokf\u00e9le gondolatot, j\u00f3l vagy alig ismert nevet \u00e9s adatot, amely \u00f6tvenhat esem\u00e9nyei, el\u0151zm\u00e9nyei \u00e9s t\u00e1rsadalmi-m\u0171v\u00e9szeti ut\u00f3\u00e9lete kapcs\u00e1n elhangzott. Az el\u0151ad\u00e1sok egyik k\u00f6z\u00f6s nevez\u0151je volt azonban az a kimondott vagy csak sugallt keser\u0171s\u00e9g, hogy az 1848\u201349-es forradalommal \u00e9s szabads\u00e1gharccal nyilv\u00e1nval\u00f3an azonos \u2013 ha nem m\u00e9g nagyobb, mert meghat\u00e1roz\u00f3bb nemzetk\u00f6zi visszhangot \u00e9s folyamatokat kiv\u00e1lt\u00f3 \u2013 nemzeti jelent\u0151s\u00e9ge, azzal rokon eszmei \u00e9s erk\u00f6lcsi tartalma ellen\u00e9re 1956 a K\u00e1d\u00e1r-kor ut\u00e1n sem ker\u00fclt m\u00e9lt\u00f3 hely\u00e9re az int\u00e9zm\u00e9nyes nemzeti tudatban, amelynek egyik let\u00e9tem\u00e9nyese \u00e9ppen az irodalom \u00e9s a m\u0171v\u00e9szet. A magyar n\u00e9p eg\u00e9sz vil\u00e1got megr\u00e1z\u00f3, legend\u00e1s h\u0151siess\u00e9g\u0171 harc\u00e1nak meg\u00edt\u00e9l\u00e9s\u00e9ben a kommunizmus buk\u00e1sa \u2013 vagyis \u00f6tvenhat k\u00e9sei gy\u0151zelme \u2013 ut\u00e1n sem alakult ki nemzeti konszenzus, \u00e9s nem egy megsz\u00f3lal\u00e1sb\u00f3l kihallatszott a rezign\u00e1ci\u00f3, hogy az id\u0151 m\u00fal\u00e1s\u00e1val ez az anom\u00e1lia egyre kev\u00e9sb\u00e9 orvosolhat\u00f3.<\/p>\n<div id=\"attachment_4234\" style=\"width: 310px\" class=\"wp-caption aligncenter\"><img loading=\"lazy\" decoding=\"async\" aria-describedby=\"caption-attachment-4234\" class=\"size-medium wp-image-4234\" src=\"http:\/\/www.tokajiirotabor.hu\/wp-content\/uploads\/2016\/11\/kozonseg-300x169.png\" alt=\"A r\u00e9sztvev\u0151k egy r\u00e9sze\" width=\"300\" height=\"169\" srcset=\"https:\/\/tokajiirotabor.hu\/irotabor_archiv\/wp-content\/uploads\/2016\/11\/kozonseg-300x169.png 300w, https:\/\/tokajiirotabor.hu\/irotabor_archiv\/wp-content\/uploads\/2016\/11\/kozonseg.png 640w\" sizes=\"(max-width: 300px) 100vw, 300px\" \/><p id=\"caption-attachment-4234\" class=\"wp-caption-text\">A r\u00e9sztvev\u0151k egy r\u00e9sze<\/p><\/div>\n<p><strong>A forradalom emblematikus arca<\/strong><\/p>\n<p style=\"text-align: justify;\">Az el\u0151ad\u00e1sok m\u00e1sik vez\u00e9rmot\u00edvumak\u00e9nt k\u00e9t n\u00e9v hangzott el \u00fajra \u00e9s \u00fajra. Az egyik G\u00e9recz Attil\u00e1\u00e9, akir\u0151l m\u00e1r megnyit\u00f3j\u00e1ban meg\u00e1llap\u00edtotta az \u00cdr\u00f3sz\u00f6vets\u00e9g eln\u00f6ke, <strong>Szentm\u00e1rtoni J\u00e1nos<\/strong>, hogy a forradalom egyetlen k\u00f6lt\u0151-m\u00e1rt\u00edrja. A b\u00f6rt\u00f6ne t\u00f6bb \u00e9ves pokl\u00e1b\u00f3l csak napokkal el\u0151bb szabadult fiatalember azonnal bekapcsol\u00f3dott az utcai harcokba, s akkor oltott\u00e1k ki \u00e9let\u00e9t gyilkos goly\u00f3k, amikor egy telefonf\u00fclk\u00e9hez pr\u00f3b\u00e1lt eljutni, hogy \u00e9desanyj\u00e1nak telefon\u00e1ljon. \u0150 a forradalmat \u00e9s szabads\u00e1gharcot megv\u00edv\u00f3 fiatalok \u00e9s a harcot szellemileg el\u0151k\u00e9sz\u00edt\u0151 k\u00f6lt\u0151k, \u00edr\u00f3k k\u00f6z\u00f6s, emblematikus arca. A m\u00e1sik legt\u00f6bbet id\u00e9zett arc N\u00e9meth L\u00e1szl\u00f3 szellemi portr\u00e9ja volt az el\u0151ad\u00e1sokban. Tev\u0151legesen nem vett ugyan r\u00e9szt a forradalomban, de ak\u00e1rcsak a h\u00e1bor\u00fa el\u0151tt \u00e9s alatt, valamint \u00f6tvenhat el\u0151tt, alatt \u00e9s ut\u00e1n nemzet\u00e9nek sors\u00e1n, kil\u00e1t\u00e1sain t\u00f6prengett \u00edr\u00e1saiban, m\u00e1ig hat\u00f3 felismer\u00e9sekkel.<\/p>\n<div id=\"attachment_4235\" style=\"width: 310px\" class=\"wp-caption aligncenter\"><img loading=\"lazy\" decoding=\"async\" aria-describedby=\"caption-attachment-4235\" class=\"size-medium wp-image-4235\" src=\"http:\/\/www.tokajiirotabor.hu\/wp-content\/uploads\/2016\/11\/gerecz_emlektabla-300x169.png\" alt=\"G\u00e9recz Attila eml\u00e9kt\u00e1bl\u00e1ja Nagy L\u00e1szl\u00f3\u00e9 szomsz\u00e9ds\u00e1g\u00e1ban\" width=\"300\" height=\"169\" srcset=\"https:\/\/tokajiirotabor.hu\/irotabor_archiv\/wp-content\/uploads\/2016\/11\/gerecz_emlektabla-300x169.png 300w, https:\/\/tokajiirotabor.hu\/irotabor_archiv\/wp-content\/uploads\/2016\/11\/gerecz_emlektabla.png 640w\" sizes=\"(max-width: 300px) 100vw, 300px\" \/><p id=\"caption-attachment-4235\" class=\"wp-caption-text\">G\u00e9recz Attila eml\u00e9kt\u00e1bl\u00e1ja Nagy L\u00e1szl\u00f3\u00e9 szomsz\u00e9ds\u00e1g\u00e1ban<\/p><\/div>\n<p style=\"text-align: justify;\">Term\u00e9szetesen m\u00e1s jelent\u0151s irodalmi alkot\u00f3k arcai is sorra felvonultak, azok\u00e9, akiknek neve elv\u00e1laszthatatlanul \u00f6sszefon\u00f3dott \u00f6tvenhat eml\u00e9k\u00e9vel. Sokan k\u00f6z\u00fcl\u00fck b\u00e1r nem \u00e9let\u00fckkel, de b\u00f6rt\u00f6nnel, szilenciummal vagy a haza elveszt\u00e9s\u00e9vel fizettek ez\u00e9rt. Ut\u00f3bbiak sz\u00e1mosan voltak, s \u0151ket, pontosabban n\u00e9gy jeles k\u00e9pvisel\u0151j\u00fcket id\u00e9zte meg a <em>Hazat\u00e9r\u00e9s<\/em> c\u00edm\u0171 riportfilm, amelynek az \u00cdr\u00f3t\u00e1bor els\u0151 est\u00e9j\u00e9n volt a \u201evil\u00e1gpremierje\u201d a tokaji Paulay Ede Sz\u00ednh\u00e1zban. A <strong>Szab\u00f3 Mih\u00e1ly<\/strong> rendezte alkot\u00e1s k\u00e9psorain \u2013 szerkeszt\u0151-riporterei <strong>Er\u0151s Kinga<\/strong> \u00e9s <strong>Csontos J\u00e1nos<\/strong> \u2013 a nyugati emigr\u00e1ci\u00f3 meghat\u00e1roz\u00f3 irodalmi szem\u00e9lyis\u00e9gei, <strong>Andr\u00e1s S\u00e1ndor<\/strong>, <strong>Ferdinandy Gy\u00f6rgy<\/strong>, <strong>Makkai \u00c1d\u00e1m<\/strong> \u00e9s <strong>Papp Tibor<\/strong> id\u00e9zt\u00e9k fel a forradalommal kapcsolatos eml\u00e9keiket, menek\u00fcl\u00e9s\u00fcket, beilleszked\u00e9s\u00fcket a befogad\u00f3 orsz\u00e1gba, majd a hazat\u00e9r\u00e9st.<\/p>\n<p style=\"text-align: justify;\">De nemcsak e programpont, vagyis vet\u00edtett alkot\u00e1s k\u00e9pviselte az \u00cdr\u00f3t\u00e1bor idei c\u00edm\u00e9ben eml\u00edtett \u2019magyar m\u0171v\u00e9szeteket\u2019, a tan\u00e1cskoz\u00e1s sor\u00e1n a k\u00e9pz\u0151m\u0171v\u00e9szet, a sz\u00ednh\u00e1z \u00e9s a film eml\u00e9kez\u0151 \u00e9s eml\u00e9keztet\u0151 szerepe is sz\u00f3ba ker\u00fclt.<\/p>\n<p style=\"text-align: justify;\">\n<p style=\"text-align: justify;\"><strong>\u201e1956 nem f\u0151szerepl\u0151 a magyar sz\u00ednpadokon\u201d<\/strong><\/p>\n<p style=\"text-align: justify;\">\u2013 \u00e1llap\u00edtotta meg \u201eszubjekt\u00edv, szem\u00e9lyes hang\u00fa\u201d el\u0151ad\u00e1s\u00e1ban <strong>Kiss J\u00f3zsef<\/strong> dr\u00e1ma\u00edr\u00f3, dramaturg \u00e9s rendez\u0151, a szolnoki Szigligeti Sz\u00ednh\u00e1z m\u0171v\u00e9szeti vezet\u0151je, mintegy v\u00e1laszul fejteget\u00e9sei munkac\u00edm\u00e9re: <em>1956 a sz\u00ednpadon \u2013 sok k\u00e9rd\u0151jellel<\/em>.\u00a0 Aligha meglep\u0151, hogy ez 1990-ig \u00edgy volt, k\u00fcl\u00f6n\u00f6snek t\u0171nik azonban, hogy a rendszerv\u00e1lt\u00e1s ut\u00e1ni, a forradalmat hivatalosan felv\u00e1llal\u00f3 negyedsz\u00e1zadban sem v\u00e1ltozott igaz\u00e1n e katartikus nemzet\u00e9lm\u00e9ny sz\u00ednh\u00e1zi befogad\u00e1sa. M\u00edg a bukott hatalom politikusai nagyr\u00e9szt elt\u0171ntek a porondr\u00f3l, a kor\u00e1bbi rendszer haszon\u00e9lvez\u0151ik\u00e9nt odaker\u00fclt sz\u00ednh\u00e1zi vezet\u0151k t\u00f6bbs\u00e9ge hely\u00e9n maradt, an\u00e9lk\u00fcl, hogy \u00e9get\u0151 sz\u00fcks\u00e9g\u00e9t \u00e9rezte volna a szeml\u00e9letv\u00e1lt\u00e1snak. A felt\u00f6rekv\u0151 ifj\u00fa karrierist\u00e1kat pedig ink\u00e1bb a posztmodern sz\u00ednpad\u00a0 magamutogat\u00f3 vil\u00e1ga \u00e9rdekelte. Az ennek ellen\u00e9re megsz\u00fcletett n\u00e9h\u00e1ny, \u00f6tvenhatot tematiz\u00e1l\u00f3 dr\u00e1ma \u2013 finoman sz\u00f3lva \u2013 el\u00e9gg\u00e9 ellentmond\u00e1sos. Ezt egyfel\u0151l Spir\u00f3 Gy\u00f6rgy <em>Kvartett<\/em> \u00e9s T\u00e9rey J\u00e1nos <em>Kazamat\u00e1k<\/em> c\u00edm\u0171 kom\u00e9di\u00e1j\u00e1nak, illetve dr\u00e1m\u00e1j\u00e1nak, m\u00e1sfel\u0151l saj\u00e1t, <em>Az angyalok nem s\u00edrnak <\/em>c\u00edm\u0171 darabj\u00e1nak gondolati \u00e9s stil\u00e1ris \u00f6sszevet\u00e9s\u00e9vel \u00e9rz\u00e9keltette Kiss J\u00f3zsef.<\/p>\n<p style=\"text-align: justify;\">Hogy \u00f6tvenhatot illet\u0151en a filmgy\u00e1rt\u00e1s ter\u00fclet\u00e9n sem sokkal r\u00f3zs\u00e1sabb a helyzet, arr\u00f3l <strong>De\u00e1k-S\u00e1rosi L\u00e1szl\u00f3<\/strong>nak, a Magyar Nemzeti Digit\u00e1lis Arch\u00edvum kutat\u00f3j\u00e1nak el\u0151ad\u00e1s\u00e1b\u00f3l \u00e9rtes\u00fclhett\u00fcnk. A filmeszt\u00e9ta \u2013 aki k\u00f6lt\u0151, nyelv\u00e9sz \u00e9s git\u00e1rm\u0171v\u00e9sz is \u2013 alapos \u00e1ttekint\u00e9s\u00e9ben el\u0151bb az \u00e9vtizedekig z\u00e1rolt, \u00e1tselejtezett, r\u00e9szben meg is semmis\u00edtett, de szerencs\u00e9re k\u00fclf\u00f6ldre is kimentett dokumentumfilm-anyagot, k\u00e9sz\u00edt\u0151it \u00e9s \u00f6sszegy\u0171jt\u0151it mutatta be. Ezut\u00e1n t\u00e9rt r\u00e1 forradalmat valamilyen m\u00f3don megjelen\u00edt\u0151 j\u00e1t\u00e9kfilmekre, amelyekb\u0151l kezdett\u0151l el\u00e9g sok k\u00e9sz\u00fclt a K\u00e1d\u00e1r-korszakban is. Csakhogy azokat, amelyek nem kompromitt\u00e1lt\u00e1k a szabads\u00e1gharcot, sz\u00e1m\u0171zte a rendszer a vet\u00edt\u0151v\u00e1sznakr\u00f3l.\u00a0 Mint a Kalm\u00e1r L\u00e1szl\u00f3 rendezte, par\u00e1d\u00e9s szereposzt\u00e1s\u00fa, <em>A nagyrozsd\u00e1si eset<\/em> c\u00edm\u0171, 1957-es szat\u00edr\u00e1t, amely csak 1984-ben ker\u00fclhetett a mozin\u00e9z\u0151k el\u00e9. M\u0171soron maradhattak viszont a forradalmat meghamis\u00edt\u00f3, eltorz\u00edt\u00f3 alkot\u00e1sok. Igaz\u00e1n j\u00f3 filmek 1990 ut\u00e1n sem sz\u00fclettek 1956-r\u00f3l \u2013 z\u00e1rta el\u0151ad\u00e1s\u00e1t De\u00e1k-S\u00e1rosi.<\/p>\n<p style=\"text-align: justify;\">\n<p style=\"text-align: justify;\"><strong>Bronzba k\u00f6lt\u00f6z\u00f6tt k\u00f6lt\u0151<\/strong><\/p>\n<p style=\"text-align: justify;\">A hagyom\u00e1nyoknak megfelel\u0151en a 44. Tokaji \u00cdr\u00f3tal\u00e1lkoz\u00f3n is bemutatkoztak fiatal alkot\u00f3k, ez\u00fattal a 2016. \u00e9vi M\u00f3ricz Zsigmond irodalmi \u00f6szt\u00f6nd\u00edjasok \u2013 <strong>Balogh Gyula<\/strong>, <strong>Benedek Mikl\u00f3s<\/strong>, <strong>Moln\u00e1r H. Magor<\/strong>, <strong>N\u00e9meth \u00c1kos<\/strong>, <strong>Nov\u00e1k Zs\u00fcliet<\/strong> \u00e9s <strong>Varga L\u00e1szl\u00f3 Edg\u00e1r<\/strong> \u2013 olvastak fel \u00e9s v\u00e1laszoltak <strong>Er\u0151s Kinga<\/strong> k\u00e9rd\u00e9seire, \u00e9s nem maradt el a <em>Foly\u00f3iratok bemutatkoz\u00e1sa<\/em> sem: id\u00e9n a <strong><em>Sz\u00e9kelyf\u00f6ld<\/em><\/strong> \u00e9s a <strong><em>Kort\u00e1rs online<\/em><\/strong> volt a rendezv\u00e9ny vend\u00e9ge. K\u00e9t ki\u00e1ll\u00edt\u00e1s \u2013 a Pet\u0151fi Irodalmi M\u00fazeum <em>1956 k\u00e9pekben<\/em> c\u00edm\u0171 \u00f6ssze\u00e1ll\u00edt\u00e1sa a Tokaji Ferenc Gimn\u00e1zium el\u0151csarnok\u00e1ban \u00e9s az <em>\u00d6r\u00f6ks\u00e9g\u00fcnk \u201956<\/em> c\u00edm\u0171 dokumentumgy\u0171jtem\u00e9ny a tiszalad\u00e1nyi Gy\u0151ry Elek Faluh\u00e1zban \u2013 eg\u00e9sz\u00edtette ki vizu\u00e1lisan a tan\u00e1cskoz\u00e1sokat. Kiemelked\u0151 \u00e9lm\u00e9nyt ny\u00fajtott k\u00e9t m\u0171v\u00e9szeti program is. <strong>Talli\u00e1n Mariann<\/strong> \u00e9s <strong>L\u00e1z\u00e1r Bal\u00e1zs<\/strong>sz\u00ednm\u0171v\u00e9szek Tiszalad\u00e1nyban mutatt\u00e1k be <em>Arccal a f\u00f6ld\u00f6n a Huszadik Sz\u00e1zad<\/em> c\u00edm\u0171 szuggeszt\u00edv verssz\u00ednh\u00e1zi m\u0171sorukat, <strong>Ferenczi Gy\u00f6rgy<\/strong> \u00e9s a <strong>Rackajam<\/strong> pedig a tokaji Paulay Ede Sz\u00ednh\u00e1z p\u00f3dium\u00e1n adt\u00e1k el\u0151 szerzem\u00e9nyeiket, G\u00e9recz Attila verseinek rendk\u00edv\u00fcl j\u00f3l eltal\u00e1lt megzen\u00e9s\u00edtett v\u00e1ltozatait.<\/p>\n<div id=\"attachment_4236\" style=\"width: 310px\" class=\"wp-caption aligncenter\"><img loading=\"lazy\" decoding=\"async\" aria-describedby=\"caption-attachment-4236\" class=\"size-medium wp-image-4236\" src=\"http:\/\/www.tokajiirotabor.hu\/wp-content\/uploads\/2016\/11\/moricz-300x169.png\" alt=\"A M\u00f3ricz-\u00f6szt\u00f6nd\u00edjasok egy r\u00e9sze: Moln\u00e1r H. Magor felolvas\u00e1s\u00e1t Benedek Mikl\u00f3s figyeli, mellette Nov\u00e1k Zs\u00fcliet\" width=\"300\" height=\"169\" srcset=\"https:\/\/tokajiirotabor.hu\/irotabor_archiv\/wp-content\/uploads\/2016\/11\/moricz-300x169.png 300w, https:\/\/tokajiirotabor.hu\/irotabor_archiv\/wp-content\/uploads\/2016\/11\/moricz-1024x576.png 1024w, https:\/\/tokajiirotabor.hu\/irotabor_archiv\/wp-content\/uploads\/2016\/11\/moricz.png 1200w\" sizes=\"(max-width: 300px) 100vw, 300px\" \/><p id=\"caption-attachment-4236\" class=\"wp-caption-text\">A M\u00f3ricz-\u00f6szt\u00f6nd\u00edjasok egy r\u00e9sze: Moln\u00e1r H. Magor felolvas\u00e1s\u00e1t Benedek Mikl\u00f3s figyeli, mellette Nov\u00e1k Zs\u00fcliet<\/p><\/div>\n<p style=\"text-align: justify;\">Koszor\u00faztak a r\u00e9szvev\u0151k a tal\u00e1lkoz\u00f3 m\u00e1sodik napj\u00e1n Tiszalad\u00e1nyban, a Tokaji \u00cdr\u00f3t\u00e1bor 1972-es alap\u00edt\u00e1s\u00e1t \u2013 Darvas J\u00f3zsef \u00e9s Hegyi Imre nev\u00e9vel \u2013 m\u00e1rv\u00e1nyt\u00e1bl\u00e1n meg\u00f6r\u00f6k\u00edt\u0151 eml\u00e9kfaln\u00e1l, majd a rendezv\u00e9ny z\u00e1r\u00f3napj\u00e1nak reggel\u00e9n Tokajban, a Millenniumi Irodalmi Eml\u00e9kparkban. Ekkor leplezte le G\u00e9recz Attila bronz eml\u00e9kt\u00e1bl\u00e1j\u00e1t \u2013 <strong>R\u00e1cz Edit<\/strong>szobr\u00e1szm\u0171v\u00e9sz alkot\u00e1s\u00e1t \u2013 <strong>Szentm\u00e1rtoni J\u00e1nos<\/strong>, amelyet <strong>Lezs\u00e1k S\u00e1ndor<\/strong> k\u00f6lt\u0151, a Magyar Orsz\u00e1ggy\u0171l\u00e9s aleln\u00f6ke koszor\u00fazott meg. K\u00e9ts\u00e9gtelen\u00fcl a h\u00e1rom nap egyik legkiemelked\u0151bb esem\u00e9nye volt ez az \u00fcnnep\u00e9lyes aktus, s ehhez m\u00e9lt\u00f3 laud\u00e1ci\u00f3t mondott <strong>R\u00f3zs\u00e1ssy Barbara<\/strong> J\u00f3zsef Attila-d\u00edjas k\u00f6lt\u0151, akinek tizenkilenc \u00e9vesen megjelent, <em>A suttog\u00e1ssal telt szoba<\/em> c\u00edm\u0171 versesk\u00f6tet\u00e9t G\u00e9recz Attila-d\u00edjjal jutalmazt\u00e1k. A veretes m\u00e9ltat\u00e1s kiemelte a huszonh\u00e9t \u00e9vesen m\u00e1rt\u00edrr\u00e1 lett k\u00f6lt\u0151 r\u00f6vid p\u00e1ly\u00e1j\u00e1nak p\u00e1ratlan intenzit\u00e1s\u00e1t, s felh\u00edvta \u201ea k\u00f6lt\u00e9szet marad\u00e9k h\u00edveit\u201d, hogy ne el\u00e9gedjenek meg az eml\u00e9kez\u00e9s gesztus\u00e1val, mert csak \u00fagy n\u0151hetnek fel a megid\u00e9zetthez, ha manaps\u00e1g is k\u00f6teless\u00e9g\u00fcknek tekintik a szabads\u00e1g k\u00f6zkincss\u00e9 t\u00e9tel\u00e9t.<\/p>\n<p style=\"text-align: justify;\">A 44. Tokaji \u00cdr\u00f3t\u00e1bor \u00fcnnep\u00e9lyes fogad\u00e1ssal z\u00e1rult a II. R\u00e1k\u00f3czi Ferenc \u00c1ltal\u00e1nos iskola aul\u00e1j\u00e1ban. Ennek keret\u00e9ben osztott\u00e1k ki id\u00e9n is a d\u00edjakat. A Tokaji \u00cdr\u00f3t\u00e1bor d\u00edj\u00e1t 2016-ban <strong>Ekler Andrea<\/strong> a t\u00f6bbek k\u00f6z\u00f6tt N\u00e9meth L\u00e1szl\u00f3 irodalmi tanulm\u00e1nyait \u00f6t k\u00f6tetben sajt\u00f3 al\u00e1 rendez\u0151 irodalomt\u00f6rt\u00e9n\u00e9sz nyerte el. A Nagyhord\u00f3-d\u00edjjal, amely \u00e9letm\u0171vet ismer el, <strong>Lezs\u00e1k S\u00e1ndor<\/strong>t t\u00fcntett\u00e9k ki. Hord\u00f3-d\u00edjat vehetett \u00e1t <strong>Bertha Zolt\u00e1n<\/strong>, <strong>Fecske Csaba<\/strong> \u00e9s <strong>K\u00f6d\u00f6b\u00f6cz G\u00e1bor<\/strong>.<\/p>\n<div id=\"attachment_4237\" style=\"width: 310px\" class=\"wp-caption aligncenter\"><img loading=\"lazy\" decoding=\"async\" aria-describedby=\"caption-attachment-4237\" class=\"size-medium wp-image-4237\" src=\"http:\/\/www.tokajiirotabor.hu\/wp-content\/uploads\/2016\/11\/lezsak_arany_hordo-300x169.png\" alt=\"Lezs\u00e1k S\u00e1ndor \u00e1tveszi a Nagyhord\u00f3-d\u00edjat\" width=\"300\" height=\"169\" srcset=\"https:\/\/tokajiirotabor.hu\/irotabor_archiv\/wp-content\/uploads\/2016\/11\/lezsak_arany_hordo-300x169.png 300w, https:\/\/tokajiirotabor.hu\/irotabor_archiv\/wp-content\/uploads\/2016\/11\/lezsak_arany_hordo.png 640w\" sizes=\"(max-width: 300px) 100vw, 300px\" \/><p id=\"caption-attachment-4237\" class=\"wp-caption-text\">Lezs\u00e1k S\u00e1ndor \u00e1tveszi a Nagyhord\u00f3-d\u00edjat<\/p><\/div>\n<p style=\"text-align: justify;\">\u00d6sszegz\u00e9s\u00fcl elmondhat\u00f3, hogy a szervez\u0151k, \u00e9l\u00fck\u00f6n <strong>Papp-F\u00fcr J\u00e1nos<\/strong>sal, aki id\u00e9n m\u00e1sodszor teljes\u00edtette ezt a megb\u00edzat\u00e1st, j\u00f3 munk\u00e1t v\u00e9geztek. A patin\u00e1s, m\u00e9gis biztat\u00f3an eleven int\u00e9zm\u00e9ny, a Tokaji \u00cdr\u00f3t\u00e1bor \u00fajabb sikeres rendezv\u00e9nyt tudhat maga m\u00f6g\u00f6tt.<\/p>\n<p align=\"right\"><strong>Hudy \u00c1rp\u00e1d<\/strong><\/p>\n<p align=\"right\"><strong>Fot\u00f3k: Boldogh Dezs\u0151<\/strong><\/p>\n","protected":false},"excerpt":{"rendered":"<p>Tavaly a nemzeti m\u00edtosz nyom\u00e1ba eredtek a tokaji sz\u0151l\u0151hegy alatt az \u00cdr\u00f3t\u00e1bor r\u00e9szvev\u0151i, hogy a hagyom\u00e1nyokb\u00f3l \u00e9p\u00edtkezve pr\u00f3b\u00e1lj\u00e1k meg felv\u00e1zolni a magyars\u00e1g j\u00f6v\u0151k\u00e9p\u00e9t a modern vil\u00e1gban. Id\u00e9n augusztus 10. \u00e9s 12. k\u00f6z\u00f6tt az eml\u00e9kezet volt a f\u0151szerepl\u0151 a magyar bor&#8230;<\/p>\n","protected":false},"author":1,"featured_media":4238,"comment_status":"closed","ping_status":"closed","sticky":false,"template":"","format":"standard","meta":{"footnotes":""},"categories":[1],"tags":[],"class_list":["post-4233","post","type-post","status-publish","format-standard","has-post-thumbnail","hentry","category-hirek"],"_links":{"self":[{"href":"https:\/\/tokajiirotabor.hu\/irotabor_archiv\/wp-json\/wp\/v2\/posts\/4233"}],"collection":[{"href":"https:\/\/tokajiirotabor.hu\/irotabor_archiv\/wp-json\/wp\/v2\/posts"}],"about":[{"href":"https:\/\/tokajiirotabor.hu\/irotabor_archiv\/wp-json\/wp\/v2\/types\/post"}],"author":[{"embeddable":true,"href":"https:\/\/tokajiirotabor.hu\/irotabor_archiv\/wp-json\/wp\/v2\/users\/1"}],"replies":[{"embeddable":true,"href":"https:\/\/tokajiirotabor.hu\/irotabor_archiv\/wp-json\/wp\/v2\/comments?post=4233"}],"version-history":[{"count":1,"href":"https:\/\/tokajiirotabor.hu\/irotabor_archiv\/wp-json\/wp\/v2\/posts\/4233\/revisions"}],"predecessor-version":[{"id":4239,"href":"https:\/\/tokajiirotabor.hu\/irotabor_archiv\/wp-json\/wp\/v2\/posts\/4233\/revisions\/4239"}],"wp:featuredmedia":[{"embeddable":true,"href":"https:\/\/tokajiirotabor.hu\/irotabor_archiv\/wp-json\/wp\/v2\/media\/4238"}],"wp:attachment":[{"href":"https:\/\/tokajiirotabor.hu\/irotabor_archiv\/wp-json\/wp\/v2\/media?parent=4233"}],"wp:term":[{"taxonomy":"category","embeddable":true,"href":"https:\/\/tokajiirotabor.hu\/irotabor_archiv\/wp-json\/wp\/v2\/categories?post=4233"},{"taxonomy":"post_tag","embeddable":true,"href":"https:\/\/tokajiirotabor.hu\/irotabor_archiv\/wp-json\/wp\/v2\/tags?post=4233"}],"curies":[{"name":"wp","href":"https:\/\/api.w.org\/{rel}","templated":true}]}}