{"id":4223,"date":"2016-11-15T18:30:33","date_gmt":"2016-11-15T17:30:33","guid":{"rendered":"http:\/\/www.tokajiirotabor.hu\/?p=4223"},"modified":"2016-11-15T18:30:33","modified_gmt":"2016-11-15T17:30:33","slug":"a-jovo-emlekezete","status":"publish","type":"post","link":"https:\/\/tokajiirotabor.hu\/irotabor_archiv\/a-jovo-emlekezete\/","title":{"rendered":"A j\u00f6v\u0151 eml\u00e9kezete"},"content":{"rendered":"<p style=\"text-align: justify;\"><img loading=\"lazy\" decoding=\"async\" class=\"size-full wp-image-4224 alignleft\" src=\"http:\/\/www.tokajiirotabor.hu\/wp-content\/uploads\/2016\/11\/szentmartoni.jpg\" alt=\"szentmartoni\" width=\"144\" height=\"144\" \/>Mit adunk tov\u00e1bb az ajt\u00f3kon d\u00f6r\u00f6mb\u00f6l\u0151 fiataloknak, hiszen annyi k\u00e9rd\u00e9s\u00fcnk lenne m\u00e9g nek\u00fcnk is? Feln\u0151tt\u00fcnk a feladathoz? Mit \u00edrunk mi: t\u00f6rt\u00e9nelmet vagy csak napl\u00f3t? A sz\u00fcleink \u00e9s nagysz\u00fcleink \u00e9let\u00e9ben ez m\u00e9g nem volt k\u00e9rd\u00e9s. \u2013 A Tokaji \u00cdr\u00f3t\u00e1bor utols\u00f3 napl\u00f3j\u00e1t Szentm\u00e1rtoni J\u00e1nos \u00edrta.<\/p>\n<p style=\"text-align: justify;\">Nem el\u0151sz\u00f6r fordult el\u0151, s rem\u00e9lem, nem is utolj\u00e1ra, hogy a t\u00e1bor z\u00e1r\u00f3 fogad\u00e1sa ut\u00e1n nem keltem \u00fatra, hanem hagytam t\u00f6rt\u00e9nni a dolgokat, \u00edgy magamat is. Az otthon \u00fagyis megv\u00e1r \u2013 gondoltam -, h\u00e1t m\u00e9g, hogy fel sem \u00e9p\u00fclt. H\u00f3napok \u00f3ta \u00faton vagyok eladott sz\u00fcl\u0151i f\u00e9szek, \u00e1tmeneti lak\u00e1s \u00e9s leend\u0151 vid\u00e9ki h\u00e1zam k\u00f6z\u00f6tt. Meg am\u00fagy is, az otthon benn\u00fcnk van. Csak legyen el\u00e9g figyelm\u00fcnk \u00e9s t\u00fcrelm\u00fcnk a felismer\u00e9s\u00e9hez. \u00cdgy h\u00e1t Tokaj is valahol az otthonom, t\u00fal azon, hogy t\u00f6bb mint h\u00fasz \u00e9ve l\u00e1togatom az \u00edr\u00f3t\u00e1bort, mikor milyen min\u0151s\u00e9gben. Egyszer az\u00e9rt j\u00f3 volna csak turistak\u00e9nt bandukolni ebben a kisv\u00e1rosban.<\/p>\n<div id=\"attachment_4225\" style=\"width: 310px\" class=\"wp-caption aligncenter\"><img loading=\"lazy\" decoding=\"async\" aria-describedby=\"caption-attachment-4225\" class=\"size-medium wp-image-4225\" src=\"http:\/\/www.tokajiirotabor.hu\/wp-content\/uploads\/2016\/11\/A_Rakoczi_Pinceben-300x200.jpg\" alt=\"A R\u00e1k\u00f3czi Pinc\u00e9ben\" width=\"300\" height=\"200\" srcset=\"https:\/\/tokajiirotabor.hu\/irotabor_archiv\/wp-content\/uploads\/2016\/11\/A_Rakoczi_Pinceben-300x200.jpg 300w, https:\/\/tokajiirotabor.hu\/irotabor_archiv\/wp-content\/uploads\/2016\/11\/A_Rakoczi_Pinceben.jpg 900w\" sizes=\"(max-width: 300px) 100vw, 300px\" \/><p id=\"caption-attachment-4225\" class=\"wp-caption-text\">A R\u00e1k\u00f3czi Pinc\u00e9ben<\/p><\/div>\n<p>&nbsp;<\/p>\n<div id=\"attachment_4226\" style=\"width: 310px\" class=\"wp-caption aligncenter\"><img loading=\"lazy\" decoding=\"async\" aria-describedby=\"caption-attachment-4226\" class=\"size-medium wp-image-4226\" src=\"http:\/\/www.tokajiirotabor.hu\/wp-content\/uploads\/2016\/11\/A_tiszaladanyi_faluhazban-300x200.jpg\" alt=\"A tiszalad\u00e1nyi faluh\u00e1zban\" width=\"300\" height=\"200\" srcset=\"https:\/\/tokajiirotabor.hu\/irotabor_archiv\/wp-content\/uploads\/2016\/11\/A_tiszaladanyi_faluhazban-300x200.jpg 300w, https:\/\/tokajiirotabor.hu\/irotabor_archiv\/wp-content\/uploads\/2016\/11\/A_tiszaladanyi_faluhazban.jpg 900w\" sizes=\"(max-width: 300px) 100vw, 300px\" \/><p id=\"caption-attachment-4226\" class=\"wp-caption-text\">A tiszalad\u00e1nyi faluh\u00e1zban<\/p><\/div>\n<p style=\"text-align: justify;\">Kitekertem a szelepeket, hogy ugr\u00e1sra k\u00e9sz \u00e1llapotom g\u00f6rcsei kiold\u00f3djanak az idegrendszeremb\u0151l, s helyet engedjek a h\u00e1rom nap \u00e9lm\u00e9nyeinek, amelyeket menet k\u00f6zben nem mindig van m\u00f3dom \u00e9lvezni, meg\u00e9lni, elrakt\u00e1rozni. Nyugodt sz\u00edvvel d\u0151ltem h\u00e1tra, hiszen a programok \u2013 a kisebb-nagyobb r\u00f6gt\u00f6nz\u00f6tt \u00e1tszervez\u00e9seket ig\u00e9nyl\u0151 probl\u00e9m\u00e1k ellen\u00e9re \u2013 rendben lezajlottak, a b\u00facs\u00fazkod\u00f3k mind j\u00f3 sz\u00e1j\u00edzzel indultak \u00fatnak. Ami\u00e9rt j\u00f6tt\u00fcnk, elv\u00e9gezt\u00fck. \u00dagy \u00e9rzem, nem is ak\u00e1rhogy. K\u00f6sz\u00f6net \u00e9rte a nagysz\u00e1m\u00fa szervez\u0151 csapatnak is, amelynek dics\u00e9ret\u00e9t a tavalyi netnapl\u00f3 z\u00e1r\u00f3 jegyzet\u00e9ben zengtem.<\/p>\n<div id=\"attachment_4227\" style=\"width: 310px\" class=\"wp-caption aligncenter\"><img loading=\"lazy\" decoding=\"async\" aria-describedby=\"caption-attachment-4227\" class=\"size-medium wp-image-4227\" src=\"http:\/\/www.tokajiirotabor.hu\/wp-content\/uploads\/2016\/11\/Janosi_Zoltan_es_Ekler_Andrea-300x200.jpg\" alt=\"J\u00e1nosi Zolt\u00e1n \u00e9s Ekler Andrea\" width=\"300\" height=\"200\" srcset=\"https:\/\/tokajiirotabor.hu\/irotabor_archiv\/wp-content\/uploads\/2016\/11\/Janosi_Zoltan_es_Ekler_Andrea-300x200.jpg 300w, https:\/\/tokajiirotabor.hu\/irotabor_archiv\/wp-content\/uploads\/2016\/11\/Janosi_Zoltan_es_Ekler_Andrea.jpg 900w\" sizes=\"(max-width: 300px) 100vw, 300px\" \/><p id=\"caption-attachment-4227\" class=\"wp-caption-text\">J\u00e1nosi Zolt\u00e1n \u00e9s Ekler Andrea<\/p><\/div>\n<p>&nbsp;<\/p>\n<div id=\"attachment_4228\" style=\"width: 310px\" class=\"wp-caption aligncenter\"><img loading=\"lazy\" decoding=\"async\" aria-describedby=\"caption-attachment-4228\" class=\"size-medium wp-image-4228\" src=\"http:\/\/www.tokajiirotabor.hu\/wp-content\/uploads\/2016\/11\/Kerekasztal_beszelgetes-300x200.jpg\" alt=\"Kerekasztal-besz\u00e9lget\u00e9s (Pomog\u00e1ts B\u00e9la, Csontos J\u00e1nos \u00e9s Papp Tibor)\" width=\"300\" height=\"200\" srcset=\"https:\/\/tokajiirotabor.hu\/irotabor_archiv\/wp-content\/uploads\/2016\/11\/Kerekasztal_beszelgetes-300x200.jpg 300w, https:\/\/tokajiirotabor.hu\/irotabor_archiv\/wp-content\/uploads\/2016\/11\/Kerekasztal_beszelgetes.jpg 900w\" sizes=\"(max-width: 300px) 100vw, 300px\" \/><p id=\"caption-attachment-4228\" class=\"wp-caption-text\">Kerekasztal-besz\u00e9lget\u00e9s (Pomog\u00e1ts B\u00e9la, Csontos J\u00e1nos \u00e9s Papp Tibor)<\/p><\/div>\n<p style=\"text-align: justify;\">A felold\u00f3d\u00e1s kellemes bizserg\u00e9se alj\u00e1n vagy ink\u00e1bb m\u00f6g\u00f6tt azonban zaklatni kezdett valami, amir\u0151l legel\u0151sz\u00f6r nem tudtam eld\u00f6nteni, hogy hi\u00e1ny\u00e9rzet-e, mulaszt\u00e1s, vagy egy eml\u00e9k\u2026 Azt\u00e1n k\u00f6rvonalaz\u00f3dott az \u00e9rz\u00e9s bennem, ha van egy\u00e1ltal\u00e1n ilyesmi. A vesztes\u00e9g. Amely ebben az esetben veres\u00e9g is. Mert az elm\u00fal\u00e1ssal szembeni eleve rem\u00e9nytelen \u00e9s kudarcra \u00edt\u00e9lt k\u00fczdelm\u00fcnk a veres\u00e9g b\u00e9n\u00edt\u00f3 szer\u00e9t fecskendezi bel\u00e9nk. Hogy \u00e9vr\u0151l \u00e9vre t\u0171nnek el arcok, \u00e9letek, megszokott mozdulatok, amelyek biztons\u00e1g\u00e9rzetet adtak. Az ut\u00f3bbi hetekben is mennyien t\u00e1voztak k\u00f6z\u00fcl\u00fcnk. Mestereink nemzed\u00e9ki tabl\u00f3ja egyre hi\u00e1nyosabb. Mi lesz, ha v\u00e9gleg magunkra maradunk, a mai k\u00f6z\u00e9pnemzed\u00e9k? Mit adunk tov\u00e1bb az ajt\u00f3kon d\u00f6r\u00f6mb\u00f6l\u0151 fiataloknak, hiszen annyi k\u00e9rd\u00e9s\u00fcnk lenne m\u00e9g nek\u00fcnk is? Feln\u0151tt\u00fcnk a feladathoz? Mit \u00edrunk mi: t\u00f6rt\u00e9nelmet vagy csak napl\u00f3t? A sz\u00fcleink \u00e9s nagysz\u00fcleink \u00e9let\u00e9ben ez m\u00e9g nem volt k\u00e9rd\u00e9s.<\/p>\n<div id=\"attachment_4229\" style=\"width: 310px\" class=\"wp-caption aligncenter\"><img loading=\"lazy\" decoding=\"async\" aria-describedby=\"caption-attachment-4229\" class=\"size-medium wp-image-4229\" src=\"http:\/\/www.tokajiirotabor.hu\/wp-content\/uploads\/2016\/11\/Kiallitas_megnyito-300x200.jpg\" alt=\"&quot;\u00d6r\u00f6ks\u00e9g\u00fcnk '56&quot; \u2013 Ki\u00e1ll\u00edt\u00e1smegnyit\u00f3\" width=\"300\" height=\"200\" srcset=\"https:\/\/tokajiirotabor.hu\/irotabor_archiv\/wp-content\/uploads\/2016\/11\/Kiallitas_megnyito-300x200.jpg 300w, https:\/\/tokajiirotabor.hu\/irotabor_archiv\/wp-content\/uploads\/2016\/11\/Kiallitas_megnyito.jpg 900w\" sizes=\"(max-width: 300px) 100vw, 300px\" \/><p id=\"caption-attachment-4229\" class=\"wp-caption-text\">&#8222;\u00d6r\u00f6ks\u00e9g\u00fcnk &#8217;56&#8221; \u2013 Ki\u00e1ll\u00edt\u00e1smegnyit\u00f3<\/p><\/div>\n<p>&nbsp;<\/p>\n<div id=\"attachment_4230\" style=\"width: 210px\" class=\"wp-caption aligncenter\"><img loading=\"lazy\" decoding=\"async\" aria-describedby=\"caption-attachment-4230\" class=\"size-medium wp-image-4230\" src=\"http:\/\/www.tokajiirotabor.hu\/wp-content\/uploads\/2016\/11\/Racz_Edit_dombormve_Gerecz_Attilarol-200x300.jpg\" alt=\"R\u00e1cz Edit domborm\u0171ve G\u00e9recz Attil\u00e1r\u00f3l\" width=\"200\" height=\"300\" srcset=\"https:\/\/tokajiirotabor.hu\/irotabor_archiv\/wp-content\/uploads\/2016\/11\/Racz_Edit_dombormve_Gerecz_Attilarol-200x300.jpg 200w, https:\/\/tokajiirotabor.hu\/irotabor_archiv\/wp-content\/uploads\/2016\/11\/Racz_Edit_dombormve_Gerecz_Attilarol.jpg 600w\" sizes=\"(max-width: 200px) 100vw, 200px\" \/><p id=\"caption-attachment-4230\" class=\"wp-caption-text\">R\u00e1cz Edit domborm\u0171ve G\u00e9recz Attil\u00e1r\u00f3l<\/p><\/div>\n<p style=\"text-align: justify;\">Id\u0151 ut\u00e1n igyekeztem a j\u00f3 oldal\u00e1t n\u00e9zni. Hogy legal\u00e1bb ismerhett\u00fck azokat, akik elengedik a kez\u00fcnk. Tanulhattunk t\u0151l\u00fck. P\u00e9ld\u00e1ul t\u00fal\u00e9lni. \u0150rk\u00f6dni. Meg\u00faj\u00edtani \u00e9s tov\u00e1bbadni \u00e9rt\u00e9keket. Hogy ne szakadjon meg a vonal. Mert ad\u00e1sban vagyunk. A tollforgat\u00f3 ember, ha akarja, ha nem, mindig k\u00e9szenl\u00e9tben \u00e1ll. Felel\u0151ss\u00e9ge van. Hogy m\u00e1sok helyett is sz\u00f3ljon, ha kell. Hiszen minden gyarl\u00f3s\u00e1gunkkal egy\u00fctt m\u00e9gis csak egy n\u00e9p kult\u00far\u00e1j\u00e1t \u00e9p\u00edtgetj\u00fck, hogy a j\u00f6v\u0151nek is legyen eml\u00e9kezete. Tal\u00e1n az utols\u00f3 pillanatban vagyunk. Azt hiszem, 1956 szellemi \u00f6r\u00f6ks\u00e9ge is ez. Illetve ez is. Legal\u00e1bbis mi err\u0151l pr\u00f3b\u00e1ltunk sz\u00f3lni lehet\u0151s\u00e9geinkhez m\u00e9rten. Ennek jegy\u00e9ben eml\u00e9kezni el\u0151deinkre, \u00e9s k\u00f6sz\u00f6nteni forradalmat megj\u00e1rt kort\u00e1rsainkat. Mindazokat, akik m\u00e9g t\u00f6rt\u00e9nelmet \u00edrtak. \u00c9s megk\u00f6sz\u00f6nni nekik azt, hogy helyett\u00fcnk is megv\u00edvt\u00e1k a harcot 1956-ban, a 80-as \u00e9vekben, rendszerv\u00e1lt\u00e1skor. Hogy mi m\u00e1r szabadon nevelhess\u00fck fel l\u00e1nyainkat s fiaink.<\/p>\n<p style=\"text-align: right;\"><em><strong>Szentm\u00e1rtoni J\u00e1nos<\/strong><\/em><br \/>\n<em><strong>Tokaji \u00cdr\u00f3t\u00e1bor,\u00a0<\/strong><\/em><em><strong>eln\u00f6k<\/strong><\/em><\/p>\n<p><em>Fot\u00f3k: S\u00e1ray \u00c1kos<\/em><br \/>\n<em>L\u00edd-fot\u00f3: Vincze Judit<\/em><\/p>\n","protected":false},"excerpt":{"rendered":"<p>Mit adunk tov\u00e1bb az ajt\u00f3kon d\u00f6r\u00f6mb\u00f6l\u0151 fiataloknak, hiszen annyi k\u00e9rd\u00e9s\u00fcnk lenne m\u00e9g nek\u00fcnk is? Feln\u0151tt\u00fcnk a feladathoz? Mit \u00edrunk mi: t\u00f6rt\u00e9nelmet vagy csak napl\u00f3t? A sz\u00fcleink \u00e9s nagysz\u00fcleink \u00e9let\u00e9ben ez m\u00e9g nem volt k\u00e9rd\u00e9s. \u2013 A Tokaji \u00cdr\u00f3t\u00e1bor utols\u00f3 napl\u00f3j\u00e1t&#8230;<\/p>\n","protected":false},"author":1,"featured_media":4224,"comment_status":"closed","ping_status":"closed","sticky":false,"template":"","format":"standard","meta":{"footnotes":""},"categories":[1],"tags":[],"class_list":["post-4223","post","type-post","status-publish","format-standard","has-post-thumbnail","hentry","category-hirek"],"_links":{"self":[{"href":"https:\/\/tokajiirotabor.hu\/irotabor_archiv\/wp-json\/wp\/v2\/posts\/4223"}],"collection":[{"href":"https:\/\/tokajiirotabor.hu\/irotabor_archiv\/wp-json\/wp\/v2\/posts"}],"about":[{"href":"https:\/\/tokajiirotabor.hu\/irotabor_archiv\/wp-json\/wp\/v2\/types\/post"}],"author":[{"embeddable":true,"href":"https:\/\/tokajiirotabor.hu\/irotabor_archiv\/wp-json\/wp\/v2\/users\/1"}],"replies":[{"embeddable":true,"href":"https:\/\/tokajiirotabor.hu\/irotabor_archiv\/wp-json\/wp\/v2\/comments?post=4223"}],"version-history":[{"count":1,"href":"https:\/\/tokajiirotabor.hu\/irotabor_archiv\/wp-json\/wp\/v2\/posts\/4223\/revisions"}],"predecessor-version":[{"id":4231,"href":"https:\/\/tokajiirotabor.hu\/irotabor_archiv\/wp-json\/wp\/v2\/posts\/4223\/revisions\/4231"}],"wp:featuredmedia":[{"embeddable":true,"href":"https:\/\/tokajiirotabor.hu\/irotabor_archiv\/wp-json\/wp\/v2\/media\/4224"}],"wp:attachment":[{"href":"https:\/\/tokajiirotabor.hu\/irotabor_archiv\/wp-json\/wp\/v2\/media?parent=4223"}],"wp:term":[{"taxonomy":"category","embeddable":true,"href":"https:\/\/tokajiirotabor.hu\/irotabor_archiv\/wp-json\/wp\/v2\/categories?post=4223"},{"taxonomy":"post_tag","embeddable":true,"href":"https:\/\/tokajiirotabor.hu\/irotabor_archiv\/wp-json\/wp\/v2\/tags?post=4223"}],"curies":[{"name":"wp","href":"https:\/\/api.w.org\/{rel}","templated":true}]}}