{"id":4215,"date":"2016-11-02T14:18:32","date_gmt":"2016-11-02T13:18:32","guid":{"rendered":"http:\/\/www.tokajiirotabor.hu\/?p=4215"},"modified":"2016-11-02T14:18:32","modified_gmt":"2016-11-02T13:18:32","slug":"az-en-tokajom","status":"publish","type":"post","link":"https:\/\/tokajiirotabor.hu\/irotabor_archiv\/az-en-tokajom\/","title":{"rendered":"Az \u00e9n Tokajom"},"content":{"rendered":"<p style=\"text-align: justify;\"><img loading=\"lazy\" decoding=\"async\" class=\"alignleft size-thumbnail wp-image-4216\" src=\"http:\/\/www.tokajiirotabor.hu\/wp-content\/uploads\/2016\/11\/Mirtse_Zsuzsa_portrekep-150x150.jpg\" alt=\"Mirtse_Zsuzsa_portrekep\" width=\"150\" height=\"150\" \/>Amikor szerd\u00e1n, a k\u00e9s\u0151 d\u00e9lel\u0151tti naps\u00fct\u00e9sben Tokaj belv\u00e1ros\u00e1nak macskak\u00f6ves utc\u00e1in s\u00e9t\u00e1ltunk a nyit\u00f3rendezv\u00e9nynek otthont ad\u00f3 R\u00e1k\u00f3czi Pince fel\u00e9, m\u00e1r az \u00faton megk\u00f6rny\u00e9kezett az a megnyugtat\u00f3 \u00e9rz\u00e9s, az a bizalommal vegyes izgalom, amikor pontosan tudom, hogy j\u00f3 lesz, ak\u00e1rhogy is lesz. &#8211; A Tokaji \u00cdr\u00f3t\u00e1bot szombati napl\u00f3j\u00e1t Mirtse Zsuzsa \u00edrta.<\/p>\n<p style=\"text-align: justify;\">Sorsom Ariadn\u00e9-fonala igaz\u00e1n kalandos helyekre elvezetett m\u00e1r engem, de eddig Tokaj nekem \u201ecsak\u201d a tobz\u00f3d\u00f3 term\u00e9szeti javak \u00e9kszeres l\u00e1dik\u00e1j\u00e1t \u2013 \u00e9s persze a h\u00edres t\u00f6rt\u00e9nelmi borvid\u00e9ket jelentette. Pedig 44 \u00e9ve m\u00e1r, augusztus derek\u00e1n mindig k\u00fcl\u00f6n\u00f6s dolgok t\u00f6rt\u00e9nnek a v\u00e1rosban: l\u00e1tsz\u00f3lag indokolatlan mennyis\u00e9g\u0171 \u00edr\u00f3, irodalomt\u00f6rt\u00e9n\u00e9sz, m\u0171v\u00e9sz lepi el az utc\u00e1kat, akik fontos dolgokr\u00f3l tan\u00e1cskoznak d\u00e9lel\u0151tt\u00f6nk\u00e9nt a gimn\u00e1zium aul\u00e1j\u00e1ban, feh\u00e9r asztalok \u00e9s mikrofonok m\u00f6g\u00f6tt. S mivel eddig csak k\u00e9peket l\u00e1ttam ezekr\u0151l az esem\u00e9nyekr\u0151l, \u00edgy azok alapj\u00e1n \u00e9p\u00edtettem fel magamnak bel\u0151l\u00fck t\u00e9ves elk\u00e9pzel\u00e9seim v\u00e1r\u00e1t. Id\u00e9n v\u00e9gre az \u00f6nmagamb\u00f3l \u00e9p\u00edtett falak lebomlottak, s ennek nyom\u00e1n megsz\u00fclethetett bennem az \u00e9n \u00faj Tokajom.<\/p>\n<p style=\"text-align: justify;\">Hiteles v\u00e1laszt m\u00e9g saj\u00e1t magam sz\u00e1m\u00e1ra sem adhatok arr\u00f3l, hogy mi\u00e9rt most l\u00e9ptem \u00e1t el\u0151sz\u00f6r a Tokaji \u00cdr\u00f3t\u00e1bor szimbolikus k\u00fcsz\u00f6b\u00e9t, holott r\u00e9g\u00f3ta szerettem volna m\u00e1r ezt megtenni, de eddig, sz\u00e1momra is hom\u00e1lyos okok miatt, nem siker\u00fclt. Minden magyar\u00e1zkod\u00e1s (hogy \u00e9ppen nem volt alkalmas az id\u0151, hogy biztosan van valami g\u00e1t bennem minden t\u00f6bbnapos \u00f6sszez\u00e1rts\u00e1gt\u00f3l) mell\u00e9besz\u00e9l\u00e9s lenne. Mert j\u00f3kor lenni j\u00f3 helyen \u2013 \u00e9rdemes.<\/p>\n<p style=\"text-align: justify;\">Amikor szerd\u00e1n, a k\u00e9s\u0151 d\u00e9lel\u0151tti naps\u00fct\u00e9sben Tokaj belv\u00e1ros\u00e1nak macskak\u00f6ves utc\u00e1in s\u00e9t\u00e1ltunk a nyit\u00f3rendezv\u00e9nynek otthont ad\u00f3 R\u00e1k\u00f3czi Pince fel\u00e9, m\u00e1r az \u00faton megk\u00f6rny\u00e9kezett az a megnyugtat\u00f3 \u00e9rz\u00e9s, az a bizalommal vegyes izgalom, amikor pontosan tudom, hogy j\u00f3 lesz, ak\u00e1rhogy is lesz. Szerd\u00e1n hajnalban, m\u00e9g indul\u00e1s el\u0151tt kifaggattam az id\u0151j\u00f3s digit\u00e1lis levelib\u00e9k\u00e1imat: aznapra naps\u00fct\u00e9st, cs\u00fct\u00f6rt\u00f6kre vihart, es\u0151t j\u00f3soltak. Ennek ellen\u00e9re meleg ruh\u00e1t term\u00e9szetesen nem vittem magammal, valamint z\u00e1rt cip\u0151t sem. L\u00e1nygyerek, ahogy \u00e9desap\u00e1m mondta nevetve sokszor r\u00e1m.<\/p>\n<p style=\"text-align: justify;\">A R\u00e1k\u00f3czi Pinc\u00e9ben s\u00f6t\u00e9t volt \u00e9s hideg. Pomp\u00e1s! \u00c9ppen olyan, amilyennek egy t\u00f6rt\u00e9nelmi pinc\u00e9szetet elk\u00e9pzeltem. A hossz\u00fa faasztalokon finom metsz\u00e9s\u0171 poharak, az arcokat gyerty\u00e1k f\u00e9nye vil\u00e1g\u00edtotta meg. Mennyi ismer\u0151s, \u00e9s mennyi olyan ember, akikkel m\u00e9g csak levelet v\u00e1ltottam eddig k\u00fcl\u00f6nf\u00e9le munk\u00e1im kapcs\u00e1n!<\/p>\n<p style=\"text-align: justify;\"><img loading=\"lazy\" decoding=\"async\" class=\"aligncenter size-medium wp-image-4217\" src=\"http:\/\/www.tokajiirotabor.hu\/wp-content\/uploads\/2016\/11\/1._kep_mzs_ti-300x200.jpg\" alt=\"1._kep_mzs_ti\" width=\"300\" height=\"200\" srcset=\"https:\/\/tokajiirotabor.hu\/irotabor_archiv\/wp-content\/uploads\/2016\/11\/1._kep_mzs_ti-300x200.jpg 300w, https:\/\/tokajiirotabor.hu\/irotabor_archiv\/wp-content\/uploads\/2016\/11\/1._kep_mzs_ti.jpg 900w\" sizes=\"(max-width: 300px) 100vw, 300px\" \/><\/p>\n<p style=\"text-align: justify;\">Az idei \u00e9v kiemelt eml\u00e9k\u00e9v is egyben, \u00edgy az \u00edr\u00f3t\u00e1bor 1956 forradalm\u00e1val \u00e9s szellemis\u00e9g\u00e9vel foglalkozott. Ahogy Szentm\u00e1rtoni J\u00e1nos, a Magyar \u00cdr\u00f3sz\u00f6vets\u00e9g \u00e9s a Tokaji \u00cdr\u00f3t\u00e1bor Egyes\u00fclet eln\u00f6ke mondta: a figyelem k\u00f6zpontj\u00e1ban az \u00e1llt, hogy \u201emegvizsg\u00e1lj\u00e1k azokat a m\u0171veket, azoknak az alkot\u00f3knak a munk\u00e1ss\u00e1g\u00e1t, akik az \u201956-os forradalomban valamilyen szerepet j\u00e1tszottak\u201d, illetve \u201eazokat a m\u0171veket, amelyek feldolgozt\u00e1k az 1956-os forradalom t\u00f6rt\u00e9nelmi \u00e9lm\u00e9nyanyag\u00e1t\u201d.<\/p>\n<p style=\"text-align: justify;\">\u00d6sszm\u0171v\u00e9szeti forgat\u00f3k\u00f6nyv k\u00e9sz\u00fclt a h\u00e1rom napra: a napok t\u00f6rzs\u00e9t az eddigi \u00e9vek szok\u00e1srendj\u00e9nek megfelel\u0151en id\u00e9n is a plen\u00e1ris \u00fcl\u00e9sek adt\u00e1k, de helyet kaptak az irodalmi percepci\u00f3kon k\u00edv\u00fcl a t\u00e1rsm\u0171v\u00e9szeti visszhangok, alkot\u00e1sok is. Emigr\u00e1ns magyar \u00edr\u00f3kr\u00f3l k\u00e9sz\u00edtett portr\u00e9filmet Er\u0151s Kinga, Csontos J\u00e1nos \u00e9s Szab\u00f3 Mih\u00e1ly <em>Hazat\u00e9r\u0151k<\/em> c\u00edmmel.<\/p>\n<p style=\"text-align: justify;\"><img loading=\"lazy\" decoding=\"async\" class=\"aligncenter size-medium wp-image-4218\" src=\"http:\/\/www.tokajiirotabor.hu\/wp-content\/uploads\/2016\/11\/2._kep_mzs_ti-300x200.jpg\" alt=\"2._kep_mzs_ti\" width=\"300\" height=\"200\" srcset=\"https:\/\/tokajiirotabor.hu\/irotabor_archiv\/wp-content\/uploads\/2016\/11\/2._kep_mzs_ti-300x200.jpg 300w, https:\/\/tokajiirotabor.hu\/irotabor_archiv\/wp-content\/uploads\/2016\/11\/2._kep_mzs_ti.jpg 900w\" sizes=\"(max-width: 300px) 100vw, 300px\" \/><\/p>\n<p style=\"text-align: justify;\">Szerettem n\u00e9zni ezt a mozit. A m\u00e1sik kedvencem egy sz\u00ednpadi produkci\u00f3 lett: Talli\u00e1n Mariann \u00e9s L\u00e1z\u00e1r Bal\u00e1zs a f\u00fcveskerti k\u00f6lt\u0151k verseib\u0151l mutatott be letisztult, festm\u00e9nyszer\u0171 sz\u00ednpadk\u00e9ppel, stiliz\u00e1lt mozg\u00e1ssal, minimalista eszk\u00f6zt\u00e1rral megjelen\u00edtett verses estet. A m\u0171sort R\u00f3zs\u00e1ssy Barbara k\u00f6lt\u0151 szerkesztette, aki r\u00e9g\u00f3ta d\u00e9delgetett \u00e1lm\u00e1t val\u00f3s\u00edtotta meg: a v\u00e1ci b\u00f6rt\u00f6nben egym\u00e1sra tal\u00e1l\u00f3, meghurcolt f\u00fcveskerti k\u00f6lt\u0151k (B\u00e9ri G\u00e9za, G\u00e9recz Attila, K\u00e1rp\u00e1ti Kamil, Szathm\u00e1ry Gy\u00f6rgy, Tollas Tibor, T\u00f3th B\u00e1lint ) fennmaradt alkot\u00e1sait mentette \u00e1t cs\u00f3nakj\u00e1ban a felejt\u00e9s foly\u00f3j\u00e1n. Azon k\u00f6lt\u0151k \u00e9vtizedeken kereszt\u00fcl agyonhallgatott alkot\u00e1sait, akiknek val\u00f3ban a vers volt a mened\u00e9k akkor \u2013 az \u00e9let fel\u00e9.<\/p>\n<p style=\"text-align: justify;\">A hal\u00e1lsor csendj\u00e9ben is felt\u00f6r\u0151 \u00e9letszeretet ny\u0171g\u00f6zte le Ferenczi Gy\u00f6rgy\u00f6t G\u00e9recz Attila k\u00f6lt\u00e9szet\u00e9ben, amikor egy\u00fcttes\u00e9vel, a Rackajammel a tragikus sors\u00fa k\u00f6lt\u0151 verseib\u0151l \u00e1ll\u00edtott \u00f6ssze egy eg\u00e9sz koncertet. Ezt is receptre \u00edrn\u00e1m fel b\u00faskomors\u00e1g, l\u00e9tf\u00e1radts\u00e1g \u00e9s lehangolts\u00e1g ellen.<\/p>\n<p style=\"text-align: justify;\"><img loading=\"lazy\" decoding=\"async\" class=\"aligncenter size-medium wp-image-4219\" src=\"http:\/\/www.tokajiirotabor.hu\/wp-content\/uploads\/2016\/11\/3._kep_mzs_ti-300x200.jpg\" alt=\"3._kep_mzs_ti\" width=\"300\" height=\"200\" srcset=\"https:\/\/tokajiirotabor.hu\/irotabor_archiv\/wp-content\/uploads\/2016\/11\/3._kep_mzs_ti-300x200.jpg 300w, https:\/\/tokajiirotabor.hu\/irotabor_archiv\/wp-content\/uploads\/2016\/11\/3._kep_mzs_ti.jpg 900w\" sizes=\"(max-width: 300px) 100vw, 300px\" \/><\/p>\n<p style=\"text-align: justify;\">A val\u00f3ban gazdag, mi t\u00f6bb, szinte t\u00falfesz\u00edtett programaj\u00e1nlatb\u00f3l ezek csak kiemelt p\u00e9ld\u00e1k; elfogult lista, ami nem is baj tal\u00e1n, hiszen \u00edr\u00f3t\u00e1rsaim az el\u0151z\u0151 napok esem\u00e9nyeir\u0151l m\u00e1r r\u00e9szletesen megeml\u00e9keztek e has\u00e1bokon. Az est\u00e9k a tokaji \u00e9jszak\u00e1ban csengtek le, mit sem t\u00f6r\u0151dve a m\u00e1snapi f\u00e1radts\u00e1ggal. Eszm\u00e9ket, eml\u00e9keket \u00e9s email-c\u00edmeket csereber\u00e9lt\u00fcnk, \u00e9s \u00faj tervek is sz\u00fclettek e napokban, azt hiszem.<\/p>\n<p style=\"text-align: justify;\">A r\u00e9gi g\u00f6r\u00f6g\u00f6k \u00edr\u00e1stud\u00f3ira m\u00fazs\u00e1k vigy\u00e1ztak: aki tollat fogott, az \u0151 seg\u00edts\u00e9g\u00fcket k\u00e9rhette. A m\u00fazs\u00e1k \u00e9desanyja pedig (\u00e9s ez milyen gy\u00f6ny\u00f6r\u0171, milyen logikus!) az Eml\u00e9kezet \u2013 Mnemosz\u00fcn\u00e9 \u2013 volt. Az \u00f3kori g\u00f6r\u00f6g\u00f6k m\u00e1r pontosan tudt\u00e1k azt, hogy az eml\u00e9kez\u00e9snek mekkora jelent\u0151s\u00e9ge van. Az \u00edr\u00f3, ha szem\u00e9lyes l\u00edr\u00e1t\/epik\u00e1t is \u00edr, akkor is k\u00f6z\u00f6ss\u00e9gi ember. Tartozni valahov\u00e1 (k\u00f6z\u00f6ss\u00e9ghez, nemzethez) nem jelenti az \u00e9n felold\u00f3d\u00e1s\u00e1t, elveszt\u00e9s\u00e9t. Mindenki meg\u0151rizheti a saj\u00e1t arc\u00e1t, sors\u00e1t, \u00e9let\u00e9t, nem kell feladnia mag\u00e1b\u00f3l semmit, hanem \u00e9ppen ez\u00e1ltal bontakozhat \u00e9s teljesedhet ki: a k\u00f6z\u00f6ss\u00e9g, a nemzet szerves r\u00e9szek\u00e9nt.<\/p>\n<p style=\"text-align: justify;\">Mik\u00f6zben e sorokat \u00edrom, az asztalomon, mellettem egy flakon palackozott v\u00edz van, amelynek c\u00edmk\u00e9j\u00e9t a Tokaji \u00cdr\u00f3t\u00e1bor log\u00f3ja \u00e9k\u00edti. Elteszem ezt a flakont eml\u00e9kbe. A j\u00f3l siker\u00fclt log\u00f3n \u00e9gt\u00e1jkeresztbe vannak tagolva a nemzettudat-form\u00e1l\u00f3 d\u00e1tum sz\u00e1mjegyei. K\u00f6rben pedig, mik\u00e9nt egy \u00f3ra mutat\u00f3j\u00e1n, a percek helyett sz\u00e1mok \u00e1llnak, \u00e9ppen hatvan darab: 1956\u20132016-ig. Rem\u00e9lj\u00fck, egyre jobb id\u0151ket m\u00e9rhet ez a k\u00e9pzeletbeli \u00f3ra.<\/p>\n<p style=\"text-align: justify;\"><img loading=\"lazy\" decoding=\"async\" class=\"aligncenter size-medium wp-image-4220\" src=\"http:\/\/www.tokajiirotabor.hu\/wp-content\/uploads\/2016\/11\/4._kep_mzs_ti-300x225.jpg\" alt=\"4._kep_mzs_ti\" width=\"300\" height=\"225\" srcset=\"https:\/\/tokajiirotabor.hu\/irotabor_archiv\/wp-content\/uploads\/2016\/11\/4._kep_mzs_ti-300x225.jpg 300w, https:\/\/tokajiirotabor.hu\/irotabor_archiv\/wp-content\/uploads\/2016\/11\/4._kep_mzs_ti.jpg 960w\" sizes=\"(max-width: 300px) 100vw, 300px\" \/><\/p>\n<p style=\"text-align: justify;\">Kedves Tokaj, z\u00e1rom soraimat, j\u00f6v\u0151re \u00fajra tal\u00e1lkozunk.<\/p>\n<p style=\"text-align: right;\"><em><strong>Mirtse Zsuzsa<\/strong><\/em><\/p>\n","protected":false},"excerpt":{"rendered":"<p>Amikor szerd\u00e1n, a k\u00e9s\u0151 d\u00e9lel\u0151tti naps\u00fct\u00e9sben Tokaj belv\u00e1ros\u00e1nak macskak\u00f6ves utc\u00e1in s\u00e9t\u00e1ltunk a nyit\u00f3rendezv\u00e9nynek otthont ad\u00f3 R\u00e1k\u00f3czi Pince fel\u00e9, m\u00e1r az \u00faton megk\u00f6rny\u00e9kezett az a megnyugtat\u00f3 \u00e9rz\u00e9s, az a bizalommal vegyes izgalom, amikor pontosan tudom, hogy j\u00f3 lesz, ak\u00e1rhogy is lesz&#8230;.<\/p>\n","protected":false},"author":1,"featured_media":4216,"comment_status":"closed","ping_status":"closed","sticky":false,"template":"","format":"standard","meta":{"footnotes":""},"categories":[1],"tags":[],"class_list":["post-4215","post","type-post","status-publish","format-standard","has-post-thumbnail","hentry","category-hirek"],"_links":{"self":[{"href":"https:\/\/tokajiirotabor.hu\/irotabor_archiv\/wp-json\/wp\/v2\/posts\/4215"}],"collection":[{"href":"https:\/\/tokajiirotabor.hu\/irotabor_archiv\/wp-json\/wp\/v2\/posts"}],"about":[{"href":"https:\/\/tokajiirotabor.hu\/irotabor_archiv\/wp-json\/wp\/v2\/types\/post"}],"author":[{"embeddable":true,"href":"https:\/\/tokajiirotabor.hu\/irotabor_archiv\/wp-json\/wp\/v2\/users\/1"}],"replies":[{"embeddable":true,"href":"https:\/\/tokajiirotabor.hu\/irotabor_archiv\/wp-json\/wp\/v2\/comments?post=4215"}],"version-history":[{"count":1,"href":"https:\/\/tokajiirotabor.hu\/irotabor_archiv\/wp-json\/wp\/v2\/posts\/4215\/revisions"}],"predecessor-version":[{"id":4221,"href":"https:\/\/tokajiirotabor.hu\/irotabor_archiv\/wp-json\/wp\/v2\/posts\/4215\/revisions\/4221"}],"wp:featuredmedia":[{"embeddable":true,"href":"https:\/\/tokajiirotabor.hu\/irotabor_archiv\/wp-json\/wp\/v2\/media\/4216"}],"wp:attachment":[{"href":"https:\/\/tokajiirotabor.hu\/irotabor_archiv\/wp-json\/wp\/v2\/media?parent=4215"}],"wp:term":[{"taxonomy":"category","embeddable":true,"href":"https:\/\/tokajiirotabor.hu\/irotabor_archiv\/wp-json\/wp\/v2\/categories?post=4215"},{"taxonomy":"post_tag","embeddable":true,"href":"https:\/\/tokajiirotabor.hu\/irotabor_archiv\/wp-json\/wp\/v2\/tags?post=4215"}],"curies":[{"name":"wp","href":"https:\/\/api.w.org\/{rel}","templated":true}]}}