{"id":4203,"date":"2016-10-25T06:45:33","date_gmt":"2016-10-25T05:45:33","guid":{"rendered":"http:\/\/www.tokajiirotabor.hu\/?p=4203"},"modified":"2016-10-25T06:47:58","modified_gmt":"2016-10-25T05:47:58","slug":"sorsod-muveszete","status":"publish","type":"post","link":"https:\/\/tokajiirotabor.hu\/irotabor_archiv\/sorsod-muveszete\/","title":{"rendered":"Sorsod m\u0171v\u00e9szete"},"content":{"rendered":"<p style=\"text-align: justify;\"><img loading=\"lazy\" decoding=\"async\" class=\"wp-image-4204 size-thumbnail alignleft\" src=\"http:\/\/www.tokajiirotabor.hu\/wp-content\/uploads\/2016\/10\/16a_34820CS6_cim-150x150.jpg\" alt=\"16a_34820CS6_cim\" width=\"150\" height=\"150\" \/>Hazafel\u00e9 az \u00faton elgondolkodtam, hogy milyen ereje tud lenni egy olyan hum\u00e1n, nemzeti \u00e9s eszt\u00e9tikai \u00e9rt\u00e9keken nyugv\u00f3 egy\u00fcttm\u0171k\u00f6d\u00e9snek, mint ennek az \u00edr\u00f3t\u00e1bornak. Id\u00e9n ezt a 60. \u00e9vfordul\u00f3 ok\u00e1n v\u00e1lasztott tematika is megsokszorozta. &#8211; A Tokaji \u00cdr\u00f3t\u00e1bor p\u00e9nteki napl\u00f3j\u00e1t De\u00e1k-S\u00e1rosi L\u00e1szl\u00f3 \u00edrta.<\/p>\n<p style=\"text-align: justify;\">H\u00e1l\u00e1s feladat, hogy az utols\u00f3 nap esem\u00e9nyeir\u0151l \u00edrhatok besz\u00e1mol\u00f3t. Az \u00edr\u00f3t\u00e1bor v\u00e9g\u00e9re \u00f6ssze\u00e1llnak a hallott \u00e9s l\u00e1tott ismeretek, \u00e9lm\u00e9nyek egyetlen \u00f6sszetett \u00e9rz\u00e9ss\u00e9. Mindezt r\u00f6viden \u00fagy fogalmazhatn\u00e1m meg, hogy 1956 irodalmi \u00fczenete t\u00f6m\u00e9ny, \u00e9letre sz\u00f3l\u00f3 \u00fatraval\u00f3.<\/p>\n<p style=\"text-align: justify;\">A nap G\u00e9recz Attila eml\u00e9kt\u00e1bl\u00e1j\u00e1nak leleplez\u00e9s\u00e9vel kezd\u0151d\u00f6tt. M\u00e9g az id\u0151j\u00e1r\u00e1s is kegyes volt az 1956-os forradalom \u00e9s szabads\u00e1gharc egyetlen k\u00f6lt\u0151 m\u00e1rt\u00edrj\u00e1hoz, az \u0151 eml\u00e9k\u00e9hez. \u00dcde f\u00e9ny bujk\u00e1lt a f\u00e1k \u00e9s a r\u00e9sztvev\u0151k k\u00f6zt. Nem paskolt hideg es\u0151, \u00e9s nem izzasztott \u00e9get\u0151 nap. Ilyen der\u0171snek \u00edrt\u00e1k le a hatvan \u00e9vvel kor\u00e1bbi okt\u00f3ber 23. napj\u00e1t is. Ami igaz\u00e1n megteremtette a pillanat nagys\u00e1g\u00e1t, az az, hogy G\u00e9recz Attil\u00e1t \u00e9s \u00e1ltal\u00e1ban 1956-ot a felolvasott \u00e9s megzen\u00e9s\u00edtve el\u0151adott versek, illetve a tudom\u00e1nyos ig\u00e9ny\u0171 el\u0151ad\u00e1sok, tan\u00e1cskoz\u00e1sok id\u00e9zt\u00e9k meg az el\u0151z\u0151 k\u00e9t nap sor\u00e1n, \u00edgy tel\u00edtve tartalommal \u00e9s \u00e9lm\u00e9nnyel az \u00fcnnepiess\u00e9get.<\/p>\n<p style=\"text-align: justify;\">Az avat\u00e1st Posta Gy\u00f6rgy, Tokaj v\u00e1ros polg\u00e1rmestere nyitotta meg, \u00e9s Szarvas J\u00f3zsef sz\u00ednm\u0171v\u00e9sz a helysz\u00ednen is felolvasott G\u00e9recz verseib\u0151l. Laud\u00e1ci\u00f3t R\u00f3zs\u00e1ssy Barbara k\u00f6lt\u0151, az \u00cdr\u00f3sz\u00f6vets\u00e9g v\u00e1lasztm\u00e1nyi tagja mondott. Neh\u00e9z lenne r\u00f6viden visszaadni a m\u00e9ltat\u00f3 szavakat, ez\u00e9rt hadd emeljek ki egy kifejez\u00e9st, amelyet Barbara is hangs\u00falyozott a k\u00f6lt\u0151 posztumusz k\u00f6tet\u00e9nek c\u00edm\u00e9re utalva: &#8222;Sorsod m\u0171v\u00e9szete&#8221;. G\u00e9recz Attila r\u00f6vid, de jelent\u0151s \u00e9letm\u0171ve, illetve 1956 p\u00e9ld\u00e1zata vissza\u00e1ll\u00edtotta sz\u00f3 \u00e9s tett, m\u0171v\u00e9szet \u00e9s sors, ember \u00e9s isteni vil\u00e1g egys\u00e9g\u00e9t.<\/p>\n<div id=\"attachment_4205\" style=\"width: 210px\" class=\"wp-caption aligncenter\"><img loading=\"lazy\" decoding=\"async\" aria-describedby=\"caption-attachment-4205\" class=\"wp-image-4205 size-medium\" src=\"http:\/\/www.tokajiirotabor.hu\/wp-content\/uploads\/2016\/10\/1_.kep_tokaj_2016_ds-200x300.jpg\" alt=\"1_.kep_tokaj_2016_ds\" width=\"200\" height=\"300\" srcset=\"https:\/\/tokajiirotabor.hu\/irotabor_archiv\/wp-content\/uploads\/2016\/10\/1_.kep_tokaj_2016_ds-200x300.jpg 200w, https:\/\/tokajiirotabor.hu\/irotabor_archiv\/wp-content\/uploads\/2016\/10\/1_.kep_tokaj_2016_ds.jpg 487w\" sizes=\"(max-width: 200px) 100vw, 200px\" \/><p id=\"caption-attachment-4205\" class=\"wp-caption-text\">R\u00f3zs\u00e1ssy Barbara<\/p><\/div>\n<p style=\"text-align: justify;\">A R\u00e1cz Edit \u00e1ltal k\u00e9sz\u00edtett domborm\u0171 leleplez\u00e9se ut\u00e1n folytat\u00f3dtak a plen\u00e1ris el\u0151ad\u00e1sok a Tokaji Ferenc Gimn\u00e1zium aul\u00e1j\u00e1ban. Barbara a &#8222;f\u00fcveskerti k\u00f6lt\u0151kr\u0151l&#8221; besz\u00e9lt, akik k\u00f6zt G\u00e9recz Attila is tollforgat\u00f3v\u00e1 v\u00e1lt, mik\u00f6zben politikai foglyokk\u00e9nt osztoztak egym\u00e1s sors\u00e1ban. Ezt a k\u00f6lt\u0151csoportot a racion\u00e1lis \u00e9s \u00e9rzelmi \u00e9rvekkel is meggy\u0151z\u0151 el\u0151ad\u00e1s szerz\u0151je el\u0151r\u00e9bb helyezn\u00e9 az irodalmi k\u00e1nonban, a szerinte \u0151ket megillet\u0151 helyre.<\/p>\n<p style=\"text-align: justify;\">A d\u00e9lel\u0151tt sor\u00e1n volt szerencs\u00e9nk meghallgatni Lezs\u00e1k S\u00e1ndor el\u0151ad\u00e1s\u00e1t is. \u00d6r\u00f6mmel \u00e1llap\u00edthatta meg a hallgat\u00f3s\u00e1g, hogy az Orsz\u00e1ggy\u0171l\u00e9s aleln\u00f6ke politikusi tev\u00e9kenys\u00e9ge mellett \u00fajra \u00e9s \u00fajra tollat ragad a kez\u00e9be. Ez\u00fattal saj\u00e1t, 1956-os ihlet\u00e9s\u0171 verseib\u0151l olvasott fel, kieg\u00e9sz\u00edtve azokat csal\u00e1dt\u00f6rt\u00e9neti \u00e9s t\u00f6rt\u00e9nelmi h\u00e1tter\u00fckkel. Lezs\u00e1k S\u00e1ndor r\u00f6viden megeml\u00e9kezett a nemr\u00e9g elhunyt k\u00f6lt\u0151r\u0151l, \u00edr\u00f3r\u00f3l, szerkeszt\u0151r\u0151l, Ol\u00e1h J\u00e1nosr\u00f3l \u00e9s k\u00f6z\u00f6s bar\u00e1tjukr\u00f3l, p\u00e1lyat\u00e1rsukr\u00f3l, Tam\u00e1s Mikl\u00f3sr\u00f3l is.<\/p>\n<p style=\"text-align: justify;\">Gy\u0151ri L\u00e1szl\u00f3, a Kilencek k\u00f6lt\u0151csoport tagja ez\u00fattal k\u00f6nyvt\u00e1rosi \u00e9s szerkeszt\u0151i min\u0151s\u00e9gben adta el\u0151 kutat\u00e1sainak eredm\u00e9ny\u00e9t. Ismertette nagyvonalakban az 1956-ot feldolgoz\u00f3 irodalmi m\u0171vek &#8222;k\u00edn\u00e1lat\u00e1t&#8221;, illetve r\u00e9szletesen a saj\u00e1t szerkeszt\u00e9s\u00e9ben megjelent &#8222;Piros a v\u00e9r a pesti utc\u00e1n. Az 1956-os forradalom versei \u00e9s g\u00fanyiratai&#8221; (Gy\u0171jt\u00e9s, \u00f6ssze\u00e1ll\u00edt\u00e1s, 2006) c\u00edm\u0171 antol\u00f3gi\u00e1t.<\/p>\n<p style=\"text-align: justify;\">Az el\u0151ad\u00e1sok term\u00e9szetes m\u00f3don kapcsol\u00f3dtak egym\u00e1shoz. Gy\u0151ri L\u00e1szl\u00f3 Vas Istv\u00e1n 1956-os vers\u00e9vel fejezte be el\u0151ad\u00e1s\u00e1t, Sturm L\u00e1szl\u00f3 pedig Vas Istv\u00e1n 1956-os k\u00f6lt\u00e9szet\u00e9t vette nagy\u00edt\u00f3 al\u00e1. Sturm azt igazolta meggy\u0151z\u0151en, p\u00e9ld\u00e1kkal illusztr\u00e1lva, hogy a vil\u00e1gn\u00e9zet\u00e9ben, identit\u00e1s\u00e1ban, eszt\u00e9tikai, s\u0151t vall\u00e1si \u00e9s teol\u00f3giai &#8222;v\u00e1laszt\u00e1saiban&#8221; \u0151rl\u0151d\u0151, filozof\u00e1l\u00f3 k\u00f6lt\u0151t milyen, \u00e9letre sz\u00f3l\u00f3 bizonyoss\u00e1ggal t\u00f6lt\u00f6tte el minden vonatkoz\u00e1sban 1956. A k\u00f6lt\u0151 a forradalom \u00e1tfog\u00f3 erej\u00e9nek hat\u00e1s\u00e1ra m\u00e9g az 1943-ban megjelent, saj\u00e1t \u00e9let\u00e9nek els\u0151 fontos szakasz\u00e1t feldolgoz\u00f3 reg\u00e9ny\u00e9t is \u00e1t\u00edrta.<\/p>\n<p style=\"text-align: justify;\">Az el\u0151ad\u00e1sokhoz t\u00f6bb hozz\u00e1sz\u00f3l\u00e1st is f\u0171ztek, amelyek igazolt\u00e1k azok tartalm\u00e1t, \u00e9s hasznos kieg\u00e9sz\u00edt\u00e9sekkel szolg\u00e1ltak.<\/p>\n<p style=\"text-align: justify;\">A 44. Tokaji \u00cdr\u00f3t\u00e1bor z\u00e1r\u00f3 esem\u00e9nye a hagyom\u00e1nyoknak megfelel\u0151en a fogad\u00e1ssal egybek\u00f6t\u00f6tt d\u00edj\u00e1tad\u00f3 \u00fcnneps\u00e9g volt. Ezen az \u00fcnneps\u00e9gen, az eml\u00e9kt\u00e1bla leleplez\u00e9shez hasonl\u00f3an azt lehetett \u00e9rezni, hogy nem formas\u00e1g \u00e9s nem tartalmatlan p\u00e1tosz. A szervez\u0151bizotts\u00e1g r\u00e9sz\u00e9r\u0151l olyan szem\u00e9lyek kaptak d\u00edjakat \u00e9s elismer\u00e9seket, akik val\u00f3ban, hossz\u00fa id\u0151n kereszt\u00fcl szolg\u00e1lt\u00e1k az \u00edr\u00f3k \u00e9s azon bel\u00fcl is az \u00e9vente meg\u00fajul\u00f3 rendezv\u00e9nysorozat \u00fcgyeit. A Tokaji \u00cdr\u00f3t\u00e1bor d\u00edj\u00e1t Ekler Andrea irodalomt\u00f6rt\u00e9n\u00e9sznek \u00edt\u00e9lt\u00e9k oda, akit egy nappal kor\u00e1bban hallhattuk plen\u00e1ris el\u0151ad\u00e1s\u00e1t.<\/p>\n<div id=\"attachment_4206\" style=\"width: 210px\" class=\"wp-caption aligncenter\"><img loading=\"lazy\" decoding=\"async\" aria-describedby=\"caption-attachment-4206\" class=\"wp-image-4206 size-medium\" src=\"http:\/\/www.tokajiirotabor.hu\/wp-content\/uploads\/2016\/10\/2._kep_tokaj_2016_ds-200x300.jpg\" alt=\"2._kep_tokaj_2016_ds\" width=\"200\" height=\"300\" srcset=\"https:\/\/tokajiirotabor.hu\/irotabor_archiv\/wp-content\/uploads\/2016\/10\/2._kep_tokaj_2016_ds-200x300.jpg 200w, https:\/\/tokajiirotabor.hu\/irotabor_archiv\/wp-content\/uploads\/2016\/10\/2._kep_tokaj_2016_ds.jpg 600w\" sizes=\"(max-width: 200px) 100vw, 200px\" \/><p id=\"caption-attachment-4206\" class=\"wp-caption-text\">Ekler Andrea<\/p><\/div>\n<p style=\"text-align: justify;\">A Nagy Hord\u00f3 d\u00edjat Lezs\u00e1k S\u00e1ndor kapta, a Hord\u00f3 d\u00edjat pedig Bertha Zolt\u00e1n \u00e9s K\u00f6d\u00f6b\u00f6cz G\u00e1bor irodalomt\u00f6rt\u00e9n\u00e9szek, illetve Fecske Csaba k\u00f6lt\u0151.<\/p>\n<div id=\"attachment_4207\" style=\"width: 310px\" class=\"wp-caption aligncenter\"><img loading=\"lazy\" decoding=\"async\" aria-describedby=\"caption-attachment-4207\" class=\"wp-image-4207 size-medium\" src=\"http:\/\/www.tokajiirotabor.hu\/wp-content\/uploads\/2016\/10\/3._kep_tokaj_2016_ds-300x200.jpg\" alt=\"3._kep_tokaj_2016_ds\" width=\"300\" height=\"200\" srcset=\"https:\/\/tokajiirotabor.hu\/irotabor_archiv\/wp-content\/uploads\/2016\/10\/3._kep_tokaj_2016_ds-300x200.jpg 300w, https:\/\/tokajiirotabor.hu\/irotabor_archiv\/wp-content\/uploads\/2016\/10\/3._kep_tokaj_2016_ds.jpg 900w\" sizes=\"(max-width: 300px) 100vw, 300px\" \/><p id=\"caption-attachment-4207\" class=\"wp-caption-text\">Szentm\u00e1rtoni J\u00e1nos, Lezs\u00e1k S\u00e1ndor, Papp-F\u00fcr J\u00e1nos<\/p><\/div>\n<div id=\"attachment_4208\" style=\"width: 310px\" class=\"wp-caption aligncenter\"><img loading=\"lazy\" decoding=\"async\" aria-describedby=\"caption-attachment-4208\" class=\"wp-image-4208 size-medium\" src=\"http:\/\/www.tokajiirotabor.hu\/wp-content\/uploads\/2016\/10\/4._kep_tokaj_2016_ds-300x200.jpg\" alt=\"4._kep_tokaj_2016_ds\" width=\"300\" height=\"200\" srcset=\"https:\/\/tokajiirotabor.hu\/irotabor_archiv\/wp-content\/uploads\/2016\/10\/4._kep_tokaj_2016_ds-300x200.jpg 300w, https:\/\/tokajiirotabor.hu\/irotabor_archiv\/wp-content\/uploads\/2016\/10\/4._kep_tokaj_2016_ds.jpg 900w\" sizes=\"(max-width: 300px) 100vw, 300px\" \/><p id=\"caption-attachment-4208\" class=\"wp-caption-text\">K\u00f6d\u00f6b\u00f6cz G\u00e1bor, Bertha Zolt\u00e1n<\/p><\/div>\n<p style=\"text-align: justify;\">Aki r\u00e9szt vett az \u00edr\u00f3t\u00e1bor programjain id\u00e9n \u00e9s a kor\u00e1bbi \u00e9vekben, az tudja, hogy egyik\u00fcket sem d\u00edjazt\u00e1k \u00e9rdemtelen\u00fcl. A z\u00e1r\u00f3\u00fcnneps\u00e9gen k\u00f6sz\u00f6nt\u00f6tt\u00e9k az id\u00e9n 80. \u00e9v\u00e9t bet\u00f6lt\u00f6tt Papp Tibor k\u00f6lt\u0151t, a p\u00e1rizsi Magyar M\u0171hely egyik alap\u00edt\u00f3j\u00e1t, aki mint 1956-os menek\u00fclt \u00e9s visszat\u00e9r\u0151 is kiemelt vend\u00e9ge volt az \u00edr\u00f3t\u00e1bornak.<\/p>\n<div id=\"attachment_4209\" style=\"width: 210px\" class=\"wp-caption aligncenter\"><img loading=\"lazy\" decoding=\"async\" aria-describedby=\"caption-attachment-4209\" class=\"wp-image-4209 size-medium\" src=\"http:\/\/www.tokajiirotabor.hu\/wp-content\/uploads\/2016\/10\/5._kep_tokaj_2016_ds-200x300.jpg\" alt=\"5._kep_tokaj_2016_ds\" width=\"200\" height=\"300\" srcset=\"https:\/\/tokajiirotabor.hu\/irotabor_archiv\/wp-content\/uploads\/2016\/10\/5._kep_tokaj_2016_ds-200x300.jpg 200w, https:\/\/tokajiirotabor.hu\/irotabor_archiv\/wp-content\/uploads\/2016\/10\/5._kep_tokaj_2016_ds.jpg 487w\" sizes=\"(max-width: 200px) 100vw, 200px\" \/><p id=\"caption-attachment-4209\" class=\"wp-caption-text\">Papp Tibor<\/p><\/div>\n<p style=\"text-align: justify;\">Hazafel\u00e9 az \u00faton elgondolkodtam, hogy milyen ereje tud lenni egy olyan hum\u00e1n, nemzeti \u00e9s eszt\u00e9tikai \u00e9rt\u00e9keken nyugv\u00f3 egy\u00fcttm\u0171k\u00f6d\u00e9snek, mint ennek az \u00edr\u00f3t\u00e1bornak. Id\u00e9n ezt a 60. \u00e9vfordul\u00f3 ok\u00e1n v\u00e1lasztott tematika is megsokszorozta. 1956 igazs\u00e1g\u00e1nak f\u00e9nye megcsillant minden esem\u00e9nyen, megnyilv\u00e1nul\u00e1son. B\u00edzom benne, hogy mindebb\u0151l eljut valami azokhoz is, akik szem\u00e9lyesen nem tudtak r\u00e9szt venni a h\u00e1rom napos rendezv\u00e9nysorozaton. Az \u00e9rdekl\u0151d\u0151knek j\u00f3 sz\u00edvvel aj\u00e1nlom, hogy olvass\u00e1k el a besz\u00e1mol\u00f3kat, a kapcsol\u00f3d\u00f3 m\u0171veket, kiadv\u00e1nyokat, \u00e9s hallgass\u00e1k meg p\u00e9ld\u00e1ul a Tokajban elhangzott megzen\u00e9s\u00edtett verseket.<\/p>\n<div class=\"responsive-video-wrap entry-video\"><iframe loading=\"lazy\" width=\"300\" height=\"169\" src=\"https:\/\/www.youtube.com\/embed\/2SVEU9-wpNE?feature=oembed\" frameborder=\"0\" allowfullscreen><\/iframe><\/div>\n<p style=\"text-align: right;\"><em><strong>Dr. De\u00e1k-S\u00e1rosi L\u00e1szl\u00f3<\/strong><\/em><\/p>\n","protected":false},"excerpt":{"rendered":"<p>Hazafel\u00e9 az \u00faton elgondolkodtam, hogy milyen ereje tud lenni egy olyan hum\u00e1n, nemzeti \u00e9s eszt\u00e9tikai \u00e9rt\u00e9keken nyugv\u00f3 egy\u00fcttm\u0171k\u00f6d\u00e9snek, mint ennek az \u00edr\u00f3t\u00e1bornak. Id\u00e9n ezt a 60. \u00e9vfordul\u00f3 ok\u00e1n v\u00e1lasztott tematika is megsokszorozta. &#8211; A Tokaji \u00cdr\u00f3t\u00e1bor p\u00e9nteki napl\u00f3j\u00e1t De\u00e1k-S\u00e1rosi L\u00e1szl\u00f3&#8230;<\/p>\n","protected":false},"author":1,"featured_media":4204,"comment_status":"closed","ping_status":"closed","sticky":false,"template":"","format":"standard","meta":{"footnotes":""},"categories":[1],"tags":[],"class_list":["post-4203","post","type-post","status-publish","format-standard","has-post-thumbnail","hentry","category-hirek"],"_links":{"self":[{"href":"https:\/\/tokajiirotabor.hu\/irotabor_archiv\/wp-json\/wp\/v2\/posts\/4203"}],"collection":[{"href":"https:\/\/tokajiirotabor.hu\/irotabor_archiv\/wp-json\/wp\/v2\/posts"}],"about":[{"href":"https:\/\/tokajiirotabor.hu\/irotabor_archiv\/wp-json\/wp\/v2\/types\/post"}],"author":[{"embeddable":true,"href":"https:\/\/tokajiirotabor.hu\/irotabor_archiv\/wp-json\/wp\/v2\/users\/1"}],"replies":[{"embeddable":true,"href":"https:\/\/tokajiirotabor.hu\/irotabor_archiv\/wp-json\/wp\/v2\/comments?post=4203"}],"version-history":[{"count":4,"href":"https:\/\/tokajiirotabor.hu\/irotabor_archiv\/wp-json\/wp\/v2\/posts\/4203\/revisions"}],"predecessor-version":[{"id":4213,"href":"https:\/\/tokajiirotabor.hu\/irotabor_archiv\/wp-json\/wp\/v2\/posts\/4203\/revisions\/4213"}],"wp:featuredmedia":[{"embeddable":true,"href":"https:\/\/tokajiirotabor.hu\/irotabor_archiv\/wp-json\/wp\/v2\/media\/4204"}],"wp:attachment":[{"href":"https:\/\/tokajiirotabor.hu\/irotabor_archiv\/wp-json\/wp\/v2\/media?parent=4203"}],"wp:term":[{"taxonomy":"category","embeddable":true,"href":"https:\/\/tokajiirotabor.hu\/irotabor_archiv\/wp-json\/wp\/v2\/categories?post=4203"},{"taxonomy":"post_tag","embeddable":true,"href":"https:\/\/tokajiirotabor.hu\/irotabor_archiv\/wp-json\/wp\/v2\/tags?post=4203"}],"curies":[{"name":"wp","href":"https:\/\/api.w.org\/{rel}","templated":true}]}}