{"id":4193,"date":"2016-10-18T07:01:59","date_gmt":"2016-10-18T06:01:59","guid":{"rendered":"http:\/\/www.tokajiirotabor.hu\/?p=4193"},"modified":"2016-10-18T07:03:45","modified_gmt":"2016-10-18T06:03:45","slug":"feltarulo-mikrokozmosz","status":"publish","type":"post","link":"https:\/\/tokajiirotabor.hu\/irotabor_archiv\/feltarulo-mikrokozmosz\/","title":{"rendered":"Felt\u00e1rul\u00f3 mikrokozmosz"},"content":{"rendered":"<p style=\"text-align: justify;\"><img loading=\"lazy\" decoding=\"async\" class=\"alignleft wp-image-4194 size-thumbnail\" src=\"http:\/\/www.tokajiirotabor.hu\/wp-content\/uploads\/2016\/10\/zsill-150x150.jpg\" alt=\"zsill\" width=\"150\" height=\"150\" \/>J\u00f3 \u00e9rz\u00e9s figyelnem, az esztend\u0151k sor\u00e1n mik\u00e9nt hosszabbodik az eml\u00e9kt\u00e1bl\u00e1k sora a Tokaji Ferenc gimn\u00e1zium kertj\u00e9ben tal\u00e1lhat\u00f3 irodalmi falon. A fel\u00fclet nemsok\u00e1ra betelik, \u00e9s \u00fajabb levakolt szakaszr\u00f3l kell gondoskodni. &#8211; A Tokaji \u00cdr\u00f3t\u00e1bor cs\u00fct\u00f6rt\u00f6ki napl\u00f3j\u00e1t Zsille G\u00e1bor \u00edrta.<\/p>\n<p style=\"text-align: justify;\">Az\u00e9rt is j\u00f3 \u00e9vr\u0151l \u00e9vre r\u00e9szt venni a Tokaji \u00cdr\u00f3t\u00e1borban, mert ez a kisv\u00e1ros \u00edgy sz\u00e9pen \u00e9szrev\u00e9tlen\u00fcl otthonoss\u00e1 v\u00e1lik. Felt\u00e9rk\u00e9pez\u0151dnek a helyi nevezetess\u00e9gek \u00e9s t\u00e1rsadalmi viszonyok, el\u00e9m t\u00e1rul a mikrokozmosz. P\u00e9ld\u00e1ul m\u00e1r tudom, hogy a f\u0151utc\u00e1n tal\u00e1lhat\u00f3 Huli panzi\u00f3ban nem szabad megsz\u00e1llni, mert a takar\u00edt\u00f3n\u0151 f\u00e9rje, Lajos, szint\u00e9n felmegy a szob\u00e1kba, \u00e9s utcai ruh\u00e1ban hever\u00e9szik a vend\u00e9g sz\u00e1m\u00e1ra k\u00e9sz\u00edtett friss \u00e1gyon, mik\u00f6zben az asszony porsz\u00edv\u00f3z vagy a f\u00fcrd\u0151szob\u00e1ban matat. (\u00c9s kellemetlen st\u00edlusban fecseg.) Lajos enyh\u00e9n alkoholist\u00e1nak l\u00e1tszik, \u00e9s a p\u00e1rnahuzaton h\u00e1trahagy n\u00e9h\u00e1ny hajsz\u00e1lat. Imm\u00e1r azt is tudom, a katolikus templom mellett hol tal\u00e1lhat\u00f3 lengyel vonatkoz\u00e1s\u00fa eml\u00e9kt\u00e1bla, \u00e9s tavaly abba a titokba is beavattak, hogy a Makk Marci panzi\u00f3 vezet\u0151j\u00e9t mi\u00e9rt sz\u00f3l\u00edtj\u00e1k Zs\u00f3finak, pedig eg\u00e9szen m\u00e1s a keresztneve. J\u00f3 \u00e9rz\u00e9s figyelnem, az esztend\u0151k sor\u00e1n mik\u00e9nt hosszabbodik az eml\u00e9kt\u00e1bl\u00e1k sora a Tokaji Ferenc gimn\u00e1zium kertj\u00e9ben tal\u00e1lhat\u00f3 irodalmi falon. A fel\u00fclet nemsok\u00e1ra betelik, \u00e9s \u00fajabb levakolt szakaszr\u00f3l kell gondoskodni. Ma, p\u00e9nteken reggel p\u00e9ld\u00e1ul az 1956-os forradalom m\u00e1rt\u00edr k\u00f6lt\u0151je, G\u00e9recz Attila tisztelet\u00e9re avattunk t\u00e1bl\u00e1t.<\/p>\n<p style=\"text-align: justify;\">Sietve magamra sz\u00f3lok, hogy nana, hiszen az \u00e9n feladatom a tegnapr\u00f3l, cs\u00fct\u00f6rt\u00f6kr\u0151l tud\u00f3s\u00edtani. \u00c9ppens\u00e9ggel van mir\u0151l \u00edrnom, meglehet\u0151sen gazdag nap volt. Az idei t\u00e1bor t\u00e9m\u00e1ja ugyeb\u00e1r az \u00f6tvenhatos forradalom, k\u00f6sz\u00f6nhet\u0151en a hatvanadik \u00e9vfordul\u00f3nak, \u00e9s persze a tan\u00e1cskoz\u00e1s is err\u0151l sz\u00f3l. A d\u00e9lel\u0151tti plen\u00e1ris \u00fcl\u00e9st az 1956-ban az Egyes\u00fclt \u00c1llamokba emigr\u00e1lt k\u00f6lt\u0151, Makkai \u00c1d\u00e1m szavai nyitott\u00e1k. A Kossuth-nagyd\u00edjas alkot\u00f3 eg\u00e9szs\u00e9gi \u00e1llapota miatt nem lehetett vel\u00fcnk, ez\u00e9rt besz\u00e9d\u00e9t Erd\u00e9lyi Gy\u00f6rgy el\u0151ad\u00f3m\u0171v\u00e9sz olvasta fel. Az ut\u00e1na k\u00f6vetkezett Zsille G\u00e1bor el\u0151ad\u00e1s\u00e1r\u00f3l csak fels\u0151fok\u00fa jelz\u0151kkel \u00edrhatok, ha-ha-ha\u2026 Komolyra ford\u00edtva, forradalmunk lengyel irodalmi recepci\u00f3j\u00e1r\u00f3l besz\u00e9ltem, versford\u00edt\u00e1sokkal illusztr\u00e1lva a t\u00f6rt\u00e9neteket. A lengyel irodalom 1956 \u00e9s 1957 fordul\u00f3j\u00e1n rendk\u00edv\u00fcl \u00e9rz\u00e9kenyen reag\u00e1lt a forradalomra: szinte minden rangos szerz\u0151 erk\u00f6lcsi k\u00f6teless\u00e9g\u00e9nek \u00e9rezte \u00edrni valamit a magyarok \u00fcgy\u00e9r\u0151l. E m\u0171vekb\u0151l l\u00e9tre is j\u00f6tt egy k\u00e9tsz\u00e1z oldalas antol\u00f3gia, Lengyel tollal a magyar okt\u00f3berr\u0151l c\u00edmmel (R\u00e1ci\u00f3 Kiad\u00f3, 2006), amelyben negyvenh\u00e9t szerz\u0151 versei, novell\u00e1i \u00e9s reg\u00e9nyr\u00e9szletei olvashat\u00f3k. E gy\u0171jtem\u00e9ny t\u00e1rsford\u00edt\u00f3jak\u00e9nt villantottam fel n\u00e9h\u00e1ny megind\u00edt\u00f3 tan\u00fas\u00e1gt\u00e9telt, szem\u00e9lyes kapcsol\u00f3d\u00e1st. A d\u00e9lel\u0151tt folyam\u00e1n el\u0151ad\u00e1st tartott m\u00e9g Gr\u00f3h G\u00e1sp\u00e1r (N\u00e9meth L\u00e1szl\u00f3r\u00f3l), Vasy G\u00e9za (Illy\u00e9s Gyul\u00e1r\u00f3l), J\u00e1nosi Zolt\u00e1n (Ratk\u00f3 J\u00f3zsefr\u0151l) \u00e9s Ekler Andrea (Nagy G\u00e1sp\u00e1rr\u00f3l). Tal\u00e1n felesleges hangs\u00falyoznom, hogy valamennyi f\u0151h\u0151s p\u00e1ly\u00e1ja szorosan kapcsol\u00f3dott a forradalomhoz, \u00e9s mind a n\u00e9gyen megj\u00e1rt\u00e1k a hadak \u00fatj\u00e1t a kommunista diktat\u00fara \u00e9vtizedeiben. K\u00fcl\u00f6n\u00f6sen megragadott Vasy G\u00e9za el\u0151ad\u00e1s\u00e1b\u00f3l egy anekdota, amely azt r\u00e9szletezte, az els\u0151 \u00edr\u00f3kongresszuson milyen agyaf\u00fartan t\u00e1madt\u00e1k Illy\u00e9s Gyul\u00e1t, \u0151 pedig milyen lelem\u00e9nyesen v\u00e1gta ki mag\u00e1t a szorult helyzetb\u0151l. J\u00e1nosi Zolt\u00e1n \u00e9lvezetesen, humorral f\u0171szerezve besz\u00e9lt Ratk\u00f3 J\u00f3zsefr\u0151l.<\/p>\n<div id=\"attachment_4195\" style=\"width: 310px\" class=\"wp-caption aligncenter\"><img loading=\"lazy\" decoding=\"async\" aria-describedby=\"caption-attachment-4195\" class=\"wp-image-4195 size-medium\" src=\"http:\/\/www.tokajiirotabor.hu\/wp-content\/uploads\/2016\/10\/Tokaj_1_2016-300x200.jpg\" alt=\"Tokaj_1_2016\" width=\"300\" height=\"200\" srcset=\"https:\/\/tokajiirotabor.hu\/irotabor_archiv\/wp-content\/uploads\/2016\/10\/Tokaj_1_2016-300x200.jpg 300w, https:\/\/tokajiirotabor.hu\/irotabor_archiv\/wp-content\/uploads\/2016\/10\/Tokaj_1_2016.jpg 900w\" sizes=\"(max-width: 300px) 100vw, 300px\" \/><p id=\"caption-attachment-4195\" class=\"wp-caption-text\">J\u00e1nosi Zolt\u00e1n irodalomt\u00f6rt\u00e9n\u00e9sz<\/p><\/div>\n<p style=\"text-align: justify;\">Ahogy minden \u00e9vben, most is \u00e1tbuszoztunk d\u00e9lut\u00e1n a n\u00e9gy kilom\u00e9terre fekv\u0151 Tiszalad\u00e1nyba, ahol nagy szeretettel l\u00e1tj\u00e1k az \u00edr\u00f3kat, nem mell\u00e9kesen h\u00e1zi s\u00fct\u00e9s\u0171 pog\u00e1cs\u00e1val. A kort\u00e1rs magyar k\u00f6lt\u00e9szetet oly sok fronton szolg\u00e1l\u00f3 sz\u00edn\u00e9sz h\u00e1zasp\u00e1r, Talli\u00e1n Mariann \u00e9s L\u00e1z\u00e1r Bal\u00e1zs a lad\u00e1nyi kult\u00farh\u00e1z vil\u00e1got jelent\u0151 sz\u00ednpad\u00e1n G\u00e9recz Attila \u00e9s a f\u00fcveskerti k\u00f6lt\u0151k verseib\u0151l adott el\u0151 egy \u00f6ssze\u00e1ll\u00edt\u00e1st, R\u00f3zs\u00e1ssy Barbara rendez\u00e9s\u00e9ben. A f\u00fcveskertiekr\u0151l (K\u00e1rp\u00e1ti Kamil, T\u00f3th B\u00e1lint \u00e9s t\u00e1rsaik) bizony nem sokat tudunk, pedig \u00e9rdemes lenne. Az el\u0151ad\u00e1sb\u00f3l t\u00e1rsamul szeg\u0151d\u00f6tt egy verssor, a h\u00e1nyatott sors\u00fa Szathm\u00e1ry Gy\u00f6rgy toll\u00e1b\u00f3l: \u201e\u00e9s az erd\u0151ben az \u0151zsuta h\u00e1t\u00e1n b\u00e1nat lovagol.\u201d Milyen sz\u00e9p.<\/p>\n<div id=\"attachment_4196\" style=\"width: 310px\" class=\"wp-caption aligncenter\"><img loading=\"lazy\" decoding=\"async\" aria-describedby=\"caption-attachment-4196\" class=\"wp-image-4196 size-medium\" src=\"http:\/\/www.tokajiirotabor.hu\/wp-content\/uploads\/2016\/10\/Tokaj_2_2016-300x200.jpg\" alt=\"Tokaj_2_2016\" width=\"300\" height=\"200\" srcset=\"https:\/\/tokajiirotabor.hu\/irotabor_archiv\/wp-content\/uploads\/2016\/10\/Tokaj_2_2016-300x200.jpg 300w, https:\/\/tokajiirotabor.hu\/irotabor_archiv\/wp-content\/uploads\/2016\/10\/Tokaj_2_2016.jpg 900w\" sizes=\"(max-width: 300px) 100vw, 300px\" \/><p id=\"caption-attachment-4196\" class=\"wp-caption-text\">R\u00e9szlet Talli\u00e1n Mariann \u00e9s L\u00e1z\u00e1r Bal\u00e1zs el\u0151ad\u00e1s\u00e1b\u00f3l<\/p><\/div>\n<p style=\"text-align: justify;\">Gazembers\u00e9g lenne, ha nem eml\u00e9kezn\u00e9k meg a tokaji sz\u00e1ll\u00e1shely\u00fcnk\u00f6n, a koll\u00e9gium \u00e9tkezd\u00e9j\u00e9ben vacsor\u00e1ra felszolg\u00e1lt harcsapaprik\u00e1sr\u00f3l t\u00far\u00f3s csusz\u00e1val. Ut\u00e1na pedig felker\u00fclhetett a napra a korona: a gimn\u00e1zium aul\u00e1j\u00e1ban bemutatkozott a Sz\u00e9kelyf\u00f6ld foly\u00f3irat \u00e9s a Kort\u00e1rs online, illetve megk\u00f3stolhattuk a t\u00e1llyai Homoky pinc\u00e9szet hat bor\u00e1t, Homoky Dorottya kalauzol\u00e1s\u00e1val. A borocsk\u00e1k k\u00f6z\u00f6tt Szarvas J\u00f3zsef sz\u00ednm\u0171v\u00e9sz borverseket adott el\u0151. Egy sz\u00f3 mint sz\u00e1z: soha rosszabb ny\u00e1ri napot!<\/p>\n<div id=\"attachment_4197\" style=\"width: 310px\" class=\"wp-caption aligncenter\"><img loading=\"lazy\" decoding=\"async\" aria-describedby=\"caption-attachment-4197\" class=\"wp-image-4197 size-medium\" src=\"http:\/\/www.tokajiirotabor.hu\/wp-content\/uploads\/2016\/10\/Tokaj_3_2016-300x200.jpg\" alt=\"Tokaj_3_2016\" width=\"300\" height=\"200\" srcset=\"https:\/\/tokajiirotabor.hu\/irotabor_archiv\/wp-content\/uploads\/2016\/10\/Tokaj_3_2016-300x200.jpg 300w, https:\/\/tokajiirotabor.hu\/irotabor_archiv\/wp-content\/uploads\/2016\/10\/Tokaj_3_2016.jpg 900w\" sizes=\"(max-width: 300px) 100vw, 300px\" \/><p id=\"caption-attachment-4197\" class=\"wp-caption-text\">A Homoky pinc\u00e9szet borai<\/p><\/div>\n<p>&nbsp;<\/p>\n<div id=\"attachment_4198\" style=\"width: 310px\" class=\"wp-caption aligncenter\"><img loading=\"lazy\" decoding=\"async\" aria-describedby=\"caption-attachment-4198\" class=\"wp-image-4198 size-medium\" src=\"http:\/\/www.tokajiirotabor.hu\/wp-content\/uploads\/2016\/10\/Tokaj_4_2016-300x200.jpg\" alt=\"Tokaj_4_2016\" width=\"300\" height=\"200\" srcset=\"https:\/\/tokajiirotabor.hu\/irotabor_archiv\/wp-content\/uploads\/2016\/10\/Tokaj_4_2016-300x200.jpg 300w, https:\/\/tokajiirotabor.hu\/irotabor_archiv\/wp-content\/uploads\/2016\/10\/Tokaj_4_2016.jpg 900w\" sizes=\"(max-width: 300px) 100vw, 300px\" \/><p id=\"caption-attachment-4198\" class=\"wp-caption-text\">Homoky Dorottya bor\u00e1sz \u00e9s Posta Gy\u00f6rgy polg\u00e1rmester<\/p><\/div>\n<p style=\"text-align: right;\"><em><strong>Zsille G\u00e1bor<\/strong><\/em><\/p>\n<p style=\"text-align: left;\"><em>Fot\u00f3k: S\u00e1ray \u00c1kos<\/em><\/p>\n","protected":false},"excerpt":{"rendered":"<p>J\u00f3 \u00e9rz\u00e9s figyelnem, az esztend\u0151k sor\u00e1n mik\u00e9nt hosszabbodik az eml\u00e9kt\u00e1bl\u00e1k sora a Tokaji Ferenc gimn\u00e1zium kertj\u00e9ben tal\u00e1lhat\u00f3 irodalmi falon. A fel\u00fclet nemsok\u00e1ra betelik, \u00e9s \u00fajabb levakolt szakaszr\u00f3l kell gondoskodni. &#8211; A Tokaji \u00cdr\u00f3t\u00e1bor cs\u00fct\u00f6rt\u00f6ki napl\u00f3j\u00e1t Zsille G\u00e1bor \u00edrta. Az\u00e9rt is&#8230;<\/p>\n","protected":false},"author":1,"featured_media":4194,"comment_status":"closed","ping_status":"closed","sticky":false,"template":"","format":"standard","meta":{"footnotes":""},"categories":[1],"tags":[],"class_list":["post-4193","post","type-post","status-publish","format-standard","has-post-thumbnail","hentry","category-hirek"],"_links":{"self":[{"href":"https:\/\/tokajiirotabor.hu\/irotabor_archiv\/wp-json\/wp\/v2\/posts\/4193"}],"collection":[{"href":"https:\/\/tokajiirotabor.hu\/irotabor_archiv\/wp-json\/wp\/v2\/posts"}],"about":[{"href":"https:\/\/tokajiirotabor.hu\/irotabor_archiv\/wp-json\/wp\/v2\/types\/post"}],"author":[{"embeddable":true,"href":"https:\/\/tokajiirotabor.hu\/irotabor_archiv\/wp-json\/wp\/v2\/users\/1"}],"replies":[{"embeddable":true,"href":"https:\/\/tokajiirotabor.hu\/irotabor_archiv\/wp-json\/wp\/v2\/comments?post=4193"}],"version-history":[{"count":4,"href":"https:\/\/tokajiirotabor.hu\/irotabor_archiv\/wp-json\/wp\/v2\/posts\/4193\/revisions"}],"predecessor-version":[{"id":4202,"href":"https:\/\/tokajiirotabor.hu\/irotabor_archiv\/wp-json\/wp\/v2\/posts\/4193\/revisions\/4202"}],"wp:featuredmedia":[{"embeddable":true,"href":"https:\/\/tokajiirotabor.hu\/irotabor_archiv\/wp-json\/wp\/v2\/media\/4194"}],"wp:attachment":[{"href":"https:\/\/tokajiirotabor.hu\/irotabor_archiv\/wp-json\/wp\/v2\/media?parent=4193"}],"wp:term":[{"taxonomy":"category","embeddable":true,"href":"https:\/\/tokajiirotabor.hu\/irotabor_archiv\/wp-json\/wp\/v2\/categories?post=4193"},{"taxonomy":"post_tag","embeddable":true,"href":"https:\/\/tokajiirotabor.hu\/irotabor_archiv\/wp-json\/wp\/v2\/tags?post=4193"}],"curies":[{"name":"wp","href":"https:\/\/api.w.org\/{rel}","templated":true}]}}