{"id":4176,"date":"2016-10-10T16:31:35","date_gmt":"2016-10-10T15:31:35","guid":{"rendered":"http:\/\/www.tokajiirotabor.hu\/?p=4176"},"modified":"2016-10-10T16:39:58","modified_gmt":"2016-10-10T15:39:58","slug":"mint-az-oxigen","status":"publish","type":"post","link":"https:\/\/tokajiirotabor.hu\/irotabor_archiv\/mint-az-oxigen\/","title":{"rendered":"Mint az oxig\u00e9n"},"content":{"rendered":"<p><img loading=\"lazy\" decoding=\"async\" class=\"alignleft wp-image-4177 size-thumbnail\" src=\"http:\/\/www.tokajiirotabor.hu\/wp-content\/uploads\/2016\/10\/szentmartoni_janos-150x150.jpg\" alt=\"szentmartoni_janos\" width=\"150\" height=\"150\" \/><\/p>\n<p>Andr\u00e1s S\u00e1ndor, Ferdinandy Gy\u00f6rgy, Makkai \u00c1d\u00e1m \u00e9s Papp Tibor vallom\u00e1sai a forradalom napjair\u00f3l, az emigr\u00e1ci\u00f3r\u00f3l, \u00e9s a felem\u00e1s \u00e9lm\u00e9ny\u0171 hazatelep\u00fcl\u00e9sr\u0151l sz\u00f3ltak. Az utols\u00f3 szemtan\u00fak \u2013 gondoltam megrend\u00fclten. &#8211; A Tokaji \u00cdr\u00f3t\u00e1bor szerdai napl\u00f3j\u00e1t Szentm\u00e1rtoni J\u00e1nos \u00edrta.<\/p>\n<p>Amikor el\u0151z\u0151 este meg\u00e9rkeztem, nem gondoltam volna, hogy ilyen flottul lezajlik a Tokaji \u00cdr\u00f3t\u00e1bor els\u0151 napja. Tudtam persze, hogy Papp-F\u00fcr Jancsi\u00e9k mindent alaposan el\u0151k\u00e9sz\u00edtettek, meg tartottuk is a kapcsolatot, de a biztons\u00e1g kedv\u00e9\u00e9rt mindig van bennem egy j\u00f3 adag aggodalom vagy ink\u00e1bb drukk. K\u00e9s\u0151 \u00e9jszak\u00e1ig dolgoztunk, utolj\u00e1ra m\u00e9g egyszer \u00e1tbesz\u00e9lt\u00fck mindh\u00e1rom nap programjait, \u00e9s \u00f6sszeraktuk a forgat\u00f3kat. Mivel Anita, Kinga \u00e9s Jancsi is \u00fcd\u00edt\u0151ztek, k\u00e9nytelen voltam mindek\u00f6zben egyed\u00fcl elsz\u00fcrcs\u00f6lgetni egy \u00fcveg rendk\u00edv\u00fcl finom bort. M\u00e1snap azt\u00e1n belev\u00e1gtunk.<\/p>\n<p style=\"text-align: justify;\">\u00c9vek \u00f3ta hagyom\u00e1ny, hogy egy-egy orsz\u00e1gos elismerts\u00e9gnek \u00f6rvend\u0151 sz\u00ednm\u0171v\u00e9szt cs\u00e1b\u00edtunk le k\u00f6z\u00e9nk a k\u00eds\u00e9r\u0151 programokon val\u00f3 szerepl\u00e9sre. Id\u00e9n Szarvas J\u00f3zsefet siker\u00fclt becserk\u00e9szn\u00fcnk, aki nagy \u00f6r\u00f6mmel fogadta el a megh\u00edv\u00e1sunkat. A R\u00e1k\u00f3czi Pincebeli megnyit\u00f3n Ol\u00e1h J\u00e1nos <em>A budai hegyek alatt<\/em> c\u00edm\u0171 vers\u00e9vel ind\u00edtottunk \u2013 J\u00f3ska megrend\u00edt\u0151en szavalta. A rendezv\u00e9ny sor\u00e1n elhangzott m\u00e9g \u00c1gh Istv\u00e1nt\u00f3l \u00e9s Buda Ferenct\u0151l is egy-egy gy\u00f6ny\u00f6r\u0171 vers.<\/p>\n<div id=\"attachment_4178\" style=\"width: 310px\" class=\"wp-caption aligncenter\"><img loading=\"lazy\" decoding=\"async\" aria-describedby=\"caption-attachment-4178\" class=\"wp-image-4178 size-medium\" src=\"http:\/\/www.tokajiirotabor.hu\/wp-content\/uploads\/2016\/10\/kep_1_Szarvas-300x200.jpg\" alt=\"kep_1_Szarvas\" width=\"300\" height=\"200\" srcset=\"https:\/\/tokajiirotabor.hu\/irotabor_archiv\/wp-content\/uploads\/2016\/10\/kep_1_Szarvas-300x200.jpg 300w, https:\/\/tokajiirotabor.hu\/irotabor_archiv\/wp-content\/uploads\/2016\/10\/kep_1_Szarvas.jpg 900w\" sizes=\"(max-width: 300px) 100vw, 300px\" \/><p id=\"caption-attachment-4178\" class=\"wp-caption-text\">Szarvas J\u00f3zsef<\/p><\/div>\n<p>&nbsp;<\/p>\n<p style=\"text-align: justify;\">Benk\u0151 Andrea muzeol\u00f3gus \u00e9s munkat\u00e1rsa egy rendhagy\u00f3 ki\u00e1ll\u00edt\u00e1st hozott el nek\u00fcnk a Pet\u0151fi Irodalmi M\u00fazeumb\u00f3l, amit a Tokaji Ferenc Gimn\u00e1zium aul\u00e1j\u00e1ban \u00e9s az egyik term\u00e9ben rendezt\u00fcnk be. Fentr\u0151l lel\u00f3gatott molin\u00f3kon 1956-os k\u00e9panyagok \u00e9s irodalmi id\u00e9zetek l\u00e1that\u00f3k-olvashat\u00f3k. A kisteremben pedig t\u00f6bb laptopnak \u00e9s kivet\u00edt\u0151nek k\u00f6sz\u00f6nhet\u0151en egy id\u0151utaz\u00e1sban vehet r\u00e9szt, aki be\u00fcl: h\u00e1rom v\u00e1sznon folyamatosan peregnek a forradalom k\u00e9pkock\u00e1i (arcok, versek, barik\u00e1dok\u2026).<\/p>\n<div id=\"attachment_4179\" style=\"width: 310px\" class=\"wp-caption aligncenter\"><img loading=\"lazy\" decoding=\"async\" aria-describedby=\"caption-attachment-4179\" class=\"wp-image-4179 size-medium\" src=\"http:\/\/www.tokajiirotabor.hu\/wp-content\/uploads\/2016\/10\/kep_3_kiallitas-300x200.jpg\" alt=\"kep_3_kiallitas\" width=\"300\" height=\"200\" srcset=\"https:\/\/tokajiirotabor.hu\/irotabor_archiv\/wp-content\/uploads\/2016\/10\/kep_3_kiallitas-300x200.jpg 300w, https:\/\/tokajiirotabor.hu\/irotabor_archiv\/wp-content\/uploads\/2016\/10\/kep_3_kiallitas.jpg 900w\" sizes=\"(max-width: 300px) 100vw, 300px\" \/><p id=\"caption-attachment-4179\" class=\"wp-caption-text\">1956 k\u00e9pekben<\/p><\/div>\n<p>&nbsp;<\/p>\n<p style=\"text-align: justify;\">Mivel Mezey Katalin kiss\u00e9 megcs\u00faszott id\u0151ben, felh\u00edvott \u00e9s megk\u00e9rt, hogy helyettes\u00edtsem, \u00edgy az els\u0151 plen\u00e1ris \u00fcl\u00e9st \u00e9n eln\u00f6k\u00f6ltem. Megeml\u00e9kezt\u00fcnk volt f\u0151szerkeszt\u0151mr\u0151l \u00e9s bar\u00e1tunkr\u00f3l, Ol\u00e1h J\u00e1nosr\u00f3l, aki n\u00e9lk\u00fcl m\u00e1r semmi nem lesz olyan, mint eddig. M\u0171hely\u00e9ben, a Magyar Napl\u00f3ban sokan bontogatt\u00e1k sz\u00e1rnyaikat, hal\u00e1l\u00e1val egy kicsit mindny\u00e1jan \u00e1rv\u00e1k lett\u00fcnk.<\/p>\n<p style=\"text-align: justify;\">Schmidt M\u00e1ria korm\u00e1nybiztos asszony p\u00e1r nappal ezel\u0151tt k\u00e9nytelen volt lemondania nyit\u00f3 el\u0151ad\u00e1s\u00e1t egy\u00e9b elfoglalts\u00e1gai miatt, de deleg\u00e1lt maga helyett egy fiatal t\u00f6rt\u00e9n\u00e9szt, a Terror H\u00e1za kutat\u00e1si igazgat\u00f3j\u00e1t \u00e9s az 1956-os Eml\u00e9kbizotts\u00e1g munkat\u00e1rs\u00e1t, B\u00e9k\u00e9s M\u00e1rtont. \u00d6r\u00fcltem neki, mert \u00edgy a nagy\u00e1gy\u00fak mellett egy fiatalember szem\u00fcveg\u00e9n \u00e1t is vizsg\u00e1lhattuk a forradalom irodalmi \u00f6r\u00f6ks\u00e9g\u00e9t. N\u00e9meth L\u00e1szl\u00f3 gondolataira f\u0171zte fel el\u0151ad\u00e1s\u00e1t, amely nem csup\u00e1n nagy \u00edr\u00f3nk \u00e9s gondolkod\u00f3nk szerep\u00e9t t\u00e1rgyalta, de az is kider\u00fclt, hogy N\u00e9meth L\u00e1szl\u00f3 szellemis\u00e9ge ir\u00e1nyt\u0171 volt az eml\u00e9k\u00e9v alapvet\u00e9seinek kidolgoz\u00e1s\u00e1ban is. El\u0151ad\u00e1st tartott m\u00e9g Gr\u00f3h G\u00e1sp\u00e1r, Kiss Gy. Csaba, Salamon Konr\u00e1d, akik sz\u00e1mos hozz\u00e1sz\u00f3l\u00e1st v\u00e1ltottak ki a nagysz\u00e1m\u00fa hallgat\u00f3s\u00e1g soraib\u00f3l.<\/p>\n<div id=\"attachment_4180\" style=\"width: 310px\" class=\"wp-caption aligncenter\"><img loading=\"lazy\" decoding=\"async\" aria-describedby=\"caption-attachment-4180\" class=\"wp-image-4180 size-medium\" src=\"http:\/\/www.tokajiirotabor.hu\/wp-content\/uploads\/2016\/10\/kep_2_nyitok-300x200.jpg\" alt=\"kep_2_nyitok\" width=\"300\" height=\"200\" srcset=\"https:\/\/tokajiirotabor.hu\/irotabor_archiv\/wp-content\/uploads\/2016\/10\/kep_2_nyitok-300x200.jpg 300w, https:\/\/tokajiirotabor.hu\/irotabor_archiv\/wp-content\/uploads\/2016\/10\/kep_2_nyitok.jpg 900w\" sizes=\"(max-width: 300px) 100vw, 300px\" \/><p id=\"caption-attachment-4180\" class=\"wp-caption-text\">Nyit\u00f3 el\u0151ad\u00f3k<\/p><\/div>\n<p>&nbsp;<\/p>\n<p style=\"text-align: justify;\">A kerekasztal-besz\u00e9lget\u00e9st olyan irodalm\u00e1roknak tervezt\u00fck, akik r\u00e9szt vettek a forradalomban, ami\u00e9rt meghurcolt\u00e1k \u0151ket \u00e9s\/vagy emigr\u00e1lni k\u00e9nyszer\u00fcltek. V\u00e9g\u00fcl csak Papp Tibor \u00e9s Pomog\u00e1ts B\u00e9la tudott elj\u00f6nni, akikkel Csontos J\u00e1nos besz\u00e9lgetett.<\/p>\n<p style=\"text-align: justify;\">A vacsor\u00e1t k\u00f6vet\u0151en a felt\u00f6ltekez\u00e9s \u00e9s a sz\u00f3rakoz\u00e1s ideje j\u00f6tt el. A Paulay Ede Sz\u00ednh\u00e1zban egy friss (az utols\u00f3 pillanatra elk\u00e9sz\u00fclt) riportfilmet n\u00e9zhett\u00fcnk meg <em>Hazat\u00e9r\u0151k<\/em> c\u00edmmel. Er\u0151s Kinga, Csontos J\u00e1nos \u00e9s Szab\u00f3 Mih\u00e1ly alkot\u00e1sa olyan \u00edr\u00f3kat sz\u00f3l\u00edt meg, akik 1956-ban k\u00e9nytelenek voltak elhagyni haz\u00e1nkat, \u00e9s k\u00fclf\u00f6ld\u00f6n \u00e9p\u00edteni fel az \u00e9let\u00fcket, s akik csak a rendszerv\u00e1lt\u00e1s ut\u00e1n j\u00f6hettek haza v\u00e9gleg. Andr\u00e1s S\u00e1ndor, Ferdinandy Gy\u00f6rgy, Makkai \u00c1d\u00e1m \u00e9s Papp Tibor vallom\u00e1sai a forradalom napjair\u00f3l, az emigr\u00e1ci\u00f3r\u00f3l, \u00e9s a felem\u00e1s \u00e9lm\u00e9ny\u0171 hazatelep\u00fcl\u00e9sr\u0151l sz\u00f3ltak. Az utols\u00f3 szemtan\u00fak \u2013 gondoltam megrend\u00fclten. S hogy ezt a fiataloknak is l\u00e1tniuk kell. H\u00e1l\u2019istennek ott \u00fcltek az idei M\u00f3ricz-\u00f6szt\u00f6nd\u00edjasok is a n\u00e9z\u0151t\u00e9ren, rem\u00e9lem, nem m\u00falt el nyomtalanul benn\u00fck. Ma megk\u00e9rdem \u0151ket.<\/p>\n<div id=\"attachment_4181\" style=\"width: 310px\" class=\"wp-caption aligncenter\"><img loading=\"lazy\" decoding=\"async\" aria-describedby=\"caption-attachment-4181\" class=\"wp-image-4181 size-medium\" src=\"http:\/\/www.tokajiirotabor.hu\/wp-content\/uploads\/2016\/10\/kep_4_fiatalok-300x200.jpg\" alt=\"kep_4_fiatalok\" width=\"300\" height=\"200\" srcset=\"https:\/\/tokajiirotabor.hu\/irotabor_archiv\/wp-content\/uploads\/2016\/10\/kep_4_fiatalok-300x200.jpg 300w, https:\/\/tokajiirotabor.hu\/irotabor_archiv\/wp-content\/uploads\/2016\/10\/kep_4_fiatalok.jpg 900w\" sizes=\"(max-width: 300px) 100vw, 300px\" \/><p id=\"caption-attachment-4181\" class=\"wp-caption-text\">M\u00f3ricz-\u00f6szt\u00f6nd\u00edjasok estje<\/p><\/div>\n<p>&nbsp;<\/p>\n<p style=\"text-align: justify;\">A koncertet k\u00f6vet\u0151en \u00e9pp \u0151k k\u00f6vetkeztek, a viharos id\u0151 miatt a R\u00e1k\u00f3czi terasza helyett a gimiben tartottuk meg a felolvas\u00e1sukat. J\u00f3 volt hallgatni \u0151ket. Kezdeti megszeppen\u00e9s\u00fck hamar kiold\u00f3dott bel\u0151l\u00fck, \u00e9s remek versekkel, novellar\u00e9szletekkel aj\u00e1nd\u00e9koztak meg minket. A napot a Fanfara Complexa fergeteges koncertje z\u00e1rta.<\/p>\n<p style=\"text-align: justify;\">De z\u00e1r\u00e1sk\u00e9pp hadd l\u00e9pjek vissza a sz\u00ednh\u00e1zba egy gondolat erej\u00e9ig. Sz\u00e1momra ott volt a tet\u0151pont. Ferenczi Gyuri\u00e9kat r\u00e9g\u00f3ta hallgatom, szeretem. A G\u00e9recz Attila-CD-j\u00fcket is ismerem, \u00e9s rendk\u00edv\u00fcl h\u00e1l\u00e1s vagyok \u00e9rte, hogy olyan k\u00f6r\u00f6kbe is elviszik a 27 \u00e9vesen h\u0151si hal\u00e1lt halt \u201ef\u00fcveskerti\u201d k\u00f6lt\u0151 verseit, ahol am\u00fagy nem hallhatn\u00e1nak r\u00f3la. De mindez most \u00e9l\u0151ben rabul ejtett. Az az al\u00e1zat, term\u00e9szetess\u00e9g, \u00e1t\u00e9lts\u00e9g, hiteless\u00e9g \u00e9s virtuozit\u00e1s, amely m\u00e9g a kukacos \u00edr\u00f3kat is lebilincselte \u2013 p\u00e9lda\u00e9rt\u00e9k\u0171. Gyuri tudta, hova j\u00f6n, kiknek fognak j\u00e1tszani. Minden hangszer visszafogottan, bens\u0151s\u00e9gesen sz\u00f3lt. A Rackajam \u00e9letre keltette Attil\u00e1t. A v\u00e9g\u00e9n csak annyit tudtam mondani nekik, hogy soha ne hagyj\u00e1k abba. Mert \u00fagy kell ez mindenkinek, mint az oxig\u00e9n.<\/p>\n<div id=\"attachment_4182\" style=\"width: 310px\" class=\"wp-caption aligncenter\"><img loading=\"lazy\" decoding=\"async\" aria-describedby=\"caption-attachment-4182\" class=\"wp-image-4182 size-medium\" src=\"http:\/\/www.tokajiirotabor.hu\/wp-content\/uploads\/2016\/10\/kep_5_ferenczi-300x200.jpg\" alt=\"kep_5_ferenczi\" width=\"300\" height=\"200\" srcset=\"https:\/\/tokajiirotabor.hu\/irotabor_archiv\/wp-content\/uploads\/2016\/10\/kep_5_ferenczi-300x200.jpg 300w, https:\/\/tokajiirotabor.hu\/irotabor_archiv\/wp-content\/uploads\/2016\/10\/kep_5_ferenczi.jpg 900w\" sizes=\"(max-width: 300px) 100vw, 300px\" \/><p id=\"caption-attachment-4182\" class=\"wp-caption-text\">Ferenczi Gy\u00f6rgy<\/p><\/div>\n<p style=\"text-align: right;\">\n<p style=\"text-align: right;\"><strong><em>Szentm\u00e1rtoni J\u00e1nos<\/em><\/strong><br \/>\n<strong><em>Tokaji \u00cdr\u00f3t\u00e1bor<\/em><\/strong><br \/>\n<strong><em>eln\u00f6k<\/em><\/strong><\/p>\n","protected":false},"excerpt":{"rendered":"<p>Andr\u00e1s S\u00e1ndor, Ferdinandy Gy\u00f6rgy, Makkai \u00c1d\u00e1m \u00e9s Papp Tibor vallom\u00e1sai a forradalom napjair\u00f3l, az emigr\u00e1ci\u00f3r\u00f3l, \u00e9s a felem\u00e1s \u00e9lm\u00e9ny\u0171 hazatelep\u00fcl\u00e9sr\u0151l sz\u00f3ltak. Az utols\u00f3 szemtan\u00fak \u2013 gondoltam megrend\u00fclten. &#8211; A Tokaji \u00cdr\u00f3t\u00e1bor szerdai napl\u00f3j\u00e1t Szentm\u00e1rtoni J\u00e1nos \u00edrta. Amikor el\u0151z\u0151 este meg\u00e9rkeztem,&#8230;<\/p>\n","protected":false},"author":1,"featured_media":4177,"comment_status":"closed","ping_status":"closed","sticky":false,"template":"","format":"standard","meta":{"footnotes":""},"categories":[1],"tags":[],"class_list":["post-4176","post","type-post","status-publish","format-standard","has-post-thumbnail","hentry","category-hirek"],"_links":{"self":[{"href":"https:\/\/tokajiirotabor.hu\/irotabor_archiv\/wp-json\/wp\/v2\/posts\/4176"}],"collection":[{"href":"https:\/\/tokajiirotabor.hu\/irotabor_archiv\/wp-json\/wp\/v2\/posts"}],"about":[{"href":"https:\/\/tokajiirotabor.hu\/irotabor_archiv\/wp-json\/wp\/v2\/types\/post"}],"author":[{"embeddable":true,"href":"https:\/\/tokajiirotabor.hu\/irotabor_archiv\/wp-json\/wp\/v2\/users\/1"}],"replies":[{"embeddable":true,"href":"https:\/\/tokajiirotabor.hu\/irotabor_archiv\/wp-json\/wp\/v2\/comments?post=4176"}],"version-history":[{"count":9,"href":"https:\/\/tokajiirotabor.hu\/irotabor_archiv\/wp-json\/wp\/v2\/posts\/4176\/revisions"}],"predecessor-version":[{"id":4191,"href":"https:\/\/tokajiirotabor.hu\/irotabor_archiv\/wp-json\/wp\/v2\/posts\/4176\/revisions\/4191"}],"wp:featuredmedia":[{"embeddable":true,"href":"https:\/\/tokajiirotabor.hu\/irotabor_archiv\/wp-json\/wp\/v2\/media\/4177"}],"wp:attachment":[{"href":"https:\/\/tokajiirotabor.hu\/irotabor_archiv\/wp-json\/wp\/v2\/media?parent=4176"}],"wp:term":[{"taxonomy":"category","embeddable":true,"href":"https:\/\/tokajiirotabor.hu\/irotabor_archiv\/wp-json\/wp\/v2\/categories?post=4176"},{"taxonomy":"post_tag","embeddable":true,"href":"https:\/\/tokajiirotabor.hu\/irotabor_archiv\/wp-json\/wp\/v2\/tags?post=4176"}],"curies":[{"name":"wp","href":"https:\/\/api.w.org\/{rel}","templated":true}]}}