{"id":4163,"date":"2016-10-03T07:02:32","date_gmt":"2016-10-03T06:02:32","guid":{"rendered":"http:\/\/www.tokajiirotabor.hu\/?p=4163"},"modified":"2016-10-03T07:10:38","modified_gmt":"2016-10-03T06:10:38","slug":"a-teendoknek-sosincs-vege","status":"publish","type":"post","link":"https:\/\/tokajiirotabor.hu\/irotabor_archiv\/a-teendoknek-sosincs-vege\/","title":{"rendered":"A teend\u0151knek sosincs v\u00e9ge&#8230;"},"content":{"rendered":"<div id=\"attachment_4164\" style=\"width: 160px\" class=\"wp-caption alignright\"><img loading=\"lazy\" decoding=\"async\" aria-describedby=\"caption-attachment-4164\" class=\"wp-image-4164 size-thumbnail\" src=\"http:\/\/www.tokajiirotabor.hu\/wp-content\/uploads\/2016\/10\/10991071_papp_fur_portre-150x150.jpg\" alt=\"10991071_papp_fur_portre\" width=\"150\" height=\"150\" srcset=\"https:\/\/tokajiirotabor.hu\/irotabor_archiv\/wp-content\/uploads\/2016\/10\/10991071_papp_fur_portre-150x150.jpg 150w, https:\/\/tokajiirotabor.hu\/irotabor_archiv\/wp-content\/uploads\/2016\/10\/10991071_papp_fur_portre-300x300.jpg 300w, https:\/\/tokajiirotabor.hu\/irotabor_archiv\/wp-content\/uploads\/2016\/10\/10991071_papp_fur_portre.jpg 400w\" sizes=\"(max-width: 150px) 100vw, 150px\" \/><p id=\"caption-attachment-4164\" class=\"wp-caption-text\">Papp-F\u00fcr J\u00e1nos<\/p><\/div>\n<p style=\"text-align: justify;\">A <em>Nehogy egyed\u00fcl<\/em> c\u00edm\u0171 k\u00f6nyv k\u00e9zirat\u00e1t Ol\u00e1h J\u00e1noson k\u00edv\u00fcl akkor m\u00e9g senki nem tartotta \u00e9rt\u00e9kes, kiadhat\u00f3 anyagnak, tulajdonk\u00e9ppen neki \u00e9s a Magyar Napl\u00f3 Kiad\u00f3nak k\u00f6sz\u00f6nhetem a k\u00f6lt\u0151i p\u00e1ly\u00e1m min\u0151s\u00e9gi ir\u00e1nyba val\u00f3 eltol\u00f3d\u00e1s\u00e1t \u00e9s az irodalmi \u00e9letbe val\u00f3 becsatlakoz\u00e1st.<\/p>\n<p style=\"text-align: justify;\">&#8211; A Tokaji \u00cdr\u00f3t\u00e1bor keddi napl\u00f3j\u00e1t Papp-F\u00fcr J\u00e1nos \u00edrta.<\/p>\n<p>&nbsp;<\/p>\n<p>&nbsp;<\/p>\n<div style=\"text-align: justify;\">Kedd reggel arra a hossz\u00fa teend\u0151list\u00e1ra \u00e9bredek, amit m\u00e9g el\u0151z\u0151 \u00e9jszaka v\u00e9giggondoltam. Egy gyors reggeli, a brig\u00e1d tagjai k\u00f6z\u00f6tt sz\u00e9tosztjuk a teend\u0151ket, \u00e9s a k\u00f6vetkez\u0151 pillanatban m\u00e1r a gimn\u00e1zium aul\u00e1j\u00e1ban vagyok, ahol m\u00e1r nagy a s\u00fcrg\u00e9s, forg\u00e1s. A technikai szem\u00e9lyzet, a hangos\u00edt\u00e1s\u00e9rt, k\u00e9p- \u00e9s hanganyag r\u00f6gz\u00edt\u00e9s\u00e9\u00e9rt felel\u0151s csoport m\u00e1r \u00e9pp a plen\u00e1ris \u00fcl\u00e9sek el\u0151ad\u00f3i asztalaira helyezi ki a mikrofonokat. Kilom\u00e9ternyi vezet\u00e9ket, eloszt\u00f3kat csatlakoztatnak er\u0151s\u00edt\u0151kh\u00f6z, kever\u0151pultokhoz, laptopokhoz, projektorokhoz, v\u00e9gfokokhoz, pr\u00f3ba felv\u00e9teleket k\u00e9sz\u00edtenek \u00e9s r\u00e1j\u00f6v\u00f6k, hogy semmit nem \u00e9rtek az engem k\u00f6r\u00fclvev\u0151 k\u00e1oszb\u00f3l.<\/div>\n<p>&nbsp;<\/p>\n<div id=\"attachment_4165\" style=\"width: 310px\" class=\"wp-caption aligncenter\"><a href=\"http:\/\/www.tokajiirotabor.hu\/wp-content\/uploads\/2016\/10\/1._kep_Kelemen_Laszlo.jpg\"><img loading=\"lazy\" decoding=\"async\" aria-describedby=\"caption-attachment-4165\" class=\"wp-image-4165 size-medium\" src=\"http:\/\/www.tokajiirotabor.hu\/wp-content\/uploads\/2016\/10\/1._kep_Kelemen_Laszlo-300x171.jpg\" alt=\"1._kep_Kelemen_Laszlo\" width=\"300\" height=\"171\" srcset=\"https:\/\/tokajiirotabor.hu\/irotabor_archiv\/wp-content\/uploads\/2016\/10\/1._kep_Kelemen_Laszlo-300x171.jpg 300w, https:\/\/tokajiirotabor.hu\/irotabor_archiv\/wp-content\/uploads\/2016\/10\/1._kep_Kelemen_Laszlo.jpg 900w\" sizes=\"(max-width: 300px) 100vw, 300px\" \/><\/a><p id=\"caption-attachment-4165\" class=\"wp-caption-text\">Kelemen L\u00e1szlo<\/p><\/div>\n<p style=\"text-align: justify;\">\n<p style=\"text-align: justify;\">\u00c1ts\u00e9t\u00e1lok a m\u00e1sik terembe, ahol m\u00e1r nagyban zajlik a Pet\u0151fi Irodalmi M\u00fazeum <em>Gond \u00e9s Hitvall\u00e1s 1956<\/em> c\u00edm\u0171 ki\u00e1ll\u00edt\u00e1s\u00e1nak fel\u00e9p\u00edt\u00e9se.\u00a0Direkt haszn\u00e1lom ezt a sz\u00f3t, hogy \u00e9p\u00edt\u00e9s, mert a ki\u00e1ll\u00edt\u00e1st sz\u00f3 szerint fel kell \u00e9p\u00edteni, r\u00e1ad\u00e1sul k\u00e9t helysz\u00ednen. Az aul\u00e1ban tal\u00e1lhat\u00f3 a ki\u00e1ll\u00edt\u00e1s tulajdonk\u00e9ppeni el\u0151szob\u00e1ja, ahol tizenh\u00e1rom st\u00e1ci\u00f3n kereszt\u00fcl mutatja be mag\u00e1t a ki\u00e1ll\u00edt\u00e1s, egy-egy k\u00e9t m\u00e9ter hossz\u00fa, a gal\u00e9ri\u00e1r\u00f3l lel\u00f3gatott molin\u00f3val, melyet k\u00f6rbe lehet j\u00e1rni \u00e9s kell is, hiszen mindk\u00e9t oldala fontos inform\u00e1ci\u00f3kat hordoz mag\u00e1val. A m\u00e1sik helyis\u00e9g egy olyan teljesen les\u00f6t\u00e9t\u00edtett terem, melynek a falait beburkoltuk egy teljesen homog\u00e9n, feh\u00e9r ponyv\u00e1val, amelyre egyszerre n\u00e9gy r\u00f6vid kisfilmet is fogunk vet\u00edteni, mik\u00f6zben a h\u00e1tt\u00e9rben Beethoven hetedik szimf\u00f3ni\u00e1ja lesz majd hallhat\u00f3. Visszamegyek a koll\u00e9giumi irod\u00e1ba, r\u00e1n\u00e9zek a teend\u0151list\u00e1ra, \u00e9s elindulok a m\u00e1r elk\u00e9sz\u00fclt hord\u00f3 d\u00edjak\u00e9rt, megrendelem a mohakoszor\u00fat a tiszalad\u00e1nyi koszor\u00faz\u00e1shoz \u00e9s a fogad\u00e1shoz az asztali d\u00edszeket.<\/p>\n<p style=\"text-align: justify;\">Eb\u00e9d ut\u00e1n m\u00e1r igyekszem arra koncentr\u00e1lni, hogy a d\u00e9lut\u00e1ni \u00f3r\u00e1kban meg\u00e9rkezik az eln\u00f6ks\u00e9g egy r\u00e9sze, Er\u0151s Kinga \u00e9s Szentm\u00e1rtoni J\u00e1nos \u00e9s a Tokaji \u00cdr\u00f3t\u00e1bor idei sz\u00edn\u00e9sze, Szarvas J\u00f3zsef \u00e9s csal\u00e1dja. Gyors iramban neki\u00e1llunk a forgat\u00f3k\u00f6nyvek v\u00e9gleges\u00edt\u00e9s\u00e9nek, programr\u00f3l programra, pontr\u00f3l pontra \u00e1tvesz\u00fcnk mindent.<br \/>\nEzen a napon m\u00e1r k\u00f6zel negyven t\u00e1borlak\u00f3 \u00e9rkezik, akiknek m\u00e1r biztos\u00edtani kell a sz\u00e1ll\u00e1st \u00e9s \u00e9tkez\u00e9st. Ekkor jut eszembe, hogy a heti men\u00fcsort m\u00e9g nem is ellen\u0151riztem, amit amint id\u0151m engedi, p\u00f3tolni fogok.<\/p>\n<p style=\"text-align: justify;\">\u00dagy \u00e9rzem, sz\u00e9pen k\u00f6rvonalaz\u00f3dik a t\u00e1bor meg\u00e1lmodott alakja, \u00e9ppen csak n\u00e9h\u00e1ny kiv\u00e9tellel, minden el\u0151ad\u00f3 r\u00e9szt tud venni a tan\u00e1cskoz\u00e1sokon, a k\u00eds\u00e9r\u0151programok is sz\u00e9pen \u00f6ssze\u00e1lltak, lesz sz\u00ednh\u00e1z, koncert, ki\u00e1ll\u00edt\u00e1s, felolvas\u00e1s, el\u0151ad\u00e1s, kerekasztalbesz\u00e9lget\u00e9s, koszor\u00faz\u00e1s, bork\u00f3stol\u00f3, de sajnos egy megeml\u00e9kez\u00e9s is.<\/p>\n<p style=\"text-align: justify;\">M\u00e1r-m\u00e1r minden t\u00f6k\u00e9letes lenne, de egy valami m\u00e9gis be\u00e1rny\u00e9kolja el\u00e9gedetts\u00e9gemet, m\u00e9gpedig egy remek \u00edr\u00f3, k\u00f6lt\u0151, szerkeszt\u0151 \u00e9s egyben a kiad\u00f3m vezet\u0151j\u00e9nek, Ol\u00e1h J\u00e1nosnak a hal\u00e1la, \u00e9s temet\u00e9s\u00e9nek k\u00f6zels\u00e9ge. \u00c9n szem\u00e9lyesen is nagyon sokat k\u00f6sz\u00f6nhetek neki, hiszen az els\u0151 \u00e1ltalam is valamire val\u00f3nak, min\u0151s\u00e9ginek \u00e9rzett k\u00f6tetem n\u00e1luk jelent meg. A <em>Nehogy egyed\u00fcl<\/em> c\u00edm\u0171 k\u00f6nyv k\u00e9zirat\u00e1t Ol\u00e1h J\u00e1noson k\u00edv\u00fcl akkor m\u00e9g senki nem tartotta \u00e9rt\u00e9kes, kiadhat\u00f3 anyagnak, tulajdonk\u00e9ppen neki \u00e9s a Magyar Napl\u00f3 Kiad\u00f3nak k\u00f6sz\u00f6nhetem a k\u00f6lt\u0151i p\u00e1ly\u00e1m min\u0151s\u00e9gi ir\u00e1nyba val\u00f3 eltol\u00f3d\u00e1s\u00e1t \u00e9s az irodalmi \u00e9letbe val\u00f3 becsatlakoz\u00e1st.<\/p>\n<div id=\"attachment_4166\" style=\"width: 248px\" class=\"wp-caption aligncenter\"><a href=\"http:\/\/www.tokajiirotabor.hu\/wp-content\/uploads\/2016\/10\/2._kep_Olah_Janos.jpg\"><img loading=\"lazy\" decoding=\"async\" aria-describedby=\"caption-attachment-4166\" class=\"wp-image-4166 size-medium\" src=\"http:\/\/www.tokajiirotabor.hu\/wp-content\/uploads\/2016\/10\/2._kep_Olah_Janos-238x300.jpg\" alt=\"2._kep_Olah_Janos\" width=\"238\" height=\"300\" srcset=\"https:\/\/tokajiirotabor.hu\/irotabor_archiv\/wp-content\/uploads\/2016\/10\/2._kep_Olah_Janos-238x300.jpg 238w, https:\/\/tokajiirotabor.hu\/irotabor_archiv\/wp-content\/uploads\/2016\/10\/2._kep_Olah_Janos.jpg 510w\" sizes=\"(max-width: 238px) 100vw, 238px\" \/><\/a><p id=\"caption-attachment-4166\" class=\"wp-caption-text\">Ol\u00e1h J\u00e1nos<\/p><\/div>\n<p style=\"text-align: justify;\">\n<p style=\"text-align: justify;\">De a t\u00e1bornak \u00e9s a szervez\u00e9snek mennie kell tov\u00e1bb. Egy ilyen \u00edr\u00f3t\u00e1bor megval\u00f3s\u00edt\u00e1sa \u00e9s lebonyol\u00edt\u00e1sa rendk\u00edv\u00fcl \u00f6sszetett feladat. Maxim\u00e1lis figyelmet ig\u00e9nyel, nem csup\u00e1n a szervez\u00e9s \u00e9s az operat\u00edv munka, hanem az is, hogy a programegys\u00e9gek k\u00fcl\u00f6n k\u00fcl\u00f6n is \u00e9s nagy \u00f6sszess\u00e9g\u00fckben, glob\u00e1lisan is m\u0171k\u00f6d\u0151k\u00e9pesek, \u00e9rv\u00e9nyesek \u00e9s hasznosak legyenek ne csup\u00e1n az irodalmi k\u00f6zegnek, hanem a k\u00fcls\u0151 idel\u00e1togat\u00f3 \u00e9rdekl\u0151d\u0151knek egyar\u00e1nt.<\/p>\n<p style=\"text-align: right;\"><em><strong>Papp-F\u00fcr J\u00e1nos<\/strong><\/em><\/p>\n<p class=\"author\" style=\"text-align: right;\"><b>Tokaji \u00cdr\u00f3t\u00e1bor<\/b><\/p>\n","protected":false},"excerpt":{"rendered":"<p>A Nehogy egyed\u00fcl c\u00edm\u0171 k\u00f6nyv k\u00e9zirat\u00e1t Ol\u00e1h J\u00e1noson k\u00edv\u00fcl akkor m\u00e9g senki nem tartotta \u00e9rt\u00e9kes, kiadhat\u00f3 anyagnak, tulajdonk\u00e9ppen neki \u00e9s a Magyar Napl\u00f3 Kiad\u00f3nak k\u00f6sz\u00f6nhetem a k\u00f6lt\u0151i p\u00e1ly\u00e1m min\u0151s\u00e9gi ir\u00e1nyba val\u00f3 eltol\u00f3d\u00e1s\u00e1t \u00e9s az irodalmi \u00e9letbe val\u00f3 becsatlakoz\u00e1st. &#8211; A&#8230;<\/p>\n","protected":false},"author":1,"featured_media":4164,"comment_status":"closed","ping_status":"closed","sticky":false,"template":"","format":"standard","meta":{"footnotes":""},"categories":[1],"tags":[],"class_list":["post-4163","post","type-post","status-publish","format-standard","has-post-thumbnail","hentry","category-hirek"],"_links":{"self":[{"href":"https:\/\/tokajiirotabor.hu\/irotabor_archiv\/wp-json\/wp\/v2\/posts\/4163"}],"collection":[{"href":"https:\/\/tokajiirotabor.hu\/irotabor_archiv\/wp-json\/wp\/v2\/posts"}],"about":[{"href":"https:\/\/tokajiirotabor.hu\/irotabor_archiv\/wp-json\/wp\/v2\/types\/post"}],"author":[{"embeddable":true,"href":"https:\/\/tokajiirotabor.hu\/irotabor_archiv\/wp-json\/wp\/v2\/users\/1"}],"replies":[{"embeddable":true,"href":"https:\/\/tokajiirotabor.hu\/irotabor_archiv\/wp-json\/wp\/v2\/comments?post=4163"}],"version-history":[{"count":8,"href":"https:\/\/tokajiirotabor.hu\/irotabor_archiv\/wp-json\/wp\/v2\/posts\/4163\/revisions"}],"predecessor-version":[{"id":4174,"href":"https:\/\/tokajiirotabor.hu\/irotabor_archiv\/wp-json\/wp\/v2\/posts\/4163\/revisions\/4174"}],"wp:featuredmedia":[{"embeddable":true,"href":"https:\/\/tokajiirotabor.hu\/irotabor_archiv\/wp-json\/wp\/v2\/media\/4164"}],"wp:attachment":[{"href":"https:\/\/tokajiirotabor.hu\/irotabor_archiv\/wp-json\/wp\/v2\/media?parent=4163"}],"wp:term":[{"taxonomy":"category","embeddable":true,"href":"https:\/\/tokajiirotabor.hu\/irotabor_archiv\/wp-json\/wp\/v2\/categories?post=4163"},{"taxonomy":"post_tag","embeddable":true,"href":"https:\/\/tokajiirotabor.hu\/irotabor_archiv\/wp-json\/wp\/v2\/tags?post=4163"}],"curies":[{"name":"wp","href":"https:\/\/api.w.org\/{rel}","templated":true}]}}