{"id":4153,"date":"2016-09-27T07:58:40","date_gmt":"2016-09-27T06:58:40","guid":{"rendered":"http:\/\/www.tokajiirotabor.hu\/?p=4153"},"modified":"2016-09-27T08:07:43","modified_gmt":"2016-09-27T07:07:43","slug":"a-kaosz-az-jo","status":"publish","type":"post","link":"https:\/\/tokajiirotabor.hu\/irotabor_archiv\/a-kaosz-az-jo\/","title":{"rendered":"A k\u00e1osz, az j\u00f3"},"content":{"rendered":"<p style=\"text-align: justify;\">M\u00e9g v\u00e9ge sem lett az el\u0151z\u0151nek, m\u00e1r j\u00f6n is a k\u00f6vetkez\u0151. Tavaly m\u00e9g olyan t\u00e1volinak t\u0171nt, de \u2013ha a szervez\u0151 munk\u00e1latokat vessz\u00fck figyelembe- a munka v\u00e9get sem \u00e9rt. 2015 augusztus\u00e1ban v\u00e9get \u00e9rt 43., szeptemberben pedig elkezdt\u00fck szervezni a 44. Tokaji \u00cdr\u00f3t\u00e1bort.<\/p>\n<p style=\"text-align: justify;\">Szinte ki sem pihent\u00fck magunkat, \u00e9ppen egy nagy leveg\u0151v\u00e9telre volt id\u0151, m\u00e1r cs\u00f6rg\u00f6tt a telefon; \u201eAni, nka.hu, a sz\u00e9pirodalom koll\u00e9gium ki\u00edrta a p\u00e1ly\u00e1zatot, amint tudsz, ir\u00e1ny B\u00f6sz\u00f6rm\u00e9ny, munka van!\u201d Hurr\u00e1! Az \u00f6r\u00f6m\u00f6m nem volt t\u00fal \u0151szinte, de mi n\u00e9gyen, akik akt\u00edvan kivessz\u00fck a r\u00e9sz\u00fcnket a szervez\u00e9sb\u0151l, igaz\u00e1n \u00f6sszeszokott csapat vagyunk, akikkel j\u00f3 dolgozni, j\u00f3 a hangulat \u00e9s igazi csapatk\u00e9nt tudunk hat\u00e9konyan egy\u00fcttm\u0171k\u00f6dni.<\/p>\n<p style=\"text-align: justify;\">A p\u00e1ly\u00e1zati ki\u00edr\u00e1sok csak j\u00f6ttek \u00e9s j\u00f6ttek, \u00e9s mi be is adtuk sorra mind, id\u0151ben. A gyakorlati munka m\u00e9gis m\u00e1rciusban kezd\u0151d\u00f6tt, amikor a Tokaji \u00cdr\u00f3t\u00e1bor Egyes\u00fclet megtartotta az \u00e9ves k\u00f6zgy\u0171l\u00e9s\u00e9t, ahol \u2013 m\u00e9g ha kezdetleges \u00e1llapotban is &#8211; megsz\u00fcletett a 44. Tokaji \u00cdr\u00f3t\u00e1bor programterve, az egyes\u00fcleti tags\u00e1g javaslatai alapj\u00e1n.<\/p>\n<p style=\"text-align: justify;\">Az eln\u00f6ks\u00e9g ir\u00e1nymutat\u00e1s\u00e1val megkezdt\u00fck az el\u0151ad\u00f3k felk\u00e9r\u00e9s\u00e9t, a megh\u00edv\u00f3k \u00e9s programf\u00fczetek szerkeszt\u00e9s\u00e9t, az idei hord\u00f3 d\u00edjasaink ki\u00e9rtes\u00edt\u00e9s\u00e9t, a sz\u00e1llodai szob\u00e1k lefoglal\u00e1s\u00e1t \u00e9s megkezd\u0151d\u00f6tt a rendszeres levelez\u00e9s a koll\u00e9gium gondnok\u00e1val, Harmati Tiborral. Tibor egy eg\u00e9szen k\u00fcl\u00f6nleges szem\u00e9lye az \u00edr\u00f3t\u00e1bornak, n\u00e9lk\u00fcl\u00f6zhetetlen, gondolatolvas\u00f3, alig kezdek el egy mondatot, \u0151 fejezi be helyettem. Szerd\u00e1n d\u00e9lut\u00e1n kett\u0151kor egy rendhagy\u00f3, k\u00fcl\u00f6nleges ki\u00e1ll\u00edt\u00e1s megnyit\u00f3j\u00e1ra fog sor ker\u00fclni, aminek az el\u0151zetes munk\u00e1latai hetekkel ezel\u0151ttre tehet\u0151k, amikor is a Pet\u0151fi Irodalmi M\u00fazeum k\u00e9t munkat\u00e1rsa, \u00e9s Tibor \u00f6ssze\u00fcltek, hogy a technikai r\u00e9szleteket megbesz\u00e9lj\u00e9k. Benk\u0151 Andrea, aki a ki\u00e1ll\u00edt\u00e1st fogja megnyitni, lelkesen magyar\u00e1zta, hogy mit \u00e9s hogyan k\u00e9pzelt, milyen anyagokb\u00f3l, ami egy h\u00e9tk\u00f6znapi embernek tot\u00e1l k\u00ednai, de Tibor csak b\u00f3logatott \u00e9s mindent a k\u00e9rtek szerint meg is val\u00f3s\u00edtott id\u0151re.<\/p>\n<p style=\"text-align: center;\"><a href=\"http:\/\/www.tokajiirotabor.hu\/wp-content\/uploads\/2016\/09\/tokaj_0809_1.jpg\"><img loading=\"lazy\" decoding=\"async\" class=\"aligncenter wp-image-4157\" src=\"http:\/\/www.tokajiirotabor.hu\/wp-content\/uploads\/2016\/09\/tokaj_0809_1-1024x768.jpg\" alt=\"tokaj_0809_1\" width=\"589\" height=\"442\" srcset=\"https:\/\/tokajiirotabor.hu\/irotabor_archiv\/wp-content\/uploads\/2016\/09\/tokaj_0809_1-1024x768.jpg 1024w, https:\/\/tokajiirotabor.hu\/irotabor_archiv\/wp-content\/uploads\/2016\/09\/tokaj_0809_1-300x225.jpg 300w\" sizes=\"(max-width: 589px) 100vw, 589px\" \/><\/a><\/p>\n<p style=\"text-align: center;\"><strong>Posta J\u00e1nos, Papp-F\u00fcr J\u00e1nos, Harmati Tibor, V\u00e1nyai Anita, G\u00e1ln\u00e9 Mez\u0151 Ivett<\/strong><\/p>\n<p style=\"text-align: justify;\">De t\u00e9rj\u00fcnk vissza a mi munk\u00e1nkra. Vas\u00e1rnap d\u00e9lut\u00e1n \u00f6ssze\u00fclt a b\u00f6sz\u00f6rm\u00e9nyi brig\u00e1d \u00e9s mindent dobozokba pakoltunk, az \u00f6sszes megc\u00edmzett bor\u00edt\u00e9kot a jelentkez\u0151knek \u00e9s el\u0151ad\u00f3knak, az utols\u00f3 t\u0171z\u0151g\u00e9pig \u00e9s jegyzetlapokra \u00edrt telefonsz\u00e1mokig minden Tokajba k\u00f6lt\u00f6z\u00f6tt az irod\u00e1nkb\u00f3l, ahov\u00e1 m\u00e1r ismer\u0151sk\u00e9nt t\u00e9rhett\u00fcnk vissza h\u00e9tf\u0151 reggel 8-kor.<\/p>\n<p style=\"text-align: center;\"><img loading=\"lazy\" decoding=\"async\" class=\"aligncenter wp-image-4159\" src=\"http:\/\/www.tokajiirotabor.hu\/wp-content\/uploads\/2016\/09\/tokaj_0809.jpg\" alt=\"tokaj_0809\" width=\"589\" height=\"367\" srcset=\"https:\/\/tokajiirotabor.hu\/irotabor_archiv\/wp-content\/uploads\/2016\/09\/tokaj_0809.jpg 960w, https:\/\/tokajiirotabor.hu\/irotabor_archiv\/wp-content\/uploads\/2016\/09\/tokaj_0809-300x187.jpg 300w\" sizes=\"(max-width: 589px) 100vw, 589px\" \/><\/p>\n<p style=\"text-align: justify;\">Itt is, az egyik t\u00e1bort a m\u00e1sik k\u00f6veti, mint l\u00e1ttuk, az iskol\u00e1ban \u00e1sv\u00e1nyvizes palackok, kotta\u00e1llv\u00e1nyok, ventil\u00e1torok hada v\u00e1rta, hogy a zenet\u00e1borosok kik\u00f6lt\u00f6zzenek \u00e9s hely\u00fcket \u00e1tadj\u00e1k a Tokaji \u00cdr\u00f3t\u00e1bornak.<\/p>\n<p style=\"text-align: justify;\">M\u00e1r ezen a napon meg\u00e9rkeztek a Pet\u0151fi Irodalmi M\u00fazeum munkat\u00e1rsai, Benk\u0151 Andrea \u00e9s Kr\u00e1mos Zsolt, akik alig v\u00e1rt\u00e1k, hogy a t\u00e1bor hangos\u00edt\u00e1s\u00e1\u00e9rt \u00e9s technikai, informatikai lebonyol\u00edt\u00e1s\u00e1\u00e9rt felel\u0151s munkat\u00e1rsak is meg\u00e9rkezzenek, hogy \u00f6sszerakj\u00e1k a t\u00e1bor idei \u00fajdons\u00e1g\u00e1t, a vizu\u00e1lis ki\u00e1ll\u00edt\u00e1st.<\/p>\n<p style=\"text-align: center;\"><a href=\"http:\/\/www.tokajiirotabor.hu\/wp-content\/uploads\/2016\/09\/3.pappfurjanoskramoszsoltbenkoandrea.jpg\"><img loading=\"lazy\" decoding=\"async\" class=\"aligncenter wp-image-4160\" src=\"http:\/\/www.tokajiirotabor.hu\/wp-content\/uploads\/2016\/09\/3.pappfurjanoskramoszsoltbenkoandrea.jpg\" alt=\"3.pappfurjanoskramoszsoltbenkoandrea\" width=\"586\" height=\"440\" srcset=\"https:\/\/tokajiirotabor.hu\/irotabor_archiv\/wp-content\/uploads\/2016\/09\/3.pappfurjanoskramoszsoltbenkoandrea.jpg 4032w, https:\/\/tokajiirotabor.hu\/irotabor_archiv\/wp-content\/uploads\/2016\/09\/3.pappfurjanoskramoszsoltbenkoandrea-300x225.jpg 300w, https:\/\/tokajiirotabor.hu\/irotabor_archiv\/wp-content\/uploads\/2016\/09\/3.pappfurjanoskramoszsoltbenkoandrea-1024x768.jpg 1024w\" sizes=\"(max-width: 586px) 100vw, 586px\" \/><\/a><\/p>\n<p style=\"text-align: center;\"><strong>Papp-F\u00fcr J\u00e1nos, Kr\u00e1mos Zsolt \u00e9s Benk\u0151 Andrea<\/strong><\/p>\n<p style=\"text-align: justify;\">Mi rendszerint a koll\u00e9gium igazgat\u00f3i irod\u00e1j\u00e1t vett\u00fck c\u00e9lba el\u0151sz\u00f6r, ahol kipakoltunk, be\u00fczemelt\u00fcnk mindent, \u00e9s folytattuk azt, amit B\u00f6sz\u00f6rm\u00e9nyben abbahagytunk. Forgat\u00f3k\u00f6nyveket \u00e9s n\u00e9vt\u00e1bl\u00e1kat nyomtattam, a port\u00e1ra k\u00f6lt\u00f6ztettem a bor\u00edt\u00e9kokat, megl\u00e1togattuk a sz\u00e1llod\u00e1kat, hogy szem\u00e9lyesen is r\u00e1k\u00e9rdezz\u00fcnk, minden rendben van-e. N\u00e9ha ben\u00e9zt\u00fcnk az iskol\u00e1ba, hogy nyomon k\u00f6vess\u00fck a ki\u00e1ll\u00edt\u00e1s el\u0151munk\u00e1latait, de olyan szakemberekkel vagyunk k\u00f6r\u00fclv\u00e9ve, akik egy\u00e1ltal\u00e1n nem szorulnak seg\u00edts\u00e9gre, egysz\u00f3val profik. Olyan csendben \u00e9s rendben dolgoztak az iskola term\u00e9ben, hogy csak n\u00e9ha t\u00f6rte meg a gondolataink \u00e9s l\u00e1zas emailezget\u00e9s\u00fcnk csendj\u00e9t, Andrea egy-egy kacaja, ami mindenkit j\u00f3 kedvre der\u00edtett.<\/p>\n<p style=\"text-align: justify;\">D\u00e9lut\u00e1n 18.47-kor \u00edrom a napl\u00f3t, az egyik\u00fcnk a fotelban \u00fcl f\u00e1radtan, a m\u00e1sik az asztaln\u00e1l telefon\u00e1l, a harmadik parkol az aut\u00f3val, a negyedik \u00e9pp egy r\u00e1di\u00f3 interj\u00fat besz\u00e9l le. Nem unatkozunk, \u00e9s holnap sem fogunk. B\u00e1r a holnapi nap forgat\u00f3k\u00f6nyv\u00e9t \u00e9s a teend\u0151 list\u00e1j\u00e1t m\u00e9g nem \u00edrtam \u00f6ssze, de biztos vagyok benne, hogy az egy helyben \u00fcl\u00e9s \u00e9s v\u00e1rakoz\u00e1s nem fog szerepelni rajta. A t\u00e1bor lak\u00f3inak egy r\u00e9sze m\u00e1r kedden este meg fog \u00e9rkezni, a portaszolg\u00e1latos t\u00e1rsam, Eszter is, akivel elfoglalhatjuk az inform\u00e1ci\u00f3s pultot, \u00e9s v\u00e1rhatjuk a folyamatosan \u00e9rkez\u0151 vend\u00e9geinket, a t\u00e1bor ben\u00e9pes\u00fcl\u00e9s\u00e9t. Kezd\u0151dj\u00f6n h\u00e1t!<\/p>\n<p style=\"text-align: right;\"><em><strong>V\u00e1nyai Anita<\/strong><\/em><\/p>\n","protected":false},"excerpt":{"rendered":"<p>M\u00e9g v\u00e9ge sem lett az el\u0151z\u0151nek, m\u00e1r j\u00f6n is a k\u00f6vetkez\u0151. Tavaly m\u00e9g olyan t\u00e1volinak t\u0171nt, de \u2013ha a szervez\u0151 munk\u00e1latokat vessz\u00fck figyelembe- a munka v\u00e9get sem \u00e9rt. 2015 augusztus\u00e1ban v\u00e9get \u00e9rt 43., szeptemberben pedig elkezdt\u00fck szervezni a 44. Tokaji&#8230;<\/p>\n","protected":false},"author":1,"featured_media":4154,"comment_status":"closed","ping_status":"closed","sticky":false,"template":"","format":"standard","meta":{"footnotes":""},"categories":[1],"tags":[],"class_list":["post-4153","post","type-post","status-publish","format-standard","has-post-thumbnail","hentry","category-hirek"],"_links":{"self":[{"href":"https:\/\/tokajiirotabor.hu\/irotabor_archiv\/wp-json\/wp\/v2\/posts\/4153"}],"collection":[{"href":"https:\/\/tokajiirotabor.hu\/irotabor_archiv\/wp-json\/wp\/v2\/posts"}],"about":[{"href":"https:\/\/tokajiirotabor.hu\/irotabor_archiv\/wp-json\/wp\/v2\/types\/post"}],"author":[{"embeddable":true,"href":"https:\/\/tokajiirotabor.hu\/irotabor_archiv\/wp-json\/wp\/v2\/users\/1"}],"replies":[{"embeddable":true,"href":"https:\/\/tokajiirotabor.hu\/irotabor_archiv\/wp-json\/wp\/v2\/comments?post=4153"}],"version-history":[{"count":5,"href":"https:\/\/tokajiirotabor.hu\/irotabor_archiv\/wp-json\/wp\/v2\/posts\/4153\/revisions"}],"predecessor-version":[{"id":4162,"href":"https:\/\/tokajiirotabor.hu\/irotabor_archiv\/wp-json\/wp\/v2\/posts\/4153\/revisions\/4162"}],"wp:featuredmedia":[{"embeddable":true,"href":"https:\/\/tokajiirotabor.hu\/irotabor_archiv\/wp-json\/wp\/v2\/media\/4154"}],"wp:attachment":[{"href":"https:\/\/tokajiirotabor.hu\/irotabor_archiv\/wp-json\/wp\/v2\/media?parent=4153"}],"wp:term":[{"taxonomy":"category","embeddable":true,"href":"https:\/\/tokajiirotabor.hu\/irotabor_archiv\/wp-json\/wp\/v2\/categories?post=4153"},{"taxonomy":"post_tag","embeddable":true,"href":"https:\/\/tokajiirotabor.hu\/irotabor_archiv\/wp-json\/wp\/v2\/tags?post=4153"}],"curies":[{"name":"wp","href":"https:\/\/api.w.org\/{rel}","templated":true}]}}