{"id":4145,"date":"2016-09-19T15:12:10","date_gmt":"2016-09-19T14:12:10","guid":{"rendered":"http:\/\/www.tokajiirotabor.hu\/?p=4145"},"modified":"2016-09-19T15:26:25","modified_gmt":"2016-09-19T14:26:25","slug":"irodalmi-fovaros-a-hegyaljan","status":"publish","type":"post","link":"https:\/\/tokajiirotabor.hu\/irotabor_archiv\/irodalmi-fovaros-a-hegyaljan\/","title":{"rendered":"Irodalmi f\u0151v\u00e1ros a Hegyalj\u00e1n"},"content":{"rendered":"<p class=\"s1\" data-reactid=\".0.$SITE_ROOT.$desktop_siteRoot.$PAGES_CONTAINER.1.1.$SITE_PAGES.$ct91.1.$comp-isq8q4ch\"><img decoding=\"async\" id=\"comp-isq8rc70imgimage\" class=\"alignright\" src=\"https:\/\/static.wixstatic.com\/media\/efabfc_9e3e51db4d7949869d6afe3deadf4f6c~mv2.jpg\/v1\/fill\/w_500,h_428,al_c,q_80,usm_0.66_1.00_0.01\/efabfc_9e3e51db4d7949869d6afe3deadf4f6c~mv2.jpg\" alt=\"\" data-reactid=\".0.$SITE_ROOT.$desktop_siteRoot.$PAGES_CONTAINER.1.1.$SITE_PAGES.$ct91.1.$comp-isq8rc70.0.0.$image\" \/><\/p>\n<p class=\"s1\" style=\"text-align: justify;\" data-reactid=\".0.$SITE_ROOT.$desktop_siteRoot.$PAGES_CONTAINER.1.1.$SITE_PAGES.$ct91.1.$comp-isq8q4ch\"><strong>Hord\u00f3-d\u00edjat kapott az idei Tokaji \u00cdr\u00f3t\u00e1borban Bertha Zolt\u00e1n irodalomt\u00f6rt\u00e9n\u00e9sz. Az egyetemi tan\u00e1r m\u00e1r a rendszerv\u00e1ltoztat\u00e1s el\u0151tt kirukkolt b\u00edr\u00e1l\u00f3 elemz\u00e9ssel: A szellem jelz\u0151f\u00e9nyei c\u00edm\u0171 k\u00f6nyvvel. Tagja volt &#8211; MDF-esk\u00e9nt &#8211; a kommunizmust f\u00e9lig lev\u00e1lt\u00f3 parlamentnek, politikai kalandjait\u00a0Arcvonalban &#8211; A k\u00f6z\u00e9let sz\u00ednterein 1980-1994\u00a0c\u00edmmel tette k\u00f6zkinccs\u00e9. Neki szegezett k\u00e9rd\u00e9seket a Pr\u00e9sh\u00e1z H\u00edrport\u00e1l.\u00a0<\/strong><\/p>\n<p class=\"font_8\" style=\"text-align: justify;\">2016. szeptember 6.<\/p>\n<p class=\"font_8\" style=\"text-align: justify;\">&#8211; Professzor \u00far, mi\u00e9rt j\u00f3 nek\u00fcnk, magyaroknak, hogy n\u00e9gy \u00e9vtizedes irodalmi hagyom\u00e1ny h\u00e1zas\u00edtja a bort a literat\u00far\u00e1val?<\/p>\n<p class=\"font_8\" style=\"text-align: justify;\">&#8211; A magyar kult\u00far\u00e1ban a bornak Hamvas B\u00e9la \u00f3ta b\u00f6lcseleti t\u00e1vlatokban megfogalmazott jelent\u0151s\u00e9ge: vagyis filoz\u00f3fi\u00e1ja, metafizik\u00e1ja van. De ezt a jelent\u0151s\u00e9g\u00e9t a t\u00f6bbi \u00edr\u00f3- \u00e9s k\u00f6lt\u0151\u00f3ri\u00e1saink is sok \u00e9vsz\u00e1zada hirdetik, Balassi, V\u00f6r\u00f6smarty, Pet\u0151fi, Ady \u00e9s mind a t\u00f6bbiek. A magyar irodalom f\u0151v\u00e1rosa lesz a Hegyalj\u00e1n Tokaj (s a szellemi \u00e9rt\u00e9kek \u00f6z\u00f6n\u00e9t sug\u00e1rz\u00f3 k\u00f6rny\u00e9k\u00e9vel egy\u00fctt is), amikor csaknem f\u00e9l\u00e9vsz\u00e1zada minden ny\u00e1ron itt tartj\u00e1k a kort\u00e1rs magyar irodalom jelesei a legautentikusabb hagyom\u00e1nyokra \u00e9p\u00fcl\u0151 Tokaji \u00cdr\u00f3t\u00e1bor rendezv\u00e9nyeit. A borkult\u00fara \u00e9pp\u00fagy \u00e1tszellem\u00edt, mint az irodalom, legigazabb embers\u00e9g\u00fcnkre, magyars\u00e1gunkra tan\u00edt \u00e9s vezet. \u0150seink, el\u0151deink lelke h\u0151siess\u00e9g\u00e9rt s a szent magyar szabads\u00e1g\u00e9rt hev\u00fclt a bor seg\u00edts\u00e9g\u00e9vel is \u2013 amik\u00e9nt h\u00edres bordal\u00e1ban \u00c1prily Lajos is zengi (Pataki bor), lelkes\u00edtve mindny\u00e1junkat: \u201eN\u00e9zd azt a k\u00e9kl\u0151, k\u00fapos hegykar\u00e9jt: \/ itt \u0151si korban t\u0171z form\u00e1lt talajt. \/ A v\u00e1rosv\u00e9gre hajl\u00f3 dombokon \/ a venyig\u00e9ben vulk\u00e1n lelke hajt. \/\/ Bar\u00e1ti sz\u00edvek k\u00f6zt, a hegy t\u00f6v\u00e9n \/ \u00edzlelgetem bor\u00e1t, a csodaj\u00f3t. \/ var\u00e1zsa m\u00faltat k\u00e1pr\u00e1ztat fel\u00e9m, \/ borozgat\u00f3 nagyokr\u00f3l v\u00edzi\u00f3t. \/\/ Ifj\u00fa Balassa B\u00e1lint itt mulat, \/ s\u0171r\u0171n koccan s kondul az \u00f3n-poh\u00e1r, \/ kem\u00e9ny t\u00e1ncos l\u00e1bak dobbantanak \/ s szilaj dalokt\u00f3l cseng a r\u00e9gi v\u00e1r.\u201d<\/p>\n<p class=\"font_8\" style=\"text-align: justify;\">\u00a0\u00a0\u00a0\u00a0\u00a0\u00a0\u00a0\u00a0Mert honfoglal\u00f3 t\u00e1j ez; M\u00f3ricz \u00edrja a Bodrogr\u00f3l: \u201e\u00f6t foly\u00f3 \u00f6sszeszakad\u00e1s\u00e1b\u00f3l veszi eredet\u00e9t: csupa \u0151smagyar vez\u00e9ri nevek: Ung, Ondava, Laborc, Latorca \u00e9s Tapoly. Mintha a honalap\u00edt\u00f3k els\u0151 dolga lett volna a Bodrog \u0151sany\u00e1it megkeresztelni. De ez a foly\u00f3 mintha val\u00f3s\u00e1ggal szimb\u00f3luma lenne az ezer \u00e9vnek: ezt az egyes\u00edtett \u0151smagyar szellemet hozza\u201d. (A honfoglal\u00f3k \u2013 tehetj\u00fck hozz\u00e1 \u2013 Anonymus szerint is \u201ekimondhatatlanul megszerett\u00e9k\u201d ezt a f\u00f6ldet.) Hegyalja, Patak, Tokaj v\u00e1ra, Aba\u00faj \u00e9s Zempl\u00e9n, Munk\u00e1cs, Kassa s a t\u00f6bbi v\u00e1rosok \u00e9s falvak, sz\u0151l\u0151sdombok \u00e9s borvid\u00e9kek, ezer\u00e9ves vagy ann\u00e1l is r\u00e9gebbi t\u00e1rgyi \u00e9s szellemi eml\u00e9kek, t\u00f6r\u00f6kkori \u00e9s kuruc n\u00f3t\u00e1k, keserg\u0151k dallama, t\u00e1rogat\u00f3hang \u00e9s bujdos\u00f3\u00e9nek, de b\u00fcszke szabads\u00e1gharcos \u00e9rz\u00fclet \u00e9s rebellis igazs\u00e1gtev\u0151 indulat is, a R\u00e1k\u00f3cziak, Kossuth\u00e9k, Bessenyei, Kazinczy \u00e9s Csokonai nemzed\u00e9k\u00e9nek, Erd\u00e9lyi J\u00e1nos \u00e9s Tompa Mih\u00e1ly, majd a n\u00e9pi \u00edr\u00f3k reformakarat\u00e1nak, forradalmas-protest\u00e1l\u00f3 vil\u00e1gjobb\u00edt\u00f3 t\u00f6rekv\u00e9seinek \u00f6r\u00f6ks\u00e9ge teh\u00e1t: mind-mind felm\u00e9rhetetlen gazdags\u00e1gban \u00e1rad m\u00f6g\u00f6tt\u00fcnk, \u00e9s \u00edgy k\u00f6telez benn\u00fcnket a m\u00falt, e vid\u00e9k, a magyars\u00e1g \u00e9s a nemzetsors t\u00f6rt\u00e9nelmi \u00fczenete, az \u00e9rt\u00e9k\u0151rz\u0151 hagyom\u00e1nyv\u00e1llal\u00e1s \u00e9s a folytonosan meg\u00faj\u00edt\u00f3 kult\u00farateremt\u00e9s parancsa.<\/p>\n<p class=\"font_8\" style=\"text-align: justify;\">\u00a0\u00a0\u00a0\u00a0\u00a0\u00a0\u00a0\u00a0A tokaji \u00edr\u00f3t\u00e1bor a hetvenes \u00e9vek eleje \u00f3ta \u2013 a de a negyvenes \u00e9vek n\u00e9pi \u00edr\u00f3inak tiszalad\u00e1nyi tal\u00e1lkoz\u00f3inak nagyszer\u0171 trad\u00edci\u00f3j\u00e1t is folytatva \u2013 a magyar megmarad\u00e1s sorsk\u00e9rd\u00e9sein t\u00f6prengett. Fekete Gyula (s\u00e1rospataki \u00f6regdi\u00e1k) egyik vez\u00e9regy\u00e9nis\u00e9ge (\u201espiritus rectora\u201d) volt a tan\u00e1cskoz\u00e1soknak, s sz\u00e1m\u00e1ra a magyar n\u00e9p demogr\u00e1fiai meg\u0151rz\u00e9se sz\u00e1m\u00edtott a legs\u00falyosabb feladatnak \u00e9s a legfontosabb c\u00e9lnak. L\u00e9t vagy neml\u00e9t \u2013 ez itt a legf\u0151bb magyar sorsk\u00e9rd\u00e9s! Ha Tokaj fellegv\u00e1ra testi, lelki, szellemi \u00e9rtelemben \u2013 a borb\u00f3l kisug\u00e1rz\u00f3 rem\u00e9ny \u00e1ltal is \u2013, meg az irodalom hiteles \u00fczeneteib\u0151l fakad\u00f3 \u00e9lniakar\u00e1ssal t\u00e1pl\u00e1lja ezt az \u00e9rt\u00e9k- \u00e9s nemzetmegtart\u00f3 elsz\u00e1nts\u00e1got, akkor a nemes ned\u0171 \u00e9s a literat\u00fara \u00f6sszekapcsol\u00f3d\u00e1sa k\u00f6z\u00f6ss\u00e9gi azonoss\u00e1gunk kiteljes\u00edt\u00e9s\u00e9hez j\u00e1rulhat hozz\u00e1 \u2013 er\u0151vel, eg\u00e9szs\u00e9ggel, b\u00e1tors\u00e1ggal! \u00c9s mutatis mutandis a Balassi-f\u00e9le vit\u00e9zs\u00e9ggel, virtussal, b\u00e1tors\u00e1ggal is \u00e9des haz\u00e1nk fenn\u00e1ll\u00e1s\u00e1hoz szolg\u00e1ltat b\u0151s\u00e9ges spiritu\u00e1lis energi\u00e1kat.<\/p>\n<p class=\"font_8\" style=\"text-align: justify;\">&#8211; A Hord\u00f3-d\u00edj a szellemi teljes\u00edtm\u00e9ny elismer\u00e9se mellett j\u00f3 adag bar\u00e1ts\u00e1gkifejez\u00e9st is tartalmaz. \u00d6r\u00fclt-e ennek a nemes arom\u00e1nak?<\/p>\n<p class=\"font_8\" style=\"text-align: justify;\"><span class=\"wixGuard\">\u200b<\/span><\/p>\n<p class=\"font_8\" style=\"text-align: justify;\">&#8211; Term\u00e9szetesen igen nagy megtiszteltet\u00e9s \u00e9s \u00f6r\u00f6m ett\u0151l a szellemi-bar\u00e1ti k\u00f6z\u00f6ss\u00e9gt\u0151l kapni ezt az elismer\u00e9st (csak az ut\u00f3bbi \u00e9vtizedben is Serf\u0151z\u0151 Simon, J\u00f3kai Anna, Mezey Katalin, Ol\u00e1h J\u00e1nos, Kiss Benedek, V\u00e1ri F\u00e1bi\u00e1n L\u00e1szl\u00f3, Szil\u00e1gyi Istv\u00e1n, Ilia Mih\u00e1ly, T\u0151k\u00e9s L\u00e1szl\u00f3, Lezs\u00e1k S\u00e1ndor \u00e9s m\u00e1sok sor\u00e1ban, s most K\u00f6d\u00f6b\u00f6cz G\u00e1bor volt debreceni egyetemista \u00e9s egri foly\u00f3irat-f\u0151szerkeszt\u0151 bar\u00e1tommal is egy\u00fctt), sz\u00f3val hatalmas megbecs\u00fcl\u00e9st jelent ez sz\u00e1momra \u2013 h\u00e1l\u00e1s is vagyok \u00e9rte. R\u00e1ad\u00e1sul \u00e9n f\u00f6ldi is vagyok, ideval\u00f3si a hegyaljai sz\u00fcl\u0151f\u00f6ldre. \u00c9desap\u00e1m, Dr. Bertha Zolt\u00e1n az \u0151si Alma Materben, a s\u00e1rospataki reform\u00e1tus koll\u00e9giumban volt a harmincas \u00e9vekben teol\u00f3gus di\u00e1k, majd ut\u00e1na \u00e9vtizedekig lelk\u00e9sz-, tud\u00f3s- \u00e9s (fest\u0151)m\u0171v\u00e9sztan\u00e1r ugyanott. Di\u00e1kkoromban m\u00e1r hallottam a feln\u0151ttekt\u0151l, mi t\u00f6rt\u00e9nik a tokaji \u00edr\u00f3t\u00e1borban, azt\u00e1n vagy harminc \u00e9ve val\u00f3s\u00e1gosan is idetartozom. A pataki szellem \u00e1tfogja a hegyeket \u00e9s v\u00f6lgyeket \u2013 meg a t\u00f6rt\u00e9nelmi kincseket. Mert a Tokajban is eleven kurucos-szabads\u00e1gharcos hagyom\u00e1ny e szellem egyik d\u00f6nt\u0151 \u00f6sszetev\u0151je: egy\u00fctt a plebejus forradalmis\u00e1g, a demokratikus nemzeti elk\u00f6telezetts\u00e9g, az eur\u00f3pai m\u0171velts\u00e9geszm\u00e9ny humanit\u00e1s\u00e1nak legnemesebb \u00e9rt\u00e9kdimenzi\u00f3ival. A f\u00fcggetlens\u00e9g, a felt\u00e9tlen nemzeti szuverenit\u00e1s eszm\u00e9j\u00e9vel. Erre nevelnek errefel\u00e9 (s a \u201eBodrog-parti Ath\u00e9nban\u201d, a \u201eszabads\u00e1g oroszl\u00e1njainak\u201d v\u00e1ros\u00e1ban is persze) a k\u00f6vek \u00e9s a falak is, s a szakr\u00e1lis magass\u00e1gszf\u00e9r\u00e1k ig\u00e9zet\u00e9ben nemzed\u00e9kek hossz\u00fa sor\u00e1n kereszt\u00fcl \u00e1t\u00f6r\u00f6k\u00edtett tan\u00edt\u00e1sok: a R\u00e1k\u00f3cziakhoz kapcsol\u00f3 intelmek, hogy Istennel a haz\u00e1\u00e9rt \u00e9s a szabads\u00e1g\u00e9rt! Cum Deo pro Patria et Libertate! Hittel \u00e9s tud\u00e1ssal, b\u00e1tors\u00e1ggal \u00e9s erk\u00f6lcsi t\u00e1ntor\u00edthatatlans\u00e1ggal. Az anyanyelvi-kultur\u00e1lis nemzeti egy\u00fcv\u00e9tartoz\u00e1s trianoni hat\u00e1rokon \u00e1t\u00edvel\u0151 szeml\u00e9let\u00e9nek \u00e9s felel\u0151ss\u00e9g\u00e9rzet\u00e9nek jegy\u00e9ben. (K\u00f6zel a vez\u00e9rl\u0151 fejedelem sz\u00fcl\u0151hely\u00e9hez, a Borsi kast\u00e9lyhoz, amelyet sz\u00e1z \u00e9ve egy m\u00e1sik orsz\u00e1g ter\u00fclet\u00e9hez szak\u00edtottak.)<\/p>\n<div id=\"comp-isq8qlaq\" class=\"s1\" data-reactid=\".0.$SITE_ROOT.$desktop_siteRoot.$PAGES_CONTAINER.1.1.$SITE_PAGES.$ct91.1.$comp-isq8qlaq\">\n<p class=\"font_8\" style=\"text-align: justify;\">Mindenki m\u00e1ssal egy\u00fctt Patakon \u00e9n is ilyen egyszerre elidegen\u00edthetetlen szem\u00e9lyis\u00e9gm\u00e9lt\u00f3s\u00e1gon \u00e9s k\u00f6z\u00f6ss\u00e9gelv\u0171 moralit\u00e1son, igaz nemzeth\u0171s\u00e9gen \u00e9s n\u00e9pszereteten alapul\u00f3 lelki-szellemi \u00fatraval\u00f3t kaptam. A gimn\u00e1ziumban ma is l\u00e1that\u00f3 \u00e9desap\u00e1m M\u00e1nyoki \u00c1d\u00e1m festm\u00e9nye nyom\u00e1n k\u00e9sz\u00fclt R\u00e1k\u00f3czi-portr\u00e9ja, illetve olyan m\u0171ve, amely a XVII. sz\u00e1zad elej\u00e9n a pataki iskola sz\u00e1m\u00e1ra t\u00f6rv\u00e9nyt alkot\u00f3 Lor\u00e1ntffy Zsuzsann\u00e1t \u00e9s I. R\u00e1k\u00f3czi Gy\u00f6rgy\u00f6t (a legf\u0151bb patr\u00f3nusokat) \u00e1br\u00e1zolja, vagy a h\u00edres fizikatan\u00e1r Sim\u00e1ndi Istv\u00e1nt, amint egyik k\u00fcl\u00f6nleges szeml\u00e9ltet\u0151 eszk\u00f6z\u00e9t II. R\u00e1k\u00f3czi Ferencnek bemutatja. S k\u00e9t szint\u00e9n nagym\u00e9ret\u0171 k\u00e9p\u00e9nek egyik\u00e9n a Lengyelorsz\u00e1gb\u00f3l haza\u00e9rkez\u0151 \u00e9s a szabads\u00e1gharcra k\u00e9sz R\u00e1k\u00f3czit k\u00f6sz\u00f6nti kit\u00f6r\u0151 lelkesed\u00e9ssel a n\u00e9p, a m\u00e1sikon pedig m\u00e1r mint egy (Ady keser\u0171 l\u00e1tom\u00e1s\u00e1t is id\u00e9z\u0151) \u201eMagyar Messi\u00e1s\u201d fesz\u00fcl szimbolikusan a keresztre. \u2013 Sz\u00e1momra mindezek az \u00f6sszeforrad\u00f3 szem\u00e9lyes \u00e9s t\u00f6rt\u00e9nelmi \u00e9lm\u00e9nyek, eml\u00e9kek, \u00e9rz\u00fcletek jelentik e sz\u00fcl\u0151t\u00e1j legm\u00e9lyebben gy\u00f6kerez\u0151 csod\u00e1it.<\/p>\n<p class=\"font_8\" style=\"text-align: justify;\">Fedezd f\u00f6l saj\u00e1t kult\u00far\u00e1d &#8211; hangzik az<a href=\"http:\/\/preshaztarsasag.wixsite.com\/preshaz\/west\" target=\"_blank\" data-content=\"http:\/\/preshaztarsasag.wixsite.com\/preshaz\/west\" data-type=\"external\">\u00a0eur\u00f3pai Balassi-folyamat<\/a>\u00a0jelmondata. A k\u00f6lt\u0151 \u00f6ccse, Ferenc vicekapit\u00e1ny volt a tokaji v\u00e1rban. Maga az eur\u00f3pai k\u00f6lt\u0151\u00f3ri\u00e1s t\u00f6bbsz\u00f6r \u00e1tlovagolt a Bodrog- \u00e9s Tisza-parti telep\u00fcl\u00e9sen. Mi\u00e9rt fontos, hogy Tokaj szellemi udvar\u00e1ba beragyogjon a balassis\u00e1g f\u00e9nye?<\/p>\n<div style=\"width: 510px\" class=\"wp-caption alignleft\"><img loading=\"lazy\" decoding=\"async\" id=\"comp-isqagccuimgimage\" src=\"https:\/\/static.wixstatic.com\/media\/efabfc_02aefba02bc64b3dabe7591ff9290673~mv2.jpg\/v1\/crop\/x_282,y_66,w_421,h_492\/fill\/w_500,h_584,al_c,lg_1,q_80\/efabfc_02aefba02bc64b3dabe7591ff9290673~mv2.jpg\" alt=\"Id. Bertha Zolt\u00e1n m\u0171v\u00e9sztan\u00e1r - az irodalomt\u00f6rt\u00e9n\u00e9sz \u00e9desapja - festm\u00e9nye\" width=\"500\" height=\"584\" data-reactid=\".0.$SITE_ROOT.$desktop_siteRoot.$PAGES_CONTAINER.1.1.$SITE_PAGES.$ct91.1.$comp-isqagccu.0.0.$image\" \/><p class=\"wp-caption-text\">Id. Bertha Zolt\u00e1n m\u0171v\u00e9sztan\u00e1r &#8211; az irodalomt\u00f6rt\u00e9n\u00e9sz \u00e9desapja &#8211; festm\u00e9nye<\/p><\/div>\n<p class=\"font_8\" style=\"text-align: justify;\">\n&#8211;\u00a0Balassi p\u00e9ld\u00e1ja f\u00e9lezer \u00e9ve ragyogja be a magyar t\u00f6rt\u00e9nelmet \u00e9s kult\u00fart\u00f6rt\u00e9netet \u2013 \u00e1lland\u00f3an f\u00e9nyl\u0151 csillag marad \u0151 eg\u00e9sz Eur\u00f3pa, eg\u00e9sz K\u00e1rp\u00e1t-haz\u00e1nk, s azon bel\u00fcl a kisebb t\u00e1jhaz\u00e1k eg\u00e9n is. V\u00e9gv\u00e1rak, \u0151rb\u00e1sty\u00e1k, kil\u00e1t\u00f3tornyok \u2013 f\u00f6ldrajzi \u00e9s kultur\u00e1lis v\u00e9dvonalak k\u00f6zel\u00e9ben. Mi csak tov\u00e1bbadni szeretn\u00e9nk, amit t\u0151le is \u00f6r\u00f6k\u00f6lt\u00fcnk h\u0171s\u00e9g \u00e9s hitvall\u00e1s, n\u00e9p- \u00e9s hazaszeretet, ember- \u00e9s Isten-szeretet, erk\u00f6lcs \u00e9s renesz\u00e1nsz \u00e9let\u00f6r\u00f6m ter\u00e9n. \u0150 is, mi is ilyen lelk\u00fclettel barangoljuk be a Hegyalj\u00e1t, \u00e9lvezz\u00fck a hegyek zamat\u00e1t \u00e9s \u201eboriv\u00f3knak val\u00f3\u201d p\u00e1ratlan lev\u00e9t, s k\u00f6zben megvitatunk, komolyan (humanit\u00e1s \u00e9s hazafiass\u00e1g, szellemi honv\u00e9delem jegy\u00e9ben) \u00f6sszevet\u00fcnk m\u00faltat, j\u00f6v\u0151t, jelenkort, ahogyan m\u00e1s klasszikusokt\u00f3l tanultuk, a tokaji sz\u0151l\u0151vessz\u0151k csepegtette nekt\u00e1rt k\u00f3stolgatva, s elmerengve sorsunkon, es\u00e9lyeinken, elsz\u00e1njuk magunkat: igen, csak tov\u00e1bb ezen az \u00faton \u00e9s hatni, alkotni, gyarap\u00edtani! Hogy a haza f\u00e9nyre der\u00fclj\u00f6n! \u2013 Egyik bajv\u00edv\u00f3 kuruckori \u00e9nek\u00fcnkben \u201eki\u00e1lt Tokaj v\u00e1ra, jajgat Patak v\u00e1ra\u201d, egy m\u00e1sik verses kr\u00f3nika viszont v\u00edgan mes\u00e9li: \u201eL\u00f6kn\u00e9l \u00e1ltolkelek, megyek Tokaj fel\u00e9, \/ Kereszt\u00farban sz\u00e1llok b\u00edr\u00f3 h\u00e1za mell\u00e9, \/ Estv\u00e9re ballagok \u00e9n fel Liszka fel\u00e9, \/ Ott h\u00e1ltam, \u00e9s reggel mentem B\u00e9nye fel\u00e9. \/\/ Itt az j\u00f3 borokkal katan\u00e1son \u00e9lek, \/ R\u00e9g\u00e9c puszta v\u00e1ra alott ell\u00e9ptetek, \/ G\u00f6ncruszk\u00e1ra h\u00e1lni, vacsor\u00e1ra megyek, \/ Hern\u00e1don egy vend\u00e9gfogad\u00f3n\u00e1l kelek.\u201d H\u00e1t \u00edgy j\u00e1runk-kel\u00fcnk mi is Tokajban \u00e9s k\u00f6rny\u00e9k\u00e9n, gondban \u00e9s vid\u00e1ms\u00e1gban, szabadon \u00e9s otthonosan \u2013 \u00e9s hitben, rem\u00e9nyben, szeretetben. Mert (Tam\u00e1si \u00c1ron sz\u00e1ll\u00f3ig\u00e9je szerint is) \u201emi\u00e9nk a f\u00e9ny, amit lelk\u00fcnkbe fogadunk; s a f\u00f6ld, melyen \u00e9l\u00fcnk \u00e9s meghalunk.\u201d<\/p>\n<p class=\"font_8\" style=\"text-align: justify;\"><span class=\"wixGuard\">\u200b<\/span><\/p>\n<\/div>\n<div class=\"s10img\" data-reactid=\".0.$SITE_ROOT.$desktop_siteRoot.$PAGES_CONTAINER.1.1.$SITE_PAGES.$ct91.1.$comp-isq8rc70.0.0\">\n<div id=\"comp-isqagccu\" class=\"s10\" title=\"\" data-exact-height=\"584\" data-content-padding-horizontal=\"0\" data-content-padding-vertical=\"0\" data-reactid=\".0.$SITE_ROOT.$desktop_siteRoot.$PAGES_CONTAINER.1.1.$SITE_PAGES.$ct91.1.$comp-isqagccu\">\n<div id=\"comp-isqagcculink\" class=\"s10link\" data-reactid=\".0.$SITE_ROOT.$desktop_siteRoot.$PAGES_CONTAINER.1.1.$SITE_PAGES.$ct91.1.$comp-isqagccu.0\">\n<div id=\"comp-isqagccuimg\" class=\"s10img\" data-reactid=\".0.$SITE_ROOT.$desktop_siteRoot.$PAGES_CONTAINER.1.1.$SITE_PAGES.$ct91.1.$comp-isqagccu.0.0\">\n<p>&nbsp;<\/p>\n<\/div>\n<\/div>\n<\/div>\n<\/div>\n<div class=\"s10img\" data-reactid=\".0.$SITE_ROOT.$desktop_siteRoot.$PAGES_CONTAINER.1.1.$SITE_PAGES.$ct91.1.$comp-isq8rc70.0.0\"><\/div>\n<div class=\"s10img\" data-reactid=\".0.$SITE_ROOT.$desktop_siteRoot.$PAGES_CONTAINER.1.1.$SITE_PAGES.$ct91.1.$comp-isq8rc70.0.0\"><\/div>\n<div class=\"s10img\" data-reactid=\".0.$SITE_ROOT.$desktop_siteRoot.$PAGES_CONTAINER.1.1.$SITE_PAGES.$ct91.1.$comp-isq8rc70.0.0\"><\/div>\n<div class=\"s10img\" data-reactid=\".0.$SITE_ROOT.$desktop_siteRoot.$PAGES_CONTAINER.1.1.$SITE_PAGES.$ct91.1.$comp-isq8rc70.0.0\"><\/div>\n<div class=\"s10img\" data-reactid=\".0.$SITE_ROOT.$desktop_siteRoot.$PAGES_CONTAINER.1.1.$SITE_PAGES.$ct91.1.$comp-isq8rc70.0.0\"><\/div>\n<div class=\"s10img\" data-reactid=\".0.$SITE_ROOT.$desktop_siteRoot.$PAGES_CONTAINER.1.1.$SITE_PAGES.$ct91.1.$comp-isq8rc70.0.0\"><\/div>\n<div class=\"s10img\" data-reactid=\".0.$SITE_ROOT.$desktop_siteRoot.$PAGES_CONTAINER.1.1.$SITE_PAGES.$ct91.1.$comp-isq8rc70.0.0\"><\/div>\n<div class=\"s10img\" data-reactid=\".0.$SITE_ROOT.$desktop_siteRoot.$PAGES_CONTAINER.1.1.$SITE_PAGES.$ct91.1.$comp-isq8rc70.0.0\"><\/div>\n<div class=\"s10img\" data-reactid=\".0.$SITE_ROOT.$desktop_siteRoot.$PAGES_CONTAINER.1.1.$SITE_PAGES.$ct91.1.$comp-isq8rc70.0.0\"><\/div>\n<div class=\"s10img\" data-reactid=\".0.$SITE_ROOT.$desktop_siteRoot.$PAGES_CONTAINER.1.1.$SITE_PAGES.$ct91.1.$comp-isq8rc70.0.0\">Forr\u00e1s: \u00a0http:\/\/preshaztarsasag.wixsite.com\/<\/div>\n","protected":false},"excerpt":{"rendered":"<p>Hord\u00f3-d\u00edjat kapott az idei Tokaji \u00cdr\u00f3t\u00e1borban Bertha Zolt\u00e1n irodalomt\u00f6rt\u00e9n\u00e9sz. Az egyetemi tan\u00e1r m\u00e1r a rendszerv\u00e1ltoztat\u00e1s el\u0151tt kirukkolt b\u00edr\u00e1l\u00f3 elemz\u00e9ssel: A szellem jelz\u0151f\u00e9nyei c\u00edm\u0171 k\u00f6nyvvel. Tagja volt &#8211; MDF-esk\u00e9nt &#8211; a kommunizmust f\u00e9lig lev\u00e1lt\u00f3 parlamentnek, politikai kalandjait\u00a0Arcvonalban &#8211; A k\u00f6z\u00e9let sz\u00ednterein&#8230;<\/p>\n","protected":false},"author":1,"featured_media":4147,"comment_status":"closed","ping_status":"closed","sticky":false,"template":"","format":"standard","meta":{"footnotes":""},"categories":[1],"tags":[],"class_list":["post-4145","post","type-post","status-publish","format-standard","has-post-thumbnail","hentry","category-hirek"],"_links":{"self":[{"href":"https:\/\/tokajiirotabor.hu\/irotabor_archiv\/wp-json\/wp\/v2\/posts\/4145"}],"collection":[{"href":"https:\/\/tokajiirotabor.hu\/irotabor_archiv\/wp-json\/wp\/v2\/posts"}],"about":[{"href":"https:\/\/tokajiirotabor.hu\/irotabor_archiv\/wp-json\/wp\/v2\/types\/post"}],"author":[{"embeddable":true,"href":"https:\/\/tokajiirotabor.hu\/irotabor_archiv\/wp-json\/wp\/v2\/users\/1"}],"replies":[{"embeddable":true,"href":"https:\/\/tokajiirotabor.hu\/irotabor_archiv\/wp-json\/wp\/v2\/comments?post=4145"}],"version-history":[{"count":5,"href":"https:\/\/tokajiirotabor.hu\/irotabor_archiv\/wp-json\/wp\/v2\/posts\/4145\/revisions"}],"predecessor-version":[{"id":4151,"href":"https:\/\/tokajiirotabor.hu\/irotabor_archiv\/wp-json\/wp\/v2\/posts\/4145\/revisions\/4151"}],"wp:featuredmedia":[{"embeddable":true,"href":"https:\/\/tokajiirotabor.hu\/irotabor_archiv\/wp-json\/wp\/v2\/media\/4147"}],"wp:attachment":[{"href":"https:\/\/tokajiirotabor.hu\/irotabor_archiv\/wp-json\/wp\/v2\/media?parent=4145"}],"wp:term":[{"taxonomy":"category","embeddable":true,"href":"https:\/\/tokajiirotabor.hu\/irotabor_archiv\/wp-json\/wp\/v2\/categories?post=4145"},{"taxonomy":"post_tag","embeddable":true,"href":"https:\/\/tokajiirotabor.hu\/irotabor_archiv\/wp-json\/wp\/v2\/tags?post=4145"}],"curies":[{"name":"wp","href":"https:\/\/api.w.org\/{rel}","templated":true}]}}