{"id":4048,"date":"2015-01-22T14:02:49","date_gmt":"2015-01-22T13:02:49","guid":{"rendered":"http:\/\/www.tokajiirotabor.hu\/?p=4048"},"modified":"2016-06-22T14:07:05","modified_gmt":"2016-06-22T13:07:05","slug":"bertha-zoltan-beszede-a-magyar-kultura-napjan-tokajban-2015","status":"publish","type":"post","link":"https:\/\/tokajiirotabor.hu\/irotabor_archiv\/bertha-zoltan-beszede-a-magyar-kultura-napjan-tokajban-2015\/","title":{"rendered":"Bertha Zolt\u00e1n besz\u00e9de a Magyar Kult\u00fara Napj\u00e1n Tokajban 2015"},"content":{"rendered":"<p style=\"text-align: justify;\">A Tokaji \u00cdr\u00f3t\u00e1bor \u00e9s a Magyar \u00cdr\u00f3sz\u00f6vets\u00e9g nev\u00e9ben szeretettel k\u00f6sz\u00f6nt\u00f6m \u00e9n is a kedves egybegy\u0171lt k\u00f6z\u00f6ns\u00e9get ezen a szent napon, amely nemzeti im\u00e1ds\u00e1gunk, a <em>Himnusz<\/em> 1823-as \u2013 1823. janu\u00e1r 22-i \u2013 sz\u00fclet\u00e9s\u00e9nek, k\u00e9ziratos v\u00e9gleges\u00edt\u00e9s\u00e9nek az eml\u00e9k\u00fcnnepe. K\u00f6z\u00f6ss\u00e9gi l\u00e9tez\u00e9s\u00fcnk megtart\u00f3 szellem\u00e9t er\u0151s\u00edti benn\u00fcnk ez a szakr\u00e1lis foh\u00e1sz, K\u00f6lcsey Ferenc remekm\u0171ve, amely \u00f6r\u00f6k\u00e9rv\u00e9ny\u0171en igazolja nemzet \u00e9s kult\u00fara egym\u00e1st felt\u00e9telez\u0151 \u00f6sszetartoz\u00e1s\u00e1t. Nemzet n\u00e9lk\u00fcl nincs kultur\u00e1lis teremt\u0151munka, mert a t\u00e1rgyi \u00e9s szellemi alkot\u00e1sok megbecs\u00fcl\u00e9s\u00e9t \u00e9s tov\u00e1bbhagyom\u00e1nyoz\u00e1s\u00e1t csakis a nyelvi-t\u00f6rt\u00e9nelmi k\u00f6z\u00f6ss\u00e9gben egy\u00fctt \u00e9l\u0151 emberek \u2013 n\u00e9pek \u00e9s nemzetek \u2013 k\u00e9pesek kiteljes\u00edteni. \u00c9s viszont: nemzet sem k\u00e9pzelhet\u0151 el az egym\u00e1s ir\u00e1nti j\u00f3akaratot \u00e9s szeretetet sug\u00e1rz\u00f3 kult\u00fara n\u00e9lk\u00fcl. Himnuszunkban csod\u00e1latosan sz\u00e9tbogozhatatlanul forrad \u00f6ssze hit, erk\u00f6lcs, kult\u00fara \u00e9s nemzet. \u201eIsten, \u00e1ldd meg magyart\u201d \u2013 mondjuk \u00e9s \u00e9nekelj\u00fck \u00e9s im\u00e1dkozzuk, \u00e1ld\u00e1sk\u00e9r\u0151 rem\u00e9nnyel, felemelt sz\u00edvvel, b\u0171nvall\u00e1st \u00e9s bizakod\u00e1st \u00f6tv\u00f6z\u0151 m\u00e9lt\u00f3s\u00e1ggal. A fentiekhez, az \u00e9giekhez fordul egy balsorsot r\u00e9gesr\u00e9g\u00f3ta hordoz\u00f3 n\u00e9p, annak minden tagja \u00e9s sz\u00f3sz\u00f3l\u00f3ja, s a feloldoz\u00e1s\u00e9rt k\u00f6ny\u00f6r\u00f6gve \u00e1h\u00edtja a v\u00edg esztend\u0151t, a szebb j\u00f6vend\u0151t. Mert K\u00f6lcsey, a reformkor \u00e9s minden igaz magyar azel\u0151tt \u00e9s az\u00f3ta is tudta \u00e9s tudja: a f\u00f6ldi vil\u00e1g \u00f6nmag\u00e1t \u00f6nmag\u00e1ban nem v\u00e1lthatja meg. T\u00f6rekedhet a j\u00f3ra, minden er\u0151fesz\u00edt\u00e9st v\u00e1llalni kell ez\u00e9rt, de a megold\u00e1s, az eredm\u00e9ny nem t\u0151le: hanem a term\u00e9szetf\u00f6l\u00f6tti seg\u00edts\u00e9gt\u0151l ered. Sem sz\u00fclet\u00e9s\u00fcnk, sem hal\u00e1lunk nem a mi kez\u00fcnkben van; szem\u00e9lyesen, egyen-egyenk\u00e9nt nem a mi akaratunk szerint j\u00f6tt\u00fcnk a vil\u00e1gra, der\u00fclt\u00fcnk l\u00e9tre, s nem is aszerint hagyjuk el azt; sorsunkat nem v\u00e1lasztjuk vagy v\u00e1logathatjuk. \u00c9s egysz\u00f3val: nem mi teremtett\u00fck a vil\u00e1gegyetemet. Ez\u00e9rt ha \u00e9lni sz\u00e1nd\u00e9kozunk benne \u00e9s emberi k\u00f6z\u00f6ss\u00e9gk\u00e9nt fennmaradni az id\u0151ben, emberent\u00fali t\u00e1maszra \u00e9s fog\u00f3dz\u00f3ra van sz\u00fcks\u00e9g\u00fcnk. Az emberi l\u00e9nyeget kutat\u00f3 mai hum\u00e1ntudom\u00e1nyos gondolkod\u00e1s szerint is az emberi, etnikai \u00e9s nemzeti megmarad\u00e1s legf\u0151bb felt\u00e9tele \u00e9s elengedhetetlen alapja a vall\u00e1si be\u00e1ll\u00edtotts\u00e1g \u2013 fogalmazza leg\u00fajabban is a vil\u00e1gh\u00edr\u0171 n\u00e9met kult\u00farantropol\u00f3gus, Jan Assmann. De N\u00e9meth L\u00e1szl\u00f3 szerint is \u201eminden kult\u00fara k\u00fcl\u00f6n hangulat, \u00e1llapot, mely sz\u00edn\u00e9t, iram\u00e1t minden \u00e9letmegnyilv\u00e1nul\u00e1sba belekeveri. Ennek az \u00e1llapotnak legm\u00e9lyebb megnyilatkoz\u00e1sa a vall\u00e1sos \u00e9rz\u00e9s.\u201d \u00c9s Hamvas B\u00e9la is \u00edgy \u00e1ll\u00edtja: \u201eA vall\u00e1s minden l\u00e9t legm\u00e9lyebb pontja: az \u00e9let transzcendens cs\u00facsa, amib\u0151l az \u00e9let \u00e9rtelme fakad, c\u00e9lja, sz\u00e9ps\u00e9ge, gazdags\u00e1ga\u201d. Term\u00e9szetesen nem a lesz\u0171k\u00edt\u0151, hanem a legt\u00e1vlatosabb, legegyetemesebb \u00e9rtelemben vett vall\u00e1sos hum\u00e1n kult\u00fara ez. De a legkiv\u00e1l\u00f3bb magyar n\u00e9pi \u00edr\u00f3k egyike, azok t\u00e1rsa, akik a huszadik sz\u00e1zad negyvenes \u00e9veiben a Tokaj melletti kis faluba, Tiszalad\u00e1nyba is ell\u00e1togattak \u00e9s \u00f6sszej\u00f6veteleket tartottak, s \u00edgy mintegy megalap\u00edtott\u00e1k vagy megel\u0151legezt\u00e9k a mai, a hetvenes \u00e9vek legelej\u00e9t\u0151l indul\u00f3, teh\u00e1t imm\u00e1r t\u00f6bb mint n\u00e9gy \u00e9vtizede fenn\u00e1ll\u00f3 \u00e9s tev\u00e9kenyen m\u0171k\u00f6d\u0151 Tokaji \u00cdr\u00f3t\u00e1bort (s ezt a faluban sz\u00e9p eml\u00e9khely, eml\u00e9kfal is meg\u00f6r\u00f6k\u00edti), sz\u00f3val az ide nem messzir\u0151l, csak Balmaz\u00fajv\u00e1rosb\u00f3l (ahogy \u0151 mondta: a \u201eHortob\u00e1gy melly\u00e9k\u00e9r\u0151l\u201d) sz\u00e1rmaz\u00f3 Veres P\u00e9ter, ugyanakkoriban, 1943-ban a nevezetes balatonsz\u00e1rsz\u00f3i \u00e9rtelmis\u00e9gi tal\u00e1lkoz\u00f3t is ezekkel az eln\u00f6ki z\u00e1rszavakkal fejezte be: \u201e<em>Megmaradni<\/em>. Ahogy lehet. S hogy lehet? \u00dagy, ahogy a n\u00e9p nagy t\u00f6bbs\u00e9ge hiszi, hogy lehet. Mert a hit nagy er\u0151, a t\u00f6rt\u00e9nelemben tal\u00e1n a legels\u0151 er\u0151.\u201d<\/p>\n<p style=\"text-align: justify;\">\u00a0\u00a0\u00a0\u00a0\u00a0\u00a0\u00a0\u00a0 Igen, \u00edgy gondolta ezt K\u00f6lcsey Ferenc is. A hit fontosabb t\u00f6rt\u00e9nelemform\u00e1l\u00f3 er\u0151, mint p\u00e9ld\u00e1ul az anyagi gazdags\u00e1g, az \u00e1ls\u00e1gos \u00e9s talmi \u00e9rdekek. Ez\u00e9rt fordul a <em>Himnusz<\/em> is a legels\u0151 szav\u00e1val Istenhez. \u00c9s b\u00e1r ma \u00fagy \u00e9rtj\u00fck, hogy j\u00f3kedvet, b\u0151s\u00e9get k\u00e9r t\u0151le a magyars\u00e1g sz\u00e1m\u00e1ra, de \u00e9rdekes legfrissebb nyelvt\u00f6rt\u00e9neti kutat\u00e1sok szerint eredetileg az, hogy \u201e\u00e1ldd meg a magyart \/ J\u00f3 kedvvel, b\u0151s\u00e9ggel\u201d, nem vagy nemcsak ezt jelentette: hanem hogy maga az \u00e1ld\u00e1s fakadjon az \u00dar b\u0151s\u00e9ges j\u00f3kedv\u00e9b\u0151l. A m\u00f3d, hogy b\u0151s\u00e9gesen \u00e9s j\u00f3kedv\u0171en \u00e1ldd meg, Isten\u00fcnk, a magyart \u2013 ez a pontos jelent\u00e9s, s nem az a t\u00e1rgyi k\u00f6vetkezm\u00e9ny, hogy csup\u00e1n sz\u00e1munkra val\u00f3 j\u00f3kedvet \u00e9s b\u0151s\u00e9get (f\u0151leg nem puszt\u00e1n anyagi b\u0151s\u00e9get) adom\u00e1nyozva. Az els\u0151dleges teh\u00e1t: az istenperspekt\u00edva, s csak ut\u00e1na, amit aj\u00e1nd\u00e9kk\u00e9nt mi kapunk. Persze a minden j\u00f3ra, \u00edgy a mindenf\u00e9le \u00e9rt\u00e9kekben val\u00f3 b\u0151velked\u00e9sre ir\u00e1nyul\u00f3 v\u00e1gyakoz\u00e1s sem \u00edt\u00e9lend\u0151 el, azaz megtarthatjuk a felemel\u0151 t\u00f6bb\u00e9rtelm\u0171s\u00e9gben rejl\u0151 bizodalmunkat is \u2013 a mindenf\u00e9le \u00e9rt\u00e9kgyarapod\u00e1sunkat illet\u0151en.<\/p>\n<p style=\"text-align: justify;\">\u00a0\u00a0\u00a0\u00a0\u00a0\u00a0\u00a0\u00a0 Mert az is olyannyira soksz\u00edn\u0171 \u00e9s sokr\u00e9t\u0171, ahogyan a k\u00f6lt\u0151 a magyar hist\u00f3ria zivataros sz\u00e1zadait \u00f6sszegzi, amilyen l\u00e9nyegret\u00f6r\u0151 katartikus m\u0171v\u00e9szis\u00e9ggel fejezi ki egy nemzet boldogtalans\u00e1g\u00e1nak \u00e9s boldogul\u00e1sk\u00edv\u00e1nalm\u00e1nak m\u00e9rhetetlen m\u00e9lys\u00e9geit \u00e9s magass\u00e1gait. Amik\u00e9ppen a r\u00e9gi magyar l\u00edra, a k\u00f6zk\u00f6lt\u00e9szet \u00e9s a magas irodalom, a vall\u00e1sos n\u00e9p\u00e9nek \u00e9s a klasszikus po\u00e9zis hatalmas \u00e9rt\u00e9ktartom\u00e1nyait bej\u00e1rva (a n\u00e9pdalokt\u00f3l, Balassit\u00f3l a keserg\u0151 kuruc n\u00f3t\u00e1kig \u00e9s tov\u00e1bb teh\u00e1t) \u00e9s azok hangulat\u00e1t visszaid\u00e9zve alkotja meg a kortalanul cseng\u0151, id\u0151tlen \u00e9rv\u00e9nnyel hangz\u00f3 veretes versmondatokat \u2013 a n\u00e9pi-nemzeti \u00e9s a kereszt\u00e9ny magyar kult\u00fara legm\u00e9lyebb szf\u00e9r\u00e1ib\u00f3l mer\u00edtve m\u00e9g a r\u00edmeket is: \u201eBal sors akit r\u00e9gen t\u00e9p\u201d \u2013 \u201eMegb\u00fcnh\u00f6dte m\u00e1r e n\u00e9p\u201d. S mivel a k\u00f6ltem\u00e9ny m\u0171faja a himnikus im\u00e1ds\u00e1g, ez\u00e9rt element\u00e1ris erej\u0171ek a biblikus utal\u00e1sok \u00e9s k\u00e9pzett\u00e1rs\u00edt\u00e1sok is. P\u00e9ld\u00e1ul hogy v\u00e9delmet kapjunk ellens\u00e9geinkkel szemben. \u201e\u00c1ldott leszesz bej\u00f6tt\u00f6dben, \u00e9s \u00e1ldott leszesz kimentedben\u201d; \u201eAz \u00dar megszalasztja el\u0151tted a te ellens\u00e9geidet, akik re\u00e1d t\u00e1madnak\u201d; \u201eh\u00e9t \u00faton futnak el\u0151led\u201d \u2013 olvassuk M\u00f3zes V. k\u00f6nyv\u00e9ben, az \u00e1ld\u00e1sok \u00edg\u00e9ret\u00e9nek hossz\u00fa sor\u00e1ban. A fel\u00e9nk ny\u00fajtott v\u00e9d\u0151 kar abszol\u00fat biztos\u00edt\u00e9k; P\u00e1l apostol szavaival: \u201eHa az Isten vel\u00fcnk, kicsoda ellen\u00fcnk?\u201d (R\u00f3m. 8:31.) De vonatkozhat ide a 35. zsolt\u00e1r kezdete is: \u201ePerelj, Uram, perl\u0151immel, harcolj \u00e9n ellens\u00e9gimmel\u201d. Az ilyen seg\u00e9lyk\u00e9r\u00e9s m\u00e9g a R\u00e1k\u00f3czi-n\u00f3t\u00e1b\u00f3l is ismer\u0151s: \u201eN\u00e9zz re\u00e1nk \u00dar! A mennyb\u00fcl, \/ Ments meg, k\u00e9r\u00fcnk, minket ily cs\u00faf \/ Ellens\u00e9gt\u00fcl!\u201d S a v\u00e1rakoz\u00e1s, hogy kegyelmi v\u00edg esztend\u0151t nyerhess\u00fcnk, az pedig \u00c9zsai\u00e1s pr\u00f3f\u00e9ta \u00e9s maga J\u00e9zus Krisztus \u00edg\u00e9rete szerint is val\u00f3: \u201eHirdetem az \u00darnak kedves esztendej\u00e9t\u201d. \u00c9s \u00edgy tov\u00e1bb, sorr\u00f3l sorra s\u0171r\u0171s\u00f6dik a versben minden l\u00e9nyeges vonatkoz\u00e1sban az, ami sz\u00e1munkra \u00e9letet, \u00f6r\u00f6m\u00f6t, \u00e9ps\u00e9ges lelki folytonoss\u00e1got jelenthet minden id\u0151ben. A sz\u00f3l\u00e1smond\u00e1sos magyar j\u00f3k\u00edv\u00e1ns\u00e1g szerint is \u201ebort, b\u00faz\u00e1t, b\u00e9kess\u00e9get\u201d rem\u00e9l\u00fcnk. (Nyilv\u00e1n, merthogy Krisztus \u00e9rt\u00fcnk v\u00e1llalt passi\u00f3j\u00e1ra szint\u00e9n keny\u00e9rrel \u00e9s borral eml\u00e9kez\u00fcnk.) S ebb\u0151l a magasztoss\u00e1gb\u00f3l \u00e9s \u00fajj\u00e1sz\u00fcl\u0151, felt\u00e1mad\u00e1sos boldogs\u00e1gb\u00f3l jutott is nek\u00fcnk a r\u00e9gi \u00e9vsz\u00e1zadokban: \u201e\u00c9rt\u00fcnk K\u00fans\u00e1g mezein \/ \u00c9rt kal\u00e1szt lengett\u00e9l, \/ Tokaj sz\u0151l\u0151vesszein \/ Nekt\u00e1rt csepegtett\u00e9l.\u201d De b\u0171neink \u00e9s a t\u00f6rt\u00e9nelmi h\u00e1nyattat\u00e1sok miatt most m\u00e1r az isteni sz\u00e1nalom \u00e9s irgalom is legfeljebb enyh\u00fcletet adhatna a tengernyi k\u00ednok k\u00f6zepette. S m\u00e9gis, kegyelmi aj\u00e1nd\u00e9kk\u00e9nt az\u00e9rt tal\u00e1n f\u00e9nyhoz\u00f3 meg\u00fajul\u00e1st is (a f\u00e9ny sz\u00fclet\u00e9se, a kibontakoz\u00f3 csillag\u00e1szati \u00e9v is ekkort\u00e1jt kezd\u0151dik), hogy m\u00e1r a f\u00f6ld\u00f6n meg\u00e9rezhess\u00fcnk valamit a mennyei \u00f6r\u00f6m\u00f6kb\u0151l. Tokaj vid\u00e9ke, a Hegyalja igaz\u00e1n alkalmas erre. De a t\u00e1gabb k\u00f6rny\u00e9k is, k\u00f6zte Szatm\u00e1r, benne Szatm\u00e1rcseke, ahol a k\u00f6lt\u0151 meg\u00edrta halhatatlan k\u00f6ltem\u00e9ny\u00e9t. A ma is \u0151si id\u0151kre eml\u00e9keztet\u0151 temet\u0151i cs\u00f3nakos fejf\u00e1k mellett, s ahol a K\u00f6lcsey-eml\u00e9kszob\u00e1ban a sz\u00fcl\u0151f\u00f6ldet bemutat\u00f3 k\u00e9p alatt ezt az id\u00e9zetet tal\u00e1ljuk: \u201eBoldog, kinek sz\u00e9p hont ad\u00e1nak a sors \u00f6r\u00f6k t\u00f6rv\u00e9nyei.\u201d Bizony, \u00e9leter\u0151vel, \u00e9letvid\u00e1ms\u00e1ggal j\u00f6ttek honfoglal\u00f3 \u0151seink is ezekre a t\u00e1jakra. A honfoglal\u00f3k Anonymus szerint is \u201ekimondhatatlanul megszerett\u00e9k\u201d ezt a f\u00f6ldet. M\u00f3ricz Zsigmond a Hegyalja foly\u00f3j\u00e1r\u00f3l, az ide kanyarg\u00f3 Bodrogr\u00f3l pedig azt \u00edrta, hogy \u201e\u00f6t foly\u00f3 \u00f6sszeszakad\u00e1s\u00e1b\u00f3l veszi eredet\u00e9t: csupa \u0151smagyar vez\u00e9ri nevek: Ung, Ondava, Laborc, Latorca \u00e9s Tapoly. Mintha a honalap\u00edt\u00f3k els\u0151 dolga lett volna a Bodrog \u0151sany\u00e1it megkeresztelni. De ez a foly\u00f3 mintha val\u00f3s\u00e1ggal szimb\u00f3luma lenne az ezer \u00e9vnek: ezt az egyes\u00edtett \u0151smagyar szellemet hozza\u201d. Megillet\u0151dve \u00e1llhatunk meg \u00e9ppen itt Tokajban is teh\u00e1t ezen a l\u00e9lekemel\u0151 napon, de a hajdani \u00e9s a rem\u00e9nybeli vid\u00e1ms\u00e1ggal is t\u00f6ltekezve. Az olyanf\u00e9l\u00e9vel, mint amilyenek kedves \u00e9s j\u00f3kedvet \u00e1raszt\u00f3 kuruckori \u00e9nekekben kapnak hangot \u2013 m\u00e9g ha veszedelmekkel szemben\u00e9zve, bajv\u00edv\u00f3 szenved\u00e9lyt felfokozva is, s hol b\u00e1natos-siralmas jajki\u00e1lt\u00e1sokkal, hol fel-felcsillan\u00f3 j\u00e1t\u00e9koss\u00e1ggal \u00e9s pajkoss\u00e1ggal \u00fczenik az emberi ember alap\u00e9rz\u00e9seit. Az egyikben ugyan m\u00e9g \u201eki\u00e1lt Tokaj v\u00e1ra, jajgat Patak v\u00e1ra\u201d a szenved\u00e9sekt\u0151l, de egy m\u00e1sik verses kr\u00f3nika m\u00e1r ilyen ked\u00e9lyesen mes\u00e9li: \u201eL\u00f6kn\u00e9l \u00e1ltolkelek, megyek Tokaj fel\u00e9, \/ Kereszt\u00farban sz\u00e1llok b\u00edr\u00f3 h\u00e1za mell\u00e9, \/ Estv\u00e9re ballagok \u00e9n fel Liszka fel\u00e9, \/ Ott h\u00e1ltam, \u00e9s reggel mentem B\u00e9nye fel\u00e9. \/\/ Itt az j\u00f3 borokkal katan\u00e1son \u00e9lek, \/ R\u00e9g\u00e9c puszta v\u00e1ra alott ell\u00e9ptetek, \/ G\u00f6ncruszk\u00e1ra h\u00e1lni, vacsor\u00e1ra megyek, \/ Hern\u00e1don egy vend\u00e9gfogad\u00f3n\u00e1l kelek.\u201d<\/p>\n<p style=\"text-align: justify;\">\u00a0\u00a0\u00a0\u00a0\u00a0\u00a0\u00a0\u00a0 T\u00e1jakat, r\u00e9gi\u00f3kat, magyar falvakat \u00e9s v\u00e1rosokat az eg\u00e9sz K\u00e1rp\u00e1t-medenc\u00e9ben, a hat\u00e1ron bel\u00fcli \u00e9s a hat\u00e1rokon t\u00falra szak\u00edtott kisebbs\u00e9gi vagy sz\u00f3rv\u00e1nymagyars\u00e1got, a diaszp\u00f3r\u00e1ban \u00e9l\u0151ket is \u00f6sszek\u00f6t\u0151 egyetemes magyar szellemis\u00e9ggel tekints\u00fcnk h\u00e1t megtart\u00f3 ig\u00e9inkre, a <em>Himnusz<\/em>ra \u00e9s minden m\u00e1s r\u00e9gi \u00e9s \u00faj csod\u00e1j\u00e1ra az elapadhatatlan magyar kult\u00far\u00e1nak. Mindenre, ami nem csak \u00e9lni seg\u00edt, de az \u00f6r\u00f6k hum\u00e1num min\u0151s\u00e9g\u00e9t is emeli. Mert \u201eaz ember term\u00e9szete szerint h\u0171s\u00e9ges \u00e9s \u00fcnnepl\u0151 l\u00e9ny. H\u0171 lelke hangj\u00e1hoz s \u00fcnnepre k\u00e9sz a vil\u00e1gval\u00f3s\u00e1gokkal szemben. (\u2026) A kult\u00fara addig nagy \u00e9s eg\u00e9szs\u00e9ges, am\u00edg k\u00f6tni \u00e9s emelni k\u00e9pes a h\u0171 \u00e9s \u00fcnnepszomjas embert\u201d; a nemzet \u201eaddig igazi k\u00f6z\u00f6ss\u00e9g, am\u00edg <em>egy<\/em> kult\u00far\u00e1ban \u00e9l\u0151,<em>egy<\/em> h\u0171s\u00e9ggel \u00e9s <em>egy<\/em> \u00fcnneprenddel \u00f6sszef\u0171z\u00f6tt egy\u00e9nek k\u00f6z\u00f6s egy\u00e9nis\u00e9ge\u201d \u2013 \u00f6sszegezte N\u00e9meth L\u00e1szl\u00f3 is. Hogy sz\u00fcl\u0151haz\u00e1nk gy\u00f6keres szeretete k\u00f6ss\u00f6n, az \u00f6r\u00f6k szellemi \u00e9rt\u00e9kek ig\u00e9zete pedig emeljen a benn\u00fcnk \u00e9s a f\u00f6l\u00f6tt\u00fcnk lakoz\u00f3 \u00f6r\u00f6k \u00e9rt\u00e9kekhez.<\/p>\n<p style=\"text-align: justify;\">\u00a0\u00a0\u00a0\u00a0\u00a0\u00a0\u00a0\u00a0 Egy biztosan sokak \u00e1ltal is szem\u00e9lyesen ismert kort\u00e1rs k\u00f6lt\u0151nk, a M\u00e1t\u00e9szalk\u00e1n \u00e9l\u0151 Ol\u00e1h Andr\u00e1s K\u00f6lcseyre \u00e9s jellegzetes versmot\u00edvumaira asszoci\u00e1l\u00f3 szonettj\u00e9t id\u00e9zn\u00e9m m\u00e9g: \u201ema roskatag \u0151s\u00f6reg f\u00e1k \/ orgon\u00e1j\u00e1n j\u00e1tszik a sz\u00e9l \/ a r\u0151t homok arcunkba v\u00e1g \/ s gy\u00e1szlepl\u00e9be csavar az \u00e9j \/\/ g\u0151g\u00f6s \u00e1rk\u00e1dok romjai \/ k\u00f6zt egy v\u00e1ndor pihenni t\u00e9r \/ arc\u00e1nak izz\u00f3 \u00e1rkai \/ k\u00e9rdezik: merengni mit \u00e9r \/\/ bar\u00e1tja m\u00e9rf\u00f6ldes mag\u00e1ny \/ a j\u00e9gcsillag sz\u00edv\u00e9be sz\u00far: \/ komporsz\u00e1gunk k\u0151pamlag\u00e1n \/\/ v\u00e9res cs\u00edk a Tisza s a T\u00far \/ \u2013 s b\u00e1ntanak vele b\u00e1r eb\u00fcl \/ szent hona \u2013 hiszi \u2013 <em>f\u00e9nyre der\u00fcl<\/em>\u201d (<em>K\u00f6lcsey<\/em>).<\/p>\n<p style=\"text-align: justify;\">\u00a0\u00a0\u00a0\u00a0\u00a0\u00a0\u00a0\u00a0 Ezt k\u00edv\u00e1nom v\u00e9gezet\u00fcl \u00e9n is j\u00f3sz\u00edvvel, s a Tokajban \u00e9venk\u00e9nt, nyarank\u00e9nt t\u00e1boroz\u00f3 \u00edr\u00f3k sokas\u00e1ga is: f\u00e9nyre der\u00fcl\u0151 haz\u00e1t, mindannyiunknak \u00e1ld\u00e1st, \u00e9s tiszt\u00e1nl\u00e1t\u00e1st is himnuszunk, eg\u00e9sz nemzeti kult\u00far\u00e1nk \u00e9s az \u00f6r\u00f6k magyar szellem ragyog\u00f3 f\u00e9nyein\u00e9l!<\/p>\n<p style=\"text-align: justify;\">\u00a0\u00a0\u00a0\u00a0\u00a0\u00a0\u00a0\u00a0 K\u00f6sz\u00f6n\u00f6m sz\u00e9pen!<\/p>\n<p style=\"text-align: justify;\"><strong>Bertha Zolt\u00e1n<\/strong><\/p>\n<p style=\"text-align: justify;\">(Elhangzott Tokajban, a Tokaji Kultur\u00e1lis \u00e9s Konferenciak\u00f6zpont \u00fcnneps\u00e9g\u00e9n, 2015. janu\u00e1r 22-\u00e9n)<\/p>\n","protected":false},"excerpt":{"rendered":"<p>A Tokaji \u00cdr\u00f3t\u00e1bor \u00e9s a Magyar \u00cdr\u00f3sz\u00f6vets\u00e9g nev\u00e9ben szeretettel k\u00f6sz\u00f6nt\u00f6m \u00e9n is a kedves egybegy\u0171lt k\u00f6z\u00f6ns\u00e9get ezen a szent napon, amely nemzeti im\u00e1ds\u00e1gunk, a Himnusz 1823-as \u2013 1823. janu\u00e1r 22-i \u2013 sz\u00fclet\u00e9s\u00e9nek, k\u00e9ziratos v\u00e9gleges\u00edt\u00e9s\u00e9nek az eml\u00e9k\u00fcnnepe. K\u00f6z\u00f6ss\u00e9gi l\u00e9tez\u00e9s\u00fcnk megtart\u00f3 szellem\u00e9t&#8230;<\/p>\n","protected":false},"author":1,"featured_media":4050,"comment_status":"closed","ping_status":"closed","sticky":false,"template":"","format":"standard","meta":{"footnotes":""},"categories":[1],"tags":[],"class_list":["post-4048","post","type-post","status-publish","format-standard","has-post-thumbnail","hentry","category-hirek"],"_links":{"self":[{"href":"https:\/\/tokajiirotabor.hu\/irotabor_archiv\/wp-json\/wp\/v2\/posts\/4048"}],"collection":[{"href":"https:\/\/tokajiirotabor.hu\/irotabor_archiv\/wp-json\/wp\/v2\/posts"}],"about":[{"href":"https:\/\/tokajiirotabor.hu\/irotabor_archiv\/wp-json\/wp\/v2\/types\/post"}],"author":[{"embeddable":true,"href":"https:\/\/tokajiirotabor.hu\/irotabor_archiv\/wp-json\/wp\/v2\/users\/1"}],"replies":[{"embeddable":true,"href":"https:\/\/tokajiirotabor.hu\/irotabor_archiv\/wp-json\/wp\/v2\/comments?post=4048"}],"version-history":[{"count":2,"href":"https:\/\/tokajiirotabor.hu\/irotabor_archiv\/wp-json\/wp\/v2\/posts\/4048\/revisions"}],"predecessor-version":[{"id":4051,"href":"https:\/\/tokajiirotabor.hu\/irotabor_archiv\/wp-json\/wp\/v2\/posts\/4048\/revisions\/4051"}],"wp:featuredmedia":[{"embeddable":true,"href":"https:\/\/tokajiirotabor.hu\/irotabor_archiv\/wp-json\/wp\/v2\/media\/4050"}],"wp:attachment":[{"href":"https:\/\/tokajiirotabor.hu\/irotabor_archiv\/wp-json\/wp\/v2\/media?parent=4048"}],"wp:term":[{"taxonomy":"category","embeddable":true,"href":"https:\/\/tokajiirotabor.hu\/irotabor_archiv\/wp-json\/wp\/v2\/categories?post=4048"},{"taxonomy":"post_tag","embeddable":true,"href":"https:\/\/tokajiirotabor.hu\/irotabor_archiv\/wp-json\/wp\/v2\/tags?post=4048"}],"curies":[{"name":"wp","href":"https:\/\/api.w.org\/{rel}","templated":true}]}}