{"id":4046,"date":"2014-08-13T14:01:01","date_gmt":"2014-08-13T13:01:01","guid":{"rendered":"http:\/\/www.tokajiirotabor.hu\/?p=4046"},"modified":"2016-06-22T14:02:33","modified_gmt":"2016-06-22T13:02:33","slug":"saray-laszlo-beszede","status":"publish","type":"post","link":"https:\/\/tokajiirotabor.hu\/irotabor_archiv\/saray-laszlo-beszede\/","title":{"rendered":"S\u00e1ray L\u00e1szl\u00f3 besz\u00e9de"},"content":{"rendered":"<div>Tisztelt 42. Tokaji \u00cdr\u00f3t\u00e1bor! Kedves vend\u00e9gek! Bar\u00e1taim!<\/div>\n<div><\/div>\n<div style=\"text-align: justify;\">Szem\u00e9lyes visszatekint\u00e9ssel, illetve egy r\u00f6vid lelt\u00e1r ismertet\u00e9s\u00e9vel szeretn\u00e9k elk\u00f6sz\u00f6nni a Tokaji \u00cdr\u00f3t\u00e1bor k\u00f6z\u00f6ss\u00e9g\u00e9t\u0151l, illetve r\u00e9sztvev\u0151it\u0151l.<\/div>\n<div style=\"text-align: justify;\">A XX. sz\u00e1zadban, a 60-as \u00e9vek elej\u00e9n a hazai belpolitika tele volt gy\u0151zelmi jelent\u00e9sekkel. Hangosan hirdett\u00e9k, hogy sikeresen befejez\u0151d\u00f6tt a mez\u0151gazdas\u00e1g \u00e1tszervez\u00e9se, megt\u00f6rt\u00e9nt a szocializmus alapjainak lerak\u00e1sa \u00e9s egy fejlettebb szakaszba \u00e9rkezt\u00fcnk. \u00a0\u2013 Kezd\u0151, mez\u0151gazdas\u00e1gi, pontosabban sz\u0151l\u00e9sz-bor\u00e1sz technikusk\u00e9nt szembes\u00fcltem ezzel a hamis helyzet\u00e9rt\u00e9kel\u00e9ssel, amely Borsod-Aba\u00faj-Zempl\u00e9n megy\u00e9re m\u00e9g ink\u00e1bb jellemz\u0151 volt. &#8211; Kort\u00e1rsaim \u00e9s az id\u0151sebbek arra is eml\u00e9keznek, hogy 1962-ig m\u00e9g az is szempont volt, ki, milyen csal\u00e1db\u00f3l sz\u00e1rmazott. A megk\u00fcl\u00f6nb\u00f6ztet\u00e9st, illetve a h\u00e1tr\u00e1nyt nemcsak a k\u00f6z\u00e9piskolai \u00e9s egyetemi felv\u00e9telin\u00e9l, hanem a munkahelyen is el kellett viselni. Sajnos, m\u00e9g 1956 ut\u00e1n is sokan azt hitt\u00e9k \u00fagy \u00e9rezt\u00e9k, hogy demokratikus munk\u00e1s-paraszt hatalomban \u00e9l\u00fcnk s nem diktat\u00far\u00e1ban. Pedig, semmi sem \u00fagy volt, ahogyan hirdett\u00e9k! \u2013 Ez\u00e9rt, 1964-ben szakm\u00e1t v\u00e1ltoztattam \u00e9s elszeg\u0151dtem k\u00f6zm\u0171vel\u0151d\u00e9si munk\u00e1snak. Igaz, itt sem volt minden \u00e9s mindenki a hely\u00e9n, magam is csak k\u00e9s\u0151bb tudtam megszerezni a sz\u00fcks\u00e9ges, szakir\u00e1ny\u00fa k\u00e9pes\u00edt\u00e9st. T\u00e9ny azonban, hogy h\u00e1zass\u00e1gk\u00f6t\u00e9sem ut\u00e1n ezzel a v\u00e1lt\u00e1ssal Tokajba ker\u00fcltem s ennek most augusztus elsej\u00e9n volt 50 \u00e9ve!<\/div>\n<div style=\"text-align: justify;\">H\u00e9t \u00e9vig a tokaji M\u0171vel\u0151d\u00e9si Klub vezet\u0151je voltam, 43 \u00e9v pedig &#8211; t\u00f6bbek k\u00f6z\u00f6tt &#8211; az \u00edr\u00f3t\u00e1borok szervez\u00e9s\u00e9vel telt el. 1964-ben, a Tokajban elkezdett k\u00f6zm\u0171vel\u0151d\u00e9si munk\u00e1m, 50 \u00e9v mult\u00e1val, 2014-ben, Tokajban befejez\u0151d\u00f6tt.<\/div>\n<div style=\"text-align: justify;\">Az\u00e9rt k\u00e9rtem sz\u00f3t &#8211; kedves bar\u00e1taim &#8211; mert ez az utols\u00f3 alkalom, hogy visszavonul\u00e1som bejelent\u00e9sen t\u00fal, k\u00f6sz\u00f6netet mondjak. Els\u0151sorban a mindenhat\u00f3nak, a sorsnak, \u00f6n\u00f6knek \u00e9s a csal\u00e1domnak, hogy hossz\u00fa ideig r\u00e9szt vehettem a Zempl\u00e9ni Hegyalja n\u00e9vad\u00f3 v\u00e1ros\u00e1nak \u00e9rdekeit is szolg\u00e1l\u00f3 k\u00fcl\u00f6nb\u00f6z\u0151 m\u0171vel\u0151d\u00e9si munk\u00e1kban. K\u00f6sz\u00f6n\u00f6m a magyar \u00edr\u00f3t\u00e1rsadalom Tokajt \u00e9s Tiszalad\u00e1nyt v\u00e1llal\u00f3 tagjainak, hogy 42 \u00e9ven \u00e1t \u00e9letben tartott\u00e1k az \u00edr\u00f3t\u00e1bort, annak tal\u00e1lkoz\u00e1si \u00e9s tan\u00e1cskoz\u00e1si form\u00e1ci\u00f3j\u00e1t. K\u00f6sz\u00f6n\u00f6m a v\u00e1ros, az oktat\u00e1si \u00e9s kultur\u00e1lis int\u00e9zm\u00e9nyek vezet\u0151inek, tov\u00e1bb\u00e1 a telep\u00fcl\u00e9s polg\u00e1rainak h\u00e1zigazda \u00e9s otthont ad\u00f3 szerep\u00e9t. \u00d6r\u00f6mmel eml\u00edtem az eredm\u00e9nyeket, mert az egykor mag\u00e1ra maradt, hagyott nagyk\u00f6zs\u00e9g az elm\u00falt 42 \u00e9v sor\u00e1n visszakapta v\u00e1rosi rangj\u00e1t. Tokaj ma is a vil\u00e1g\u00f6r\u00f6ks\u00e9gi t\u00e1j \u00e9s a t\u00f6rt\u00e9nelmi borvid\u00e9k n\u00e9vad\u00f3 k\u00f6zpontja. Elnyerte a kult\u00fara v\u00e1rosa kit\u00fcntet\u00e9st \u00e9s \u00fajra j\u00e1r\u00e1si sz\u00e9khely lett. Mindez biztat\u00f3 keret \u00e9s lehet\u0151s\u00e9g az itt lak\u00f3k sz\u00e1m\u00e1ra. \u2013 K\u00f6sz\u00f6netnyilv\u00e1n\u00edt\u00e1som t\u00f6bb \u00f6nkorm\u00e1nyzati \u00e9s az \u00e1llami szervezetnek is sz\u00f3l, hiszen az elm\u00falt 25 \u00e9vben sokan t\u00e1mogatt\u00e1k az \u00edr\u00f3t\u00e1bor \u00e9venk\u00e9nti megrendez\u00e9s\u00e9t, egy-egy rendezv\u00e9ny\u00e9t, az egyes\u00fclet fenntart\u00e1s\u00e1t, a kurat\u00f3rium m\u0171k\u00f6d\u00e9s\u00e9t. A t\u00e1mogat\u00e1s, az elismer\u00e9s inspir\u00e1lt benn\u00fcnket. Gener\u00e1ci\u00f3k nev\u00e9ben k\u00f6sz\u00f6n\u00f6m, k\u00f6sz\u00f6nj\u00fck.<\/div>\n<div style=\"text-align: justify;\">Ugyanakkor azt is elmondom, hogy nem mindenkinek tetszett a Tokaji \u00cdr\u00f3t\u00e1bor hajdani kezdem\u00e9nyez\u00e9se, majd az 1989 ut\u00e1ni folytat\u00e1s \u00e9s az 1994 ut\u00e1ni id\u0151szak sem. M\u00e1ig hat\u00f3, tart\u00f3 ellent\u00e9tek fesz\u00fclnek \u00e9s nem sz\u0171nt meg a fenntart\u00e1sok hangoztat\u00e1sa. N\u00e9h\u00e1nyan gyan\u00faval fogadt\u00e1k p\u00e9ld\u00e1ul az \u00edr\u00f3t\u00e1bor elm\u00falt 3 \u00e9vi tematik\u00e1j\u00e1t, munk\u00e1j\u00e1t. \u2013 M\u00e9gis, azt gondolom, hogy a tokaji vit\u00e1knak voltak \u00e9s vannak biztat\u00f3 eredm\u00e9nyei, s ez\u00e9rt (tal\u00e1n) j\u00f3 lelkiismerettel vonulhatok vissza, hiszen nem besz\u00e9lhet\u00fcnk a tokaji \u00edr\u00f3t\u00e1bor ki\u00fcresed\u00e9s\u00e9r\u0151l vagy \u00e9rdektelenn\u00e9 v\u00e1l\u00e1s\u00e1r\u00f3l. S\u0151t, \u00f6r\u00fcl\u00f6k, hogy a t\u00e1mogatotts\u00e1g \u00e9s a r\u00e9szv\u00e9tel az id\u00e9n negyedsz\u00e1zados cs\u00facsot \u00e9rt el, a Nemzeti Kultur\u00e1lis Alapnak \u00e9s a szakminiszt\u00e9riumnak, illetve az \u00edr\u00f3t\u00e1rsadalomnak k\u00f6sz\u00f6nhet\u0151en. \u2013 Mindezek mellett \u00e9s ellen\u00e9re elismerem, hogy szervizre, friss\u00edt\u00e9sre, \u00e1tszervez\u00e9sre bizony sz\u00fcks\u00e9ge van a tokaji \u00edr\u00f3t\u00e1bornak, amelyb\u0151l hitem szerint sok j\u00f3 is sz\u00e1rmazhat 25 \u00e9v t\u00e1rgyilagos m\u00e9rlege ut\u00e1n. A jelenlegi ciklusban \u00e9rkezett javaslatok, \u00e9szrev\u00e9telek hasznos\u00edt\u00e1s\u00e1t az \u00faj kurat\u00f3rium sz\u00edves figyelm\u00e9be aj\u00e1nlom.<\/div>\n<div style=\"text-align: justify;\">Bar\u00e1taim! \u00d6sszegz\u00e9sem r\u00f6vid, t\u00f6red\u00e9kes, ink\u00e1bb alkalom \u00e9s adal\u00e9k jelleg\u0171, de nem ker\u00fclhetem meg azt a k\u00e9rd\u00e9st, hogy mi is volt az \u00e9n szerepem az elm\u00falt 43 \u00e9vben? &#8211; \u201eH\u00e1tt\u00e9r ember, sz\u00fcrke eminenci\u00e1s\u201d \u2013 hallottam a k\u00f6nnyen f\u00e9lre\u00e9rthet\u0151 megjegyz\u00e9seket 1989 el\u0151tt \u00e9s ut\u00e1n. \u00a0Most kimondom, hogy engem ez a \u201emin\u0151s\u00edt\u00e9s\u201d nem zavart, nem b\u00e1ntott. V\u00e1llaltam, mert soha nem tapadt hozz\u00e1 hatalmi k\u00e9rd\u00e9s, ir\u00e1ny\u00edt\u00e1si v\u00e1gy, f\u00fcgg\u0151s\u00e9gi viszony vagy valamilyen titkos megb\u00edzat\u00e1s, \u00e9rv\u00e9nyes\u00fcl\u00e9s! \u00a0Mindezt alapk\u00e9rd\u00e9snek tekintettem! L\u00e9nyeges \u00e9s fontos volt sz\u00e1momra, hogy az \u00edr\u00f3t\u00e1bor hozz\u00e1j\u00e1rulhatott az 1989\/90-es v\u00e1ltoztat\u00e1sokhoz s hogy az elm\u00falt 20-25 \u00e9vben a kurat\u00f3rium munk\u00e1j\u00e1t az \u00edr\u00f3t\u00e1borosok t\u00f6bbs\u00e9ge elismerte, elfogadta s hogy a rendezv\u00e9nyeink, vit\u00e1ink ir\u00e1nti \u00e9rdekl\u0151d\u00e9s \u00e9vtizedek \u00f3ta folyamatos. Megeml\u00edtem, hogy szervezeti \u00e9s szem\u00e9lyi kit\u00fcntet\u00e9sben is volt r\u00e9sz\u00fcnk. (Jobbr\u00f3l \u00e9s balr\u00f3l is!) A nehezebb ciklusokban sem voltunk, voltam teljesen egyed\u00fcl, mik\u00f6zben igen fontos \u00e9s nagyszer\u0171 \u201eh\u00e1tt\u00e9rembereket\u201d ismertem meg.<\/div>\n<div style=\"text-align: justify;\">Mi volt teh\u00e1t az \u00e9n szerepk\u00f6r\u00f6m? R\u00e9szese lehettem az indul\u00f3 \u00e9vek n\u00e9h\u00e1ny d\u00f6nt\u00e9s\u00e9nek el\u0151k\u00e9sz\u00edt\u00e9s\u00e9ben. Hegyi Imre a HNF megyei titk\u00e1ra p\u00e9ld\u00e1ul elfogadta javaslatomat az \u00edr\u00f3t\u00e1bor elnevez\u00e9s\u00e9re \u00e9s sz\u00e9khely\u00e9re. Ez 1971 \u0151sz\u00e9n t\u00f6rt\u00e9nt. Kor\u00e1bbi tokajis\u00e1gom ok\u00e1n \u00edgy r\u00e9szt vehettem 43 \u00edr\u00f3t\u00e1bori tan\u00e1cskoz\u00e1s el\u0151k\u00e9sz\u00edt\u00e9s\u00e9ben, 42 lebonyol\u00edt\u00e1s\u00e1ban. 17 \u00e9vig szervezeti, 15 \u00e9vig int\u00e9zm\u00e9nyi t\u00e1mogat\u00e1ssal, majd 10 \u00e9ve 7. emeleti miskolci lak\u00e1somr\u00f3l szervezve az ism\u00e9tl\u0151d\u0151 \u00edr\u00f3t\u00e1borokat. Seg\u00edtettem Zimonyi Zolt\u00e1nt az egyes\u00fclett\u00e9 v\u00e1l\u00e1s folyamat\u00e1ban, a kurat\u00f3rium l\u00e9trehoz\u00e1s\u00e1ban. Feladataim k\u00f6z\u00e9 tartozott az \u00e9vk\u00f6nyvek \u00e9s az \u00edr\u00f3t\u00e1bori \u00fajs\u00e1gok megjelentet\u00e9se. Szerveztem 9 eml\u00e9kfa \u00fcltet\u00e9s\u00e9t, 18 bronz eml\u00e9kt\u00e1bla avat\u00e1s\u00e1t \u00e9s sz\u00e1mos kapcsol\u00f3d\u00f3 rendezv\u00e9ny megtart\u00e1s\u00e1t. 20 \u00e9vig ell\u00e1ttam a kurat\u00f3rium titk\u00e1ri \u00e9s az egyes\u00fclet jogi k\u00e9pviselet\u00e9t, amely al\u00f3l 2014 tavasz\u00e1n k\u00e9rtem felment\u00e9semet. R\u00f6viden ennyi a lelt\u00e1r, amit tettem, tehettem, amihez hozz\u00e1j\u00e1rultam, s amelynek felel\u0151ss\u00e9g\u00e9t v\u00e1llalom. Azaz, ennyi \u00e9s nem t\u00f6bb a szerepem a Tokaji \u00cdr\u00f3t\u00e1borok t\u00f6rt\u00e9net\u00e9ben.<\/div>\n<div style=\"text-align: justify;\">A 43 \u00e9v eredm\u00e9nyeinek kritikus sz\u00e1mbav\u00e9tele viszont az ut\u00f3dokra v\u00e1r. Eddig nem ker\u00fclt sor az els\u0151 17 \u00e9v, majd az elm\u00falt 25 \u00e9v tan\u00e1cskoz\u00e1sainak alapos vizsg\u00e1lat\u00e1ra, tanulm\u00e1ny szint\u0171 \u00e9rt\u00e9kel\u00e9s\u00e9re. De a forr\u00e1sok rendelkez\u00e9sre \u00e1llnak, kutathat\u00f3k. Az 1989 el\u0151ttiek is.<\/div>\n<div style=\"text-align: justify;\">Javaslom a j\u00f6v\u0151re \u00e1talakul\u00f3 szervezetnek \u00e9s a magyar \u00edr\u00f3t\u00e1rsadalom tagjainak, ha kedv\u00fck tartja, folytass\u00e1k az \u00edr\u00f3t\u00e1borok szervez\u00e9s\u00e9t, l\u00e1togat\u00e1s\u00e1t. Tov\u00e1bbra is itt, Tokajban! Tiszta hagyom\u00e1ny\u00fa gy\u00f6kerekkel. \u00a0A \u00edr\u00f3t\u00e1bor keresse az egy\u00fcttm\u0171k\u00f6d\u00e9st az \u00e9rintett telep\u00fcl\u00e9sek vezet\u0151ivel, a helyiekt\u0151l pedig azt k\u00e9rem, hogy ne feledkezzenek meg a Millenniumi Irodalmi Eml\u00e9kpark, illetve az eml\u00e9kfal \u00e1pol\u00e1s\u00e1r\u00f3l, meg\u0151rz\u00e9s\u00e9r\u0151l, fejleszt\u00e9s\u00e9r\u0151l.<\/div>\n<div style=\"text-align: justify;\">V\u00e9g\u00fcl megk\u00f6sz\u00f6n\u00f6m a kurat\u00f3riumi tagok munk\u00e1j\u00e1t, az eln\u00f6k\u00f6k seg\u00edts\u00e9g\u00e9t. N\u00e9v szerint is eml\u00edtem \u00e9s szeretettel gondolok Cseres Tiborra, Hubay Mikl\u00f3sra, Sz\u00e9kelyhidi \u00c1gostonra, akik m\u00e1r nem lehetnek k\u00f6z\u00f6tt\u00fcnk. K\u00f6sz\u00f6n\u00f6m sz\u00e9pen Pomog\u00e1ts B\u00e9la, G\u00e1l S\u00e1ndor, Vasy G\u00e9za, Serf\u0151z\u0151 Simon, Mezey Katalin \u00e9s Szentm\u00e1rtoni J\u00e1nos eln\u00f6ki munk\u00e1j\u00e1t, szakmai ir\u00e1ny\u00edt\u00e1s\u00e1t \u00e9s bar\u00e1ts\u00e1g\u00e1t. Sz\u00e1momra megtiszteltet\u00e9s volt Veletek egy\u00fctt dolgozni az elm\u00falt negyed \u00e9vsz\u00e1zadban.<\/div>\n<div style=\"text-align: justify;\">Tisztelt jelenl\u00e9v\u0151k! Tavaly a megnyit\u00f3, most a z\u00e1r\u00f3 rendezv\u00e9ny r\u00e9sztvev\u0151it\u0151l, a tokaji \u00edr\u00f3t\u00e1bor nyilv\u00e1noss\u00e1g\u00e1t\u00f3l is elk\u00f6sz\u00f6n\u00f6k a mikrofon seg\u00edts\u00e9g\u00e9vel. \u2013 Rem\u00e9lem, meg\u00e9rtik \u00e9s elfogadj\u00e1k, hogy 43 \u00e9v hossz\u00fa id\u0151, s hogy szeretn\u00e9m \u00e1tadni fiatalabbnak a szervez\u0151i staf\u00e9tabotot. \u00a0De nem b\u00facs\u00fazom. \u2013 J\u00f3 lenne meg\u0151rizni a k\u00f6z\u00f6s \u00edr\u00f3t\u00e1bori m\u00faltat \u00e9s hasznos\u00edtani a tanuls\u00e1gokat. &#8211; A k\u00f6vetkez\u0151 f\u00e9l \u00e9vsz\u00e1zad irodalmi nemzed\u00e9k\u00e9nek \u0151szint\u00e9n k\u00edv\u00e1nok 6 puttonyos id\u0151szakot \u00e9s alkot\u00e1sokat, tov\u00e1bbi tokaji \u00edr\u00f3t\u00e1<em>boroz\u00e1sokkal<\/em>.<\/div>\n<div style=\"text-align: justify;\"><\/div>\n<div style=\"text-align: justify;\">Szeretettel \u00e9s k\u00f6sz\u00f6nettel<\/div>\n<div style=\"text-align: justify;\">S\u00e1ray L\u00e1szl\u00f3<\/div>\n","protected":false},"excerpt":{"rendered":"<p>Tisztelt 42. Tokaji \u00cdr\u00f3t\u00e1bor! Kedves vend\u00e9gek! Bar\u00e1taim! Szem\u00e9lyes visszatekint\u00e9ssel, illetve egy r\u00f6vid lelt\u00e1r ismertet\u00e9s\u00e9vel szeretn\u00e9k elk\u00f6sz\u00f6nni a Tokaji \u00cdr\u00f3t\u00e1bor k\u00f6z\u00f6ss\u00e9g\u00e9t\u0151l, illetve r\u00e9sztvev\u0151it\u0151l. A XX. sz\u00e1zadban, a 60-as \u00e9vek elej\u00e9n a hazai belpolitika tele volt gy\u0151zelmi jelent\u00e9sekkel. Hangosan hirdett\u00e9k, hogy sikeresen&#8230;<\/p>\n","protected":false},"author":1,"featured_media":0,"comment_status":"closed","ping_status":"closed","sticky":false,"template":"","format":"standard","meta":{"footnotes":""},"categories":[1],"tags":[],"class_list":["post-4046","post","type-post","status-publish","format-standard","hentry","category-hirek"],"_links":{"self":[{"href":"https:\/\/tokajiirotabor.hu\/irotabor_archiv\/wp-json\/wp\/v2\/posts\/4046"}],"collection":[{"href":"https:\/\/tokajiirotabor.hu\/irotabor_archiv\/wp-json\/wp\/v2\/posts"}],"about":[{"href":"https:\/\/tokajiirotabor.hu\/irotabor_archiv\/wp-json\/wp\/v2\/types\/post"}],"author":[{"embeddable":true,"href":"https:\/\/tokajiirotabor.hu\/irotabor_archiv\/wp-json\/wp\/v2\/users\/1"}],"replies":[{"embeddable":true,"href":"https:\/\/tokajiirotabor.hu\/irotabor_archiv\/wp-json\/wp\/v2\/comments?post=4046"}],"version-history":[{"count":1,"href":"https:\/\/tokajiirotabor.hu\/irotabor_archiv\/wp-json\/wp\/v2\/posts\/4046\/revisions"}],"predecessor-version":[{"id":4047,"href":"https:\/\/tokajiirotabor.hu\/irotabor_archiv\/wp-json\/wp\/v2\/posts\/4046\/revisions\/4047"}],"wp:attachment":[{"href":"https:\/\/tokajiirotabor.hu\/irotabor_archiv\/wp-json\/wp\/v2\/media?parent=4046"}],"wp:term":[{"taxonomy":"category","embeddable":true,"href":"https:\/\/tokajiirotabor.hu\/irotabor_archiv\/wp-json\/wp\/v2\/categories?post=4046"},{"taxonomy":"post_tag","embeddable":true,"href":"https:\/\/tokajiirotabor.hu\/irotabor_archiv\/wp-json\/wp\/v2\/tags?post=4046"}],"curies":[{"name":"wp","href":"https:\/\/api.w.org\/{rel}","templated":true}]}}