{"id":4044,"date":"2013-07-10T13:58:26","date_gmt":"2013-07-10T12:58:26","guid":{"rendered":"http:\/\/www.tokajiirotabor.hu\/?p=4044"},"modified":"2016-06-22T13:59:16","modified_gmt":"2016-06-22T12:59:16","slug":"tokaji-irotabor-2013-augusztus-14-16-program","status":"publish","type":"post","link":"https:\/\/tokajiirotabor.hu\/irotabor_archiv\/tokaji-irotabor-2013-augusztus-14-16-program\/","title":{"rendered":"TOKAJI \u00cdR\u00d3T\u00c1BOR, 2013. augusztus 14-16. Program"},"content":{"rendered":"<p><b>2013. augusztus 14. szerda<\/b><\/p>\n<p>&nbsp;<\/p>\n<p><b>11:00<\/b><\/p>\n<p>R\u00c1K\u00d3CZI-PINCE<\/p>\n<p><b>\u00cdr\u00f3t\u00e1bor 2013<\/b> \u2013 Megnyitja: <b>Szentm\u00e1rtoni J\u00e1nos<\/b> eln\u00f6k<\/p>\n<p>K\u00f6sz\u00f6nt\u0151: <b>M\u00e1jer J\u00e1nos<\/b> polg\u00e1rmester<\/p>\n<p>K\u00f6zrem\u0171k\u00f6dik: <b>Helyey L\u00e1szl\u00f3<\/b> sz\u00ednm\u0171v\u00e9sz<\/p>\n<p>H\u00e1zigazda: <b>Kov\u00e1cs Tibor<\/b> birtokigazgat\u00f3<\/p>\n<p>&nbsp;<\/p>\n<p><b>12:00<\/b><\/p>\n<p>Eb\u00e9d<\/p>\n<p>&nbsp;<\/p>\n<p><b>14:00<\/b><\/p>\n<p>TOKAJI FERENC GIMN\u00c1ZIUM, aula<\/p>\n<p><b>G\u00e1rdonyi G\u00e9za eml\u00e9kki\u00e1ll\u00edt\u00e1s &#8211; Bemutatja Sz. Kir\u00e1ly J\u00falia<\/b><\/p>\n<p><b>\u00a0<\/b><\/p>\n<p><b>14:15 \u2013 18:00<\/b><\/p>\n<p>TOKAJI FERENC GIMN\u00c1ZIUM, aula<\/p>\n<p><b>Eltiltva \u00e9s elfelejtve\u00a0 II. \u2013 1965-1989<\/b> c\u00edm\u0171 tan\u00e1cskoz\u00e1s (plen\u00e1ris \u00fcl\u00e9s)<\/p>\n<p>Eln\u00f6k\u00f6l: <b>Szentm\u00e1rtoni J\u00e1nos, \u00c1cs Margit<\/b><\/p>\n<p>El\u0151ad\u00f3: <b>Mezei Bal\u00e1zs, Mikl\u00f3ssy Endre, R\u00f3nay L\u00e1szl\u00f3, S\u00e1rk\u00f6zi M\u00e1ty\u00e1s, Sz\u0151cs G\u00e9za,\u00a0 Tell\u00e9r Gyula, T\u00f3falvi Zolt\u00e1n, Vasy G\u00e9za<\/b><\/p>\n<p>&nbsp;<\/p>\n<p><b>18:15<\/b><\/p>\n<p>Vacsora<\/p>\n<p>&nbsp;<\/p>\n<p><b>19:45 \u2013 21:00<\/b><\/p>\n<p>PAULAY EDE SZ\u00cdNH\u00c1Z<\/p>\n<p><b>Tokaji est\u00e9k I<\/b>.<\/p>\n<p><b>We\u00f6res S\u00e1ndor est<\/b><\/p>\n<p>K\u00f6zrem\u0171k\u00f6dik: <b>Csikos S\u00e1ndor, Helyey L\u00e1szl\u00f3, Juh\u00e1sz R\u00f3za, R\u00e1ckevei Anna, Oberfrank P\u00e1l<\/b><\/p>\n<p><b>Krumm Enik\u0151<\/b> &#8211; \u00e9nek<\/p>\n<p><b>Holics L\u00e1szl\u00f3<\/b> &#8211; zongora<\/p>\n<p>Irodalmi szerkeszt\u0151, h\u00e1zigazda: <b>Mezey Katalin<\/b><\/p>\n<p>A Tokaji \u00cdr\u00f3t\u00e1bor \u00e9s a Zempl\u00e9ni Fesztiv\u00e1l k\u00f6z\u00f6s rendezv\u00e9nye<\/p>\n<p>&nbsp;<\/p>\n<p><b>21:30 \u2013 23:00<\/b><\/p>\n<p>R\u00c1K\u00d3CZI-PINCE \u00c9S UDVARH\u00c1Z<\/p>\n<p><b>FISZ \u00e9s APOKRIF est<\/b><\/p>\n<p>Felolvas: <b>G\u00e1l Soma, Horv\u00e1th Veronika, Korpa Tam\u00e1s, Nov\u00e1k Zs\u00fcliet, Pal\u00e1gyi L\u00e1szl\u00f3, Szalai Zsolt, Torma M\u00e1ria<\/b><\/p>\n<p>Zene: <b>Pal\u00e1gyi L\u00e1szl\u00f3<\/b> (\u00e9nek-git\u00e1r)<\/p>\n<p>H\u00e1zigazda: <b>Szentm\u00e1rtoni J\u00e1nos<\/b><\/p>\n<p>&nbsp;<\/p>\n<p>&nbsp;<\/p>\n<p><b>2013. augusztus 15. cs\u00fct\u00f6rt\u00f6k<\/b><\/p>\n<p>&nbsp;<\/p>\n<p><b>7:00<\/b><\/p>\n<p>Reggeli<\/p>\n<p>&nbsp;<\/p>\n<p><b>9:00 \u2013 12:30<\/b><\/p>\n<p>TOKAJI FERENC GIMN\u00c1ZIUM, aula<\/p>\n<p><b>A tan\u00e1cskoz\u00e1s folytat\u00e1sa<\/b> (plen\u00e1ris \u00fcl\u00e9s, vita)<\/p>\n<p>Eln\u00f6k\u00f6l: <b>J\u00e1nosi Zolt\u00e1n, Kukorelly Endre<\/b><\/p>\n<p>El\u0151ad\u00f3: <b>\u00c1cs Margit, \u00c1gh Istv\u00e1n, K\u00f6d\u00f6b\u00f6cz G\u00e1bor, Mezey Katalin, Ol\u00e1h J\u00e1nos, Pomog\u00e1ts B\u00e9la, Schein G\u00e1bor, Sipos Anna Magdolna, Szentm\u00e1rtoni J\u00e1nos, V\u00e1ri F\u00e1bi\u00e1n L\u00e1szl\u00f3<\/b><\/p>\n<p>&nbsp;<\/p>\n<p><b>12:30<\/b><\/p>\n<p>Eb\u00e9d<\/p>\n<p>&nbsp;<\/p>\n<p><b>14:00 \u2013 16:20<\/b><\/p>\n<p>TOKAJI FERENC GIMN\u00c1ZIUM \u00e9s KOLL\u00c9GIUM<\/p>\n<p><b>Munkacsoport-\u00fcl\u00e9sek<\/b><\/p>\n<p>&nbsp;<\/p>\n<p><b>\u2022 Alkot\u00f3i m\u0171helyek k\u00fczdelmei<\/b><\/p>\n<p>Vezeti: <b>Turczi Istv\u00e1n<\/b><\/p>\n<p>El\u0151ad\u00f3: <b>Czig\u00e1ny Gy\u00f6rgy, Gy\u00f6re Bal\u00e1zs, Elek Istv\u00e1n<\/b><\/p>\n<p>&nbsp;<\/p>\n<p><b><b>\u2022 <\/b>Hat\u00e1ron t\u00fali \u00faj nemzed\u00e9kek jelentkez\u00e9se<\/b><\/p>\n<p>Vezeti: <b>Bertha Zolt\u00e1n<\/b><\/p>\n<p>El\u0151ad\u00f3<b>: Cseke P\u00e9ter, Kabdeb\u00f3 Tam\u00e1s, T\u00f3th L\u00e1szl\u00f3, T\u0151zs\u00e9r \u00c1rp\u00e1d<\/b><\/p>\n<p><b>\u00a0<\/b><\/p>\n<p><b><b>\u2022 <\/b>\u00cdr\u00f3tal\u00e1lkoz\u00f3k a diktat\u00fara ellen\u00e9ben<\/b><\/p>\n<p>&nbsp;<\/p>\n<p>Vezeti: <b>Mezey Katalin<\/b><\/p>\n<p>El\u0151ad\u00f3: <b>Albert G\u00e1bor, Petrik B\u00e9la, Serf\u0151z\u0151 Simon<\/b><\/p>\n<p><b>\u00a0<\/b><\/p>\n<p><b>16:30 \u2013 17:20<\/b><\/p>\n<p>TOKAJI FERENC GIMN\u00c1ZIUM, aula<\/p>\n<p>\u201e<b>A tokaji sz\u00ednek k\u00f6lt\u0151je\u201d \u2013 Portr\u00e9 Tenk\u00e1cs Tiborr\u00f3l<\/b><\/p>\n<p>Filmvet\u00edt\u00e9s, k\u00f6zrem\u0171k\u00f6dik <b>K\u00e1ntor Istv\u00e1n<\/b> rendez\u0151<\/p>\n<p>H\u00e1zigazda: <b>Antall Istv\u00e1n<\/b><\/p>\n<p>&nbsp;<\/p>\n<p><b>17:30<\/b><\/p>\n<p>aut\u00f3busz indul Tiszalad\u00e1nyba<\/p>\n<p>&nbsp;<\/p>\n<p><b>18:00 \u2013 19:00<\/b><\/p>\n<p>TISZALAD\u00c1NY, K\u00d6Z\u00d6SS\u00c9GI H\u00c1Z<\/p>\n<p><b>Irodalmi est<\/b><\/p>\n<p>H\u00e1zigazda: <b>Liszkai Ferenc<\/b> polg\u00e1rmester<\/p>\n<p>K\u00f6sz\u00f6nt\u0151: <b>Pomog\u00e1ts B\u00e9la<\/b><\/p>\n<p><b>100 \u00e9ve sz\u00fcletett Kov\u00e1cs Imre \u2013 Szab\u00f3 A. Ferenc<\/b><\/p>\n<p><b>80 \u00e9ve sz\u00fcletett Kal\u00e1sz L\u00e1szl\u00f3 \u2013 Cs. Varga Istv\u00e1n<\/b><\/p>\n<p>K\u00f6zrem\u0171k\u00f6dik: <b>Helyey L\u00e1szl\u00f3<\/b> sz\u00ednm\u0171v\u00e9sz<\/p>\n<p>&nbsp;<\/p>\n<p><b>19:30<\/b><\/p>\n<p>Vacsora<\/p>\n<p><b>20:30 \u2013 21:30<\/b><\/p>\n<p>KOLL\u00c9GIUMI KERT<\/p>\n<p><b>Tokaji est\u00e9k II.<\/b><\/p>\n<p>Bemutatkozik az <b>\u00c9let\u00fcnk<\/b> \u00e9s a <b>Magyar Napl\u00f3<\/b> foly\u00f3irat<\/p>\n<p>F\u0151szerkeszt\u0151k: <b>Alexa K\u00e1roly, Ol\u00e1h J\u00e1nos<\/b><\/p>\n<p>Szerz\u0151k: <b>Bok\u00e1nyi P\u00e9ter, Kov\u00e1cs Istv\u00e1n, Mezey Katalin, Saj\u00f3 L\u00e1szl\u00f3, Szentm\u00e1rtoni J\u00e1nos, T\u00f3th Erzs\u00e9bet<\/b><\/p>\n<p>K\u00f6zrem\u0171k\u00f6dik: <b>Helyey L\u00e1szl\u00f3, Szarvas J\u00f3zsef<\/b><\/p>\n<p>H\u00e1zigazda: <b>Sturm L\u00e1szl\u00f3<\/b><\/p>\n<p>&nbsp;<\/p>\n<p><b>21:30 \u2013 22:30<\/b><\/p>\n<p><b>Bork\u00f3stol\u00f3 \u2013 Barta Pince (M\u00e1d)<\/b><\/p>\n<p>H\u00e1zigazda: <b>M\u00e1jer J\u00e1nos<\/b> polg\u00e1rmester<\/p>\n<p>El\u0151ad\u00f3: <b>Barta K\u00e1roly<\/b> pinc\u00e9szet-vezet\u0151<\/p>\n<p>K\u00f6zrem\u0171k\u00f6dik: <b>Helyey L\u00e1szl\u00f3<\/b><\/p>\n<p>&nbsp;<\/p>\n<p><b>2013. augusztus 16. p\u00e9ntek<\/b><\/p>\n<p>&nbsp;<\/p>\n<p><b>7:00<\/b><\/p>\n<p>Reggeli<\/p>\n<p>&nbsp;<\/p>\n<p><b>9:00<\/b><\/p>\n<p>MILLENNIUMI IRODALMI EML\u00c9KPARK<\/p>\n<p><b>T\u00e1blaavat\u00e1s G\u00e1rdonyi G\u00e9za eml\u00e9k\u00e9re<\/b><\/p>\n<p>&nbsp;<\/p>\n<p>Alkot\u00f3: <b>Makoldi S\u00e1ndor Gyula <\/b>szobr\u00e1sz<\/p>\n<p>H\u00e1zigazda: <b>Kov\u00e1cs J\u00e1nos<\/b> f\u0151jegyz\u0151<\/p>\n<p>Laud\u00e1ci\u00f3: <b>K\u00f6d\u00f6b\u00f6cz G\u00e1bor<\/b><\/p>\n<p>K\u00f6zrem\u0171k\u00f6dik: <b>Helyey L\u00e1szl\u00f3<\/b> sz\u00ednm\u0171v\u00e9sz<\/p>\n<p>&nbsp;<\/p>\n<p><b>9:30 \u2013 11:20<\/b><\/p>\n<p>TOKAJI FERENC GIMN\u00c1ZIUM, aula<\/p>\n<p><b>A tan\u00e1cskoz\u00e1s befejez\u00e9se<\/b> (plen\u00e1ris \u00fcl\u00e9s)<\/p>\n<p>Eln\u00f6k\u00f6l: <b>Mezey Katalin, Sturm L\u00e1szl\u00f3<\/b><\/p>\n<p>El\u0151ad\u00f3: <b>Andr\u00e1s S\u00e1ndor, B\u00edr\u00f3-Balogh Tam\u00e1s, Kulin Ferenc, Nagy Jen\u0151, S\u00e1rk\u00f6zy P\u00e9ter<\/b><\/p>\n<p>\u00c9rt\u00e9kel\u00e9s, aj\u00e1nl\u00e1s, \u00f6sszefoglal\u00f3<\/p>\n<p>K\u00f6zrem\u0171k\u00f6dnek: a munkacsoport vezet\u0151k<\/p>\n<p>\u00d6sszegz\u00e9s, eln\u00f6ki z\u00e1rsz\u00f3: <b>Szentm\u00e1rtoni J\u00e1nos<\/b><\/p>\n<p>&nbsp;<\/p>\n<p><b>11:30<\/b><\/p>\n<p>II. R\u00c1K\u00d3CZI FERENC \u00c1LTAL\u00c1NOS ISKOLA, aula<\/p>\n<p>Fogad\u00e1s<\/p>\n<p>H\u00e1zigazda: <b>Szentm\u00e1rtoni J\u00e1nos<\/b><\/p>\n<p>\u00cdr\u00f3t\u00e1bori d\u00edjak \u00e1tad\u00e1sa<\/p>\n<p>Laud\u00e1ci\u00f3<\/p>\n<p>Poh\u00e1rk\u00f6sz\u00f6nt\u0151<\/p>\n<p>Z\u00e1rsz\u00f3<\/p>\n<p>&nbsp;<\/p>\n<p>&nbsp;<\/p>\n<p>&nbsp;<\/p>\n<p><b>Vend\u00e9geink sz\u00edves figyelm\u00e9be aj\u00e1nljuk:<\/b><\/p>\n<p><b>\u2022 <\/b>az egri Dob\u00f3 Istv\u00e1n V\u00e1rm\u00fazeum G\u00e1rdonyi ki\u00e1ll\u00edt\u00e1s\u00e1t<\/p>\n<p><b>\u2022 <\/b>a miskolci II. R\u00e1k\u00f3czi Ferenc k\u00f6nyvt\u00e1r k\u00f6nyvritkas\u00e1gait<\/p>\n<p><b>\u2022 <\/b>a miskolci B\u00edbor Kiad\u00f3 k\u00f6nyvk\u00edn\u00e1lat\u00e1t<\/p>\n<p><b>\u2022 <\/b>a Tokaji H\u00edrek 16. k\u00fcl\u00f6nsz\u00e1m\u00e1t (szerk. Antall Istv\u00e1n)<\/p>\n<p><b>\u2022 <\/b>a Tokaji \u00cdr\u00f3t\u00e1bor XXII. k\u00f6tet\u00e9t (szerk. Serf\u0151z\u0151 Simon)<\/p>\n<p>&nbsp;<\/p>\n<p><b>Sz\u00e1ll\u00e1s \u00e9s \u00e9tkez\u00e9s:<\/b><\/p>\n<p>Sz\u00e9chenyi Istv\u00e1n Koll\u00e9gium<\/p>\n<p>Tokaj, Bajcsy-Zsilinszky \u00fat 15-17.<\/p>\n","protected":false},"excerpt":{"rendered":"<p>2013. augusztus 14. szerda &nbsp; 11:00 R\u00c1K\u00d3CZI-PINCE \u00cdr\u00f3t\u00e1bor 2013 \u2013 Megnyitja: Szentm\u00e1rtoni J\u00e1nos eln\u00f6k K\u00f6sz\u00f6nt\u0151: M\u00e1jer J\u00e1nos polg\u00e1rmester K\u00f6zrem\u0171k\u00f6dik: Helyey L\u00e1szl\u00f3 sz\u00ednm\u0171v\u00e9sz H\u00e1zigazda: Kov\u00e1cs Tibor birtokigazgat\u00f3 &nbsp; 12:00 Eb\u00e9d &nbsp; 14:00 TOKAJI FERENC GIMN\u00c1ZIUM, aula G\u00e1rdonyi G\u00e9za eml\u00e9kki\u00e1ll\u00edt\u00e1s &#8211; Bemutatja&#8230;<\/p>\n","protected":false},"author":1,"featured_media":0,"comment_status":"closed","ping_status":"closed","sticky":false,"template":"","format":"standard","meta":{"footnotes":""},"categories":[1],"tags":[96],"class_list":["post-4044","post","type-post","status-publish","format-standard","hentry","category-hirek","tag-irotabor"],"_links":{"self":[{"href":"https:\/\/tokajiirotabor.hu\/irotabor_archiv\/wp-json\/wp\/v2\/posts\/4044"}],"collection":[{"href":"https:\/\/tokajiirotabor.hu\/irotabor_archiv\/wp-json\/wp\/v2\/posts"}],"about":[{"href":"https:\/\/tokajiirotabor.hu\/irotabor_archiv\/wp-json\/wp\/v2\/types\/post"}],"author":[{"embeddable":true,"href":"https:\/\/tokajiirotabor.hu\/irotabor_archiv\/wp-json\/wp\/v2\/users\/1"}],"replies":[{"embeddable":true,"href":"https:\/\/tokajiirotabor.hu\/irotabor_archiv\/wp-json\/wp\/v2\/comments?post=4044"}],"version-history":[{"count":1,"href":"https:\/\/tokajiirotabor.hu\/irotabor_archiv\/wp-json\/wp\/v2\/posts\/4044\/revisions"}],"predecessor-version":[{"id":4045,"href":"https:\/\/tokajiirotabor.hu\/irotabor_archiv\/wp-json\/wp\/v2\/posts\/4044\/revisions\/4045"}],"wp:attachment":[{"href":"https:\/\/tokajiirotabor.hu\/irotabor_archiv\/wp-json\/wp\/v2\/media?parent=4044"}],"wp:term":[{"taxonomy":"category","embeddable":true,"href":"https:\/\/tokajiirotabor.hu\/irotabor_archiv\/wp-json\/wp\/v2\/categories?post=4044"},{"taxonomy":"post_tag","embeddable":true,"href":"https:\/\/tokajiirotabor.hu\/irotabor_archiv\/wp-json\/wp\/v2\/tags?post=4044"}],"curies":[{"name":"wp","href":"https:\/\/api.w.org\/{rel}","templated":true}]}}