{"id":4042,"date":"2013-06-22T13:55:48","date_gmt":"2013-06-22T12:55:48","guid":{"rendered":"http:\/\/www.tokajiirotabor.hu\/?p=4042"},"modified":"2016-06-22T13:57:03","modified_gmt":"2016-06-22T12:57:03","slug":"felhivas-41-tokaji-irotabor-2013","status":"publish","type":"post","link":"https:\/\/tokajiirotabor.hu\/irotabor_archiv\/felhivas-41-tokaji-irotabor-2013\/","title":{"rendered":"FELH\u00cdV\u00c1S  41. Tokaji \u00cdr\u00f3t\u00e1bor 2013."},"content":{"rendered":"<p style=\"text-align: justify;\" align=\"center\"><em>2013. augusztus 14-15-16. (szerda, cs\u00fct\u00f6rt\u00f6k, p\u00e9ntek)<\/em><\/p>\n<p style=\"text-align: justify;\" align=\"center\">\n<p style=\"text-align: justify;\" align=\"center\"><strong>Eltiltva \u00e9s elfelejtve \u2013 II.<\/strong><\/p>\n<p style=\"text-align: justify;\" align=\"center\"><strong>A hallgat\u00e1s \u00e9s elhallgattat\u00e1s \u00e9vei a magyar irodalomban<\/strong><\/p>\n<p style=\"text-align: justify;\" align=\"center\"><strong>1965 \u2013 1990<\/strong><\/p>\n<p style=\"text-align: justify;\" align=\"center\">\n<p style=\"text-align: justify;\"><strong>A Tokaji \u00cdr\u00f3t\u00e1bor 40 \u00e9ven \u00e1t mindig a magyar szellemi \u00e9let nagy kih\u00edv\u00e1saira v\u00e1laszolt, szor\u00edt\u00f3 k\u00f6z\u00e9leti k\u00e9rd\u00e9seket vitatott meg. A 40. Tokaji \u00cdr\u00f3t\u00e1bor kurat\u00f3riuma tavaly a jubileumi tan\u00e1cskoz\u00e1shoz m\u00e9lt\u00f3 t\u00e9m\u00e1t t\u0171z\u00f6tt napirendre: <em>Eltiltva \u00e9s elfelejtve &#8211; A hallgat\u00e1s \u00e9s elhallgattat\u00e1s \u00e9vei a magyar irodalomban.<\/em><\/strong><\/p>\n<p style=\"text-align: justify;\">\n<p style=\"text-align: justify;\"><strong>A tavalyi tan\u00e1cskoz\u00e1s szakmai siker\u00e9re \u00e9s eredm\u00e9nyess\u00e9g\u00e9re \u00e9p\u00edtve, valamint a korszak nagys\u00e1g\u00e1ra val\u00f3 tekintettel az idei Tokaji \u00cdr\u00f3t\u00e1bor a megkezdett tematik\u00e1t folytatja. A tavaly \u00e1ttekintett 1945-65 k\u00f6z\u00f6tti id\u0151szak ut\u00e1n id\u00e9n az 1965-90 k\u00f6z\u00f6tti \u00e9vtizedek t\u00f6rt\u00e9n\u00e9seit vizsg\u00e1ljuk. A kurat\u00f3rium c\u00e9lja a megkezdett szakmai p\u00e1rbesz\u00e9d tov\u00e1bb sz\u00e9les\u00edt\u00e9se. Mivel egy irodalmi t\u00e1bor csup\u00e1n a k\u00e9rd\u00e9sek f\u00f6lvet\u00e9s\u00e9re, a teend\u0151k felv\u00e1zol\u00e1s\u00e1ra hivatott \u2013 a szervez\u0151k b\u00edznak abban, hogy a diskurzus a teljes irodalmi szakm\u00e1ban fog folytat\u00f3dni.<\/strong><\/p>\n<p style=\"text-align: justify;\">\n<p style=\"text-align: justify;\"><strong>Mik\u00e9pp alakult az 1956-ban szabadult alkot\u00f3k \u00e9s az 1956-os emigr\u00e1ci\u00f3 p\u00e1ly\u00e1ja? Hogyan t\u00f6rt\u00e9nt az elhallgattatott nagy m\u0171v\u00e9szek \u00e9s gondolkod\u00f3k (pl. Hamvas B\u00e9la, F\u00fcst Mil\u00e1n, Kass\u00e1k Lajos, Kodol\u00e1nyi J\u00e1nos, We\u00f6res S\u00e1ndor, az \u00dajhold alkot\u00f3i) visszasziv\u00e1rogtat\u00e1sa az irodalmi k\u00f6z\u00e9letbe? Milyen m\u00f3don v\u00edvt\u00e1k szellemi v\u00e9dharcukat a foly\u00f3iratok, az \u00edr\u00f3i k\u00f6z\u00f6ss\u00e9gek; hogyan alakult a magyar neoavantg\u00e1rd helyzete a hat\u00e1ron innen \u00e9s t\u00fal? Mik\u00e9nt pr\u00f3b\u00e1lt laz\u00edtani a rendszer k\u00f6t\u00f6tts\u00e9g\u00e9n a 60-as \u00e9vek v\u00e9g\u00e9n indul\u00f3 \u00faj nemzed\u00e9k, milyen hat\u00e1ssal volt az \u0151 fell\u00e9p\u00e9s\u00fck egyr\u00e9szt az acz\u00e9li kult\u00farpolitik\u00e1ra, m\u00e1sr\u00e9szt az \u0151ket befogad\u00f3 irodalmi k\u00f6zegre (l\u00e1sd: Lillaf\u00fcredi \u00edr\u00f3tal\u00e1lkoz\u00f3, Debreceni Irodalmi Napok, a FIJAK, azt\u00e1n a JAK megalakul\u00e1sa stb.)? Milyen szerepe volt a Tokaji \u00cdr\u00f3t\u00e1bor els\u0151 17 \u00e9v\u00e9nek az irodalom \u00f6nv\u00e9delmi folyamatainak \u00f6szt\u00f6nz\u00e9s\u00e9ben?\u00a0 Milyen lehet\u0151s\u00e9gei voltak a szamizdat kult\u00fara terjeszt\u00e9s\u00e9nek? Milyen hull\u00e1mot ind\u00edtott el a Magyar \u00cdr\u00f3sz\u00f6vets\u00e9g eml\u00e9kezetes 1986-os k\u00f6zgy\u0171l\u00e9se? &#8211; hogy csak n\u00e9h\u00e1ny izgalmas t\u00e9m\u00e1t eml\u00edts\u00fcnk az idei tematik\u00e1b\u00f3l.<\/strong><\/p>\n<p style=\"text-align: justify;\">\n<p style=\"text-align: justify;\"><strong>Nem kaphatunk val\u00f3s k\u00e9pet az elm\u00falt \u00e9vsz\u00e1zad magyar szellemi folyamatair\u00f3l, ha a diktat\u00fara \u00e9vtizedei k\u00e1rtev\u00e9seinek sokf\u00e9le m\u00f3dozat\u00e1ra nem der\u00edt\u00fcnk k\u00f6z\u00f6sen f\u00e9nyt. A folyamatosan visszavert kultur\u00e1lis szabads\u00e1gharcok a hatalom er\u00f3zi\u00f3j\u00e1t is fokozt\u00e1k. Ennek a t\u00f6rt\u00e9netnek a f\u00f6lv\u00e1zol\u00e1sa, csom\u00f3pontjainak a f\u00f6lt\u00e1r\u00e1sa, folyamat\u00e1nak tov\u00e1bbi \u00e1rnyal\u00e1sa elengedhetetlen felt\u00e9tel a huszadik sz\u00e1zad magyar irodalom- \u00e9s szellemt\u00f6rt\u00e9net\u00e9nek elfogulatlan, objekt\u00edv, soksz\u00edn\u0171 megrajzol\u00e1s\u00e1hoz.<\/strong><\/p>\n<p style=\"text-align: justify;\">\n<p style=\"text-align: justify;\" align=\"center\"><u>A Tan\u00e1cskoz\u00e1s helysz\u00edne:<\/u><\/p>\n<p style=\"text-align: justify;\" align=\"center\">A Tokaji Ferenc Gimn\u00e1zium, annak koll\u00e9giuma \u00e9s kertje, a tokaji Paulai\u00a0Ede Sz\u00ednh\u00e1z.<\/p>\n<p style=\"text-align: justify;\" align=\"center\">A hagyom\u00e1nyok szerint a Tokaji\u00a0Est\u00e9k sorozatban alkot\u00f3m\u0171helyek, foly\u00f3iratok bemutatkoz\u00e1sa, felolvas\u00f3 est \u00e9s min\u0151s\u00e9gi tokaji k\u00f3stol\u00e1s v\u00e1rja a r\u00e9sztvev\u0151ket.<\/p>\n<p style=\"text-align: justify;\" align=\"center\">\n<p style=\"text-align: justify;\" align=\"center\"><strong>A t\u00e1borba val\u00f3 jelentkez\u00e9st lev\u00e9ben a<\/strong><\/p>\n<p style=\"text-align: justify;\" align=\"center\">H-3501 Miskolc, Pf \/ 375vagy a <a href=\"mailto:tokaji.irotabor@chello.hu\">tokaji.irotabor@chello.hu<\/a>\u00a0c\u00edmre v\u00e1rjuk 2013. j\u00falius 13-ig.<\/p>\n<p style=\"text-align: justify;\" align=\"center\"><strong>A jelentkez\u00e9si \u0171rlap honlapunkon is el\u00e9rhet\u0151.<\/strong><\/p>\n<p style=\"text-align: justify;\" align=\"center\"><a href=\"http:\/\/www.tokajiirotabor.hu\/\">www.tokajiirotabor.hu<\/a><\/p>\n<p style=\"text-align: justify;\" align=\"center\">\n<p style=\"text-align: justify;\" align=\"center\">\u00c9rdekl\u0151dni lehet a k\u00f6vetkez\u0151 sz\u00e1mokon:<\/p>\n<p style=\"text-align: justify;\" align=\"center\"><strong>06-46-359-923<\/strong><\/p>\n<p style=\"text-align: justify;\" align=\"center\"><em>(K\u00fclf\u00f6ldr\u0151l val\u00f3 jelentkez\u00e9skor a 36-os el\u0151h\u00edv\u00f3sz\u00e1m nem n\u00e9lk\u00fcl\u00f6zhet\u0151)<\/em><\/p>\n<p style=\"text-align: justify;\"><strong>06-20-453-48-90<\/strong><\/p>\n","protected":false},"excerpt":{"rendered":"<p>2013. augusztus 14-15-16. (szerda, cs\u00fct\u00f6rt\u00f6k, p\u00e9ntek) Eltiltva \u00e9s elfelejtve \u2013 II. A hallgat\u00e1s \u00e9s elhallgattat\u00e1s \u00e9vei a magyar irodalomban 1965 \u2013 1990 A Tokaji \u00cdr\u00f3t\u00e1bor 40 \u00e9ven \u00e1t mindig a magyar szellemi \u00e9let nagy kih\u00edv\u00e1saira v\u00e1laszolt, szor\u00edt\u00f3 k\u00f6z\u00e9leti k\u00e9rd\u00e9seket vitatott&#8230;<\/p>\n","protected":false},"author":1,"featured_media":0,"comment_status":"closed","ping_status":"closed","sticky":false,"template":"","format":"standard","meta":{"footnotes":""},"categories":[1],"tags":[],"class_list":["post-4042","post","type-post","status-publish","format-standard","hentry","category-hirek"],"_links":{"self":[{"href":"https:\/\/tokajiirotabor.hu\/irotabor_archiv\/wp-json\/wp\/v2\/posts\/4042"}],"collection":[{"href":"https:\/\/tokajiirotabor.hu\/irotabor_archiv\/wp-json\/wp\/v2\/posts"}],"about":[{"href":"https:\/\/tokajiirotabor.hu\/irotabor_archiv\/wp-json\/wp\/v2\/types\/post"}],"author":[{"embeddable":true,"href":"https:\/\/tokajiirotabor.hu\/irotabor_archiv\/wp-json\/wp\/v2\/users\/1"}],"replies":[{"embeddable":true,"href":"https:\/\/tokajiirotabor.hu\/irotabor_archiv\/wp-json\/wp\/v2\/comments?post=4042"}],"version-history":[{"count":1,"href":"https:\/\/tokajiirotabor.hu\/irotabor_archiv\/wp-json\/wp\/v2\/posts\/4042\/revisions"}],"predecessor-version":[{"id":4043,"href":"https:\/\/tokajiirotabor.hu\/irotabor_archiv\/wp-json\/wp\/v2\/posts\/4042\/revisions\/4043"}],"wp:attachment":[{"href":"https:\/\/tokajiirotabor.hu\/irotabor_archiv\/wp-json\/wp\/v2\/media?parent=4042"}],"wp:term":[{"taxonomy":"category","embeddable":true,"href":"https:\/\/tokajiirotabor.hu\/irotabor_archiv\/wp-json\/wp\/v2\/categories?post=4042"},{"taxonomy":"post_tag","embeddable":true,"href":"https:\/\/tokajiirotabor.hu\/irotabor_archiv\/wp-json\/wp\/v2\/tags?post=4042"}],"curies":[{"name":"wp","href":"https:\/\/api.w.org\/{rel}","templated":true}]}}