{"id":4040,"date":"2012-08-17T13:53:36","date_gmt":"2012-08-17T12:53:36","guid":{"rendered":"http:\/\/www.tokajiirotabor.hu\/?p=4040"},"modified":"2016-06-22T13:54:17","modified_gmt":"2016-06-22T12:54:17","slug":"a-tokaji-irotabor-nyilatkozata","status":"publish","type":"post","link":"https:\/\/tokajiirotabor.hu\/irotabor_archiv\/a-tokaji-irotabor-nyilatkozata\/","title":{"rendered":"A Tokaji \u00cdr\u00f3t\u00e1bor Nyilatkozata"},"content":{"rendered":"<p style=\"text-align: justify;\">A Tokaji \u00cdr\u00f3t\u00e1bor 40 \u00e9ven \u00e1t mindig a magyar szellemi \u00e9let nagy kih\u00edv\u00e1saira v\u00e1laszolt, szor\u00edt\u00f3 k\u00f6z\u00e9leti k\u00e9rd\u00e9seket vitatott meg. Az ez \u00e9vi tan\u00e1cskoz\u00e1s, amelynek c\u00e9lja a kommunista diktat\u00fara 1945-1965 k\u00f6z\u00f6tti id\u0151szak\u00e1ban elhallgatatott, eltagadott \u00edr\u00f3k visszaemel\u00e9se volt az irodalmi k\u00f6ztudatba, ugyanilyen k\u00f6z\u00fcgy, mert nem kaphatunk val\u00f3s k\u00e9pet az elm\u00falt \u00e9vsz\u00e1zad magyar szellemi folyamatair\u00f3l, ha e folyamatok meghat\u00e1roz\u00f3 r\u00e9sztvev\u0151inek jelent\u0151s r\u00e9sz\u00e9t tov\u00e1bbra is tabunak tekintj\u00fck, k\u00f6nyveik egykori bez\u00faz\u00e1sa ut\u00e1n az eml\u00e9kezet\u00fcnkb\u0151l is kit\u00f6r\u00f6lj\u00fck \u0151ket.<\/p>\n<p style=\"text-align: justify;\">1990 ut\u00e1n megindult m\u00e1r az irodalmi k\u00e1nonok kieg\u00e9sz\u00edt\u00e9se, \u00e9s az ut\u00f3bbi \u00e9vekben az olvas\u00f3 k\u00f6z\u00f6ns\u00e9g is felfedezett addig elhallgatott \u00edr\u00f3kat, a Tokaji \u00cdr\u00f3t\u00e1bor tan\u00e1cskoz\u00e1s\u00e1n m\u00e9gis azzal szembes\u00fclt\u00fcnk, hogy a felt\u00e1r\u00f3 munka az elej\u00e9n tart. A diktat\u00fara els\u0151, majd tov\u00e1bbi \u00e9vtizedei k\u00e1rtev\u00e9seinek sokf\u00e9le m\u00f3dozat\u00e1ra csak m\u00f3dszeres, \u0151szinte \u00e9s k\u00f6z\u00f6s er\u0151fesz\u00edt\u00e9ssel der\u00edthet\u00fcnk f\u00e9nyt, mi, \u00edr\u00f3k, irodalm\u00e1rok.<\/p>\n<p style=\"text-align: justify;\">A mindig v\u00e1ltoz\u00f3 k\u00e1nonok folyamatos kieg\u00e9sz\u00edt\u00e9se, alak\u00edt\u00e1sa is ilyen k\u00f6z\u00f6s tev\u00e9kenys\u00e9g egy eg\u00e9szs\u00e9ges szellemi \u00e9letben. Egyet\u00e9rt\u00fcnk az ELTE Magyar Irodalom- \u00e9s Kult\u00faratudom\u00e1nyi Int\u00e9zet\u00e9nek Int\u00e9zeti Tan\u00e1csa \u00e1ltal kiadott nyilatkozat meg\u00e1llap\u00edt\u00e1s\u00e1val: mi is \u201ek\u00e1rosnak \u00edt\u00e9l\u00fcnk minden olyan sz\u00e1nd\u00e9kot, amely az irodalmi k\u00e1nonok alakul\u00e1s\u00e1nak politikai befoly\u00e1sol\u00e1s\u00e1ra \u00e9s k\u00fcl\u00f6n\u00f6sen a k\u00e1nonok egys\u00e9ges\u00edt\u00e9s\u00e9re ir\u00e1nyul\u201d. Az irodalmi \u00e9rt\u00e9k meghat\u00e1roz\u00e1sa nem lehet egy sz\u0171k csoport privil\u00e9giuma.\u00a0 A k\u00e1nonok \u00fcgy\u00e9n\u00e9l is fontosabbnak tartjuk azonban a m\u00e9lt\u00e1nyoss\u00e1got minden \u00e9rt\u00e9kes m\u0171veket alkot\u00f3 \u00edr\u00f3 ir\u00e1nt.<\/p>\n<p style=\"text-align: justify;\">Tokaj, 2012. augusztus 17. p\u00e9ntek, a tan\u00e1cskoz\u00e1s z\u00e1r\u00f3napj\u00e1n<\/p>\n<p style=\"text-align: justify;\">A Tokaji \u00cdr\u00f3t\u00e1bor Kurat\u00f3rium\u00e1nak tiszts\u00e9gvisel\u0151i<\/p>\n","protected":false},"excerpt":{"rendered":"<p>A Tokaji \u00cdr\u00f3t\u00e1bor 40 \u00e9ven \u00e1t mindig a magyar szellemi \u00e9let nagy kih\u00edv\u00e1saira v\u00e1laszolt, szor\u00edt\u00f3 k\u00f6z\u00e9leti k\u00e9rd\u00e9seket vitatott meg. Az ez \u00e9vi tan\u00e1cskoz\u00e1s, amelynek c\u00e9lja a kommunista diktat\u00fara 1945-1965 k\u00f6z\u00f6tti id\u0151szak\u00e1ban elhallgatatott, eltagadott \u00edr\u00f3k visszaemel\u00e9se volt az irodalmi k\u00f6ztudatba, ugyanilyen&#8230;<\/p>\n","protected":false},"author":1,"featured_media":0,"comment_status":"closed","ping_status":"closed","sticky":false,"template":"","format":"standard","meta":{"footnotes":""},"categories":[105],"tags":[],"class_list":["post-4040","post","type-post","status-publish","format-standard","hentry","category-archivum"],"_links":{"self":[{"href":"https:\/\/tokajiirotabor.hu\/irotabor_archiv\/wp-json\/wp\/v2\/posts\/4040"}],"collection":[{"href":"https:\/\/tokajiirotabor.hu\/irotabor_archiv\/wp-json\/wp\/v2\/posts"}],"about":[{"href":"https:\/\/tokajiirotabor.hu\/irotabor_archiv\/wp-json\/wp\/v2\/types\/post"}],"author":[{"embeddable":true,"href":"https:\/\/tokajiirotabor.hu\/irotabor_archiv\/wp-json\/wp\/v2\/users\/1"}],"replies":[{"embeddable":true,"href":"https:\/\/tokajiirotabor.hu\/irotabor_archiv\/wp-json\/wp\/v2\/comments?post=4040"}],"version-history":[{"count":1,"href":"https:\/\/tokajiirotabor.hu\/irotabor_archiv\/wp-json\/wp\/v2\/posts\/4040\/revisions"}],"predecessor-version":[{"id":4041,"href":"https:\/\/tokajiirotabor.hu\/irotabor_archiv\/wp-json\/wp\/v2\/posts\/4040\/revisions\/4041"}],"wp:attachment":[{"href":"https:\/\/tokajiirotabor.hu\/irotabor_archiv\/wp-json\/wp\/v2\/media?parent=4040"}],"wp:term":[{"taxonomy":"category","embeddable":true,"href":"https:\/\/tokajiirotabor.hu\/irotabor_archiv\/wp-json\/wp\/v2\/categories?post=4040"},{"taxonomy":"post_tag","embeddable":true,"href":"https:\/\/tokajiirotabor.hu\/irotabor_archiv\/wp-json\/wp\/v2\/tags?post=4040"}],"curies":[{"name":"wp","href":"https:\/\/api.w.org\/{rel}","templated":true}]}}