{"id":4038,"date":"2012-08-20T13:52:20","date_gmt":"2012-08-20T12:52:20","guid":{"rendered":"http:\/\/www.tokajiirotabor.hu\/?p=4038"},"modified":"2016-06-22T13:53:10","modified_gmt":"2016-06-22T12:53:10","slug":"szentmartoni-janos-megnyito","status":"publish","type":"post","link":"https:\/\/tokajiirotabor.hu\/irotabor_archiv\/szentmartoni-janos-megnyito\/","title":{"rendered":"SZENTM\u00c1RTONI J\u00c1NOS: MEGNYIT\u00d3"},"content":{"rendered":"<p style=\"text-align: justify;\" align=\"center\"><strong>40. Tokaji \u00cdr\u00f3t\u00e1bor<\/strong><\/p>\n<p style=\"text-align: justify;\" align=\"center\"><strong>Megnyit\u00f3ja<\/strong><\/p>\n<p style=\"text-align: justify;\" align=\"center\">\n<p style=\"text-align: justify;\" align=\"center\"><strong>2012.augusztus 15.<\/strong><\/p>\n<p style=\"text-align: justify;\" align=\"center\"><strong>R\u00e1k\u00f3czi Pince<\/strong><\/p>\n<p style=\"text-align: justify;\" align=\"center\">\n<p style=\"text-align: justify;\">Tisztelt Aleln\u00f6k \u00dar, Polg\u00e1rmester \u00dar, H\u00f6lgyeim \u00e9s Uraim, kedves Bar\u00e1taim!<\/p>\n<p style=\"text-align: justify;\">\n<p style=\"text-align: justify;\">Amikor erre a jubileumi megnyit\u00f3 besz\u00e9dre k\u00e9sz\u00fcl\u0151dtem, k\u00e9nytelen voltam seregszeml\u00e9t tartani az eml\u00e9keim f\u00f6l\u00f6tt, el\u0151venni a Tokaji \u00cdr\u00f3t\u00e1bor n\u00e9h\u00e1ny \u00c9vk\u00f6nyv\u00e9t, \u00e1tolvasni p\u00e1r dokumentumot \u2013 k\u00f6zt\u00fck az eml\u00e9kezetes tan\u00e1cskoz\u00e1sok eleit\u0151l fogva egyik legszorgalmasabb kr\u00f3nik\u00e1s\u00e1nak, az 1956-os \u201ekis \u00edr\u00f3per\u201d egyik meghurcolt \u00edr\u00f3j\u00e1nak, T\u00f3bi\u00e1s \u00c1ronnak a cikkeit is. B\u00f6ng\u00e9sz\u00e9sem id\u0151utaz\u00e1sa sor\u00e1n d\u00f6bbentem r\u00e1 arra, hogy legel\u0151sz\u00f6r 1994-ben j\u00e1rtam Tokajban k\u00e9t k\u00f6lt\u0151t\u00e1rsammal \u00e9s a St\u00e1dium Kiad\u00f3 akkori vezet\u0151j\u00e9vel, aki \u00e9desapja \u00e9s mester\u00fcnk, K\u00e1rp\u00e1ti Kamil ifj\u00fa tit\u00e1njait be akarta dobni a m\u00e9lyv\u00edzbe, amelyre a legalkalmasabb terepnek az \u00edr\u00f3t\u00e1bor bizonyult. Hogy mi lobbantotta \u00e9letre bennem az eml\u00e9ket? A k\u0151por illata. Abban az \u00e9vben avatt\u00e1k ugyanis a koll\u00e9gium el\u0151tti Sz\u00e9chenyi-szobrot. Ma is el\u0151ttem van a szobr\u00e1szm\u0171v\u00e9sz h\u00f3feh\u00e9r arca \u00e9s munkaruh\u00e1ja, hiszen az utols\u00f3 pillanatig k\u00e9sz\u00fclt az alkot\u00e1s.<\/p>\n<p style=\"text-align: justify;\"><a id=\"tovabb\" name=\"tovabb\"><\/a><\/p>\n<p style=\"text-align: justify;\">Egy m\u00e1sik korai eml\u00e9kezetes tan\u00e1cskoz\u00e1s sz\u00e1momra a 2000. \u00e9vi, mert akkort\u00f3l kezdett fiatal\u00edtani a t\u00e1bor vezet\u00e9se, j\u00f3magam Hubay Mikl\u00f3s h\u00edv\u00e1s\u00e1ra \u00e9rkeztem el\u0151ad\u00e1st tartani Oravecz P\u00e9ter k\u00f6lt\u0151bar\u00e1tommal. Az el\u0151ad\u00e1s ut\u00e1n odal\u00e9pett hozz\u00e1m m\u00e1sodik mentorom, Ol\u00e1h J\u00e1nos, a Magyar Napl\u00f3 igazgat\u00f3ja, hogy sz\u00fcks\u00e9ge van egy k\u00f6nyvszerkeszt\u0151re, nem pr\u00f3b\u00e1ln\u00e1m-e ki magam n\u00e1la. T\u00edz \u00e9v lett bel\u0151le. Mondhatni, Tokajban \u00edvelt f\u00f6l k\u00f6lt\u0151i, szerkeszt\u0151i p\u00e1lyafut\u00e1som.<\/p>\n<p style=\"text-align: justify;\">\u00a0\u00a0\u00a0 De hogyan is gondolhattam volna 19 vagy k\u00e9s\u0151bb 25 \u00e9vesen, vagy ak\u00e1r 2003-ban, amikor a Tokaji \u00cdr\u00f3t\u00e1bor d\u00edj\u00e1t vehettem \u00e1t &#8211; \u00a0hogy egyszer m\u00e9g mint a kurat\u00f3rium eln\u00f6ke fogok itt \u00e1llni el\u0151ttetek, hogy megnyissam e rangos tan\u00e1cskoz\u00e1st? N\u00e9zz\u00e9tek el nekem a megrend\u00fclts\u00e9get.<\/p>\n<p style=\"text-align: justify;\">\u00a0\u00a0\u00a0 Ha viszont arra gondolok, hogy csaknem 20 \u00e9ve j\u00e1rok ide, s veszek r\u00e9szt \u00edgy-\u00fagy a t\u00e1bor \u00e9let\u00e9ben, akkor is k\u00e9nytelen vagyok megrend\u00fclni, mert ez azt jelenti, hogy a Tokaji \u00cdr\u00f3t\u00e1bor t\u00f6rt\u00e9net\u00e9nek majdnem a fel\u00e9n\u00e9l csatlakoztam, elj\u00e1rt f\u00f6l\u00f6ttem is az id\u0151. Te j\u00f3 \u00e9g, kedves Koll\u00e9g\u00e1k!<\/p>\n<p style=\"text-align: justify;\">A Tokaji \u00cdr\u00f3t\u00e1bor mindig is az egyik, ha nem a legrangosabb esem\u00e9nye volt haz\u00e1nk \u00e9s az eg\u00e9sz magyars\u00e1g irodalmi, kult\u00farpolitikai \u00e9s k\u00f6z\u00e9let\u00e9nek. \u00d6r\u00f6ks\u00e9ge mindny\u00e1junkat felel\u0151ss\u00e9ggel ruh\u00e1z f\u00f6l. Ez az \u00f6r\u00f6ks\u00e9g egyr\u00e9szt m\u00e9g a M\u00f3ricz Zsigmond vezette n\u00e9pi \u00edr\u00f3k 1940-es tiszalad\u00e1nyi tal\u00e1lkoz\u00f3j\u00e1nak szellemi hozad\u00e9k\u00e1ban \u2013 m\u00e1sr\u00e9szt a Magyar \u00cdr\u00f3sz\u00f6vets\u00e9g 1956-os, Tam\u00e1si \u00c1ron <em>Gond \u00e9s hitvall\u00e1s<\/em> c\u00edm\u0171 \u00e1ll\u00e1sfoglal\u00e1s\u00e1val f\u00e9mjelezhet\u0151, erk\u00f6lcsi \u00e9s szervez\u0151i helyt\u00e1ll\u00e1s\u00e1ban \u2013 harmadr\u00e9szt az 1972-es indul\u00e1s b\u00e1tors\u00e1g\u00e1ban \u2013 v\u00e9g\u00fcl pedig az 1989-es v\u00e1ltoz\u00e1sok szellemi el\u0151k\u00e9sz\u00edt\u00e9s\u00e9ben gy\u00f6kerezik.<\/p>\n<p style=\"text-align: justify;\">\u00a0\u00a0\u00a0 T\u00f6rt\u00e9net\u00e9nek els\u0151 15-20 \u00e9ve egy olyan korban j\u00e1tsz\u00f3dott, amikor a leg\u00e9get\u0151bb probl\u00e9m\u00e1kr\u00f3l nem lehetett ny\u00edltan sz\u00f3lni. Olyan k\u00f6zelm\u00falt f\u00e1jdalmas terh\u00e9vel kellett a megsz\u00f3lal\u00e1s form\u00e1it \u00e9s lehet\u0151s\u00e9geit keresni, amelyben m\u00e9g a koncentr\u00e1ci\u00f3s t\u00e1borokba \u00e9s a Gul\u00e1gra hurcolt, megnyomor\u00edtott vagy besti\u00e1lisan kiv\u00e9gzett embert\u00e1rsaink szag\u00e1t\u00f3l volt fojt\u00f3 a leveg\u0151. Amelyben arisztokrat\u00e1k, \u00e9rtelmis\u00e9giek, \u00e9lsportol\u00f3k elhagyatott tany\u00e1kon vagy gy\u00e1rak munkapadjai k\u00f6z\u00e9 szor\u00edtva sanyarogtak. Amelyben munk\u00e1sokat \u00e9s parasztokat megal\u00e1z\u00f3 kompromisszumokba hajszolt vagy vezet\u0151i \u00e1ll\u00e1sok sz\u00e9d\u00edt\u0151 magas\u00e1ba rep\u00edtett az \u00f6nn\u00f6n hazugs\u00e1gaiba egyre jobban belegabalyod\u00f3 hatalom. Amelyben nyugati futballcsapatok \u00e9s id\u0151nk\u00e9nt megfeny\u00edtett rock zenekarok szt\u00e1rjainak j\u00e1t\u00e9k\u00e1val, olcs\u00f3 szeszekkel \u00e9s olykor szabad szerelemmel k\u00e1b\u00edtotta mag\u00e1t a szerep\u00e9t \u00e9s hely\u00e9t nem lel\u0151 ifj\u00fas\u00e1g.<\/p>\n<p style=\"text-align: justify;\">\u00a0\u00a0\u00a0 S az akkori hatalom hi\u00e1ba hitte azt, hogy Tokaj a sz\u00e1m\u0171zet\u00e9s alkalmi szigete, ahol a diktat\u00fara legvesz\u00e9lyesebb kritikusai, az \u00edr\u00f3k kedv\u00fckre kiengedhetik a g\u0151zt, t\u00e1vol a f\u0151v\u00e1rost\u00f3l, a sz\u00e9lesebb nyilv\u00e1noss\u00e1g el\u0151l viszonylag elrekesztve \u2013 \u00e9s hi\u00e1ba \u00e9p\u00edtette be a t\u00e1borlak\u00f3k k\u00f6z\u00e9 h\u0171s\u00e9ges p\u00e1rtkaton\u00e1it: az augusztusi tan\u00e1cskoz\u00e1sok olyan elemi probl\u00e9m\u00e1it t\u00e1rgyalt\u00e1k a t\u00e1rsadalmi val\u00f3s\u00e1gnak, amelyek seg\u00edtett\u00e9k egy orsz\u00e1g szem\u00e9t f\u00f6lnyitni. Csak n\u00e9h\u00e1ny kiragadott t\u00e9ma az akkori id\u0151szakb\u00f3l: 1975: <em>Az ifj\u00fas\u00e1g helyzete<\/em>, 1982:<em>Telep\u00fcl\u00e9spolitika, ar\u00e1nyos telep\u00fcl\u00e9sfejleszt\u00e9s<\/em>, 1986: <em>Val\u00f3s\u00e1g, elk\u00f6telezetts\u00e9g, k\u00f6z\u00e9letis\u00e9g \u2013 Mai irodalmunk t\u00e1rsadalmi preszt\u00edzse<\/em>, 1989: <em>A magyars\u00e1g \u00e9s Eur\u00f3pa<\/em>.<\/p>\n<p style=\"text-align: justify;\">\u00a0\u00a0\u00a0 K\u00fcl\u00f6n tanulm\u00e1nyt \u00e9rdemelne, hogy a rendszerv\u00e1lt\u00e1s ut\u00e1ni \u00e9vekben, amikor m\u00e1r ny\u00edltan lehetett volna t\u00e1rsadalmi, politikai k\u00e9rd\u00e9sekr\u0151l is vit\u00e1zni, a Tokaji \u00cdr\u00f3t\u00e1bor tematik\u00e1ja, bizonyos szempontb\u00f3l teljesen \u00e9rthet\u0151en, vajon mi\u00e9rt v\u00e1lt belterjesebb\u00e9. Megint csak n\u00e9h\u00e1ny p\u00e9lda: 1990: <em>Hatty\u00fanyak\u00fa g\u00f6r\u00e9ny, avagy az irodalompolitika anat\u00f3mi\u00e1ja<\/em>, 1993: <em>A magyar irodalom \u00e9s kult\u00fara v\u00e1ltoz\u00e1sai (1990-93 k\u00f6z\u00f6tt)<\/em>. Az 1995-\u00f6s tan\u00e1cskoz\u00e1s az irodalom a m\u00e9di\u00e1ban \u00e9get\u0151 probl\u00e9m\u00e1j\u00e1t, az irodalom \u00e9s a r\u00e1di\u00f3z\u00e1s kapcsolat\u00e1t taglalta.<\/p>\n<p style=\"text-align: justify;\">\u00a0\u00a0\u00a0 A r\u00e1nk szakadt szabads\u00e1g, logikus m\u00f3don, szakmai k\u00e9rd\u00e9sek tiszt\u00e1z\u00e1s\u00e1t is induk\u00e1lta, az irodalom \u00faj szerep\u00e9nek \u00e9s hely\u00e9nek a meghat\u00e1roz\u00e1s\u00e1t. Ez az \u00e1tmeneti folyamat azonban \u00f3hatatlanul is annak az ill\u00fazi\u00f3nak az \u00e9letbel\u00e9ptet\u00e9s\u00e9t vonta maga ut\u00e1n, \u00e9s kor\u00e1ntsem csak a tokaji tan\u00e1cskoz\u00e1sokat \u00e9rint\u0151en, hogy az \u00edr\u00f3k imm\u00e1ron nem \u00e9rdekl\u0151dnek n\u00e9p\u00fck mindennapi val\u00f3s\u00e1ga, sorsa ir\u00e1nt. Ebb\u0151l is ad\u00f3d\u00f3an az olvas\u00f3k nagy r\u00e9sze elfordult az irodalmi szakm\u00e1t\u00f3l, mert nem tudott mit kezdeni annak bels\u0151 probl\u00e9m\u00e1ival, paradigmav\u00e1lt\u00e1s\u00e1val. Tudjuk, hogy ez a v\u00e1ltoz\u00e1s m\u00e1r j\u00f3val kor\u00e1bban elkezd\u0151d\u00f6tt, de r\u00e9szletez\u00e9s\u00e9re, filoz\u00f3fiai, t\u00f6rt\u00e9neti, szociol\u00f3giai h\u00e1tter\u00e9nek f\u00f6lv\u00e1zol\u00e1s\u00e1ra itt most nincs id\u0151.<\/p>\n<p style=\"text-align: justify;\">\u00a0\u00a0\u00a0 Azonban meggy\u0151z\u0151d\u00e9sem, hogy az irodalomnak mint hivat\u00e1snak, s ezen bel\u00fcl a Tokaji \u00cdr\u00f3t\u00e1bornak is a j\u00f6v\u0151je &#8211; az \u00faj, r\u00e9szben m\u00e1r megtal\u00e1lt, kommunik\u00e1ci\u00f3s csatorn\u00e1k ki\u00e9p\u00edt\u00e9s\u00e9n t\u00fal \u2013 a sz\u00e9lesebb \u00e9rdekl\u0151d\u00e9sre sz\u00e1mot tart\u00f3 t\u00e9m\u00e1k, probl\u00e9m\u00e1k fel\u00e9 val\u00f3 \u00fajranyit\u00e1sban \u00e9s a tov\u00e1bbi fiatal\u00edt\u00e1sban rejlik. Olyan probl\u00e9ma-\u00e9rz\u00e9keny nemzed\u00e9kek kinevel\u00e9s\u00e9ben, amelyek nem f\u00e9lnek szemben\u00e9zni m\u00faltjukkal, sz\u00fcleik, nagysz\u00fcleik \u00f6r\u00f6ks\u00e9g\u00e9vel, nem \u00e9rzik kellemetlennek, id\u0151szer\u0171tlennek vagy sz\u00e9gyellnival\u00f3nak t\u00f6rt\u00e9nelmi traum\u00e1k feldolgoz\u00e1s\u00e1t.<\/p>\n<p style=\"text-align: justify;\">\u00a0 \u00a0\u00a0A Tokaji \u00cdr\u00f3t\u00e1bor leg\u00fajabb kori fejezet\u00e9nek m\u00e1r e tekintetben is vannak fontos \u00e9s biztat\u00f3 \u00e1llom\u00e1sai (csak n\u00e9h\u00e1ny p\u00e9lda): 2005: <em>A k\u00f6lt\u0151 \u00e9s olvas\u00f3ja \u2013 J\u00f3zsef Attila \u00e9s ut\u00f3kora<\/em>, 2007: <em>Magyar t\u00e1jhaz\u00e1k, nemzeti kult\u00fara, regionalit\u00e1s, eur\u00f3pai integr\u00e1ci\u00f3<\/em>, 2010: <em>A magyar irodalom \u00e9gt\u00e1jai \u2013 sok\u00e1g\u00fa s\u00edp Tokajban<\/em>.<\/p>\n<p style=\"text-align: justify;\">\n<p style=\"text-align: justify;\">Hogy a Tokaji \u00cdr\u00f3t\u00e1bor mindm\u00e1ig meg\u0151rizte a tekint\u00e9ly\u00e9t, m\u00e9g ha vannak is, akik ezt hangosan szeretik k\u00e9ts\u00e9gbe vonni \u2013 mi sem bizony\u00edtja jobban, mint az idei tematika ki\u00edr\u00e1sa k\u00f6r\u00fcl fellobbant indulatok s a n\u00e9h\u00e1ny \u00fajs\u00e1g has\u00e1bjain kibontakozott pol\u00e9mia. M\u00e9g ha a t\u00f6m\u00f6r ki\u00edr\u00e1s \u00e1rnyalatlans\u00e1g\u00e1t \u00e9rt kritika bizonyos elemeivel ut\u00f3lag egyet is lehet \u00e9rteni \u2013 \u00f6sszess\u00e9g\u00e9ben a jelens\u00e9g el\u0151tt \u00e9rtetlen\u00fcl \u00e1llok. Egy rangos szakmai tan\u00e1cskoz\u00e1s mi\u00e9rt ne ny\u00falhatna hozz\u00e1 k\u00e9nyes t\u00e9m\u00e1khoz? Besz\u00e9lhetne olyan alkot\u00f3kr\u00f3l, akikr\u0151l hossz\u00fa \u00e9vtizedekig hallgatni kellett? M\u00e9rhessen meg eltagadott \u00e9letm\u0171veket, hogy seg\u00edtsen elhelyezni azokat az irodalom panteonj\u00e1ban? Mi\u00e9rt ne lehetne v\u00e9lem\u00e9nye arr\u00f3l, hogy bizony s\u00falyos mulaszt\u00e1saink \u00e9s tartoz\u00e1saink vannak az 1945 ut\u00e1ni magyar irodalom feldolgozotts\u00e1ga ter\u00e9n? Mi\u00e9rt ne ny\u00falhatna hozz\u00e1 \u2013 kiz\u00e1r\u00f3lag szakmai alapon \u2013 kialakult k\u00e1nonokhoz, hogy kieg\u00e9sz\u00edtse azokat? Mi\u00e9rt ne t\u00e1rgyalhatn\u00e1 a diktat\u00fara k\u00f6nyvt\u00e1rfelsz\u00e1mol\u00e1sait, \u00fcgyn\u00f6kjelent\u00e9seit? A b\u00f6rt\u00f6n\u00f6kben sz\u00fcletett irodalom m\u00e1ig feldolgozatlan fejezet\u00e9t, \u00e9l\u00e9n a \u201ev\u00e1ci f\u00fcveskertiekkel\u201d? Vagy besz\u00e9lhetne az emigr\u00e1ci\u00f3 f\u00f3rumair\u00f3l, hogy milyen n\u00e9lk\u00fcl\u00f6zhetetlen kapaszkod\u00f3t jelentettek nemegyszer az itthon maradottaknak is? Mi\u00e9rt ne elemezhetn\u00e9 annak a tendenci\u00e1nak az okait, hogy a k\u00f6z\u00e9leti t\u00e9m\u00e1kat is f\u00f6lv\u00e1llal\u00f3 irodalom mi\u00e9rt szorult marg\u00f3ra az elm\u00falt 30 \u00e9vben &#8211;\u00a0 most, amikor a k\u00f6z\u00e9leti vagy politikai k\u00f6lt\u00e9szet k\u00f6r\u00fcl, \u00e9rdekes m\u00f3don, \u00fajra pol\u00e9mia folyik, s meglehet\u0151sen egyoldal\u00fa form\u00e1ban?<\/p>\n<p style=\"text-align: justify;\">\u00a0\u00a0\u00a0 S ha a kialakul\u00f3 szakmai p\u00e1rbesz\u00e9d sor\u00e1n, amit egy t\u00e1bor csak megkezdeni hivatott, bebizonyosodik, hogy bizonyos alkot\u00f3k vagy \u00e9letm\u0171vek, vagy csak egyes alkot\u00e1sok m\u00e9gsem annyira \u00e9rt\u00e9kesek, legal\u00e1bb nyugodt sz\u00edvvel \u00e1ll\u00edthatjuk ezt r\u00f3luk, s nem puszt\u00e1n el\u0151\u00edt\u00e9letek fedez\u00e9k\u00e9b\u0151l \u2013 mert a munk\u00e1t elv\u00e9gezt\u00fck. Megjegyzem, egy korszakot nem csup\u00e1n a legnagyobbak jellemeznek s hat\u00e1roznak meg. A kisebbek n\u00e9lk\u00fcl a nagyok sem vehet\u0151k ki igaz\u00e1n. Valakit pedig csup\u00e1n egy korszak, amelyben \u00e9lni hivatott, vagy politikai elt\u00e9velyed\u00e9se vagy egy\u00e9b hovatartoz\u00e1sa alapj\u00e1n \u2013 s nem pedig a m\u0171vei t\u00fckr\u00e9ben m\u00e9rni meg, nem csak szakmaiatlan, de nem is hum\u00e1nus magatart\u00e1s.<\/p>\n<p style=\"text-align: justify;\">\u00a0\u00a0\u00a0 Ha nem rakunk rendet a m\u00faltunkban egyszer s mindenkorra, a j\u00f6v\u0151nk is z\u0171rzavaross\u00e1 v\u00e1lik.<\/p>\n<p style=\"text-align: justify;\">\n<p style=\"text-align: justify;\">Kedves Bar\u00e1taim, 40 \u00e9ves a Tokaji \u00cdr\u00f3t\u00e1bor. Ez\u00faton szeretn\u00e9k k\u00f6sz\u00f6netet mondani el\u0151deimnek a kitart\u00f3 munk\u00e1\u00e9rt, Tokaj v\u00e1ros\u00e1nak, hogy otthont ny\u00fajtott t\u00f6bb \u00e9vtizeden \u00e1t, s fejet hajtani azok el\u0151tt, akik m\u00e1r nem lehetnek k\u00f6z\u00f6tt\u00fcnk. Nem utols\u00f3sorban megk\u00f6sz\u00f6nni S\u00e1ray L\u00e1szl\u00f3 bar\u00e1tunknak azt, hogy a magyar irodalom elk\u00f6telezett h\u00edvek\u00e9nt 40 \u00e9v alatt soha nem adta fel a harcot, nem csup\u00e1n titk\u00e1ra volt a Tokaji \u00cdr\u00f3t\u00e1bornak, de motorja, \u00e9ltet\u0151je is.<\/p>\n<p style=\"text-align: justify;\">\u00a0\u00a0\u00a0 Kedves Koll\u00e9g\u00e1k, a jubileumi tan\u00e1cskoz\u00e1shoz m\u00e9lt\u00f3an t\u00f6lts\u00fck el egy\u00fctt ezt a h\u00e1rom napot. Mindenkit\u0151l m\u00e9rs\u00e9kletet, emp\u00e1ti\u00e1t \u00e9s szakmai hozz\u00e1\u00e1ll\u00e1st k\u00e9rek. K\u00edv\u00e1nok mindny\u00e1junknak tartalmas egy\u00fcttl\u00e9tet, j\u00f3 borokat, \u00e9p\u00edt\u0151 eszmecser\u00e9t, kellemes est\u00e9ket.<\/p>\n<p style=\"text-align: justify;\">\u00a0\u00a0\u00a0 K\u00f6sz\u00f6n\u00f6m megtisztel\u0151 figyelmeteket!<\/p>\n","protected":false},"excerpt":{"rendered":"<p>40. Tokaji \u00cdr\u00f3t\u00e1bor Megnyit\u00f3ja 2012.augusztus 15. R\u00e1k\u00f3czi Pince Tisztelt Aleln\u00f6k \u00dar, Polg\u00e1rmester \u00dar, H\u00f6lgyeim \u00e9s Uraim, kedves Bar\u00e1taim! Amikor erre a jubileumi megnyit\u00f3 besz\u00e9dre k\u00e9sz\u00fcl\u0151dtem, k\u00e9nytelen voltam seregszeml\u00e9t tartani az eml\u00e9keim f\u00f6l\u00f6tt, el\u0151venni a Tokaji \u00cdr\u00f3t\u00e1bor n\u00e9h\u00e1ny \u00c9vk\u00f6nyv\u00e9t, \u00e1tolvasni p\u00e1r&#8230;<\/p>\n","protected":false},"author":1,"featured_media":0,"comment_status":"closed","ping_status":"closed","sticky":false,"template":"","format":"standard","meta":{"footnotes":""},"categories":[105],"tags":[],"class_list":["post-4038","post","type-post","status-publish","format-standard","hentry","category-archivum"],"_links":{"self":[{"href":"https:\/\/tokajiirotabor.hu\/irotabor_archiv\/wp-json\/wp\/v2\/posts\/4038"}],"collection":[{"href":"https:\/\/tokajiirotabor.hu\/irotabor_archiv\/wp-json\/wp\/v2\/posts"}],"about":[{"href":"https:\/\/tokajiirotabor.hu\/irotabor_archiv\/wp-json\/wp\/v2\/types\/post"}],"author":[{"embeddable":true,"href":"https:\/\/tokajiirotabor.hu\/irotabor_archiv\/wp-json\/wp\/v2\/users\/1"}],"replies":[{"embeddable":true,"href":"https:\/\/tokajiirotabor.hu\/irotabor_archiv\/wp-json\/wp\/v2\/comments?post=4038"}],"version-history":[{"count":1,"href":"https:\/\/tokajiirotabor.hu\/irotabor_archiv\/wp-json\/wp\/v2\/posts\/4038\/revisions"}],"predecessor-version":[{"id":4039,"href":"https:\/\/tokajiirotabor.hu\/irotabor_archiv\/wp-json\/wp\/v2\/posts\/4038\/revisions\/4039"}],"wp:attachment":[{"href":"https:\/\/tokajiirotabor.hu\/irotabor_archiv\/wp-json\/wp\/v2\/media?parent=4038"}],"wp:term":[{"taxonomy":"category","embeddable":true,"href":"https:\/\/tokajiirotabor.hu\/irotabor_archiv\/wp-json\/wp\/v2\/categories?post=4038"},{"taxonomy":"post_tag","embeddable":true,"href":"https:\/\/tokajiirotabor.hu\/irotabor_archiv\/wp-json\/wp\/v2\/tags?post=4038"}],"curies":[{"name":"wp","href":"https:\/\/api.w.org\/{rel}","templated":true}]}}