{"id":4036,"date":"2011-06-22T13:38:12","date_gmt":"2011-06-22T12:38:12","guid":{"rendered":"http:\/\/www.tokajiirotabor.hu\/?p=4036"},"modified":"2016-06-22T13:38:56","modified_gmt":"2016-06-22T12:38:56","slug":"39-tokaji-irotabor-program","status":"publish","type":"post","link":"https:\/\/tokajiirotabor.hu\/irotabor_archiv\/39-tokaji-irotabor-program\/","title":{"rendered":"39. Tokaji \u00cdr\u00f3t\u00e1bor Program"},"content":{"rendered":"<div align=\"center\"><span style=\"font-family: 'Arial CE'; font-size: small;\"><strong>PROGRAM<\/strong><\/span><\/div>\n<div><\/div>\n<div><\/div>\n<div>\n<hr \/>\n<\/div>\n<div><\/div>\n<div><\/div>\n<div align=\"center\"><span style=\"font-family: 'Arial CE'; font-size: small;\"><strong>2011. augusztus 10. szerda<\/strong><\/span><\/div>\n<div><\/div>\n<div><\/div>\n<div><strong><span style=\"font-family: 'Arial CE'; font-size: small;\">11:00 <\/span><span style=\"font-family: 'Arial CE'; font-size: small;\">R\u00c1K\u00d3CZI-PINCE<\/span><\/strong><\/div>\n<div><\/div>\n<div><span style=\"font-family: 'Arial CE'; font-size: small;\"><strong>\u00cdr\u00f3t\u00e1bor 2011<\/strong> \u2013 Megnyitja: <strong>Mezey Katalin<\/strong> eln\u00f6k<br \/>\nK\u00f6sz\u00f6nt\u0151: <strong>M\u00e1jer J\u00e1nos<\/strong> polg\u00e1rmester<br \/>\nH\u00e1zigazda: <strong>Kov\u00e1cs Tibor<\/strong> birtokigazgat\u00f3<br \/>\nK\u00f6zrem\u0171k\u00f6dik: <strong>Kulcs\u00e1r Imre<\/strong> sz\u00ednm\u0171v\u00e9sz<\/span><\/div>\n<div><\/div>\n<div><span style=\"font-family: 'Arial CE'; font-size: small;\">12:00 <\/span><span style=\"font-family: 'Arial CE'; font-size: small;\">Eb\u00e9d<\/span><\/div>\n<div><\/div>\n<div><strong><span style=\"font-family: 'Arial CE'; font-size: small;\">14:00 <\/span><span style=\"font-family: 'Arial CE'; font-size: small;\">TOKAJI FERENC GIMN\u00c1ZIUM, aula<\/span><\/strong><\/div>\n<div><\/div>\n<div><span style=\"font-family: 'Arial CE'; font-size: small;\"><strong>\u201eA magyar irodalom \u00e9lete \u00e9s \u00e1llapota\u201d<\/strong> c\u00edm\u0171 tan\u00e1cskoz\u00e1s<br \/>\n(plen\u00e1ris \u00fcl\u00e9s, vita)<br \/>\nEln\u00f6k\u00f6l: <strong>Mezey Katalin, Bertha Zolt\u00e1n<\/strong><br \/>\nEl\u0151ad\u00f3: <strong>L. Simon L\u00e1szl\u00f3, J\u00f3n\u00e1s Istv\u00e1n,\u00a0Fekete Gy\u00f6rgy, \u00c1cs Margit, Zentai P\u00e9ter L\u00e1szl\u00f3<\/strong><br \/>\nFelk\u00e9rt hozz\u00e1sz\u00f3l\u00f3: <strong>Szentm\u00e1rtoni J\u00e1nos, Radics P\u00e9ter, Pomog\u00e1ts B\u00e9la, S\u00e1rk\u00f6zy P\u00e9ter<\/strong><\/span><\/div>\n<div><\/div>\n<div><span style=\"font-family: 'Arial CE'; font-size: small;\">18:00\u00a0 Vacsora<\/span><\/div>\n<div><\/div>\n<div><span style=\"font-family: 'Arial CE'; font-size: small;\"><strong>19:45 KULTUR\u00c1LIS- \u00c9S KONFERENCIA K\u00d6ZPONT<\/strong><\/span><\/div>\n<div><span style=\"font-family: 'Arial CE'; font-size: small;\"><strong>Tokaji est\u00e9k I.<\/strong><\/span><\/div>\n<div><span style=\"font-family: 'Arial CE'; font-size: small;\"><strong>Liszt Ferenc eml\u00e9kezete<\/strong><br \/>\nK\u00f6sz\u00f6nt\u0151, bevezet\u0151: <strong>Kov\u00e1cs J\u00e1nos<\/strong> megyei f\u0151jegyz\u0151<br \/>\nK\u00f6zrem\u0171k\u00f6dik: <strong>Pless Attila<\/strong> zongoram\u0171v\u00e9sz, <strong>Luk\u00e1cs S\u00e1ndor, Szatm\u00e1ri Attila<\/strong>\u00a0 sz\u00ednm\u0171v\u00e9szek<\/span><\/div>\n<div><\/div>\n<div><span style=\"font-family: 'Arial CE'; font-size: small;\"><strong>21:30\u00a0 &#8222;VERESSZEK\u00c9R&#8221; FOGAD\u00d3<\/strong><\/span><\/div>\n<div>\n<span style=\"font-family: 'Arial CE'; font-size: small;\"><strong>M\u0170\u00daT-est<\/strong><\/span><\/div>\n<div><span style=\"font-family: 'Arial CE'; font-size: small;\">K\u00f6sz\u00f6nt\u0151: <strong>Kukorelly Endre<\/strong><br \/>\nFelolvas: <strong>Kem\u00e9ny Istv\u00e1n, Kem\u00e9ny Lili, Solymosi B\u00e1lint, Tall\u00e9r Edina<\/strong><br \/>\nK\u00f6zrem\u0171k\u00f6dik: <strong>Kissz\u00ednes<\/strong> \u00e9s a <strong>Kisavas<\/strong> zenekar<br \/>\nSzerkeszt\u0151-m\u0171sorvezet\u0151: <strong>Zeml\u00e9nyi Attila<\/strong><\/span><\/div>\n<div><\/div>\n<div><\/div>\n<div>\n<hr \/>\n<\/div>\n<div><\/div>\n<div><\/div>\n<div align=\"center\"><span style=\"font-family: 'Arial CE'; font-size: small;\"><strong>2011. augusztus 11. cs\u00fct\u00f6rt\u00f6k<\/strong><\/span><\/div>\n<div align=\"center\"><\/div>\n<div><\/div>\n<div><span style=\"font-family: 'Arial CE'; font-size: small;\">7:30 Reggeli<\/span><\/div>\n<div><\/div>\n<div><span style=\"font-family: 'Arial CE'; font-size: small;\"><strong>9:00 TOKAJI FERENC GIMN\u00c1ZIUM, aula<\/strong><\/span><\/div>\n<div><\/div>\n<div><span style=\"font-family: 'Arial CE'; font-size: small;\"><strong>A tan\u00e1cskoz\u00e1s folytat\u00e1sa<\/strong><br \/>\n(plen\u00e1ris \u00fcl\u00e9s, hozz\u00e1sz\u00f3l\u00e1s, vita)<br \/>\nEln\u00f6k\u00f6l: <strong>Sturm L\u00e1szl\u00f3, K\u00f6d\u00f6b\u00f6cz G\u00e1bor<\/strong><br \/>\nEl\u0151ad\u00f3: <strong>Boguslaw Wr\u00f3blewski, Bohdan Zadura, Csom\u00f3s Mikl\u00f3s, Elekes Botond, Lovas Lajos, Gyimesi L\u00e1szl\u00f3, Bod\u00f3 Barna<\/strong><br \/>\nK\u00f6zrem\u0171k\u00f6dik: <strong>Kov\u00e1cs Istv\u00e1n<\/strong><\/span><\/div>\n<div><\/div>\n<div><span style=\"font-family: 'Arial CE'; font-size: small;\"><strong>12:15\u00a0 Hubay Mikl\u00f3s \u00e9s Sz\u00e9kelyhidi \u00c1goston eml\u00e9kezete \u2013 Szakolczay Lajos, Pomog\u00e1ts B\u00e9la<\/strong><\/span><\/div>\n<div><\/div>\n<div><span style=\"font-family: 'Arial CE'; font-size: small;\">12:30 Eb\u00e9d<\/span><\/div>\n<div><\/div>\n<div><span style=\"font-family: 'Arial CE'; font-size: small;\"><strong>14:00 Munkacsoport-\u00fcl\u00e9sek<\/strong><\/span><\/div>\n<div><\/div>\n<div><span style=\"font-family: 'Arial CE'; font-size: small;\">\u00a0 <strong>\u201eA magyar irodalom int\u00e9zm\u00e9nyeinek szerepe, lehet\u0151s\u00e9gei ma&#8221; <\/strong><br \/>\nVezeti: <strong>Mezey Katalin, Serf\u0151z\u0151 Simon<\/strong><br \/>\nEl\u0151ad\u00f3: <strong>Alexa K\u00e1roly, Cs.Varga Istv\u00e1n, Er\u0151s Kinga, Farkas G\u00e1bor, Szab\u00f3 Zsolt, Sz\u00e1vai G\u00e9za, Turcs\u00e1ny P\u00e9ter<\/strong><\/span><\/div>\n<div><\/div>\n<div><span style=\"font-family: 'Arial CE'; font-size: small;\">\u00a0\u00a0<strong>\u201eMagyar irodalom a vil\u00e1gh\u00e1l\u00f3n \u2013 Lehet\u0151s\u00e9gek, feladatok\u201d<\/strong><\/span><\/div>\n<div><span style=\"font-family: 'Arial CE'; font-size: small;\">Vezeti: <strong>Nagy G\u00e1bor, Turczi Istv\u00e1n<\/strong><br \/>\nEl\u0151ad\u00f3: <strong>Balogh Endre, B\u00f6sz\u00f6rm\u00e9nyi Zolt\u00e1n, Keresztury<br \/>\nTibor, Nagy G\u00e1bor, Radics P\u00e9ter<\/strong><\/span><\/div>\n<div><\/div>\n<div><span style=\"font-family: 'Arial CE'; font-size: small;\">17:30 aut\u00f3busz indul Tiszalad\u00e1nyba<\/span><\/div>\n<div><\/div>\n<div><span style=\"font-family: 'Arial CE'; font-size: small;\"><strong>17:45 TISZALAD\u00c1NY, K\u00d6Z\u00d6SS\u00c9GI H\u00c1Z<\/strong><\/span><\/div>\n<div>\n<span style=\"font-family: 'Arial CE'; font-size: small;\"><strong>Irodalmi est<\/strong><\/span><\/div>\n<div><span style=\"font-family: 'Arial CE'; font-size: small;\">H\u00e1zigazda: <strong>Dr. Liszkai Ferenc<\/strong> polg\u00e1rmester<br \/>\nK\u00f6zrem\u0171k\u00f6dik: <strong>Barab\u00e1s Zolt\u00e1n, Mezey Katalin, Serf\u0151z\u0151 Simon, Szentm\u00e1rtoni J\u00e1nos<\/strong><br \/>\nSzerk.-m\u0171sorvezet\u0151: <strong>Mezey Katalin<\/strong> kurat\u00f3riumi eln\u00f6k<\/span><\/div>\n<div><span style=\"font-family: 'Arial CE'; font-size: small;\">19:15 Vacsora<\/span><\/div>\n<div><\/div>\n<div><span style=\"font-family: 'Arial CE'; font-size: small;\"><strong>20:00 KOLL\u00c9GIUMI KERT<\/strong><\/span><\/div>\n<div>\n<span style=\"font-family: 'Arial CE'; font-size: small;\"><strong>Tokaji est\u00e9k II.<\/strong><\/span><\/div>\n<div><span style=\"font-family: 'Arial CE'; font-size: small;\">Bemutatkozik a <strong>Parnasszus<\/strong>\u00a0 \u00e9s a <strong>Lyukas\u00f3ra<\/strong> c\u00edm\u0171 foly\u00f3irat<br \/>\nF\u0151szerkeszt\u0151k: <strong>Turczy Istv\u00e1n, S\u00e1ghy Ildik\u00f3<\/strong><br \/>\nK\u00f6zrem\u0171k\u00f6dik: <strong>Borb\u00e9ly L\u00e1szl\u00f3, Czig\u00e1ny Gy\u00f6rgy, D\u00f3ka Andrea, K\u00fcrti L\u00e1szl\u00f3, Oravecz P\u00e9ter, Simon Adri, Szentm\u00e1rtoni, J\u00e1nos, Sz\u00e9kelyhidi Zsolt, T\u00f3th \u00c9va<\/strong><\/span><\/div>\n<div><\/div>\n<div><span style=\"font-family: 'Arial CE'; font-size: small;\"><strong>21:00 KOLL\u00c9GIUMI KERT<\/strong><\/span><\/div>\n<div><\/div>\n<div><span style=\"font-family: 'Arial CE'; font-size: small;\"><strong>Bork\u00f3stol\u00f3 \u2013 Tiff\u00e1n Ede \u00e9s Zsolt Pinc\u00e9szete (Vill\u00e1ny)<\/strong><\/span><\/div>\n<div><span style=\"font-family: 'Arial CE'; font-size: small;\">K\u00f6sz\u00f6nt\u0151: <strong>M\u00e1jer J\u00e1nos<\/strong> polg\u00e1rmester<br \/>\nEl\u0151ad\u00f3: <strong>Tiff\u00e1n Zsolt<\/strong> borosgazda<\/span><\/div>\n<div><\/div>\n<div><\/div>\n<div>\n<hr \/>\n<\/div>\n<div><\/div>\n<div align=\"center\"><span style=\"font-family: 'Arial CE'; font-size: small;\"><strong>2011. augusztus 12. p\u00e9ntek<\/strong><\/span><\/div>\n<div align=\"center\"><\/div>\n<div><\/div>\n<div><span style=\"font-family: 'Arial CE'; font-size: small;\">7:30 Reggeli<\/span><\/div>\n<div><\/div>\n<div><span style=\"font-family: 'Arial CE'; font-size: small;\"><strong>9:00 MILLENNIUMI IRODALMI EML\u00c9KPARK<\/strong><\/span><\/div>\n<div><\/div>\n<div><span style=\"font-family: 'Arial CE'; font-size: small;\"><strong>T\u00e1blaavat\u00e1s Mikes Kelemen eml\u00e9k\u00e9re<\/strong><br \/>\nK\u00f6sz\u00f6nt\u0151: <strong>Kal\u00e1sz M\u00e1rton<\/strong><br \/>\nLaud\u00e1ci\u00f3t tart: <strong>K\u00f6d\u00f6b\u00f6cz G\u00e1bor<\/strong><br \/>\nK\u00f6zrem\u0171k\u00f6dik: <strong>Kulcs\u00e1r Imre<\/strong> sz\u00ednm\u0171v\u00e9sz<\/span><\/div>\n<div><\/div>\n<div><span style=\"font-family: 'Arial CE'; font-size: small;\"><strong>9:30 TOKAJI FERENC GIMN\u00c1ZIUM, aula<\/strong><\/span><\/div>\n<div><\/div>\n<div><span style=\"font-family: 'Arial CE'; font-size: small;\"><strong>Kerekasztal a magyar irodalom \u00e9let\u00e9r\u0151l \u00e9s \u00e1llapot\u00e1r\u00f3l<\/strong><br \/>\nVezeti: <strong>Szentm\u00e1rtoni J\u00e1nos<\/strong><br \/>\nR\u00e9sztvev\u0151k: <strong>Csapl\u00e1r Vilmos, Dupka Gy\u00f6rgy, Er\u0151s Kinga, Hodossy Gyula, Kir\u00e1ly Zolt\u00e1n, P\u00e9csi Gy\u00f6rgyi<\/strong><\/span><\/div>\n<div><\/div>\n<div><span style=\"font-family: 'Arial CE'; font-size: small;\"><strong>10:30 TOKAJI FERENC GIMN\u00c1ZIUM, aula<\/strong><\/span><\/div>\n<div><\/div>\n<div><span style=\"font-family: 'Arial CE'; font-size: small;\"><strong>A tan\u00e1cskoz\u00e1s\u00a0 befejez\u00e9se (plen\u00e1ris \u00fcl\u00e9s)<\/strong><br \/>\nEln\u00f6k\u00f6l: <strong>Mezey Katalin<\/strong><br \/>\nZ\u00e1r\u00f3 el\u0151ad\u00e1s: <strong>Sz\u0151cs G\u00e9za<\/strong> k\u00f6lt\u0151, \u00edr\u00f3, \u00e1llamtitk\u00e1r<br \/>\n\u00c9rt\u00e9kel\u00e9s, aj\u00e1nl\u00e1s, \u00f6sszefoglal\u00f3<br \/>\nK\u00f6zrem\u0171k\u00f6dnek a munkacsoportok vezet\u0151i<\/span><\/div>\n<div><\/div>\n<div><strong><span style=\"font-family: 'Arial CE'; font-size: small;\">11:30<\/span><\/strong><\/div>\n<div><span style=\"font-family: 'Arial CE'; font-size: small;\"><strong>Fogad\u00e1s<\/strong><br \/>\nH\u00e1zigazda: <strong>Pomog\u00e1ts B\u00e9la<\/strong><br \/>\n\u00cdr\u00f3t\u00e1bori d\u00edjak \u00e1tad\u00e1sa<br \/>\nLaud\u00e1ci\u00f3<br \/>\nPoh\u00e1rk\u00f6sz\u00f6nt\u0151<br \/>\nZ\u00e1rsz\u00f3<\/span><\/div>\n","protected":false},"excerpt":{"rendered":"<p>PROGRAM 2011. augusztus 10. szerda 11:00 R\u00c1K\u00d3CZI-PINCE \u00cdr\u00f3t\u00e1bor 2011 \u2013 Megnyitja: Mezey Katalin eln\u00f6k K\u00f6sz\u00f6nt\u0151: M\u00e1jer J\u00e1nos polg\u00e1rmester H\u00e1zigazda: Kov\u00e1cs Tibor birtokigazgat\u00f3 K\u00f6zrem\u0171k\u00f6dik: Kulcs\u00e1r Imre sz\u00ednm\u0171v\u00e9sz 12:00 Eb\u00e9d 14:00 TOKAJI FERENC GIMN\u00c1ZIUM, aula \u201eA magyar irodalom \u00e9lete \u00e9s \u00e1llapota\u201d c\u00edm\u0171&#8230;<\/p>\n","protected":false},"author":1,"featured_media":0,"comment_status":"closed","ping_status":"closed","sticky":false,"template":"","format":"standard","meta":{"footnotes":""},"categories":[105],"tags":[],"class_list":["post-4036","post","type-post","status-publish","format-standard","hentry","category-archivum"],"_links":{"self":[{"href":"https:\/\/tokajiirotabor.hu\/irotabor_archiv\/wp-json\/wp\/v2\/posts\/4036"}],"collection":[{"href":"https:\/\/tokajiirotabor.hu\/irotabor_archiv\/wp-json\/wp\/v2\/posts"}],"about":[{"href":"https:\/\/tokajiirotabor.hu\/irotabor_archiv\/wp-json\/wp\/v2\/types\/post"}],"author":[{"embeddable":true,"href":"https:\/\/tokajiirotabor.hu\/irotabor_archiv\/wp-json\/wp\/v2\/users\/1"}],"replies":[{"embeddable":true,"href":"https:\/\/tokajiirotabor.hu\/irotabor_archiv\/wp-json\/wp\/v2\/comments?post=4036"}],"version-history":[{"count":1,"href":"https:\/\/tokajiirotabor.hu\/irotabor_archiv\/wp-json\/wp\/v2\/posts\/4036\/revisions"}],"predecessor-version":[{"id":4037,"href":"https:\/\/tokajiirotabor.hu\/irotabor_archiv\/wp-json\/wp\/v2\/posts\/4036\/revisions\/4037"}],"wp:attachment":[{"href":"https:\/\/tokajiirotabor.hu\/irotabor_archiv\/wp-json\/wp\/v2\/media?parent=4036"}],"wp:term":[{"taxonomy":"category","embeddable":true,"href":"https:\/\/tokajiirotabor.hu\/irotabor_archiv\/wp-json\/wp\/v2\/categories?post=4036"},{"taxonomy":"post_tag","embeddable":true,"href":"https:\/\/tokajiirotabor.hu\/irotabor_archiv\/wp-json\/wp\/v2\/tags?post=4036"}],"curies":[{"name":"wp","href":"https:\/\/api.w.org\/{rel}","templated":true}]}}