{"id":4034,"date":"2011-05-22T13:37:11","date_gmt":"2011-05-22T12:37:11","guid":{"rendered":"http:\/\/www.tokajiirotabor.hu\/?p=4034"},"modified":"2016-06-22T13:37:45","modified_gmt":"2016-06-22T12:37:45","slug":"39-tokaji-irotabor","status":"publish","type":"post","link":"https:\/\/tokajiirotabor.hu\/irotabor_archiv\/39-tokaji-irotabor\/","title":{"rendered":"39. Tokaji \u00cdr\u00f3t\u00e1bor"},"content":{"rendered":"<p style=\"text-align: justify;\" align=\"center\">2011. augusztus 10-11-12.<\/p>\n<p style=\"text-align: justify;\" align=\"center\">\u00a0<strong>A magyar irodalom \u00e9lete \u00e9s \u00e1llapota<\/strong><\/p>\n<p style=\"text-align: justify;\" align=\"center\"><em>Kih\u00edv\u00e1sok \u00e9s v\u00e1laszok<\/em><\/p>\n<p style=\"text-align: justify;\" align=\"center\">\n<p style=\"text-align: justify;\">A folyamatos \u00e9s jelent\u0151s v\u00e1ltoz\u00e1sok serkentik a Tokaji \u00cdr\u00f3t\u00e1bor Kurat\u00f3rium\u00e1t arra, hogy 2011-ben az anyanyelvi kult\u00far\u00e1nkat, benne a klasszikus \u00e9s kort\u00e1rs magyar irodalmat \u00e9r\u0151 kih\u00edv\u00e1sokr\u00f3l szervezzen tan\u00e1cskoz\u00e1st. \u00d6szt\u00f6n\u00f6zze az elm\u00falt \u00e9vtizedben bek\u00f6vetkezett t\u00e1rsadalmi (eur\u00f3pai integr\u00e1ci\u00f3s \u00e9s globaliz\u00e1ci\u00f3s) v\u00e1ltoz\u00e1sok, a felgyorsult technikai fejl\u0151d\u00e9s \u00e9s a gazdas\u00e1gi v\u00e1ls\u00e1g hat\u00e1sait kiv\u00e9deni k\u00e9pes kultur\u00e1lis strat\u00e9gia, a magyar irodalom \u00e9let\u00e9t biztos\u00edtani tud\u00f3 felt\u00e9telrendszer megalkot\u00e1s\u00e1t.<\/p>\n<p style=\"text-align: justify;\">\n<p style=\"text-align: justify;\">Irodalmunk t\u00e1rsadalmi jelenl\u00e9t\u00e9nek, \u00e9rdemi gyarapod\u00e1s\u00e1nak felt\u00e9telei \u2013 mint az \u00e9rt\u00e9kek \u00e1t\u00f6r\u00f6k\u00edt\u00e9s\u00e9nek, vagy mag\u00e1nak a mindenkori alkot\u00f3munk\u00e1nak a felt\u00e9telei \u2013 nem magukt\u00f3l, m\u00e9g csak nem is a piac t\u00f6rv\u00e9nyeinek engedelmeskedve j\u00f6nnek l\u00e9tre. Ezek a felt\u00e9telek korr\u00f3l korra v\u00e1ltoznak, \u00e9s a legjobb esetben is alighogy kiharcolj\u00e1k, megteremtik \u0151ket az irodalmi \u00e9let szerepl\u0151i, alkot\u00f3k \u00e9s olvas\u00f3k, valamint az anyanyelvi kult\u00fara felvir\u00e1gz\u00e1s\u00e1\u00e9rt felel\u0151s politikusok, az id\u0151 m\u00e1ris sz\u00e9tfesz\u00edtheti, vagy \u00e9ppen meghaladhatja a kor\u00e1bban optim\u00e1lisnak tartott kereteket. \u00c9s kezd\u0151dhet el\u00f6lr\u0151l, vagy ink\u00e1bb folytat\u00f3dhat a meg\u00e1llapodotts\u00e1got nem t\u0171r\u0151 \u00e9s nem ismer\u0151 egy\u00fcttgondolkod\u00e1s: az \u00e9rt\u00e9kek megsz\u00fclet\u00e9s\u00e9t \u00e9s t\u00e1rsadalmi befogad\u00e1s\u00e1t el\u0151seg\u00edt\u0151 munka.<\/p>\n<p style=\"text-align: justify;\">\n<p style=\"text-align: justify;\">Terveink szerint a 2011. \u00e9vi 39. Tokaji \u00cdr\u00f3t\u00e1bor plen\u00e1ris \u00fcl\u00e9sein \u00e9s a munkacsoportokban foly\u00f3 megbesz\u00e9l\u00e9seken megsz\u00f3lalnak majd azok a felel\u0151s szem\u00e9lyis\u00e9gek, akiknek feladata a jelen magyar irodalom \u00e9letfelt\u00e9teleinek biztos\u00edt\u00e1sa.<\/p>\n<p style=\"text-align: justify;\">\n<p style=\"text-align: justify;\" align=\"center\"><strong>T \u00e9 m a k \u00f6 r \u00f6 k:<\/strong><\/p>\n<p style=\"text-align: justify;\" align=\"center\"><strong>T\u00e1mogat\u00e1si rendszer\u00a0&#8211; itthon\u00a0\u00e9s k\u00fclf\u00f6ld\u00f6n<\/strong><\/p>\n<p style=\"text-align: justify;\" align=\"center\"><strong>Az \u00edr\u00f3szervezetek szerepe, feladata<\/strong><\/p>\n<p style=\"text-align: justify;\" align=\"center\"><strong>Magyar foly\u00f3irat- \u00e9s k\u00f6nyvkiad\u00e1s<\/strong><\/p>\n<p style=\"text-align: justify;\" align=\"center\"><strong>A magyar irodalom \u00e9s a magyar nyelvter\u00fclet<\/strong><\/p>\n<p style=\"text-align: justify;\" align=\"center\"><strong>Magyar irodalom a vil\u00e1gh\u00e1l\u00f3n &#8211; Digitaliz\u00e1lt irodalom<\/strong><\/p>\n<p style=\"text-align: justify;\" align=\"center\"><strong>Magyar irodalom a m\u00e9di\u00e1ban<\/strong><\/p>\n<p style=\"text-align: justify;\" align=\"center\"><strong>Magyar irodalom az oktat\u00e1sban<\/strong><\/p>\n<p style=\"text-align: justify;\" align=\"center\">\n<p style=\"text-align: justify;\" align=\"center\"><u>A Tan\u00e1cskoz\u00e1s helysz\u00edne:<\/u><\/p>\n<p style=\"text-align: justify;\" align=\"center\">A Tokaji Ferenc Gimn\u00e1zium, annak koll\u00e9giuma \u00e9s kertje, a tokaji Paulai\u00a0Ede Sz\u00ednh\u00e1z.<\/p>\n<p style=\"text-align: justify;\" align=\"center\">A hagyom\u00e1nyok szerint a Tokaji\u00a0Est\u00e9k sorozatban<\/p>\n<p style=\"text-align: justify;\" align=\"center\">alkot\u00f3m\u0171helyek, foly\u00f3iratok bemutatkoz\u00e1sa,<\/p>\n<p style=\"text-align: justify;\" align=\"center\">felolvas\u00f3 est \u00e9s min\u0151s\u00e9gi tokaji k\u00f3stol\u00e1s v\u00e1rja a r\u00e9sztvev\u0151ket.<\/p>\n<p style=\"text-align: justify;\" align=\"center\">\n<p style=\"text-align: justify;\" align=\"center\">A t\u00e1borba val\u00f3 jelentkez\u00e9st lev\u00e9ben a<\/p>\n<p style=\"text-align: justify;\" align=\"center\"><strong>H-3501 Miskolc, Pf \/ 375 <\/strong>vagy a<\/p>\n<p style=\"text-align: justify;\" align=\"center\"><a href=\"mailto:tokaji.irotabor@chello.hu\"><strong>tokaji.irotabor@chello.hu<\/strong><\/a><\/p>\n<p style=\"text-align: justify;\" align=\"center\">c\u00edmre v\u00e1rjuk.<\/p>\n<p style=\"text-align: justify;\" align=\"center\">T\u00e1j\u00e9koz\u00f3dhat honlapunkr\u00f3l is!<\/p>\n<p style=\"text-align: justify;\" align=\"center\"><strong><a href=\"http:\/\/www.tokajiirotabor.hu\/archivum\/2011\/\">http:\/\/www.tokajiirotabor.hu<\/a><\/strong><\/p>\n<p style=\"text-align: justify;\">\n<p style=\"text-align: justify;\" align=\"center\">\u00c9rdekl\u0151dni lehet a k\u00f6vetkez\u0151 sz\u00e1mokon:<\/p>\n<p style=\"text-align: justify;\" align=\"center\"><strong>06-46-359-923<\/strong><\/p>\n<p style=\"text-align: justify;\" align=\"center\"><strong>06-20-453-48-90<\/strong><\/p>\n<p style=\"text-align: justify;\" align=\"center\"><em>(K\u00fclf\u00f6ldr\u0151l val\u00f3 jelentkez\u00e9skor a 36-os el\u0151h\u00edv\u00f3sz\u00e1m nem n\u00e9lk\u00fcl\u00f6zhet\u0151)<\/em><\/p>\n<p style=\"text-align: justify;\" align=\"center\">\n<p style=\"text-align: justify;\" align=\"center\">\n<hr \/>\n<p style=\"text-align: justify;\" align=\"center\">\n<p style=\"text-align: justify;\" align=\"center\">\n<p style=\"text-align: justify;\" align=\"center\"><strong><u>Szempontok a 39. Tokaji \u00cdr\u00f3t\u00e1bor tan\u00e1cskoz\u00e1s\u00e1hoz<\/u><\/strong><\/p>\n<p style=\"text-align: justify;\" align=\"center\"><em>2011. augusztus 10-11-12. (szerda &#8211; cs\u00fct\u00f6rt\u00f6k &#8211; p\u00e9ntek)<\/em><\/p>\n<p style=\"text-align: justify;\" align=\"center\">\n<p style=\"text-align: justify;\" align=\"center\"><strong>A magyar irodalom \u00e9lete \u00e9s \u00e1llapota<\/strong><\/p>\n<p style=\"text-align: justify;\" align=\"center\"><em>Kih\u00edv\u00e1sok \u00e9s v\u00e1laszok<\/em><\/p>\n<p style=\"text-align: justify;\">\n<p style=\"text-align: justify;\">Hagyom\u00e1nyaihoz h\u00edven a 39. Tokaji \u00cdr\u00f3t\u00e1bor a magyar irodalom eg\u00e9sz\u00e9nek \u00e9rt\u00e9keit \u00e9s lehet\u0151s\u00e9geit igyekszik vizsg\u00e1lni. Az irodalmi m\u0171vek \u00e9s az \u00e1ltaluk k\u00e9pviselt eszt\u00e9tikai \u00e9s mor\u00e1lis \u00e9rt\u00e9kek t\u00e1rsadalmi jelent\u0151s\u00e9g\u00e9t veszi g\u00f3rcs\u0151 al\u00e1, nem feledkezve meg az alkot\u00f3k \u00e9s az ezt \u00e9rtelmez\u0151 tudom\u00e1ny m\u0171vel\u0151inek egzisztenci\u00e1lis helyzet\u00e9r\u0151l, a magyar irodalom int\u00e9zm\u00e9nyh\u00e1l\u00f3zat\u00e1r\u00f3l, valamint az irodalom k\u00f6zvet\u00edt\u0151inek hagyom\u00e1nyos \u00e9s meg\u00fajul\u00f3 eszk\u00f6zt\u00e1r\u00e1t m\u0171k\u00f6dtet\u0151k felel\u0151ss\u00e9g\u00e9r\u0151l.<\/p>\n<p style=\"text-align: justify;\">\n<p style=\"text-align: justify;\">&#8211; Az \u00edr\u00f3i alkot\u00f3 munka, az \u00faj m\u0171vek megjelen\u00e9s\u00e9nek \u00e9s terjeszt\u00e9s\u00e9nek felt\u00e9teleit, az irodalomt\u00f6rt\u00e9neti-, irodalomtudom\u00e1nyos kutat\u00e1sok kereteit, a min\u0151s\u00e9gi k\u00f6zgy\u0171jtem\u00e9nyek (k\u00f6nyvt\u00e1rak, eml\u00e9khelyek) m\u0171k\u00f6d\u00e9s\u00e9t, valamint az ezekhez sz\u00fcks\u00e9ges k\u00f6lts\u00e9gvet\u00e9si forr\u00e1sokat, t\u00e1mogat\u00e1sokat a mindenkori korm\u00e1nyzat, mint a kultur\u00e1lis k\u00f6zszolg\u00e1lat kereteit biztos\u00edtja.<\/p>\n<p style=\"text-align: justify;\">\n<p style=\"text-align: justify;\">&#8211; A magyar irodalom saj\u00e1toss\u00e1ga, \u00e9s k\u00fcl\u00f6n\u00f6s kih\u00edv\u00e1sa, hogy a magyar nyelvter\u00fclet, a \u201eszellemi haza\u201d sokkal t\u00e1gasabb a politikai keretekn\u00e9l.<\/p>\n<p style=\"text-align: justify;\">\n<p style=\"text-align: justify;\">&#8211; A felt\u00e9telrendszer kimunk\u00e1l\u00e1s\u00e1ban \u00e9s az \u00edr\u00f3k \u00e9rt\u00e9k- \u00e9s \u00e9rdekk\u00e9pviselet\u00e9ben igen jelent\u0151s a hazai \u00e9s a hat\u00e1ron t\u00fali magyar \u00edr\u00f3szervezetek szerepe \u00e9s felel\u0151ss\u00e9ge.<\/p>\n<p style=\"text-align: justify;\">\n<p style=\"text-align: justify;\">&#8211; J\u00f3 k\u00e9tsz\u00e1z \u00e9ve a magyar foly\u00f3irat-, \u00e9s a k\u00f6nyvkiad\u00e1s hozza-viszi a megsz\u00fclet\u0151 m\u0171vek h\u00edr\u00e9t, \u00e9s teszi lehet\u0151v\u00e9 az \u00fajabb \u00e9s \u00fajabb alkot\u00f3k \u00e9s alkot\u00e1sok bemutatkoz\u00e1s\u00e1t. Ezek k\u00f6r\u00e9ben manaps\u00e1g n\u0151 a csak vil\u00e1gh\u00e1l\u00f3n jelentkez\u0151 f\u00f3rumok sz\u00e1ma, illetve a digit\u00e1lis adatt\u00e1rol\u00f3 eszk\u00f6z\u00f6k szerepe.<\/p>\n<p style=\"text-align: justify;\">\n<p style=\"text-align: justify;\">&#8211; Az \u00e9rt\u00e9kk\u00f6zvet\u00edt\u00e9s a m\u00e9diumok: a k\u00f6zszolg\u00e1lati szerepet v\u00e1llal\u00f3 napi \u00e9s hetilapok, a k\u00f6zszolg\u00e1lati r\u00e1di\u00f3k \u00e9s telev\u00edzi\u00f3k, a vil\u00e1gh\u00e1l\u00f3n el\u00e9rhet\u0151 irodalmi \u00e9s k\u00f6nyvport\u00e1lok szerkeszt\u0151inek kiemelked\u0151 feladata \u00e9s lehet\u0151s\u00e9ge.<\/p>\n<p style=\"text-align: justify;\">\n<p style=\"text-align: justify;\">&#8211; A magyar irodalom jelent\u0151s alkot\u00e1sainak \u00e1t\u00f6r\u00f6k\u00edt\u00e9s\u00e9ben \u00e9s \u00e9rt\u00e9kel\u00e9s\u00e9ben az iskolai oktat\u00e1s \u00e9s nevel\u00e9s, valamint a csal\u00e1di mintaad\u00e1s is meghat\u00e1roz\u00f3 szerepet j\u00e1tszik.<\/p>\n<p style=\"text-align: justify;\">\n<p style=\"text-align: justify;\">Mindezek a ter\u00fcletek egy\u00fctt tudj\u00e1k biztos\u00edtani a magyar irodalom \u00e9let\u00e9nek folytonoss\u00e1g\u00e1t, \u00e9rt\u00e9keinek befogad\u00e1s\u00e1t, ez\u00e1ltal a magyar t\u00e1rsadalom \u00f6nismeret\u00e9nek elm\u00e9ly\u00fcl\u00e9s\u00e9t, szellemi kincseinek meg\u0151rz\u0151d\u00e9s\u00e9t.<\/p>\n<p style=\"text-align: justify;\">\n<p style=\"text-align: justify;\">Budapest-Tokaj, 2011. m\u00e1jus<\/p>\n<p align=\"right\">\n<p align=\"right\">A szervez\u0151k<\/p>\n","protected":false},"excerpt":{"rendered":"<p>2011. augusztus 10-11-12. \u00a0A magyar irodalom \u00e9lete \u00e9s \u00e1llapota Kih\u00edv\u00e1sok \u00e9s v\u00e1laszok A folyamatos \u00e9s jelent\u0151s v\u00e1ltoz\u00e1sok serkentik a Tokaji \u00cdr\u00f3t\u00e1bor Kurat\u00f3rium\u00e1t arra, hogy 2011-ben az anyanyelvi kult\u00far\u00e1nkat, benne a klasszikus \u00e9s kort\u00e1rs magyar irodalmat \u00e9r\u0151 kih\u00edv\u00e1sokr\u00f3l szervezzen tan\u00e1cskoz\u00e1st. \u00d6szt\u00f6n\u00f6zze&#8230;<\/p>\n","protected":false},"author":1,"featured_media":0,"comment_status":"closed","ping_status":"closed","sticky":false,"template":"","format":"standard","meta":{"footnotes":""},"categories":[105],"tags":[],"class_list":["post-4034","post","type-post","status-publish","format-standard","hentry","category-archivum"],"_links":{"self":[{"href":"https:\/\/tokajiirotabor.hu\/irotabor_archiv\/wp-json\/wp\/v2\/posts\/4034"}],"collection":[{"href":"https:\/\/tokajiirotabor.hu\/irotabor_archiv\/wp-json\/wp\/v2\/posts"}],"about":[{"href":"https:\/\/tokajiirotabor.hu\/irotabor_archiv\/wp-json\/wp\/v2\/types\/post"}],"author":[{"embeddable":true,"href":"https:\/\/tokajiirotabor.hu\/irotabor_archiv\/wp-json\/wp\/v2\/users\/1"}],"replies":[{"embeddable":true,"href":"https:\/\/tokajiirotabor.hu\/irotabor_archiv\/wp-json\/wp\/v2\/comments?post=4034"}],"version-history":[{"count":1,"href":"https:\/\/tokajiirotabor.hu\/irotabor_archiv\/wp-json\/wp\/v2\/posts\/4034\/revisions"}],"predecessor-version":[{"id":4035,"href":"https:\/\/tokajiirotabor.hu\/irotabor_archiv\/wp-json\/wp\/v2\/posts\/4034\/revisions\/4035"}],"wp:attachment":[{"href":"https:\/\/tokajiirotabor.hu\/irotabor_archiv\/wp-json\/wp\/v2\/media?parent=4034"}],"wp:term":[{"taxonomy":"category","embeddable":true,"href":"https:\/\/tokajiirotabor.hu\/irotabor_archiv\/wp-json\/wp\/v2\/categories?post=4034"},{"taxonomy":"post_tag","embeddable":true,"href":"https:\/\/tokajiirotabor.hu\/irotabor_archiv\/wp-json\/wp\/v2\/tags?post=4034"}],"curies":[{"name":"wp","href":"https:\/\/api.w.org\/{rel}","templated":true}]}}