{"id":4032,"date":"2011-01-22T13:35:47","date_gmt":"2011-01-22T12:35:47","guid":{"rendered":"http:\/\/www.tokajiirotabor.hu\/?p=4032"},"modified":"2016-06-22T13:36:14","modified_gmt":"2016-06-22T12:36:14","slug":"dr-kovacs-janos-megyei-fojegyzo-unnepi-beszede","status":"publish","type":"post","link":"https:\/\/tokajiirotabor.hu\/irotabor_archiv\/dr-kovacs-janos-megyei-fojegyzo-unnepi-beszede\/","title":{"rendered":"Dr. Kov\u00e1cs J\u00e1nos megyei f\u0151jegyz\u0151 \u00fcnnepi besz\u00e9de"},"content":{"rendered":"<p>(elhangzott Tokajban, a Magyar Kult\u00fara Napj\u00e1n, 2011. janu\u00e1r 22-\u00e9n)<\/p>\n<p>&nbsp;<\/p>\n<p>Tisztelt H\u00f6lgyeim \u00e9s Uram! Kedves \u00dcnnepl\u0151k! Tisztelt Eln\u00f6k Asszony, Sz\u00ednm\u0171v\u00e9sz \u00dar, Polg\u00e1rmester \u00dar!<\/p>\n<div><\/div>\n<div>A Magyar Kult\u00fara Napja nem tartozik hivatalos, a napt\u00e1rban piros bet\u0171vel jel\u00f6lt \u00fcnnepeink k\u00f6z\u00e9, de hossz\u00fa \u00e9vek \u00f3ta eredm\u00e9nyesen h\u00edvja fel a figyelmet azokra a t\u00e1rgyi \u00e9s szellemi \u00e9rt\u00e9kekre, melyeket magunk\u00e9nak \u00e9rz\u00fcnk. Legal\u00e1bb ezen a napon eml\u00e9keztetnek minket a k\u00fcl\u00f6nb\u00f6z\u0151 rendezv\u00e9nyek hagyom\u00e1nyainkra, gy\u00f6kereinkre, m\u00faltunkra, egysz\u00f3val kult\u00far\u00e1nkra. Mert valljuk be \u0151szint\u00e9n, felgyorsult vil\u00e1gunk kev\u00e9s id\u0151t hagy erre.<\/div>\n<div><\/div>\n<div>\n<div>Van egy fogalom, nem tudom, hallottak-e m\u00e1r r\u00f3la. \u00dagy hangzik, hogy jelenzsugor. A jelenzsugor rendk\u00edv\u00fcl \u00e9rz\u00e9kletesen arra utal, hogy a gyors v\u00e1ltoz\u00e1sok \u00e9s v\u00e1lt\u00e1sok kor\u00e1t \u00e9lj\u00fck. \u00a0Hogy ami ma \u00faj\u00edt\u00e1s, az holnap m\u00e1r muze\u00e1lis. Hogy ami ma friss, az holnap av\u00edtt. \u00a0Szakemberek sokat emlegetik, de magunkon is \u00e9rz\u00e9kelj\u00fck, hogy ez a dinamika mennyire f\u00e9lelmetes. Ez\u00e9rt van olyan nagy sz\u00fcks\u00e9g az \u00f6r\u00f6k dolgok, a kult\u00fara birtokl\u00e1s\u00e1ra, \u00e9letben tart\u00e1s\u00e1ra \u00e9s meg\u00e9l\u00e9s\u00e9re. Az \u00f6r\u00f6k dolgok legy\u0151zhetik a f\u00e9lelmet, \u00e9s biztos alapot ny\u00fajthatnak ahhoz is, hogy eligazodjunk vil\u00e1gunkban. A magyar kult\u00fara olyan \u00f6r\u00f6ks\u00e9g, amely hely\u00fcnket mutatja a vil\u00e1gban, s amely j\u00f6v\u0151nket mutatja azon az \u00faton, amelyen v\u00e9gre elindultunk. Mert ism\u00e9t \u00faton vagyunk, egy olyan \u00faton, amely v\u00e9gre nem tagadja magyars\u00e1g\u00e1t, nem tagadja \u00e9rt\u00e9keinket, hanem arra \u00e9p\u00edtve, azzal egy\u00fctt, imm\u00e1r a K\u00e1rp\u00e1t-medence magyar lakoss\u00e1g\u00e1val \u00f6sszefogva, egy nemzetk\u00e9nt k\u00e9pzeli el a j\u00f6v\u0151t. Vannak olyanok, akik sz\u00e1m\u00e1ra mindez \u00faj, \u00e9rthetetlen, megmagyar\u00e1zhatatlan. Tal\u00e1n jelenzsugorban szenvednek, de tartok t\u0151le, m\u00e9g rosszabb t\u00f6rt\u00e9nt vel\u00fck: mai globaliz\u00e1l\u00f3d\u00f3, mindent \u00f6sszemos\u00f3 vil\u00e1gunkban nem l\u00e1tnak tiszt\u00e1n, nem l\u00e1tj\u00e1k \u00e9rt\u00e9keinket.<\/div>\n<div><\/div>\n<div>Pedig r\u00e9gebben b\u00fcszk\u00e9k voltunk arra a kultur\u00e1lis milli\u0151re, amely a K\u00e1rp\u00e1t-medenc\u00e9t jellemzi. \u201eVez\u00e9rcsillagom az legyen, hogy Magyarorsz\u00e1g egykor b\u00fcszk\u00e9n mutathasson r\u00e1m\u201d. Tudj\u00e1k, kit\u0151l val\u00f3 e fenti id\u00e9zet? Egy olyan kozmopolita zeneszerz\u0151t\u0151l, egy olyan vil\u00e1gpolg\u00e1rt\u00f3l, aki saj\u00e1t kor\u00e1nak \u00fcnnepelt \u00e9s k\u00f6r\u00fclrajongott szt\u00e1rja volt, akit saj\u00e1tjak\u00e9nt tisztelt Ausztria \u00e9s Szlov\u00e1kia, Olaszorsz\u00e1g \u00e9s Magyarorsz\u00e1g. Aki el\u0151tt meghajoltak Pozsonyban \u00e9s B\u00e9csben, Pesten \u00e9s P\u00e1rizsban. Igen, Liszt Ferencr\u0151l van sz\u00f3. Liszt Ferenc mag\u00e1t magyarnak tartotta, ezt sz\u00e1mos kijelent\u00e9s\u00e9ben meg is er\u0151s\u00edtette. Az egyik legjelent\u0151sebb bizony\u00edt\u00e9k az, hogy b\u00e1r hossz\u00fa ideig \u00e9lt P\u00e1rizsban, Weimarban \u00e9s R\u00f3m\u00e1ban, soha nem vette fel sem a francia, sem a n\u00e9met vagy az olasz \u00e1llampolg\u00e1rs\u00e1got. Liszt soha nem volt osztr\u00e1k \u00e1llampolg\u00e1r sem. Utaz\u00e1sai sor\u00e1n minden alkalommal magyar \u00fatlevelet haszn\u00e1lt, az illet\u0151s\u00e9gi hely, amely \u00fatlevel\u00e9ben szerepelt, Sopron volt. Liszt gyermekeivel kapcsolatban pedig ezt \u00edrta egy 1845-\u00f6s level\u00e9ben: \u201eGyermekeim apjuk \u00e1llampolg\u00e1rs\u00e1g\u00e1t viselik. Ak\u00e1r tetszik neki, ak\u00e1r nem, magyarok.\u201d Nos, itt \u00e1llunk, a Magyar Kult\u00fara Napj\u00e1nak el\u0151est\u00e9j\u00e9n, a Magyar Kult\u00fara V\u00e1ros\u00e1ban, a nemzetk\u00f6zi Liszt \u00e9v elej\u00e9n, \u00e9s bizony\u00edt\u00e9kokat keres\u00fcnk, v\u00e9dj\u00fck, ami nem is szorulna v\u00e9delemre. Mi\u00e9rt? Mi\u00e9rt e beidegz\u0151d\u00e9s, hogy m\u00e9g mindig v\u00e9dekezn\u00fcnk, magyar\u00e1zkodnunk kell? Tal\u00e1n az el\u0151z\u0151 rendszer \u00e1tka, tal\u00e1n a k\u00f6zelm\u00falt 8 \u00e9ve, tal\u00e1n a 2004. december 5-e hat\u00e1sa.<\/div>\n<div>Tal\u00e1n. De tal\u00e1n, \u00e9s \u00e9n e fel\u00e9 hajlok, \u00e9n m\u00e1r nem a v\u00e9dekez\u00e9st, a magyar\u00e1zkod\u00e1st l\u00e1tom mindebben, hanem ink\u00e1bb annak igazol\u00e1s\u00e1t, hogy j\u00f3 \u00faton haladunk. Azt l\u00e1tom, lassan meg tudjuk v\u00e9deni magunkat a jelenzsugort\u00f3l, \u00e9s erre figyelmeztetj\u00fck honfit\u00e1rsainkat. Is. Mert olyan \u00e9rt\u00e9keink vannak, amelyekre b\u00fcszk\u00e9nek kell lenn\u00fcnk, amelyet \u00f3vnunk, v\u00e9den\u00fcnk kell, amely nem csak m\u00faltunk, hanem j\u00f6v\u0151nk alapja is. Liszt Ferenc szavai ut\u00e1n m\u00e9g egy, imm\u00e1r a 20. sz\u00e1zadhoz k\u00f6thet\u0151 zeneszerz\u0151nk, vil\u00e1gpolg\u00e1runk, polihisztorunk, Kod\u00e1ly Zolt\u00e1n mondatait id\u00e9zn\u00e9m: \u201eKult\u00far\u00e1t nem lehet \u00f6r\u00f6k\u00f6lni. Az el\u0151d\u00f6k kult\u00far\u00e1ja egykett\u0151re elp\u00e1rolog, ha minden nemzed\u00e9k \u00fajra meg \u00fajra meg nem szerzi mag\u00e1nak. Csak az a mienk igaz\u00e1n, ami\u00e9rt megdolgoztunk, esetleg megszenvedt\u00fcnk.\u201d<\/div>\n<div><\/div>\n<div>Azt gondolom, mi eleget szenvedt\u00fcnk, \u00e9s sokat fogunk m\u00e9g dolgozni.<\/div>\n<div><\/div>\n<div>K\u00f6sz\u00f6n\u00f6m a figyelm\u00fcket!<\/div>\n<\/div>\n","protected":false},"excerpt":{"rendered":"<p>(elhangzott Tokajban, a Magyar Kult\u00fara Napj\u00e1n, 2011. janu\u00e1r 22-\u00e9n) &nbsp; Tisztelt H\u00f6lgyeim \u00e9s Uram! Kedves \u00dcnnepl\u0151k! Tisztelt Eln\u00f6k Asszony, Sz\u00ednm\u0171v\u00e9sz \u00dar, Polg\u00e1rmester \u00dar! A Magyar Kult\u00fara Napja nem tartozik hivatalos, a napt\u00e1rban piros bet\u0171vel jel\u00f6lt \u00fcnnepeink k\u00f6z\u00e9, de hossz\u00fa \u00e9vek&#8230;<\/p>\n","protected":false},"author":1,"featured_media":0,"comment_status":"closed","ping_status":"closed","sticky":false,"template":"","format":"standard","meta":{"footnotes":""},"categories":[105],"tags":[],"class_list":["post-4032","post","type-post","status-publish","format-standard","hentry","category-archivum"],"_links":{"self":[{"href":"https:\/\/tokajiirotabor.hu\/irotabor_archiv\/wp-json\/wp\/v2\/posts\/4032"}],"collection":[{"href":"https:\/\/tokajiirotabor.hu\/irotabor_archiv\/wp-json\/wp\/v2\/posts"}],"about":[{"href":"https:\/\/tokajiirotabor.hu\/irotabor_archiv\/wp-json\/wp\/v2\/types\/post"}],"author":[{"embeddable":true,"href":"https:\/\/tokajiirotabor.hu\/irotabor_archiv\/wp-json\/wp\/v2\/users\/1"}],"replies":[{"embeddable":true,"href":"https:\/\/tokajiirotabor.hu\/irotabor_archiv\/wp-json\/wp\/v2\/comments?post=4032"}],"version-history":[{"count":1,"href":"https:\/\/tokajiirotabor.hu\/irotabor_archiv\/wp-json\/wp\/v2\/posts\/4032\/revisions"}],"predecessor-version":[{"id":4033,"href":"https:\/\/tokajiirotabor.hu\/irotabor_archiv\/wp-json\/wp\/v2\/posts\/4032\/revisions\/4033"}],"wp:attachment":[{"href":"https:\/\/tokajiirotabor.hu\/irotabor_archiv\/wp-json\/wp\/v2\/media?parent=4032"}],"wp:term":[{"taxonomy":"category","embeddable":true,"href":"https:\/\/tokajiirotabor.hu\/irotabor_archiv\/wp-json\/wp\/v2\/categories?post=4032"},{"taxonomy":"post_tag","embeddable":true,"href":"https:\/\/tokajiirotabor.hu\/irotabor_archiv\/wp-json\/wp\/v2\/tags?post=4032"}],"curies":[{"name":"wp","href":"https:\/\/api.w.org\/{rel}","templated":true}]}}