{"id":4026,"date":"2010-08-08T13:27:06","date_gmt":"2010-08-08T12:27:06","guid":{"rendered":"http:\/\/www.tokajiirotabor.hu\/?p=4026"},"modified":"2016-06-22T13:28:04","modified_gmt":"2016-06-22T12:28:04","slug":"38-tokaji-irotabor-program","status":"publish","type":"post","link":"https:\/\/tokajiirotabor.hu\/irotabor_archiv\/38-tokaji-irotabor-program\/","title":{"rendered":"38. Tokaji \u00cdr\u00f3t\u00e1bor Program"},"content":{"rendered":"<p align=\"center\"><strong><u>2010. augusztus 11. szerda<\/u><\/strong><\/p>\n<p align=\"center\">\n<p align=\"center\">\n<p align=\"center\"><strong>11:00\u00a0\u00a0 R\u00c1K\u00d3CZI-PINCE<\/strong><\/p>\n<p align=\"center\">\u00cdr\u00f3t\u00e1bor 2010 \u2013 Megnyitja: <strong>Mezey Katalin<\/strong> eln\u00f6k<br \/>\nK\u00f6sz\u00f6nt\u0151: <strong>M\u00e1jer J\u00e1nos<\/strong> polg\u00e1rmester,<br \/>\n<strong>L. Simon L\u00e1szl\u00f3<\/strong>, a Magyar Orsz\u00e1ggy\u0171l\u00e9s Kultur\u00e1lis \u00e9s Sajt\u00f3bizotts\u00e1g\u00e1nak eln\u00f6ke<br \/>\nH\u00e1zigazda: <strong>Kov\u00e1cs Tibor<\/strong> birtokigazgat\u00f3<br \/>\nK\u00f6zrem\u0171k\u00f6dik: <strong>Kulcs\u00e1r Imre<\/strong> sz\u00ednm\u0171v\u00e9sz<strong> Fekete Csilla<\/strong>n\u00e9pdal\u00e9nekes<\/p>\n<p align=\"center\"><strong>12:00\u00a0 TOKAJI FERENC GIMN\u00c1ZIUM, aula<\/strong><\/p>\n<p align=\"center\">K\u00f6nyv \u00e9s foly\u00f3irat ki\u00e1ll\u00edt\u00e1s<br \/>\nMegnyitja: <strong>Cseke P\u00e9ter<\/strong>\u00a0 Bemutatja: <strong>Szab\u00f3 Zsolt<\/strong><br \/>\nK\u00f6sz\u00f6nt\u0151: <strong>Pomog\u00e1ts B\u00e9la<\/strong> K\u00f6zrem\u0171k\u00f6dik: <strong>Kulcs\u00e1r Imre<\/strong><\/p>\n<p align=\"center\"><strong>12:00\u00a0 Eb\u00e9d<\/strong><\/p>\n<p align=\"center\">\n<p align=\"center\"><strong>14:00 &#8211; 16:10\u00a0 TOKAJI FERENC GIMN\u00c1ZIUM, aula<\/strong><\/p>\n<p align=\"center\"><em>\u201eA magyar irodalom \u00e9gt\u00e1jai\u00a0 \u2013 Sok\u00e1g\u00fa s\u00edp Tokajban \u201d<\/em> c\u00edm\u0171<br \/>\ntan\u00e1cskoz\u00e1s (plen\u00e1ris \u00fcl\u00e9s, vita)<br \/>\nEln\u00f6k\u00f6l: <strong>Mezey Katalin, Vasy G\u00e9za<\/strong><br \/>\nEl\u0151ad\u00f3: <strong>Andr\u00e1s S\u00e1ndor, Bal\u00e1zs Imre J\u00f3zsef, B\u00e1rczi Zs\u00f3fia, <\/strong><br \/>\n<strong><strong>Fekete J. J\u00f3zsef, Penck\u00f3fer J\u00e1nos<\/strong><\/strong><\/p>\n<p align=\"center\">\n<p align=\"center\"><strong>16:30 &#8211; 18:00\u00a0\u00a0 TOKAJI FERENC GIMN\u00c1ZIUM, KOLL\u00c9GIUM<\/strong><\/p>\n<p align=\"center\">\n<p align=\"center\"><strong>Munkacsoport-\u00fcl\u00e9sek<\/strong><\/p>\n<p align=\"center\"><em>\u201eA magyar nyelv K\u00e1rp\u00e1t-medencei helyzete \u2013 Nyelv \u00e9s <\/em><br \/>\n<em><em>irodalom\u201d<\/em><\/em>\u00a0 Vezeti: <strong>Bod\u00f3 Barna, Mezey Katalin<\/strong><br \/>\nEl\u0151ad\u00f3: <strong>S\u00e1rk\u00f6zy P\u00e9ter, Szab\u00f3 Zsolt<\/strong><\/p>\n<p align=\"center\">\n<p align=\"center\"><em>\u201eMagyar k\u00f6nyvkiad\u00e1s\u201d<\/em>\u00a0 Vezeti: <strong>Cseke P\u00e9ter, P\u00e9csi Gy\u00f6rgyi<\/strong><br \/>\n<strong><strong>El\u0151ad\u00f3: Dupka Gy\u00f6rgy, T\u00f3th L\u00e1szl\u00f3<\/strong><\/strong><\/p>\n<p align=\"center\">\n<p align=\"center\"><em>\u201eP\u00e1lyakezd\u00e9s, fiatalok\u201d<\/em>\u00a0 Vezeti: <strong>Bal\u00e1zs Imre J\u00f3zsef, <\/strong><br \/>\n<strong><strong>Sturm L\u00e1szl\u00f3<\/strong><\/strong>\u00a0 El\u0151ad\u00f3:<strong>Beke Ott\u00f3, Potozky L\u00e1szl\u00f3<\/strong><\/p>\n<p align=\"center\">\n<p align=\"center\"><strong>18:00\u00a0 Vacsora<\/strong><\/p>\n<p align=\"center\">\n<p align=\"center\">\n<p align=\"center\"><strong>19:45 &#8211; 21:00\u00a0 PAULAY EDE SZ\u00cdNH\u00c1Z \u2013 Tokaji est\u00e9k I.<\/strong><\/p>\n<p align=\"center\">\n<strong>\u201dNo\u00e9 B\u00e1rk\u00e1ja fel\u00e9\u201d \u2013\u00a0 versek <strong>Sok\u00e1g\u00fa s\u00edpon c\u00edm\u0171 k\u00f6lt\u0151i est<\/strong><\/strong><\/p>\n<p align=\"center\">K\u00f6sz\u00f6nt\u0151: <strong>Mezey Katalin<\/strong> Bevezet\u0151: <strong>Kir\u00e1ly L\u00e1szl\u00f3<\/strong> \u00edr\u00e1s\u00e1nak felolvas\u00e1sa<\/p>\n<p align=\"center\">K\u00f6zrem\u0171k\u00f6dik: <strong>Kiss Szilvia<\/strong> sz\u00ednm\u0171v\u00e9sz (Pozsony), <strong>Csikos S\u00e1ndor<\/strong>sz\u00ednm\u0171v\u00e9sz,<\/p>\n<p align=\"center\"><strong>Luk\u00e1cs S\u00e1ndor<\/strong>sz\u00ednm\u0171v\u00e9sz, <strong>Szab\u00f3 Andr\u00e1s<\/strong> el\u0151ad\u00f3m\u0171v\u00e9sz<\/p>\n<p align=\"center\">Zene: <strong>Fekete Csilla<\/strong> n\u00e9pdal\u00e9nekes \u00e9s a <strong>Mus(l)ica<\/strong> \u00e9nekegy\u00fcttes<\/p>\n<p align=\"center\">\n<p align=\"center\"><strong>21:30 &#8211; 23:00\u00a0 &#8222;VERESSZEK\u00c9R&#8221; FOGAD\u00d3 \u2013 M\u0170\u00daT-est<\/strong><\/p>\n<p align=\"center\">\nK\u00f6sz\u00f6nt\u0151: <strong>Szentm\u00e1rtoni J\u00e1nos<\/strong><br \/>\nK\u00f6zrem\u0171k\u00f6dik: <strong>Borb\u00e9ly Szil\u00e1rd, K.Kabai L\u00f3r\u00e1nt, Kem\u00e9ny Lili, M\u00e1lik Roland, <\/strong><br \/>\n<strong><strong>Terdik Roland<\/strong><\/strong>\u00a0 Zene:<strong>Beat Dis \u00e9s vend\u00e9gei<\/strong><br \/>\nSzerkeszt\u0151-m\u0171sorvezet\u0151: <strong>Zeml\u00e9nyi Attila<\/strong><\/p>\n<p align=\"center\">\n<p align=\"center\">\n<p align=\"center\">\n<p align=\"center\">\n<p align=\"center\">\n<p align=\"center\">\n<p align=\"center\"><strong><u>2010. augusztus 12. cs\u00fct\u00f6rt\u00f6k<\/u><\/strong><\/p>\n<p align=\"center\">\n<p align=\"center\"><strong>07:30\u00a0 Reggeli<\/strong><\/p>\n<p align=\"center\">\n<p align=\"center\"><strong>9:00 &#8211; 12:30 TOKAJI FERENC GIMN\u00c1ZIUM, aula<\/strong><\/p>\n<p align=\"center\">A tan\u00e1cskoz\u00e1s folytat\u00e1sa (plen\u00e1ris \u00fcl\u00e9s, hozz\u00e1sz\u00f3l\u00e1s,vita)<br \/>\nEln\u00f6k\u00f6l: <strong>Pomog\u00e1ts B\u00e9la, P\u00e9csi Gy\u00f6rgyi<\/strong><br \/>\nEl\u0151ad\u00f3: <strong>Dem\u00e9ny P\u00e9ter, Dupka Gy\u00f6rgy, Ferdinandy Gy\u00f6rgy, <\/strong><br \/>\n<strong><strong>Kontra Ferenc, N\u00e9meth Zolt\u00e1n<\/strong><\/strong><\/p>\n<p align=\"center\">\n<p align=\"center\"><strong>12:30\u00a0 Eb\u00e9d<\/strong><\/p>\n<p align=\"center\">\n<p align=\"center\"><strong>14:00\u00a0&#8211;\u00a016:00 TOKAJI FERENC GIMN\u00c1ZIUM, aula<\/strong><\/p>\n<p align=\"center\"><strong>Munkacsoport-\u00fcl\u00e9sek<\/strong><\/p>\n<p align=\"center\">\n<p align=\"center\"><em>\u201eA magyar nyelv K\u00e1rp\u00e1t-medencei helyzete <\/em><br \/>\n<em><em>\u2013 Nyelv \u00e9s irodalom\u201d<\/em><br \/>\n<\/em>Vezeti: <strong>Nagy G\u00e1bor, S\u00e1rk\u00f6zy P\u00e9ter<\/strong><br \/>\nEl\u0151ad\u00f3: <strong>Bod\u00f3 Barna, Csernicsk\u00f3 Istv\u00e1n<\/strong><\/p>\n<p align=\"center\">\n<p align=\"center\"><em>\u201eMagyar k\u00f6nyvkiad\u00e1s\u201d<\/em><br \/>\nVezeti: <strong>Serf\u0151z\u0151 Simon, T\u00f3th L\u00e1szl\u00f3<\/strong>\u00a0 El\u0151ad\u00f3: <strong>Cseke P\u00e9ter, <\/strong><br \/>\n<strong><strong>Fekete J. J\u00f3zsef, G\u00e1ll Attila, Penck\u00f3fer J\u00e1nos<\/strong><\/strong><\/p>\n<p align=\"center\">\n<p align=\"center\"><em>\u201eMagyar foly\u00f3iratkiad\u00e1s\u201d<\/em><br \/>\nVezeti: <strong>K\u00f6d\u00f6b\u00f6cz G\u00e1bor, Vallasek J\u00falia<\/strong><br \/>\nEl\u0151ad\u00f3:\u00a0 <strong>Fekete J. J\u00f3zsef, Kar\u00e1csonyi Zsolt, <\/strong><br \/>\n<strong><strong>Samu J\u00e1nos Vilmos, V\u00e1ri F\u00e1bi\u00e1n L\u00e1szl\u00f3<\/strong><\/strong><\/p>\n<p align=\"center\">\n<p align=\"center\"><em>\u201eP\u00e1lyakezd\u00e9s, fiatalok\u201d<\/em><br \/>\nVezeti: <strong>Beke Ott\u00f3, Szentm\u00e1rtoni J\u00e1nos<\/strong><br \/>\nEl\u0151ad\u00f3:\u00a0 <strong>Hodossy Gyula, Sall L\u00e1szl\u00f3<\/strong><\/p>\n<p align=\"center\">\n<p align=\"center\"><strong>16:20 Filmvet\u00edt\u00e9s<\/strong><\/p>\n<p align=\"center\"><em>\u201eM\u00e1rai S\u00e1ndor \u00e9s N\u00e1poly \u2013 A szabads\u00e1g keser\u0171 \u00edze\u201d<\/em><br \/>\nVend\u00e9g: <strong>Gilberto Martinelli<\/strong> (filmrendez\u0151) <strong>Boldizs\u00e1r <\/strong><br \/>\n<strong><strong>Krisztina<\/strong><\/strong> (forgat\u00f3k\u00f6nyv\u00edr\u00f3)<br \/>\nK\u00f6zrem\u0171k\u00f6dik: <strong>Roberto Ruspanti<\/strong><\/p>\n<p align=\"center\">K\u00f6sz\u00f6nt\u0151: <strong>Antall Istv\u00e1n<\/strong><\/p>\n<p align=\"center\"><strong>18:00\u00a0 TISZALAD\u00c1NY, K\u00d6Z\u00d6SS\u00c9GI H\u00c1Z<\/strong><\/p>\n<p align=\"center\">A Tokaji \u00cdr\u00f3t\u00e1bor hat\u00e1ron t\u00fali vend\u00e9geinek tal\u00e1lkoz\u00f3ja<br \/>\nH\u00e1zigazda: <strong>Benk\u0151 Ferenc<\/strong> polg\u00e1rmester<\/p>\n<p align=\"center\"><strong>19:30\u00a0 Vacsora<\/strong><\/p>\n<p align=\"center\">\n<p align=\"center\"><strong>20:30\u00a0 KOLL\u00c9GIUMI KERT \u2013 Tokaji est\u00e9k II.<\/strong><\/p>\n<p align=\"center\">Bemutatkozik az <strong>Erd\u00e9lyi Magyar \u00cdr\u00f3k Lig\u00e1ja<\/strong> (EMIL) \u00e9s a<br \/>\n<strong>Szlov\u00e1kiai Magyar \u00cdr\u00f3k T\u00e1rsas\u00e1ga<\/strong> (SZMIT)<br \/>\nK\u00f6sz\u00f6nt\u0151: <strong>Bertha Zolt\u00e1n<\/strong><br \/>\nH\u00e1zigazda: <strong>Hodossy Gyula, Kir\u00e1ly Zolt\u00e1n<\/strong><br \/>\nK\u00f6zrem\u0171k\u00f6dik:<strong> Farkas <strong>Wellmann Endre, G\u00e1l S\u00e1ndor, L\u00e1szl\u00f3 No\u00e9mi<\/strong><\/strong><\/p>\n<p align=\"center\">\n<p align=\"center\"><strong>21:30 <\/strong>Bork\u00f3stol\u00f3 \u2013 <strong>Petercs\u00e1k Gy\u00f6rgy<\/strong> birtokigazgat\u00f3 (Sauska Tokaj Bor\u00e1szat)<\/p>\n<p align=\"center\">K\u00f6sz\u00f6nt\u0151: <strong>M\u00e1jer J\u00e1nos<\/strong> polg\u00e1rmester<\/p>\n<p align=\"center\">\n<p align=\"center\">\n<p align=\"center\">\n<p align=\"center\">\n<p align=\"center\"><strong><u>2010. augusztus 13. p\u00e9ntek<\/u><\/strong><\/p>\n<p align=\"center\">\n<p align=\"center\">\n<p align=\"center\"><strong>7:30\u00a0 Reggeli<\/strong><\/p>\n<p align=\"center\">\n<p align=\"center\"><strong>8:30\u00a0 <\/strong><strong>Koszor\u00faz\u00e1s <\/strong><strong>Sz\u00e9chenyi Istv\u00e1n szoborn\u00e1l<\/strong><\/p>\n<p><strong>hal\u00e1l\u00e1nak 150. \u00e9vfordul\u00f3ja alkalm\u00e1b\u00f3l<\/strong><\/p>\n<p><strong>9:10\u00a0 MILLENNIUMI IRODALMI EML\u00c9KPARK<\/strong><\/p>\n<p align=\"center\">T\u00e1blaavat\u00e1s Sz\u00e9chenyi Istv\u00e1n eml\u00e9k\u00e9re<br \/>\nK\u00f6sz\u00f6nt\u0151: <strong>Vasy G\u00e9za<\/strong><br \/>\nLaud\u00e1ci\u00f3: <strong>Gergely Andr\u00e1s<\/strong><br \/>\nK\u00f6zrem\u0171k\u00f6dik: <strong>Kulcs\u00e1r Imre<\/strong> sz\u00ednm\u0171v\u00e9sz<\/p>\n<p align=\"center\">\n<p align=\"center\"><strong>9:30\u00a0 TOKAJI FERENC GIMN\u00c1ZIUM, aula<\/strong><\/p>\n<p align=\"center\">A tan\u00e1cskoz\u00e1s folytat\u00e1sa, befejez\u00e9se (plen\u00e1ris \u00fcl\u00e9s)<br \/>\nEln\u00f6k\u00f6l: <strong>Sz\u00e9kelyhidi \u00c1goston<\/strong><\/p>\n<p align=\"center\">El\u0151ad\u00f3:<strong> Bakoss Kis K\u00e1roly, Csord\u00e1s L\u00e1szl\u00f3, <\/strong><strong>Szalay Zolt\u00e1n<\/strong><br \/>\nHozz\u00e1sz\u00f3l\u00e1sok<\/p>\n<p align=\"center\">\n<p align=\"center\">\u00c9rt\u00e9kel\u00e9s, aj\u00e1nl\u00e1s, \u00f6sszefoglal\u00f3<br \/>\nEln\u00f6k\u00f6l: <strong>Mezey Katalin<\/strong><\/p>\n<p align=\"center\">Felsz\u00f3lal: <strong>Sz\u0151cs G\u00e9za<\/strong> k\u00f6lt\u0151, a Nemzeti Er\u0151forr\u00e1s Miniszt\u00e9rium kultur\u00e1lis \u00e1llamtitk\u00e1ra<\/p>\n<p align=\"center\">A munkacsoport-vezet\u0151k besz\u00e1mol\u00f3i<\/p>\n<p align=\"center\">\n<p align=\"center\"><strong>11:30\u00a0 \u00c1LTAL\u00c1NOS ISKOLA, aula \u2013 Fogad\u00e1s<\/strong><\/p>\n<p align=\"center\">H\u00e1zigazda: <strong>Sz\u00e9kelyhidi \u00c1goston<\/strong><\/p>\n<p align=\"center\">\u00cdr\u00f3t\u00e1bori d\u00edjak \u00e1tad\u00e1sa<\/p>\n<p align=\"center\">Laud\u00e1ci\u00f3: <strong>P\u00e9csi Gy\u00f6rgyi<\/strong><\/p>\n<p align=\"center\">\n<p align=\"center\">D\u00edszoklev\u00e9l a <em>&#8222;Balassi-kard Furmint&#8221;<\/em> borverseny gy\u0151ztes\u00e9nek<\/p>\n<p align=\"center\">\u00c1tadja: <strong>M\u00e1jer J\u00e1nos<\/strong> polg\u00e1rmester<\/p>\n<p align=\"center\">\n<p align=\"center\">K\u00f6sz\u00f6nt\u0151:\u00a0 <strong>Rubovszky Andr\u00e1s <\/strong>f\u0151titk\u00e1r (Sz\u00e9chenyi T\u00e1rsas\u00e1g)<\/p>\n<p align=\"center\">Z\u00e1rsz\u00f3<\/p>\n","protected":false},"excerpt":{"rendered":"<p>2010. augusztus 11. szerda 11:00\u00a0\u00a0 R\u00c1K\u00d3CZI-PINCE \u00cdr\u00f3t\u00e1bor 2010 \u2013 Megnyitja: Mezey Katalin eln\u00f6k K\u00f6sz\u00f6nt\u0151: M\u00e1jer J\u00e1nos polg\u00e1rmester, L. Simon L\u00e1szl\u00f3, a Magyar Orsz\u00e1ggy\u0171l\u00e9s Kultur\u00e1lis \u00e9s Sajt\u00f3bizotts\u00e1g\u00e1nak eln\u00f6ke H\u00e1zigazda: Kov\u00e1cs Tibor birtokigazgat\u00f3 K\u00f6zrem\u0171k\u00f6dik: Kulcs\u00e1r Imre sz\u00ednm\u0171v\u00e9sz Fekete Csillan\u00e9pdal\u00e9nekes 12:00\u00a0 TOKAJI FERENC&#8230;<\/p>\n","protected":false},"author":1,"featured_media":0,"comment_status":"closed","ping_status":"closed","sticky":false,"template":"","format":"standard","meta":{"footnotes":""},"categories":[105],"tags":[96],"class_list":["post-4026","post","type-post","status-publish","format-standard","hentry","category-archivum","tag-irotabor"],"_links":{"self":[{"href":"https:\/\/tokajiirotabor.hu\/irotabor_archiv\/wp-json\/wp\/v2\/posts\/4026"}],"collection":[{"href":"https:\/\/tokajiirotabor.hu\/irotabor_archiv\/wp-json\/wp\/v2\/posts"}],"about":[{"href":"https:\/\/tokajiirotabor.hu\/irotabor_archiv\/wp-json\/wp\/v2\/types\/post"}],"author":[{"embeddable":true,"href":"https:\/\/tokajiirotabor.hu\/irotabor_archiv\/wp-json\/wp\/v2\/users\/1"}],"replies":[{"embeddable":true,"href":"https:\/\/tokajiirotabor.hu\/irotabor_archiv\/wp-json\/wp\/v2\/comments?post=4026"}],"version-history":[{"count":1,"href":"https:\/\/tokajiirotabor.hu\/irotabor_archiv\/wp-json\/wp\/v2\/posts\/4026\/revisions"}],"predecessor-version":[{"id":4027,"href":"https:\/\/tokajiirotabor.hu\/irotabor_archiv\/wp-json\/wp\/v2\/posts\/4026\/revisions\/4027"}],"wp:attachment":[{"href":"https:\/\/tokajiirotabor.hu\/irotabor_archiv\/wp-json\/wp\/v2\/media?parent=4026"}],"wp:term":[{"taxonomy":"category","embeddable":true,"href":"https:\/\/tokajiirotabor.hu\/irotabor_archiv\/wp-json\/wp\/v2\/categories?post=4026"},{"taxonomy":"post_tag","embeddable":true,"href":"https:\/\/tokajiirotabor.hu\/irotabor_archiv\/wp-json\/wp\/v2\/tags?post=4026"}],"curies":[{"name":"wp","href":"https:\/\/api.w.org\/{rel}","templated":true}]}}