{"id":4022,"date":"2009-08-12T13:23:28","date_gmt":"2009-08-12T12:23:28","guid":{"rendered":"http:\/\/www.tokajiirotabor.hu\/?p=4022"},"modified":"2016-06-22T13:24:06","modified_gmt":"2016-06-22T12:24:06","slug":"37-tokaji-irotabor","status":"publish","type":"post","link":"https:\/\/tokajiirotabor.hu\/irotabor_archiv\/37-tokaji-irotabor\/","title":{"rendered":"37. Tokaji \u00cdr\u00f3t\u00e1bor"},"content":{"rendered":"<div id=\"contentwrapper\">\n<div id=\"contentcolumn\">\n<div id=\"innerContent\">\n<table width=\"100%\" cellspacing=\"0\" cellpadding=\"0\">\n<tbody>\n<tr>\n<td valign=\"top\" width=\"100%\">\n<div id=\"kontent\">\n<div class=\"belsoSzoveg\">\n<p><u><strong>2009. augusztus 12. szerda<\/strong><\/u><\/p>\n<p>&nbsp;<\/p>\n<p><strong>11:00\u00a0 R\u00c1K\u00d3CZI PINCE<\/strong><\/p>\n<p>\u00cdr\u00f3t\u00e1bor 2009 Megnyitja: <strong>Mezey Katalin<\/strong> eln\u00f6k<br \/>\nK\u00f6sz\u00f6nt\u0151: <strong>M\u00e1jer J\u00e1nos<\/strong> polg\u00e1rmester<br \/>\nK\u00f6zrem\u0171k\u00f6dik <strong>Kulcs\u00e1r Imre<\/strong> sz\u00ednm\u0171v\u00e9sz<\/p>\n<p>&nbsp;<\/p>\n<p><strong>12:00\u00a0 TOKAJI FERENC GIMN\u00c1ZIUM, aula<\/strong><\/p>\n<p><em>\u201emi ezt a nyelvet szeretni tartozn\u00e1nk\u2026\u201d<\/em><br \/>\n<strong>Kazinczy Ferenc \u00e9s Radn\u00f3ti Mikl\u00f3s eml\u00e9kki\u00e1ll\u00edt\u00e1s<\/strong><br \/>\nMegnyitja: <strong>Mar\u00f3ti Istv\u00e1n<\/strong> irodalomt\u00f6rt\u00e9n\u00e9sz<br \/>\nK\u00f6zrem\u0171k\u00f6dik: <strong>Rudolf Krisztina<\/strong>, <strong>Juh\u00e1sz Krist\u00f3f<\/strong> gimn\u00e1ziumi tanul\u00f3<br \/>\nK\u00f6sz\u00f6nt\u0151: <strong>Kal\u00e1sz M\u00e1rton<\/strong><\/p>\n<p><strong>12:30\u00a0 Eb\u00e9d<\/strong><\/p>\n<p><strong>14:00 &#8211; 16:10\u00a0 TOKAJI FERENC GIMN\u00c1ZIUM, aula<\/strong><\/p>\n<p><em>\u201e\u00c9l\u0151 nyelv, \u00e9l\u0151 irodalom. Hagyom\u00e1ny \u00e9s kih\u00edv\u00e1s\u201d<\/em> c\u00edm\u0171 tan\u00e1cskoz\u00e1s<br \/>\n(plen\u00e1ris \u00fcl\u00e9s, vita)<br \/>\nEln\u00f6k\u00f6l: <strong>Mezey Katalin<\/strong>, <strong>Sz\u00e9kelyhidi \u00c1goston<\/strong><br \/>\nEl\u0151ad\u00f3: <strong>G\u00f6r\u00f6mbei Andr\u00e1s<\/strong>, <strong>J\u00f3kai Anna<\/strong>, <strong>Vasy G\u00e9za<\/strong>, <strong>Vet\u00e9si L\u00e1szl\u00f3<\/strong><\/p>\n<p>&nbsp;<\/p>\n<p align=\"center\"><strong>16:30 &#8211; 18:00\u00a0\u00a0 TOKAJI FERENC GIMN\u00c1ZIUM, KOLL\u00c9GIUM<\/strong><\/p>\n<p align=\"center\"><strong>Munkacsoport-\u00fcl\u00e9sek<\/strong><\/p>\n<p>*<em> \u201eMagyar megfelel\u0151\u201d<\/em> (nyelvi \u00f6ncenz\u00fara) \u2013 vezeti: <strong>Jenei L\u00e1szl\u00f3<\/strong><br \/>\nel\u0151ad\u00f3: <strong>Bazs\u00e1nyi S\u00e1ndor<\/strong>, <strong>Sturm L\u00e1szl\u00f3<\/strong>, <strong>Szigeti Csaba<\/strong><\/p>\n<p>* <em>Nyelv\u0151rz\u00e9s-nyelv\u00faj\u00edt\u00e1s<\/em> &#8211; vezeti: <strong>Mezey Katalin<\/strong><br \/>\nel\u0151ad\u00f3: <strong>Balogh Endre<\/strong>, <strong>Iancu Laura<\/strong>, <strong>Szab\u00f3 Zsolt<\/strong><\/p>\n<p>* <em>Kort\u00e1rs sz\u00e9pirodalom<\/em> \u2013 vezeti: <strong>Vasy G\u00e9za<\/strong><br \/>\nel\u0151ad\u00f3:<strong> Barab\u00e1s Zolt\u00e1n<\/strong>,<strong> P\u00e9csi Gy\u00f6rgyi<\/strong>, <strong>L.Simon L\u00e1szl\u00f3<\/strong><\/p>\n<p>&nbsp;<\/p>\n<p><strong>18.00\u00a0\u00a0 Vacsora<\/strong><\/p>\n<p>&nbsp;<\/p>\n<p><strong>19:30 &#8211; 21:00\u00a0 PAULAY EDE SZ\u00cdNH\u00c1Z \u2013 Tokaji est\u00e9k I.<br \/>\nIrodalmi est \u2013 A Forr\u00e1s \u00e9s a Hitel Szerkeszt\u0151s\u00e9g bemutatkoz\u00e1sa<\/strong><br \/>\nK\u00f6sz\u00f6nt\u0151: <strong>Mezey Katalin<\/strong><br \/>\nK\u00f6zrem\u0171k\u00f6dik: <strong>Buda Ferenc<\/strong>, <strong>Dobozi Eszter<\/strong>, <strong>F\u00fczi L\u00e1szl\u00f3<\/strong>,<br \/>\n<strong>Cso\u00f3ri S\u00e1ndor<\/strong>, <strong>Falusi M\u00e1rton<\/strong>, <strong>G\u00f6r\u00f6mbei Andr\u00e1s<\/strong>, <strong>Papp Endre<\/strong><br \/>\nZene: <strong>Fekete Csilla<\/strong> n\u00e9pdal\u00e9nekes<\/p>\n<p>&nbsp;<\/p>\n<p><strong>21:30 &#8211; 23:00\u00a0 &#8222;VERESSZEK\u00c9R&#8221; FOGAD\u00d3 \u2013 M\u0170\u00daT-est<\/strong><br \/>\nK\u00f6sz\u00f6nt\u0151: <strong>Szentm\u00e1rtoni J\u00e1nos<\/strong><br \/>\nFelolvas: <strong>Csob\u00e1nka Zsuzsa<\/strong>, <strong>De\u00e1k Botond<\/strong>, <strong>Nyilas Attila<\/strong>, <strong>Tur\u00e1nyi Tam\u00e1s<\/strong><br \/>\nZene: <strong>Specko Jedno<\/strong> \u00e9s <strong>Rutkai Bori<\/strong><br \/>\nSzerkeszt\u0151-m\u0171sorvezet\u0151:<strong> Zeml\u00e9nyi Attila<\/strong><\/p>\n<p>&nbsp;<\/p>\n<hr \/>\n<p>&nbsp;<\/p>\n<p><strong><u>2009. augusztus 13. cs\u00fct\u00f6rt\u00f6k<\/u><\/strong><\/p>\n<p>&nbsp;<\/p>\n<p><strong>8.30: indul\u00e1s Tokajb\u00f3l Sz\u00e9phalomra (aut\u00f3busszal)<\/strong><\/p>\n<p><strong>9.30-12.00 A MAGYAR NYELV M\u00daZEUMA (SZ\u00cdNH\u00c1ZTEREM)<\/strong><\/p>\n<p><strong>A tan\u00e1cskoz\u00e1s folytat\u00e1sa (plen\u00e1ris \u00fcl\u00e9s, vita)<\/strong><br \/>\nK\u00f6sz\u00f6nt\u0151k: <strong>dr.\u00d3dor Ferenc<\/strong>, <strong>Feh\u00e9r J\u00f3zsef<\/strong><br \/>\nEln\u00f6k\u00f6l: <strong>Mezey Katalin<\/strong>, <strong>Turczi Istv\u00e1n<\/strong><br \/>\n<em>Kazinczy Ferenc p\u00e9ld\u00e1ja<\/em>\u2013 <strong>Kov\u00e1ts D\u00e1niel<\/strong><br \/>\n<em>Kazinczy Ferenc \u00e9s a magyar nyelv<\/em> \u2013 <strong>B\u00edr\u00f3 Ferenc<\/strong><br \/>\nA magyar nyelv a vil\u00e1gban \u2013 <strong>Pomog\u00e1ts B\u00e9la<\/strong><br \/>\n<em>Jelent\u00e9s a magyar nyelvr\u0151l 2009<\/em> \u2013 <strong>Nagy Levente<\/strong><br \/>\n<em>Nemzet, anyanyelv, anyaorsz\u00e1g<\/em> \u2013 <strong>Sz\u00e9kelyhidi \u00c1goston<\/strong><\/p>\n<p>Hozz\u00e1sz\u00f3l\u00e1s, vita<\/p>\n<p><strong>11.30: \u00a0Az int\u00e9zm\u00e9ny bemutat\u00e1sa \u00e9s a ki\u00e1ll\u00edt\u00e1sok megtekint\u00e9se \u2013 Feh\u00e9r J\u00f3zsef<\/strong><\/p>\n<p><strong>12.00: Koszor\u00faz\u00e1s Kazinczy Ferenc s\u00edrj\u00e1n\u00e1l<\/strong><\/p>\n<p>&nbsp;<\/p>\n<p><strong>12.30 eb\u00e9d<\/strong><\/p>\n<p>&nbsp;<\/p>\n<p><strong>14:00-16:00 munkacsoport-\u00fcl\u00e9sek<\/strong><\/p>\n<p>*<em> \u201eMagyar megfelel\u0151\u201d<\/em> (nyelvi \u00f6ncenz\u00fara) \u2013 Vezeti: <strong>Jenei L\u00e1szl\u00f3<\/strong><br \/>\nEl\u0151ad\u00f3: <strong>M\u00e9sz\u00e1ros S\u00e1ndor<\/strong>, <strong>Nagy G\u00e1bor<\/strong>, <strong>Szentm\u00e1rtoni J\u00e1nos<\/strong><br \/>\n* <em>\u00a0nyelv\u0151rz\u00e9s-nyelv\u00faj\u00edt\u00e1s<\/em> \u2013 Vezeti: <strong>Mezey Katalin<\/strong><br \/>\nEl\u0151ad\u00f3: <strong>Bod\u00f3 Barna<\/strong>, <strong>Sarusi Mih\u00e1ly<\/strong>, <strong>V\u00e9gh Attila<\/strong><\/p>\n<p>*<em>kort\u00e1rs sz\u00e9pirodalom<\/em> \u2013 vezeti: <strong>Bertha Zolt\u00e1n<\/strong><br \/>\nEl\u0151ad\u00f3: <strong>Kelemen Erzs\u00e9bet<\/strong>, <strong>K\u00f6d\u00f6b\u00f6cz G\u00e1bor<\/strong>, <strong>Ol\u00e1h J\u00e1nos<\/strong><\/p>\n<p><strong>16:15 indul\u00e1s vissza Tokajba aut\u00f3busszal<\/strong><\/p>\n<p><strong>17.00: a M\u0171v\u00e9szeti-\u00e9s Szabadm\u0171vel\u0151d\u00e9si Alap\u00edtv\u00e1ny \u00e9s az \u00cdr\u00f3t\u00e1bor kurat\u00f3rium\u00e1nak tal\u00e1lkoz\u00f3ja a tokaji alkot\u00f3h\u00e1zban<\/strong><br \/>\nH\u00e1zigazda: <strong>Zelnik J\u00f3zsef<\/strong><\/p>\n<p>&nbsp;<\/p>\n<p><strong>20:30\u00a0 KOLL\u00c9GIUMI KERT \u2013 Tokaji est\u00e9k II.<\/strong><\/p>\n<p><strong>Irodalmi est \u2013 Az Agria \u00e9s a V\u00f6r\u00f6s Postakocsi Szerkeszt\u0151s\u00e9g bemutatkoz\u00e1sa<\/strong><br \/>\nK\u00f6sz\u00f6nt\u0151: <strong>Kukorelly Endre<\/strong><br \/>\nK\u00f6zrem\u0171k\u00f6dik: <strong>Anga M\u00e1ria<\/strong>, <strong>Barab\u00e1s Zolt\u00e1n<\/strong>, <strong>Bertha Zolt\u00e1n<\/strong>,<strong>K\u00f6d\u00f6b\u00f6cz G\u00e1bor<\/strong>, <strong>Serf\u0151z\u0151 Simon<\/strong>, <strong>Szakolczay Lajos<\/strong>,<br \/>\n<strong>Antal Bal\u00e1zs<\/strong>, <strong>B\u00f3di Kata<\/strong>, <strong>Csabai L\u00e1szl\u00f3<\/strong>, <strong>Nagy Zsuka<\/strong>, <strong>Onder Csaba<\/strong><\/p>\n<p>&nbsp;<\/p>\n<p><strong>21:30 Bork\u00f3stol\u00f3<\/strong><br \/>\n<strong>T\u00far\u00f3czi Istv\u00e1n<\/strong> ver\u00e9rigazgat\u00f3 (Royal Tokaji Bor\u00e1szat,M\u00e1d)<br \/>\nK\u00f6sz\u00f6nt\u0151: <strong>M\u00e1jer J\u00e1nos <\/strong>polg\u00e1rmester<\/p>\n<p>&nbsp;<\/p>\n<hr \/>\n<p>&nbsp;<\/p>\n<p><strong><u>2009. augusztus 14. p\u00e9ntek<\/u><\/strong><\/p>\n<p><strong>07:30\u00a0 Reggeli<\/strong><\/p>\n<p><strong>9:00\u00a0 MILLENNIUMI IRODALMI EML\u00c9KPARK<\/strong><\/p>\n<p><strong>T\u00e1bla-avat\u00e1s Kazinczy Ferenc, Radn\u00f3ti Mikl\u00f3s eml\u00e9k\u00e9re<\/strong><br \/>\nK\u00f6sz\u00f6nt\u0151: <strong>Bertha Zolt\u00e1n<\/strong><br \/>\nLaud\u00e1ci\u00f3t tart: <strong>Feh\u00e9r J\u00f3zsef<\/strong>, <strong>Pomog\u00e1ts B\u00e9la<\/strong><br \/>\nK\u00f6zrem\u0171k\u00f6dik: <strong>Kulcs\u00e1r Imre<\/strong> sz\u00ednm\u0171v\u00e9sz<\/p>\n<p><strong>9.30-10.30 GIMN\u00c1ZIUM AULA<\/strong><\/p>\n<p>Eln\u00f6k\u00f6l: <strong>P\u00e9csi Gy\u00f6rgyi<\/strong><br \/>\nRadn\u00f3ti versek \u2013 <strong>Kulcs\u00e1r Imre <\/strong><br \/>\n<em>Radn\u00f3ti Mikl\u00f3s k\u00f6lt\u0151i nyelve a Radn\u00f3ti sz\u00f3t\u00e1r t\u00fckr\u00e9ben<\/em> \u2013 <strong>Beke J\u00f3zsef<\/strong><br \/>\n<em>Szenved\u00e9st\u00f6rt\u00e9net versben \u00e9s napl\u00f3ban<\/em> \u2013\u00a0 <strong>Cs.Varga Istv\u00e1n<\/strong><br \/>\nHozz\u00e1sz\u00f3l\u00e1sok<\/p>\n<p><strong>10.45 -11.15\u00a0\u00a0 Munkacsoport aj\u00e1nl\u00e1sok, \u00f6sszefoglal\u00f3<\/strong><br \/>\nEln\u00f6k\u00f6l: <strong>Mezey Katalin<\/strong><\/p>\n<p><strong>11.30-12.30\u00a0\u00a0 \u00c1LTAL\u00c1NOS ISKOLA, AULA<\/strong><br \/>\nFogad\u00e1s<br \/>\nH\u00e1zigazda: <strong>Sz\u00e9kenyhidi \u00c1goston<\/strong><br \/>\nD\u00edjak \u00e1tad\u00e1sa<br \/>\nLaud\u00e1ci\u00f3<br \/>\nK\u00f6sz\u00f6nt\u0151: <strong>Hupuczi L\u00e1szl\u00f3<\/strong> eln\u00f6k-vez\u00e9rigazgat\u00f3 (Civis Zrt.)<br \/>\nZ\u00e1rsz\u00f3<\/p>\n<\/div>\n<\/div>\n<\/td>\n<\/tr>\n<\/tbody>\n<\/table>\n<\/div>\n<\/div>\n<\/div>\n<div id=\"leftcolumn\"><\/div>\n","protected":false},"excerpt":{"rendered":"<p>2009. augusztus 12. szerda &nbsp; 11:00\u00a0 R\u00c1K\u00d3CZI PINCE \u00cdr\u00f3t\u00e1bor 2009 Megnyitja: Mezey Katalin eln\u00f6k K\u00f6sz\u00f6nt\u0151: M\u00e1jer J\u00e1nos polg\u00e1rmester K\u00f6zrem\u0171k\u00f6dik Kulcs\u00e1r Imre sz\u00ednm\u0171v\u00e9sz &nbsp; 12:00\u00a0 TOKAJI FERENC GIMN\u00c1ZIUM, aula \u201emi ezt a nyelvet szeretni tartozn\u00e1nk\u2026\u201d Kazinczy Ferenc \u00e9s Radn\u00f3ti Mikl\u00f3s eml\u00e9kki\u00e1ll\u00edt\u00e1s&#8230;<\/p>\n","protected":false},"author":1,"featured_media":0,"comment_status":"closed","ping_status":"closed","sticky":false,"template":"","format":"standard","meta":{"footnotes":""},"categories":[105],"tags":[96],"class_list":["post-4022","post","type-post","status-publish","format-standard","hentry","category-archivum","tag-irotabor"],"_links":{"self":[{"href":"https:\/\/tokajiirotabor.hu\/irotabor_archiv\/wp-json\/wp\/v2\/posts\/4022"}],"collection":[{"href":"https:\/\/tokajiirotabor.hu\/irotabor_archiv\/wp-json\/wp\/v2\/posts"}],"about":[{"href":"https:\/\/tokajiirotabor.hu\/irotabor_archiv\/wp-json\/wp\/v2\/types\/post"}],"author":[{"embeddable":true,"href":"https:\/\/tokajiirotabor.hu\/irotabor_archiv\/wp-json\/wp\/v2\/users\/1"}],"replies":[{"embeddable":true,"href":"https:\/\/tokajiirotabor.hu\/irotabor_archiv\/wp-json\/wp\/v2\/comments?post=4022"}],"version-history":[{"count":1,"href":"https:\/\/tokajiirotabor.hu\/irotabor_archiv\/wp-json\/wp\/v2\/posts\/4022\/revisions"}],"predecessor-version":[{"id":4023,"href":"https:\/\/tokajiirotabor.hu\/irotabor_archiv\/wp-json\/wp\/v2\/posts\/4022\/revisions\/4023"}],"wp:attachment":[{"href":"https:\/\/tokajiirotabor.hu\/irotabor_archiv\/wp-json\/wp\/v2\/media?parent=4022"}],"wp:term":[{"taxonomy":"category","embeddable":true,"href":"https:\/\/tokajiirotabor.hu\/irotabor_archiv\/wp-json\/wp\/v2\/categories?post=4022"},{"taxonomy":"post_tag","embeddable":true,"href":"https:\/\/tokajiirotabor.hu\/irotabor_archiv\/wp-json\/wp\/v2\/tags?post=4022"}],"curies":[{"name":"wp","href":"https:\/\/api.w.org\/{rel}","templated":true}]}}