{"id":4020,"date":"2009-09-22T13:21:57","date_gmt":"2009-09-22T12:21:57","guid":{"rendered":"http:\/\/www.tokajiirotabor.hu\/?p=4020"},"modified":"2016-06-22T13:22:42","modified_gmt":"2016-06-22T12:22:42","slug":"a-37-tokaji-irotabor-resztvevoi-2009","status":"publish","type":"post","link":"https:\/\/tokajiirotabor.hu\/irotabor_archiv\/a-37-tokaji-irotabor-resztvevoi-2009\/","title":{"rendered":"A 37. tokaji \u00edr\u00f3t\u00e1bor r\u00e9sztvev\u0151i \u2013 2009"},"content":{"rendered":"<p style=\"text-align: justify;\">\u25cf <strong>Acz\u00e9l G\u00e9za<\/strong> \u25cf<strong> \u00c1cs Margit <\/strong>\u25cf <strong>Alexa Bertalan<\/strong> \u25cf <strong>Alf\u00f6ldy Jen\u0151<\/strong> \u25cf<strong>Anga M\u00e1ria <\/strong>\u25cf <strong>Antal Bal\u00e1zs <\/strong>\u25cf <strong>Antall Istv\u00e1n <\/strong>\u25cf <strong>Ayhan G\u00f6khan <\/strong>\u25cf<strong>B\u00e1ger Guszt\u00e1v <\/strong>\u25cf <strong>Bakacsi Ern\u0151 <\/strong>\u25cf <strong>B\u00e1lint Tiborn\u00e9 <\/strong>\u25cf <strong>Balogh Endre\u00a0<\/strong>\u25cf <strong>Barab\u00e1s Zolt\u00e1n <\/strong>\u25cf <strong>Baranyai Szilvia <\/strong>\u25cf <strong>Bat\u00e1ri G\u00e1bor <\/strong>\u25cf <strong>Bazs\u00e1nyi S\u00e1ndor <\/strong>\u25cf <strong>Beke J\u00f3zsef <\/strong>\u25cf <strong>Bencsik G\u00e1bor <\/strong>\u25cf <strong>Benke L\u00e1szl\u00f3 <\/strong>\u25cf<strong>Benyhe J\u00e1nos <\/strong>\u25cf <strong>Berka Attila <\/strong>\u25cf <strong>Bertha Zolt\u00e1n <\/strong>\u25cf <strong>B\u00edr\u00f3 Ferenc <\/strong>\u25cf<strong>B\u00f3di Katalin <\/strong>\u25cf <strong>Bod\u00f3 Barna <\/strong>\u25cf <strong>Bokor Levente <\/strong>\u25cf <strong>Borb\u00e9ly L\u00e1szl\u00f3 <\/strong>\u25cf<strong>Bork\u00fati Anna <\/strong>\u25cf <strong>Bork\u00fati Eszter <\/strong>\u25cf <strong>Bork\u00fati L\u00e1szl\u00f3 <\/strong>\u25cf <strong>Boros-T\u00f3th Istv\u00e1n <\/strong>\u25cf <strong>Buda Ferenc <\/strong>\u25cf <strong>Brazlik J\u00e1nos <\/strong>\u25cf <strong>Ber\u00e9nyi Zsolt <\/strong>\u25cf <strong>Budai Katalin\u00a0 <\/strong>\u25cf <strong>Chov\u00e1n Istv\u00e1n <\/strong>\u25cf <strong>Czeg\u0151 Zolt\u00e1n <\/strong>\u25cf <strong>Czig\u00e1ny Gy\u00f6rgy <\/strong>\u25cf<strong>Cs. Varga Istv\u00e1n <\/strong>\u25cf <strong>Csabai L\u00e1szl\u00f3 <\/strong>\u25cf <strong>Cs\u00e1ki Imre <\/strong>\u25cf <strong>Cseke P\u00e9ter <\/strong>\u25cf<strong>Cseleny\u00e1k Imre <\/strong>\u25cf <strong>Csepcs\u00e1nyi \u00c9va <\/strong>\u25cf <strong>Csob\u00e1nka Zsuzsa <\/strong>\u25cf <strong>Cso\u00f3ri S\u00e1ndor\u00a0 <\/strong>\u25cf <strong>Cs\u00f6rgits J\u00f3zsef <\/strong>\u25cf <strong>De\u00e1k Botond <\/strong>\u25cf <strong>Demeter J\u00f3zsef <\/strong>\u25cf<strong>D\u00e9nes L\u00e1szl\u00f3 <\/strong>\u25cf <strong>Devecseri Zolt\u00e1n <\/strong>\u25cf <strong>Devecseri Zolt\u00e1nn\u00e9 <\/strong>\u25cf <strong>Dobos Tas L\u00e1szl\u00f3 <\/strong>\u25cf <strong>Dobozi Eszter <\/strong>\u25cf <strong>Dr. Apor P\u00e9ter <\/strong>\u25cf <strong>Dr. Aporn\u00e9 Kincses Kov\u00e1cs \u00c9va <\/strong>\u25cf <strong>Dr. B\u00e1nosi Gy\u00f6rgy <\/strong>\u25cf <strong>Dr. Boda B\u00e9l\u00e1n\u00e9 <\/strong>\u25cf<strong>Dr. B\u00f3dorn\u00e9 Koos\u00e1n Ildik\u00f3 <\/strong>\u25cf <strong>Dr. Boros Edit <\/strong>\u25cf <strong>Dr. Botlik J\u00f3zsef <\/strong>\u25cf<strong>Dr. K\u00f3tyuk Erzs\u00e9bet <\/strong>\u25cf <strong>Dr. M. Tak\u00e1cs Lajos <\/strong>\u25cf <strong>Dr. Nagy Katalin <\/strong>\u25cf<strong>Dr. \u00d3dor Ferenc <\/strong>\u25cf <strong>Dr. S\u00e1rk\u00e1nyn\u00e9 Bogn\u00e1r Papp Ir\u00e9n <\/strong>\u25cf <strong>Dr. Szab\u00f3 P\u00e1l <\/strong>\u25cf <strong>Dupka Gy\u00f6rgy <\/strong>\u25cf <strong>Dr. V\u00e9csei Rita Andrea <\/strong>\u25cf <strong>Egyed Emese <\/strong>\u25cf <strong>Falusi M\u00e1rton <\/strong>\u25cf <strong>Fecske Csaba <\/strong>\u25cf <strong>Feh\u00e9r J\u00f3zsef <\/strong>\u25cf<strong>Ferdinandy Gy\u00f6rgy <\/strong>\u25cf <strong>F\u00fczi L\u00e1szl\u00f3 <\/strong>\u25cf <strong>G\u00e1l Hal\u00e1sz Anna, G\u00e1lfalvi Gy\u00f6rgy, G\u00e1sp\u00e1r Ferenc, G\u00e1sp\u00e1r Gy\u00f6rgy, Gerliczki Andr\u00e1s, Gladkykh Nadiya, G\u00f6d\u00f6rh\u00e1zi G\u00e1bor, G\u00f6ncz L\u00e1szl\u00f3, G\u00f6r\u00f6mbei Andr\u00e1s, Gy\u00f6rgyei G\u00e9za, Gy\u00f6rffi R\u00e9ka, H. K\u00fchne Katalin <\/strong>\u25cf<strong>Habony G\u00e1bor <\/strong>\u25cf <strong>Hal\u00e1sz \u00c1gnes <\/strong>\u25cf <strong>Halmosi S\u00e1ndor <\/strong>\u25cf <strong>Han\u00e1csek Zsuzsanna <\/strong>\u25cf <strong>Han\u00e1k Adrienn <\/strong>\u25cf <strong>Harmati Tibor <\/strong>\u25cf <strong>Harmati Tiborn\u00e9 <\/strong>\u25cf <strong>Heged\u0171s M\u00e1ria <\/strong>\u25cf <strong>Het\u00e9nyi Gy\u00f6rgy <\/strong>\u25cf <strong>Horv\u00e1th Ferenc <\/strong>\u25cf<strong>Horv\u00e1th B\u00e9la <\/strong>\u25cf <strong>Iancu Laura <\/strong>\u25cf <strong>Ircsik Vilmos <\/strong>\u25cf <strong>Izs\u00f3 Zita <\/strong>\u25cf <strong>Jenei L\u00e1szl\u00f3 <\/strong>\u25cf <strong>J\u00f3kai Anna <\/strong>\u25cf <strong>Kaiser L\u00e1szl\u00f3 <\/strong>\u25cf <strong>Kal\u00e1sz M\u00e1rton <\/strong>\u25cf <strong>Kany\u00e1r Erika M\u00e1ria <\/strong>\u25cf <strong>K\u00e1rp\u00e1tin\u00e9 Kov\u00e1cs Edit <\/strong>\u25cf <strong>Kelemen Erzs\u00e9bet <\/strong>\u25cf<strong>Kelemen L\u00e1szl\u00f3 <\/strong>\u25cf <strong>Kelemen G\u00e1bor <\/strong>\u25cf <strong>Kir\u00e1ly Judit <\/strong>\u25cf <strong>Kis P\u00e1l Istv\u00e1n <\/strong>\u25cf <strong>Kocsis No\u00e9mi <\/strong>\u25cf <strong>Kolcs\u00e1r Ir\u00e9n <\/strong>\u25cf <strong>Konczek J\u00f3zsef <\/strong>\u25cf<strong>Korpa Tam\u00e1s <\/strong>\u25cf <strong>K\u00f3sa S\u00e1ndor <\/strong>\u25cf <strong>Kov\u00e1ts D\u00e1niel <\/strong>\u25cf <strong>Kozma M\u00e1ria <\/strong>\u25cf<strong>K\u00f6d\u00f6b\u00f6cz Kupcsik Ildik\u00f3 <\/strong>\u25cf <strong>L. Simon L\u00e1szl\u00f3 <\/strong>\u25cf <strong>Lad\u00e1nyi J\u00f3zsef <\/strong>\u25cf<strong>L\u00e1rai Eszter <\/strong>\u25cf <strong>Lipcsei M\u00e1rta <\/strong>\u25cf <strong>M. Kov\u00e1cs Ilona <\/strong>\u25cf <strong>Maczk\u00f3 Edit <\/strong>\u25cf<strong>Mad\u00e1r J\u00e1nos <\/strong>\u25cf <strong>Magyar Ari <\/strong>\u25cf <strong>M\u00e1jer J\u00e1nos <\/strong>\u25cf <strong>Marczinka Csaba <\/strong>\u25cf<strong>Mar\u00f3ti Istv\u00e1n <\/strong>\u25cf <strong>M\u00e1tyus Aliz <\/strong>\u25cf <strong>Mer\u00e9nyi Kriszti\u00e1n <\/strong>\u25cf <strong>Meleg Vilmos<\/strong>\u25cf <strong>M\u00e9sz\u00e1ros S\u00e1ndor <\/strong>\u25cf <strong>M\u00e9sz\u00e1ros Urb\u00e1n <\/strong>\u25cf <strong>M\u00f3csai Gergely <\/strong>\u25cf<strong>Szab\u00f3 G\u00e1bor <\/strong>\u25cf <strong>Mezey Katalin <\/strong>\u25cf <strong>Mizser Attila <\/strong>\u25cf <strong>Muzsnay \u00c1rp\u00e1d<\/strong>\u25cf <strong>Nagy Csilla <\/strong>\u25cf <strong>Nagy G\u00e1bor <\/strong>\u25cf <strong>Nagy Kov\u00e1cs Zs\u00f3fia <\/strong>\u25cf <strong>Nagy Levente <\/strong>\u25cf <strong>Nagy Zsuka <\/strong>\u25cf <strong>Ny\u00e9ki J\u00f3zsef <\/strong>\u25cf <strong>Nyilas Attila <\/strong>\u25cf <strong>Ol\u00e1h Andr\u00e1s <\/strong>\u25cf <strong>Ol\u00e1h J\u00e1nos <\/strong>\u25cf <strong>Ol\u00e1h Katalin <\/strong>\u25cf <strong>Ol\u00e1h Petra <\/strong>\u25cf <strong>Onder Csaba, P. B\u00edr\u00f3 Katalin, Papp P\u00e9tern\u00e9, Paizs Anna M\u00e1ria, Paizs Tibor, Pal\u00e1gyi Ildik\u00f3 Brigitta, P\u00e1lfi \u00c1gnes, Papp Endre, Papp Tibor, P\u00e1sty J\u00falia, Pataki Istv\u00e1n, Payer Imre, P\u00e9csi Gy\u00f6rgyi <\/strong>\u25cf<strong>P\u00e9lin\u00e9 Dr. B\u00e1n \u00c9va <\/strong>\u25cf <strong>P\u00e9ter Istv\u00e1nn\u00e9 <\/strong>\u25cf <strong>Pint\u00e9r Istv\u00e1n <\/strong>\u25cf <strong>Pint\u00e9r L\u00e1szl\u00f3 <\/strong>\u25cf <strong>Pomog\u00e1ts B\u00e9la <\/strong>\u25cf <strong>P\u00f3sa Zolt\u00e1n <\/strong>\u25cf <strong>Prill Zsuzsanna <\/strong>\u25cf <strong>R\u00e9ti J\u00f3zsef <\/strong>\u25cf <strong>Rim\u00f3czi L\u00e1szl\u00f3 <\/strong>\u25cf <strong>Rutkai Bori <\/strong>\u25cf <strong>S\u00e1ray L\u00e1szl\u00f3 <\/strong>\u25cf <strong>S\u00e1rk\u00f6zi \u00c9va <\/strong>\u25cf <strong>Sarusi Mih\u00e1ly <\/strong>\u25cf <strong>Serf\u0151z\u0151 Simon <\/strong>\u25cf <strong>Somogyi Aranka <\/strong>\u25cf<strong>Specko Jedno <\/strong>\u25cf <strong>Standov\u00e1r \u00c1gota <\/strong>\u25cf <strong>Subert Tibor <\/strong>\u25cf <strong>Sturm L\u00e1szl\u00f3 <\/strong>\u25cf <strong>Sutarski Konr\u00e1d <\/strong>\u25cf <strong>S\u00fct\u0151 Csaba Andr\u00e1s <\/strong>\u25cf <strong>Szab\u00f3 Bog\u00e1r Imre\u00a0 <\/strong>\u25cf <strong>Szab\u00f3 Tibor Benjamin <\/strong>\u25cf <strong>Szab\u00f3 Zsolt <\/strong>\u25cf <strong>Szakolczay Lajos <\/strong>\u25cf <strong>Szalai Zsolt <\/strong>\u25cf <strong>Szalain\u00e9 Fenyvesi Erzs\u00e9bet <\/strong>\u25cf <strong>Szappanos G\u00e1bor <\/strong>\u25cf <strong>Sz\u00e9kelyhidi \u00c1goston <\/strong>\u25cf <strong>Sz\u00e9kelyhidi Zsolt <\/strong>\u25cf <strong>Sz\u00e9ll Zs\u00f3fia<\/strong>\u25cf <strong>Szenti Ern\u0151 <\/strong>\u25cf <strong>Szentm\u00e1rtoni J\u00e1nos <\/strong>\u25cf <strong>Szigeti Csaba <\/strong>\u25cf <strong>Szigeti Lajos <\/strong>\u25cf <strong>Szondi Gy\u00f6rgy <\/strong>\u25cf <strong>Sz\u0151cs G\u00e9za <\/strong>\u25cf <strong>Szurmain\u00e9 Silk\u00f3 M\u00e1ria <\/strong>\u25cf<strong>Tall\u00e9r Edina <\/strong>\u25cf <strong>Tari Istv\u00e1n <\/strong>\u25cf <strong>T\u00f3th D\u00e1niel <\/strong>\u25cf <strong>T\u00f3falvi Zolt\u00e1n <\/strong>\u25cf <strong>T\u00f3th J\u00f3zsef\u00a0 <\/strong>\u25cf <strong>Tur\u00e1nyi Tam\u00e1s <\/strong>\u25cf <strong>Turczi Istv\u00e1n <\/strong>\u25cf <strong>Turcs\u00e1ny P\u00e9ter <\/strong>\u25cf <strong>V. Gilbert Edit <\/strong>\u25cf <strong>Vajda Zolt\u00e1n <\/strong>\u25cf <strong>V\u00e1ri F\u00e1bi\u00e1n L\u00e1szl\u00f3 <\/strong>\u25cf <strong>Vass N\u00f3ra <\/strong>\u25cf<strong>Vass Levente <\/strong>\u25cf <strong>Vass Tibor <\/strong>\u25cf <strong>Vasy G\u00e9za <\/strong>\u25cf <strong>Vathy Zsuzsa <\/strong>\u25cf <strong>V\u00e9gh Attila<\/strong> \u25cf <strong>\u00a0 Vermesn\u00e9 K\u00e9ri Piroska <\/strong>\u25cf <strong>Vet\u00e9si L\u00e1szl\u00f3 <\/strong>\u25cf <strong>Vofkori M\u00e1ria <\/strong>\u25cf <strong>Weiner Sennyey Tibor <\/strong>\u25cf <strong>Wutka Tam\u00e1s <\/strong>\u25cf <strong>Zeml\u00e9nyi Attila <\/strong>\u25cf <strong>Zlid\u00e1k Anita <\/strong>\u25cf <strong>Zub\u00e1nics L\u00e1szl\u00f3 <\/strong>\u25cf<\/p>\n","protected":false},"excerpt":{"rendered":"<p>\u25cf Acz\u00e9l G\u00e9za \u25cf \u00c1cs Margit \u25cf Alexa Bertalan \u25cf Alf\u00f6ldy Jen\u0151 \u25cfAnga M\u00e1ria \u25cf Antal Bal\u00e1zs \u25cf Antall Istv\u00e1n \u25cf Ayhan G\u00f6khan \u25cfB\u00e1ger Guszt\u00e1v \u25cf Bakacsi Ern\u0151 \u25cf B\u00e1lint Tiborn\u00e9 \u25cf Balogh Endre\u00a0\u25cf Barab\u00e1s Zolt\u00e1n \u25cf Baranyai Szilvia \u25cf&#8230;<\/p>\n","protected":false},"author":1,"featured_media":0,"comment_status":"closed","ping_status":"closed","sticky":false,"template":"","format":"standard","meta":{"footnotes":""},"categories":[105],"tags":[96],"class_list":["post-4020","post","type-post","status-publish","format-standard","hentry","category-archivum","tag-irotabor"],"_links":{"self":[{"href":"https:\/\/tokajiirotabor.hu\/irotabor_archiv\/wp-json\/wp\/v2\/posts\/4020"}],"collection":[{"href":"https:\/\/tokajiirotabor.hu\/irotabor_archiv\/wp-json\/wp\/v2\/posts"}],"about":[{"href":"https:\/\/tokajiirotabor.hu\/irotabor_archiv\/wp-json\/wp\/v2\/types\/post"}],"author":[{"embeddable":true,"href":"https:\/\/tokajiirotabor.hu\/irotabor_archiv\/wp-json\/wp\/v2\/users\/1"}],"replies":[{"embeddable":true,"href":"https:\/\/tokajiirotabor.hu\/irotabor_archiv\/wp-json\/wp\/v2\/comments?post=4020"}],"version-history":[{"count":1,"href":"https:\/\/tokajiirotabor.hu\/irotabor_archiv\/wp-json\/wp\/v2\/posts\/4020\/revisions"}],"predecessor-version":[{"id":4021,"href":"https:\/\/tokajiirotabor.hu\/irotabor_archiv\/wp-json\/wp\/v2\/posts\/4020\/revisions\/4021"}],"wp:attachment":[{"href":"https:\/\/tokajiirotabor.hu\/irotabor_archiv\/wp-json\/wp\/v2\/media?parent=4020"}],"wp:term":[{"taxonomy":"category","embeddable":true,"href":"https:\/\/tokajiirotabor.hu\/irotabor_archiv\/wp-json\/wp\/v2\/categories?post=4020"},{"taxonomy":"post_tag","embeddable":true,"href":"https:\/\/tokajiirotabor.hu\/irotabor_archiv\/wp-json\/wp\/v2\/tags?post=4020"}],"curies":[{"name":"wp","href":"https:\/\/api.w.org\/{rel}","templated":true}]}}