{"id":4018,"date":"2010-10-22T13:19:23","date_gmt":"2010-10-22T12:19:23","guid":{"rendered":"http:\/\/www.tokajiirotabor.hu\/?p=4018"},"modified":"2016-06-22T13:20:46","modified_gmt":"2016-06-22T12:20:46","slug":"dij-a-tokaji-irotabor-egyesuletnek","status":"publish","type":"post","link":"https:\/\/tokajiirotabor.hu\/irotabor_archiv\/dij-a-tokaji-irotabor-egyesuletnek\/","title":{"rendered":"D\u00cdJ A TOKAJI \u00cdR\u00d3T\u00c1BOR EGYES\u00dcLETNEK!"},"content":{"rendered":"<p>Egyes\u00fclet\u00fcnk Pro Comitatu D\u00edjban r\u00e9szes\u00fclt nemzeti \u00fcnnep\u00fcnk alkalm\u00e1b\u00f3l!<\/p>\n<p><a id=\"tovabb\" name=\"tovabb\"><\/a><\/p>\n<p>&nbsp;<\/p>\n<p align=\"center\"><strong>\u00dcnnepi \u00fcl\u00e9ssel tisztelegtek a Megyeh\u00e1z\u00e1n nemzeti \u00fcnnep\u00fcnk, az 1956-os forradalom \u00e9s szabads\u00e1gharc eml\u00e9ke el\u0151tt 2010. okt\u00f3ber 22-\u00e9n. A megeml\u00e9kez\u00e9st k\u00f6vet\u0151en<\/strong><\/p>\n<p align=\"center\"><strong>dr. \u00d3dor Ferenc \u00e1tadta a Megyei K\u00f6zgy\u0171l\u00e9s kit\u00fcntet\u00e9seit.<\/strong><\/p>\n<p align=\"center\">Borsod-Aba\u00faj-Zempl\u00e9n megye legmagasabb elismer\u00e9s\u00e9t, a <strong>Pro Comitatu d\u00edjat<\/strong> kapta szervezeti kateg\u00f3ri\u00e1ban a <strong>Tokaji \u00cdr\u00f3t\u00e1bor Egyes\u00fclet<\/strong>.<\/p>\n<p align=\"center\">\n<p align=\"center\">Laud\u00e1ci\u00f3:<\/p>\n<p align=\"center\">\u201e<strong>A Tokaji \u00cdr\u00f3t\u00e1bor <\/strong>1972 \u00f3ta fokozatosan a magyar irodalmi \u00e9let egyik legfontosabb rendezv\u00e9ny\u00e9v\u00e9 v\u00e1lt. A kezdeti ny\u00e1ri tal\u00e1lkoz\u00f3k ut\u00e1n k\u00e9s\u0151bb a magyar \u00edr\u00f3k civil t\u00e1rsadalmi f\u00f3rumak\u00e9nt m\u0171k\u00f6d\u00f6tt. 1989 el\u0151tt az \u00e9rtelmis\u00e9gi gondolkod\u00e1s egyik fontos, a region\u00e1lis kereteken is t\u00falmutat\u00f3 int\u00e9zm\u00e9nye volt. Tan\u00e1cskoz\u00e1sain az irodalom, a k\u00f6z\u00e9let legfontosabb k\u00e9rd\u00e9seit vitatt\u00e1k meg. Az \u00edr\u00f3t\u00e1bor 1990-t\u0151l egyes\u00fcletk\u00e9nt m\u0171k\u00f6dik. Az \u00e9vek sor\u00e1n a tokaji \u00edr\u00f3t\u00e1bor nemzetk\u00f6zi jelleget kapott. 2010-ben els\u0151 alkalommal m\u00e1r valamennyi el\u0151ad\u00f3 hat\u00e1ron t\u00falr\u00f3l \u00e9rkezett. 1990 \u00e9s 2010 k\u00f6z\u00f6tt t\u00f6bb ezren fordultak meg az \u00edr\u00f3t\u00e1borban. A szervezet nyilv\u00e1noss\u00e1g\u00e1t szolg\u00e1lja az eddig megjelent 19 \u00e9vk\u00f6nyv, k\u00fcl\u00f6nb\u00f6z\u0151 kiadv\u00e1nyok \u00e9s elemz\u00e9sek. Az egyes\u00fclet j\u00f3 egy\u00fcttm\u0171k\u00f6d\u00e9st alak\u00edtott ki a tokaji, a megyei \u00e9s az orsz\u00e1gos int\u00e9zm\u00e9nyekkel. A Tokaji \u00cdr\u00f3t\u00e1bor Egyes\u00fclet c\u00e9lja az \u00edr\u00f3t\u00e1bort m\u00e9g hat\u00e9konyabban m\u0171k\u00f6dtetni a t\u00e9rs\u00e9g m\u00e1s m\u0171v\u00e9szeti nagyrendezv\u00e9nyeivel \u00f6sszhangban. A tokaji irodalmi \u00fat fokozatos kiterjeszt\u00e9s\u00e9vel pedig kapcsolatokat kialak\u00edtani \u00e9s \u00e1polni Szlov\u00e1kia, Ukrajna \u00e9s Rom\u00e1nia hat\u00e1ros megy\u00e9ivel.<\/p>\n<p align=\"center\"><strong>A Borsod-Aba\u00faj-Zempl\u00e9n Megyei K\u00f6zgy\u0171l\u00e9s a Tokaji \u00cdr\u00f3t\u00e1bor Egyes\u00fcletet megy\u00e9nkben kifejtett t\u00f6bb \u00e9vtizedes irodalmi tev\u00e9kenys\u00e9ge elismer\u00e9s\u00e9\u00fcl Pro Comitatu D\u00edjban r\u00e9szes\u00edti.\u201d<\/strong><\/p>\n<p align=\"center\">\n<p align=\"center\">A kit\u00fcntet\u00e9st Szentm\u00e1rtoni J\u00e1nos k\u00f6lt\u0151, szerkeszt\u0151, a Tokaji \u00cdr\u00f3t\u00e1bor kur\u00e1tora vette \u00e1t.\u00a0(Fot\u00f3: Kulcs Magazin)<\/p>\n<p align=\"center\">\n<p align=\"center\"><strong>Mezey Katalin<\/strong>: \u201eA Tokaji \u00cdr\u00f3t\u00e1bor csaknem 40 \u00e9ves m\u0171k\u00f6d\u00e9s\u00e9nek \u00e9rt\u00e9keit ismert\u00e9k el az adom\u00e1nyoz\u00f3k. A rendszerv\u00e1ltoz\u00e1s \u00f3ta egyes\u00fcleti form\u00e1ban m\u0171k\u00f6d\u0151 \u00edr\u00f3t\u00e1bor a magyar irodalom egyetemes \u00e9rt\u00e9keit hivatott felmutatni, ez\u00e9rt is terjesztette ki tev\u00e9kenys\u00e9g\u00e9t az eg\u00e9sz K\u00e1rp\u00e1t-medenc\u00e9re. Az \u00edr\u00f3t\u00e1bor kezdett\u0151l a magyar irodalom \u00e9s a magyar t\u00e1rsadalom jelen\u00e9nek, a magyars\u00e1g l\u00e9tk\u00e9rd\u00e9seinek irodalmi felt\u00e1r\u00e1s\u00e1t, megvitat\u00e1s\u00e1t t\u0171zte ki c\u00e9lul. M\u0171k\u00f6d\u00e9se r\u00e9v\u00e9n imm\u00e1r t\u00f6bb ezer magyar \u00e9s k\u00fclf\u00f6ldi \u00edr\u00f3 l\u00e1togatott el Tokajba, Hegyalj\u00e1ra, \u00e9s vett r\u00e9szt a helyi k\u00f6z\u00f6ns\u00e9g sz\u00e1m\u00e1ra is nyitott, a megye kultur\u00e1lis rendezv\u00e9nyeihez is kapcsol\u00f3d\u00f3 programokon, ezzel is \u00f6regb\u00edtve a t\u00e1jegys\u00e9g h\u00edrnev\u00e9t. \u00dagy \u00e9rzem, hogy t\u00f6rekv\u00e9seinket \u00e9s eredm\u00e9nyeinket igazolta vissza a nemzeti \u00fcnnep\u00fcnk\u00f6n, az emelkedett hangulat\u00fa rendezv\u00e9nyen \u00e1tadott d\u00edj. K\u00f6sz\u00f6nj\u00fck\u201d \u2013 nyilatkozta a Tokaji \u00cdr\u00f3t\u00e1bor Kurat\u00f3rium\u00e1nak eln\u00f6ke a Kulcs Magazinnak.<\/p>\n","protected":false},"excerpt":{"rendered":"<p>Egyes\u00fclet\u00fcnk Pro Comitatu D\u00edjban r\u00e9szes\u00fclt nemzeti \u00fcnnep\u00fcnk alkalm\u00e1b\u00f3l! &nbsp; \u00dcnnepi \u00fcl\u00e9ssel tisztelegtek a Megyeh\u00e1z\u00e1n nemzeti \u00fcnnep\u00fcnk, az 1956-os forradalom \u00e9s szabads\u00e1gharc eml\u00e9ke el\u0151tt 2010. okt\u00f3ber 22-\u00e9n. A megeml\u00e9kez\u00e9st k\u00f6vet\u0151en dr. \u00d3dor Ferenc \u00e1tadta a Megyei K\u00f6zgy\u0171l\u00e9s kit\u00fcntet\u00e9seit. Borsod-Aba\u00faj-Zempl\u00e9n megye legmagasabb&#8230;<\/p>\n","protected":false},"author":1,"featured_media":0,"comment_status":"closed","ping_status":"closed","sticky":false,"template":"","format":"standard","meta":{"footnotes":""},"categories":[1],"tags":[],"class_list":["post-4018","post","type-post","status-publish","format-standard","hentry","category-hirek"],"_links":{"self":[{"href":"https:\/\/tokajiirotabor.hu\/irotabor_archiv\/wp-json\/wp\/v2\/posts\/4018"}],"collection":[{"href":"https:\/\/tokajiirotabor.hu\/irotabor_archiv\/wp-json\/wp\/v2\/posts"}],"about":[{"href":"https:\/\/tokajiirotabor.hu\/irotabor_archiv\/wp-json\/wp\/v2\/types\/post"}],"author":[{"embeddable":true,"href":"https:\/\/tokajiirotabor.hu\/irotabor_archiv\/wp-json\/wp\/v2\/users\/1"}],"replies":[{"embeddable":true,"href":"https:\/\/tokajiirotabor.hu\/irotabor_archiv\/wp-json\/wp\/v2\/comments?post=4018"}],"version-history":[{"count":1,"href":"https:\/\/tokajiirotabor.hu\/irotabor_archiv\/wp-json\/wp\/v2\/posts\/4018\/revisions"}],"predecessor-version":[{"id":4019,"href":"https:\/\/tokajiirotabor.hu\/irotabor_archiv\/wp-json\/wp\/v2\/posts\/4018\/revisions\/4019"}],"wp:attachment":[{"href":"https:\/\/tokajiirotabor.hu\/irotabor_archiv\/wp-json\/wp\/v2\/media?parent=4018"}],"wp:term":[{"taxonomy":"category","embeddable":true,"href":"https:\/\/tokajiirotabor.hu\/irotabor_archiv\/wp-json\/wp\/v2\/categories?post=4018"},{"taxonomy":"post_tag","embeddable":true,"href":"https:\/\/tokajiirotabor.hu\/irotabor_archiv\/wp-json\/wp\/v2\/tags?post=4018"}],"curies":[{"name":"wp","href":"https:\/\/api.w.org\/{rel}","templated":true}]}}