{"id":4012,"date":"2010-11-29T13:13:37","date_gmt":"2010-11-29T12:13:37","guid":{"rendered":"http:\/\/www.tokajiirotabor.hu\/?p=4012"},"modified":"2016-06-22T13:18:12","modified_gmt":"2016-06-22T12:18:12","slug":"elhunyt-szekelyhidi-agoston","status":"publish","type":"post","link":"https:\/\/tokajiirotabor.hu\/irotabor_archiv\/elhunyt-szekelyhidi-agoston\/","title":{"rendered":"ELHUNYT SZ\u00c9KELYHIDI \u00c1GOSTON"},"content":{"rendered":"<p style=\"text-align: justify;\">A Magyar \u00cdr\u00f3sz\u00f6vets\u00e9g \u00e9s a Tokaji \u00cdr\u00f3t\u00e1bor Kurat\u00f3riuma m\u00e9ly f\u00e1jdalommal tudatja, hogy elhunyt<\/p>\n<p style=\"text-align: justify;\"><strong>SZ\u00c9KELYHIDI \u00c1GOSTON<\/strong><br \/>\n\u00edr\u00f3, irodalomt\u00f6rt\u00e9n\u00e9sz<\/p>\n<p style=\"text-align: justify;\">\u00a0Sz\u00e9kelyhidi \u00c1goston 1935-ban sz\u00fcletett, 1956. okt\u00f3ber 23-\u00e1n Debrecenben \u0151 olvasta fel az egyetemist\u00e1k 20 pontos k\u00f6vetel\u00e9s\u00e9t. Tagja volt a helyi forradalmi bizottm\u00e1nynak, ami\u00e9rt 1957-ben beb\u00f6rt\u00f6n\u00f6zt\u00e9k. Az MDF alap\u00edt\u00f3 tagja volt, az Antall-korm\u00e1ny idej\u00e9n a p\u00e1rt orsz\u00e1gos v\u00e1lasztm\u00e1ny\u00e1t vezette. <em>V\u00e9g\u00edt\u00e9let<\/em> c\u00edmmel sz\u00edndarabot \u00edrt a rendszerv\u00e1lt\u00e1s 20. \u00e9vfordul\u00f3j\u00e1ra, amit m\u00falt \u00e9v november\u00e9ben egym\u00e1st k\u00f6vet\u0151 napon mutattak be Debrecenben \u00e9s Nagyv\u00e1radon.<\/p>\n<hr \/>\n<p style=\"text-align: justify;\">Temet\u00e9s\u00e9t k\u00f6vet\u0151en S\u00e1ray L\u00e1szl\u00f3 mondott m\u00e9ltat\u00f3 besz\u00e9det a Hajd\u00fab\u00f6sz\u00f6rm\u00e9nyi R\u00f3mai Katolikus templomban. Egyes\u00fclet\u00fcnk\u00a0<a href=\"http:\/\/www.tokajiirotabor.hu\/mezey-katalin-nekrolog\/\">Mezey Katalin<\/a> \u00e9s <a href=\"http:\/\/www.tokajiirotabor.hu\/antal-istvan-a-szellemi-elet-szegenylegenye\/\">Antal Istv\u00e1n<\/a> nekrol\u00f3gj\u00e1val b\u00facs\u00fazik T\u0151le.<\/p>\n","protected":false},"excerpt":{"rendered":"<p>A Magyar \u00cdr\u00f3sz\u00f6vets\u00e9g \u00e9s a Tokaji \u00cdr\u00f3t\u00e1bor Kurat\u00f3riuma m\u00e9ly f\u00e1jdalommal tudatja, hogy elhunyt SZ\u00c9KELYHIDI \u00c1GOSTON \u00edr\u00f3, irodalomt\u00f6rt\u00e9n\u00e9sz \u00a0Sz\u00e9kelyhidi \u00c1goston 1935-ban sz\u00fcletett, 1956. okt\u00f3ber 23-\u00e1n Debrecenben \u0151 olvasta fel az egyetemist\u00e1k 20 pontos k\u00f6vetel\u00e9s\u00e9t. Tagja volt a helyi forradalmi bizottm\u00e1nynak, ami\u00e9rt&#8230;<\/p>\n","protected":false},"author":1,"featured_media":0,"comment_status":"closed","ping_status":"closed","sticky":false,"template":"","format":"standard","meta":{"footnotes":""},"categories":[1],"tags":[],"class_list":["post-4012","post","type-post","status-publish","format-standard","hentry","category-hirek"],"_links":{"self":[{"href":"https:\/\/tokajiirotabor.hu\/irotabor_archiv\/wp-json\/wp\/v2\/posts\/4012"}],"collection":[{"href":"https:\/\/tokajiirotabor.hu\/irotabor_archiv\/wp-json\/wp\/v2\/posts"}],"about":[{"href":"https:\/\/tokajiirotabor.hu\/irotabor_archiv\/wp-json\/wp\/v2\/types\/post"}],"author":[{"embeddable":true,"href":"https:\/\/tokajiirotabor.hu\/irotabor_archiv\/wp-json\/wp\/v2\/users\/1"}],"replies":[{"embeddable":true,"href":"https:\/\/tokajiirotabor.hu\/irotabor_archiv\/wp-json\/wp\/v2\/comments?post=4012"}],"version-history":[{"count":1,"href":"https:\/\/tokajiirotabor.hu\/irotabor_archiv\/wp-json\/wp\/v2\/posts\/4012\/revisions"}],"predecessor-version":[{"id":4017,"href":"https:\/\/tokajiirotabor.hu\/irotabor_archiv\/wp-json\/wp\/v2\/posts\/4012\/revisions\/4017"}],"wp:attachment":[{"href":"https:\/\/tokajiirotabor.hu\/irotabor_archiv\/wp-json\/wp\/v2\/media?parent=4012"}],"wp:term":[{"taxonomy":"category","embeddable":true,"href":"https:\/\/tokajiirotabor.hu\/irotabor_archiv\/wp-json\/wp\/v2\/categories?post=4012"},{"taxonomy":"post_tag","embeddable":true,"href":"https:\/\/tokajiirotabor.hu\/irotabor_archiv\/wp-json\/wp\/v2\/tags?post=4012"}],"curies":[{"name":"wp","href":"https:\/\/api.w.org\/{rel}","templated":true}]}}