{"id":4008,"date":"2011-07-12T13:08:51","date_gmt":"2011-07-12T12:08:51","guid":{"rendered":"http:\/\/www.tokajiirotabor.hu\/?p=4008"},"modified":"2016-06-22T13:11:02","modified_gmt":"2016-06-22T12:11:02","slug":"a-magyar-irodalom-elete-es-allapota","status":"publish","type":"post","link":"https:\/\/tokajiirotabor.hu\/irotabor_archiv\/a-magyar-irodalom-elete-es-allapota\/","title":{"rendered":"A MAGYAR IRODALOM \u00c9LETE \u00c9S \u00c1LLAPOTA"},"content":{"rendered":"<p align=\"center\"><strong><em>39. Tokaji \u00cdr\u00f3t\u00e1bor<\/em><\/strong><\/p>\n<p>&nbsp;<\/p>\n<p style=\"text-align: justify;\">Irodalmunk t\u00e1rsadalmi jelenl\u00e9t\u00e9nek, \u00e9rdemi gyarapod\u00e1s\u00e1nak felt\u00e9telei \u2013 mint az \u00e9rt\u00e9kek \u00e1t\u00f6r\u00f6k\u00edt\u00e9s\u00e9nek, vagy mag\u00e1nak a mindenkori alkot\u00f3munk\u00e1nak a felt\u00e9telei \u2013 nem magukt\u00f3l, m\u00e9g csak nem is a piac t\u00f6rv\u00e9nyeinek engedelmeskedve j\u00f6nnek l\u00e9tre. Ezek a felt\u00e9telek korr\u00f3l korra v\u00e1ltoznak, \u00e9s a legjobb esetben is alighogy kiharcolj\u00e1k, megteremtik \u0151ket az irodalmi \u00e9let szerepl\u0151i, alkot\u00f3k \u00e9s olvas\u00f3k, valamint az anyanyelvi kult\u00fara felvir\u00e1gz\u00e1s\u00e1\u00e9rt felel\u0151s politikusok, az id\u0151 m\u00e1ris sz\u00e9tfesz\u00edtheti vagy \u00e9ppen meghaladhatja a kor\u00e1bban optim\u00e1lisnak tartott kereteket. \u00c9s kezd\u0151dhet el\u00f6lr\u0151l, vagy ink\u00e1bb folytat\u00f3dhat a meg\u00e1llapodotts\u00e1got nem t\u0171r\u0151 \u00e9s nem ismer\u0151 egy\u00fcttgondolkod\u00e1s: az \u00e9rt\u00e9kek megsz\u00fclet\u00e9s\u00e9t \u00e9s t\u00e1rsadalmi befogad\u00e1s\u00e1t el\u0151seg\u00edt\u0151 munka.<\/p>\n<p style=\"text-align: justify;\"><a id=\"tovabb\" name=\"tovabb\"><\/a><\/p>\n<p style=\"text-align: justify;\">A folyamatos \u00e9s jelent\u0151s v\u00e1ltoz\u00e1sok k\u00e9sztetik a 39. Tokaji \u00cdr\u00f3t\u00e1bor Kurat\u00f3rium\u00e1t arra, hogy 2011-ben az anyanyelvi kult\u00far\u00e1nkat, benne a klasszikus \u00e9s kort\u00e1rs magyar irodalom \u00e9rt\u00e9keit \u00e9r\u0151 kih\u00edv\u00e1sokr\u00f3l szervezzen tan\u00e1cskoz\u00e1st. \u00d6szt\u00f6n\u00f6zze az elm\u00falt \u00e9vtizedben bek\u00f6vetkezett t\u00e1rsadalmi (eur\u00f3pai integr\u00e1ci\u00f3s \u00e9s globaliz\u00e1ci\u00f3s) v\u00e1ltoz\u00e1sok, a felgyorsult technikai fejl\u0151d\u00e9s \u00e9s a gazdas\u00e1gi v\u00e1ls\u00e1g k\u00e1ros hat\u00e1sait kiv\u00e9deni k\u00e9pes kultur\u00e1lis strat\u00e9gia, a magyar irodalom \u00e9let\u00e9t biztos\u00edtani tud\u00f3 felt\u00e9telrendszer megalkot\u00e1s\u00e1t.<\/p>\n<p style=\"text-align: justify;\">Ebben nyilv\u00e1nval\u00f3an fontos szerep kell, hogy jusson mind az \u00e1llam, mind az irodalmi \u00e9let int\u00e9zm\u00e9nyeinek. Az \u00edr\u00f3i alkot\u00f3 munk\u00e1nak, az \u00faj m\u0171vek megjelen\u00e9s\u00e9nek \u00e9s terjeszt\u00e9s\u00e9nek felt\u00e9teleit, az irodalomt\u00f6rt\u00e9neti-, irodalomtudom\u00e1nyos kutat\u00e1sok kereteit, a min\u0151s\u00e9gi k\u00f6zgy\u0171jtem\u00e9nyek (k\u00f6nyvt\u00e1rak, eml\u00e9khelyek) m\u0171k\u00f6d\u00e9s\u00e9t, az ezekhez sz\u00fcks\u00e9ges k\u00f6lts\u00e9gvet\u00e9si forr\u00e1sokat, t\u00e1mogat\u00e1sokat a mindenkori korm\u00e1nyzat kell, hogy biztos\u00edtsa.<\/p>\n<p style=\"text-align: justify;\">Ennek a felt\u00e9telrendszernek a kimunk\u00e1l\u00e1s\u00e1ban \u00e9s az \u00edr\u00f3k \u00e9rt\u00e9k- \u00e9s \u00e9rdekk\u00e9pviselet\u00e9ben igen jelent\u0151s az \u00edr\u00f3szervezetek szerepe \u00e9s felel\u0151ss\u00e9ge.<\/p>\n<p style=\"text-align: justify;\">J\u00f3 k\u00e9tsz\u00e1z \u00e9ve kiemelked\u0151 szerep jut a magyar foly\u00f3irat-, \u00e9s a k\u00f6nyvkiad\u00e1snak is: a megsz\u00fclet\u0151, \u00faj m\u0171vek h\u00edr\u00e9t hozza-viszi, \u00e9s teszi lehet\u0151v\u00e9 az \u00fajabb \u00e9s \u00fajabb alkot\u00f3k \u00e9s alkot\u00e1sok bemutatkoz\u00e1s\u00e1t. Az ut\u00f3bbi \u00e9vtizedekben n\u0151 a csak vil\u00e1gh\u00e1l\u00f3n jelentkez\u0151 irodalmi f\u00f3rumok sz\u00e1ma \u00e9s jelent\u0151s\u00e9ge, \u00e9s a digit\u00e1lis adatt\u00e1rol\u00f3 eszk\u00f6z\u00f6k szerepe is. De az \u00e9rt\u00e9kk\u00f6zvet\u00edt\u00e9s a m\u00e9diumok,\u00a0els\u0151sorban, &#8211; ha nem is kiz\u00e1r\u00f3lagosan &#8211; a k\u00f6zszolg\u00e1lati r\u00e1di\u00f3k \u00e9s telev\u00edzi\u00f3k egyik kiemelked\u0151 feladata \u00e9s lehet\u0151s\u00e9ge. Ugyanakkor a magyar irodalom jelent\u0151s alkot\u00e1sainak \u00e9rt\u00e9kel\u00e9s\u00e9ben \u00e9s \u00e1t\u00f6r\u00f6k\u00edt\u00e9s\u00e9ben tov\u00e1bbra is az oktat\u00e1s k\u00fcl\u00f6nb\u00f6z\u0151 szint\u0171 int\u00e9zm\u00e9nyei j\u00e1tszanak meghat\u00e1roz\u00f3 szerepet.<\/p>\n<p style=\"text-align: justify;\">Mindezek a ter\u00fcletek \u2013 megfelel\u0151 m\u0171k\u00f6d\u00e9s\u00fck eset\u00e9n &#8211; egy\u00fctt k\u00e9pesek biztos\u00edtani a magyar irodalom \u00e9let\u00e9nek folytonoss\u00e1g\u00e1t, \u00e9rt\u00e9keinek befogad\u00e1s\u00e1t, ez\u00e1ltal a magyar t\u00e1rsadalom \u00f6nismeret\u00e9nek elm\u00e9ly\u00fcl\u00e9s\u00e9t, szellemi kincseinek meg\u0151rz\u0151d\u00e9s\u00e9t.<\/p>\n<p style=\"text-align: justify;\">A Tokaji \u00cdr\u00f3t\u00e1bor Kurat\u00f3rium\u00e1nak felk\u00e9r\u00e9s\u00e9re\u00a0 a 2011. augusztus 10-12-ig tart\u00f3 tan\u00e1cskoz\u00e1s-sorozatplen\u00e1ris \u00fcl\u00e9sein \u00e9s a munkacsoportokban foly\u00f3 megbesz\u00e9l\u00e9seken minderr\u0151l az irodalmi \u00e9let k\u00e9pvisel\u0151in t\u00fal azok a felel\u0151s szem\u00e9lyis\u00e9gek is el\u0151ad\u00e1st tartanak majd, akiknek feladatuk ma a magyar irodalom \u00e9letfelt\u00e9teleinek biztos\u00edt\u00e1sa.<\/p>\n<p style=\"text-align: justify;\">\n<p style=\"text-align: justify;\"><strong><em>Mezey Katalin<\/em><\/strong><\/p>\n<p style=\"text-align: justify;\"><em>a kurat\u00f3rium eln\u00f6ke<\/em><\/p>\n","protected":false},"excerpt":{"rendered":"<p>39. Tokaji \u00cdr\u00f3t\u00e1bor &nbsp; Irodalmunk t\u00e1rsadalmi jelenl\u00e9t\u00e9nek, \u00e9rdemi gyarapod\u00e1s\u00e1nak felt\u00e9telei \u2013 mint az \u00e9rt\u00e9kek \u00e1t\u00f6r\u00f6k\u00edt\u00e9s\u00e9nek, vagy mag\u00e1nak a mindenkori alkot\u00f3munk\u00e1nak a felt\u00e9telei \u2013 nem magukt\u00f3l, m\u00e9g csak nem is a piac t\u00f6rv\u00e9nyeinek engedelmeskedve j\u00f6nnek l\u00e9tre. Ezek a felt\u00e9telek korr\u00f3l korra&#8230;<\/p>\n","protected":false},"author":1,"featured_media":0,"comment_status":"closed","ping_status":"closed","sticky":false,"template":"","format":"standard","meta":{"footnotes":""},"categories":[1],"tags":[96],"class_list":["post-4008","post","type-post","status-publish","format-standard","hentry","category-hirek","tag-irotabor"],"_links":{"self":[{"href":"https:\/\/tokajiirotabor.hu\/irotabor_archiv\/wp-json\/wp\/v2\/posts\/4008"}],"collection":[{"href":"https:\/\/tokajiirotabor.hu\/irotabor_archiv\/wp-json\/wp\/v2\/posts"}],"about":[{"href":"https:\/\/tokajiirotabor.hu\/irotabor_archiv\/wp-json\/wp\/v2\/types\/post"}],"author":[{"embeddable":true,"href":"https:\/\/tokajiirotabor.hu\/irotabor_archiv\/wp-json\/wp\/v2\/users\/1"}],"replies":[{"embeddable":true,"href":"https:\/\/tokajiirotabor.hu\/irotabor_archiv\/wp-json\/wp\/v2\/comments?post=4008"}],"version-history":[{"count":1,"href":"https:\/\/tokajiirotabor.hu\/irotabor_archiv\/wp-json\/wp\/v2\/posts\/4008\/revisions"}],"predecessor-version":[{"id":4009,"href":"https:\/\/tokajiirotabor.hu\/irotabor_archiv\/wp-json\/wp\/v2\/posts\/4008\/revisions\/4009"}],"wp:attachment":[{"href":"https:\/\/tokajiirotabor.hu\/irotabor_archiv\/wp-json\/wp\/v2\/media?parent=4008"}],"wp:term":[{"taxonomy":"category","embeddable":true,"href":"https:\/\/tokajiirotabor.hu\/irotabor_archiv\/wp-json\/wp\/v2\/categories?post=4008"},{"taxonomy":"post_tag","embeddable":true,"href":"https:\/\/tokajiirotabor.hu\/irotabor_archiv\/wp-json\/wp\/v2\/tags?post=4008"}],"curies":[{"name":"wp","href":"https:\/\/api.w.org\/{rel}","templated":true}]}}